{"id":972,"date":"2022-04-28T08:18:49","date_gmt":"2022-04-28T08:18:49","guid":{"rendered":"https:\/\/plasticseurope.wpenginepowered.com\/pl\/?p=972"},"modified":"2022-04-28T08:18:51","modified_gmt":"2022-04-28T08:18:51","slug":"tworzywa-sztuczne-w-obiegu-zamknietym-druga-edycja-raportu-plastics-europe-juz-dostepna","status":"publish","type":"post","link":"https:\/\/plasticseurope.org\/pl\/2022\/04\/28\/tworzywa-sztuczne-w-obiegu-zamknietym-druga-edycja-raportu-plastics-europe-juz-dostepna\/","title":{"rendered":"\u201cTworzywa sztuczne w obiegu zamkni\u0119tym\u201d \u2013 druga edycja raportu Plastics Europe ju\u017c dost\u0119pna"},"content":{"rendered":"\n<p>Plastics Europe, europejskie stowarzyszenie producent\u00f3w tworzyw sztucznych, opublikowa\u0142o dzi\u015b raport \u201eTworzywa sztuczne w obiegu zamkni\u0119tym \u2013 analiza sytuacji w Europie\u201d, kt\u00f3ry zawiera szczeg\u00f3\u0142ow\u0105 analiz\u0119 obiegu tworzyw sztucznych uwzgl\u0119dniaj\u0105c\u0105 produkcj\u0119, przetw\u00f3rstwo, konsumpcj\u0119, gospodark\u0119 odpadami, recykling oraz wykorzystanie recyklat\u00f3w w Europie w 2020 r.<\/p>\n\n\n\n<div style=\"height:16px\" aria-hidden=\"true\" class=\"wp-block-spacer\"><\/div>\n\n\n\n<p>Bruksela, 28 kwietnia 2022 r. <\/p>\n\n\n\n<p>Wnioski raportu pos\u0142u\u017c\u0105 jako fundament zintensyfikowanego dialogu z interesariuszami i dzia\u0142a\u0144 w kierunku przej\u015bcia przemys\u0142u tworzyw sztucznych na obieg zamkni\u0119ty oraz osi\u0105gni\u0119cia cel\u00f3w w zakresie neutralno\u015bci klimatycznej okre\u015blonych do 2050 r. Opr\u00f3cz pozytywnych zmian, publikacja sygnalizuje potrzeb\u0119 przyspieszenia post\u0119p\u00f3w w d\u0105\u017ceniu do cyrkularno\u015bci.<\/p>\n\n\n\n<p>Po niedawnej publikacji raportu SYSTEMIQ <a href=\"https:\/\/plasticseurope.org\/reshaping-plastics\/\">\u201eReShaping Plastics\u201d<\/a> i propozycji dzia\u0142a\u0144 og\u0142oszonych przez Plastics Europe w celu przyspieszenia przej\u015bcia szeroko rozumianego europejskiego systemu tworzyw sztucznych na cyrkularno\u015b\u0107 i zeroemisyjno\u015b\u0107, nowa publikacja przedstawia analiz\u0119 tworzyw sztucznych w ca\u0142ym cyklu \u017cycia na podstawie europejskich danych za rok 2020.Pomaga r\u00f3wnie\u017c \u015bledzi\u0107 post\u0119py w osi\u0105ganiu wy\u017cszych poziom\u00f3w recyklingu i zawarto\u015bci recyklat\u00f3w oraz oceni\u0107 sytuacj\u0119 w odniesieniu do europejskich cel\u00f3w i zada\u0144 okre\u015blonych w <a href=\"https:\/\/ec.europa.eu\/environment\/topics\/waste-and-recycling\/packaging-waste_en\">PPWD<\/a> i <a href=\"https:\/\/ec.europa.eu\/growth\/industry\/strategy\/industrial-alliances\/circular-plastics-alliance_en\">CPA<\/a>.<\/p>\n\n\n\n<p><\/p>\n\n\n\n<p>Uwzgl\u0119dniaj\u0105c wyj\u0105tkow\u0105 sytuacj\u0119 w roku 2020, produkcja recyklat\u00f3w pochodz\u0105cych z odpad\u00f3w pokonsumenckich wzros\u0142a o 12% w por\u00f3wnaniu z 2018 r. Ich wykorzystanie w nowych produktach wzros\u0142o o 15%, osi\u0105gaj\u0105c 4,6 mln ton, wyznaczaj\u0105c wzrostowy trend poziom\u00f3w cyrkularno\u015bci w systemie tworzyw sztucznych.<\/p>\n\n\n\n<p>W raporcie podkre\u015blono, \u017ce ilo\u015b\u0107 pokonsumenckich odpad\u00f3w tworzyw sztucznych kierowanych do zak\u0142ad\u00f3w recyklingu r\u00f3wnie\u017c wzros\u0142a o 8% w por\u00f3wnaniu z danymi z 2018 r., osi\u0105gaj\u0105c wska\u017anik recyklingu na poziomie 35%. W dalszym jednak ci\u0105gu a\u017c 65% pokonsumenckich odpad\u00f3w tworzyw trafi\u0142o na sk\u0142adowiska lub zosta\u0142o spalone z odzyskiem energii.<\/p>\n\n\n\n<p>Raport wskazuje ponadto, \u017ce europejski wska\u017anik recyklingu dla opakowaniowych odpad\u00f3w tworzyw wyni\u00f3s\u0142 46% (liczony zgodnie z poprzedni\u0105 metodologi\u0105 wg PPWD), w por\u00f3wnaniu do 42% w 2018 r. Co r\u00f3wnie optymistyczne, dane dotycz\u0105ce zawarto\u015bci recyklat\u00f3w pokazuj\u0105, \u017ce w latach 2018-2020 ilo\u015b\u0107 recyklat\u00f3w wykorzystywanych w produktach opakowaniowych wzros\u0142a o 43%.<\/p>\n\n\n\n<p>Chocia\u017c dane z 2020 r. pokazuj\u0105 pozytywne zmiany, to raport sygnalizuje r\u00f3wnie\u017c, \u017ce dalszy post\u0119p musi zwi\u0119kszy\u0107 tempo, by mo\u017cliwe by\u0142o osi\u0105gni\u0119cie \u015brednio- i d\u0142ugoterminowych cel\u00f3w w zakresie zamykania obiegu. Z analizy wynika, \u017ce do osi\u0105gni\u0119cia cel\u00f3w okre\u015blonych przez PPWD i CPA konieczne jest podwojenie obecnych zdolno\u015bci recyklingu w Europie. Jako bran\u017ca dostrzegamy i wspieramy potrzeb\u0119 szybszych zmian systemowych. Kontynuowane s\u0105 inwestycje w nowe technologie: europejscy producenci tworzyw sztucznych planuj\u0105 zainwestowa\u0107 7,2 mld euro do 2030 r. w recykling chemiczny, jako uzupe\u0142nienie recyklingu mechanicznego, co pozwoli\u0142oby wprowadzi\u0107 na rynek w Europie dodatkowych 3,4 mln ton tworzyw sztucznych pochodz\u0105cych z recyklingu do 2030 r.<\/p>\n\n\n\n<p><\/p>\n\n\n\n<p>Co wi\u0119cej, z zadowoleniem przyjmujemy planowan\u0105 nowelizacj\u0119 unijnej Dyrektywy Odpadowej (<a href=\"https:\/\/ec.europa.eu\/environment\/topics\/waste-and-recycling\/waste-framework-directive_fr\">EU Waste Framework Directive<\/a>), kt\u00f3ra stanowi kluczowy akt prawny reguluj\u0105cy kwestie zwi\u0105zane z niezb\u0119dnymi inwestycjami i rozwojem zdolno\u015bci produkcyjnych.<\/p>\n\n\n\n<blockquote class=\"wp-block-quote is-layout-flow wp-block-quote-is-layout-flow\"><p>W raporcie wskazano r\u00f3wnie\u017c, \u017ce istnieje luka w danych dotycz\u0105cych wykorzystania tworzyw sztucznych oraz ilo\u015bci zebranych odpad\u00f3w. Rozbie\u017cno\u015bci te cz\u0119\u015bciowo t\u0142umaczy fakt, \u017ce niekt\u00f3re wyroby z tworzyw sztucznych s\u0105 dalej w u\u017cyciu. Priorytetem dla Plastics Europe i naszych firm cz\u0142onkowskich, we wsp\u00f3\u0142pracy z \u0142a\u0144cuchem warto\u015bci, b\u0119dzie dalsze badanie i lepsze poznanie przyczyn wyst\u0119powania tej luki oraz odr\u00f3\u017cnienie ilo\u015bci tworzyw rzeczywi\u015bcie b\u0119d\u0105cych w u\u017cyciu od odpad\u00f3w tworzyw, kt\u00f3re przypuszczalnie nie zosta\u0142y zidentyfikowane w r\u00f3\u017cnych strumieniach odpad\u00f3w.<\/p><\/blockquote>\n\n\n\n<p>Podsumowuj\u0105c, raport potwierdza, \u017ce dla przyspieszenia post\u0119pu w d\u0105\u017ceniu do cyrkularno\u015bci kluczowe jest zintensyfikowanie wsp\u00f3\u0142pracy z partnerami w \u0142a\u0144cuchu warto\u015bci oraz stworzenie nowych ram prawnych, kt\u00f3re b\u0119d\u0105 wi\u0119ksz\u0105 zach\u0119t\u0105 do inwestowania i innowacyjno\u015bci, jednocze\u015bnie utrzymuj\u0105c konkurencyjno\u015b\u0107 europejskiego przemys\u0142u w skali globalnej.<\/p>\n\n\n\n<blockquote class=\"wp-block-quote is-style-large is-layout-flow wp-block-quote-is-layout-flow\"><p>\u201e\u2019<em>Tworzywa sztuczne w obiegu zamkni\u0119tym\u2019 to warto\u015bciowy raport, kt\u00f3ry pozwala lepiej zrozumie\u0107 dynamik\u0119 przep\u0142yw\u00f3w tworzyw sztucznych w Europie. Wierzymy, \u017ce mo\u017ce on stanowi\u0107 solidn\u0105 podstaw\u0119 do zintensyfikowanego dialogu z naszymi interesariuszami. Jako bran\u017ca zdajemy sobie spraw\u0119, \u017ce do osi\u0105gni\u0119cia wy\u017cszych poziom\u00f3w cyrkularno\u015bci potrzebne s\u0105 szybsze zmiany systemowe, zw\u0142aszcza, \u017ce cyrkularno\u015b\u0107 jest najskuteczniejsz\u0105 drog\u0105 do redukcji emisji w perspektywie kr\u00f3tko- i \u015brednioterminowej. Uznajemy wag\u0119 tego wyzwania i jeste\u015bmy gotowi zwi\u0119kszy\u0107 intensywno\u015b\u0107 i skuteczno\u015b\u0107 dialogu oraz wsp\u00f3\u0142pracy z administracj\u0105 i partnerami w \u0142a\u0144cuchu warto\u015bci tworzyw sztucznych, by przenie\u015b\u0107 cyrkularno\u015b\u0107 tworzyw sztucznych na wy\u017cszy poziom.\u2019<\/em><\/p><cite><strong>VIRGINIA JANSSENS \u2013<\/strong>&nbsp;Dyrektor Zarz\u0105dzaj\u0105ca Plastics Europe<\/cite><\/blockquote>\n\n\n\n<blockquote class=\"wp-block-quote is-style-large is-layout-flow wp-block-quote-is-layout-flow\"><p><em>\u201cChc\u0105c przyspieszy\u0107 przej\u015bcie naszej bran\u017cy na gospodark\u0119 obiegu zamkni\u0119tego w pe\u0142nym uj\u0119ciu, niezb\u0119dne s\u0105 kompleksowe i kompletne narz\u0119dzia. Wzmocnienie recyklingu wymaga usprawnienia zbi\u00f3rki i sortowania odpad\u00f3w. Jeszcze zanim stan\u0105 si\u0119 wyrobami, tworzywa sztuczne musz\u0105 by\u0107 projektowane z my\u015bl\u0105 o recyklingu, a ich produkcja musi by\u0107 niskoemisyjna. W taki w\u0142a\u015bnie spos\u00f3b jeste\u015bmy w stanie osi\u0105gn\u0105\u0107 g\u0142\u0119bokie zmiany systemowe, kt\u00f3rych efekt b\u0119dzie widoczny w ca\u0142ym \u0142a\u0144cuchu warto\u015bci.\u201d<\/em><\/p><cite><strong>DR. MARKUS STEILEMANN \u2013<\/strong>&nbsp;Prezes Plastics Europe<\/cite><\/blockquote>\n\n\n\n<p> <\/p>\n\n\n\n<p>Zapoznaj si\u0119 z pe\u0142n\u0105 wersj\u0105 raportu klikaj\u0105c <a href=\"https:\/\/bit.ly\/3xZxsOE\">tutaj<\/a>.<\/p>\n","protected":false},"excerpt":{"rendered":"<p>\u201cTworzywa sztuczne w obiegu zamkni\u0119tym\u201d \u2013 druga edycja raportu Plastics Europe ju\u017c dost\u0119pna<\/p>\n","protected":false},"author":17,"featured_media":974,"comment_status":"open","ping_status":"open","sticky":false,"template":"","format":"standard","meta":{"footnotes":""},"categories":[8,7],"tags":[],"class_list":["post-972","post","type-post","status-publish","format-standard","has-post-thumbnail","hentry","category-aktualnosci","category-informacje-prasowe"],"acf":[],"yoast_head":"<!-- This site is optimized with the Yoast SEO plugin v21.6 - https:\/\/yoast.com\/wordpress\/plugins\/seo\/ -->\n<title>\u201cTworzywa sztuczne w obiegu zamkni\u0119tym\u201d \u2013 druga edycja raportu Plastics Europe ju\u017c dost\u0119pna - Plastics Europe PL<\/title>\n<meta name=\"robots\" content=\"index, follow, max-snippet:-1, max-image-preview:large, max-video-preview:-1\" \/>\n<link rel=\"canonical\" href=\"https:\/\/plasticseurope.org\/pl\/2022\/04\/28\/tworzywa-sztuczne-w-obiegu-zamknietym-druga-edycja-raportu-plastics-europe-juz-dostepna\/\" \/>\n<meta property=\"og:locale\" content=\"pl_PL\" \/>\n<meta property=\"og:type\" content=\"article\" \/>\n<meta property=\"og:title\" content=\"\u201cTworzywa sztuczne w obiegu zamkni\u0119tym\u201d \u2013 druga edycja raportu Plastics Europe ju\u017c dost\u0119pna - Plastics Europe PL\" \/>\n<meta property=\"og:description\" content=\"\u201cTworzywa sztuczne w obiegu zamkni\u0119tym\u201d \u2013 druga edycja raportu Plastics Europe ju\u017c dost\u0119pna\" \/>\n<meta property=\"og:url\" content=\"https:\/\/plasticseurope.org\/pl\/2022\/04\/28\/tworzywa-sztuczne-w-obiegu-zamknietym-druga-edycja-raportu-plastics-europe-juz-dostepna\/\" \/>\n<meta property=\"og:site_name\" content=\"Plastics Europe PL\" \/>\n<meta property=\"article:published_time\" content=\"2022-04-28T08:18:49+00:00\" \/>\n<meta property=\"article:modified_time\" content=\"2022-04-28T08:18:51+00:00\" \/>\n<meta property=\"og:image\" content=\"https:\/\/plasticseurope.org\/pl\/wp-content\/uploads\/sites\/7\/2022\/04\/Tworzywa-sztuczne-w-obiegu-zamknietym_Social-cards-twitter.jpg\" \/>\n\t<meta property=\"og:image:width\" content=\"1200\" \/>\n\t<meta property=\"og:image:height\" content=\"1200\" \/>\n\t<meta property=\"og:image:type\" content=\"image\/jpeg\" \/>\n<meta name=\"author\" content=\"magdalenarangosz\" \/>\n<meta name=\"twitter:card\" content=\"summary_large_image\" \/>\n<meta name=\"twitter:label1\" content=\"Napisane przez\" \/>\n\t<meta name=\"twitter:data1\" content=\"magdalenarangosz\" \/>\n\t<meta name=\"twitter:label2\" content=\"Szacowany czas czytania\" \/>\n\t<meta name=\"twitter:data2\" content=\"5 minut\" \/>\n<script type=\"application\/ld+json\" class=\"yoast-schema-graph\">{\"@context\":\"https:\/\/schema.org\",\"@graph\":[{\"@type\":\"WebPage\",\"@id\":\"https:\/\/plasticseurope.org\/pl\/2022\/04\/28\/tworzywa-sztuczne-w-obiegu-zamknietym-druga-edycja-raportu-plastics-europe-juz-dostepna\/\",\"url\":\"https:\/\/plasticseurope.org\/pl\/2022\/04\/28\/tworzywa-sztuczne-w-obiegu-zamknietym-druga-edycja-raportu-plastics-europe-juz-dostepna\/\",\"name\":\"\u201cTworzywa sztuczne w obiegu zamkni\u0119tym\u201d \u2013 druga edycja raportu Plastics Europe ju\u017c dost\u0119pna - Plastics Europe PL\",\"isPartOf\":{\"@id\":\"https:\/\/plasticseurope.org\/pl\/#website\"},\"datePublished\":\"2022-04-28T08:18:49+00:00\",\"dateModified\":\"2022-04-28T08:18:51+00:00\",\"author\":{\"@id\":\"https:\/\/plasticseurope.org\/pl\/#\/schema\/person\/540c9285d43a45272bc960aee991e341\"},\"breadcrumb\":{\"@id\":\"https:\/\/plasticseurope.org\/pl\/2022\/04\/28\/tworzywa-sztuczne-w-obiegu-zamknietym-druga-edycja-raportu-plastics-europe-juz-dostepna\/#breadcrumb\"},\"inLanguage\":\"pl-PL\",\"potentialAction\":[{\"@type\":\"ReadAction\",\"target\":[\"https:\/\/plasticseurope.org\/pl\/2022\/04\/28\/tworzywa-sztuczne-w-obiegu-zamknietym-druga-edycja-raportu-plastics-europe-juz-dostepna\/\"]}]},{\"@type\":\"BreadcrumbList\",\"@id\":\"https:\/\/plasticseurope.org\/pl\/2022\/04\/28\/tworzywa-sztuczne-w-obiegu-zamknietym-druga-edycja-raportu-plastics-europe-juz-dostepna\/#breadcrumb\",\"itemListElement\":[{\"@type\":\"ListItem\",\"position\":1,\"name\":\"Home\",\"item\":\"https:\/\/plasticseurope.org\/pl\/\"},{\"@type\":\"ListItem\",\"position\":2,\"name\":\"\u201cTworzywa sztuczne w obiegu zamkni\u0119tym\u201d \u2013 druga edycja raportu Plastics Europe ju\u017c dost\u0119pna\"}]},{\"@type\":\"WebSite\",\"@id\":\"https:\/\/plasticseurope.org\/pl\/#website\",\"url\":\"https:\/\/plasticseurope.org\/pl\/\",\"name\":\"Plastics Europe PL\",\"description\":\"Enabling a sustainable future\",\"potentialAction\":[{\"@type\":\"SearchAction\",\"target\":{\"@type\":\"EntryPoint\",\"urlTemplate\":\"https:\/\/plasticseurope.org\/pl\/?s={search_term_string}\"},\"query-input\":\"required name=search_term_string\"}],\"inLanguage\":\"pl-PL\"},{\"@type\":\"Person\",\"@id\":\"https:\/\/plasticseurope.org\/pl\/#\/schema\/person\/540c9285d43a45272bc960aee991e341\",\"name\":\"magdalenarangosz\",\"image\":{\"@type\":\"ImageObject\",\"inLanguage\":\"pl-PL\",\"@id\":\"https:\/\/plasticseurope.org\/pl\/#\/schema\/person\/image\/\",\"url\":\"https:\/\/secure.gravatar.com\/avatar\/6d18cf24140b1e00fb6870bd30c1bd53fcc3292c006b7b9f98823cc474360fd7?s=96&d=mm&r=g\",\"contentUrl\":\"https:\/\/secure.gravatar.com\/avatar\/6d18cf24140b1e00fb6870bd30c1bd53fcc3292c006b7b9f98823cc474360fd7?s=96&d=mm&r=g\",\"caption\":\"magdalenarangosz\"},\"url\":\"https:\/\/plasticseurope.org\/pl\/author\/magdalenarangosz\/\"}]}<\/script>\n<!-- \/ Yoast SEO plugin. -->","yoast_head_json":{"title":"\u201cTworzywa sztuczne w obiegu zamkni\u0119tym\u201d \u2013 druga edycja raportu Plastics Europe ju\u017c dost\u0119pna - Plastics Europe PL","robots":{"index":"index","follow":"follow","max-snippet":"max-snippet:-1","max-image-preview":"max-image-preview:large","max-video-preview":"max-video-preview:-1"},"canonical":"https:\/\/plasticseurope.org\/pl\/2022\/04\/28\/tworzywa-sztuczne-w-obiegu-zamknietym-druga-edycja-raportu-plastics-europe-juz-dostepna\/","og_locale":"pl_PL","og_type":"article","og_title":"\u201cTworzywa sztuczne w obiegu zamkni\u0119tym\u201d \u2013 druga edycja raportu Plastics Europe ju\u017c dost\u0119pna - Plastics Europe PL","og_description":"\u201cTworzywa sztuczne w obiegu zamkni\u0119tym\u201d \u2013 druga edycja raportu Plastics Europe ju\u017c dost\u0119pna","og_url":"https:\/\/plasticseurope.org\/pl\/2022\/04\/28\/tworzywa-sztuczne-w-obiegu-zamknietym-druga-edycja-raportu-plastics-europe-juz-dostepna\/","og_site_name":"Plastics Europe PL","article_published_time":"2022-04-28T08:18:49+00:00","article_modified_time":"2022-04-28T08:18:51+00:00","og_image":[{"width":1200,"height":1200,"url":"https:\/\/plasticseurope.org\/pl\/wp-content\/uploads\/sites\/7\/2022\/04\/Tworzywa-sztuczne-w-obiegu-zamknietym_Social-cards-twitter.jpg","type":"image\/jpeg"}],"author":"magdalenarangosz","twitter_card":"summary_large_image","twitter_misc":{"Napisane przez":"magdalenarangosz","Szacowany czas czytania":"5 minut"},"schema":{"@context":"https:\/\/schema.org","@graph":[{"@type":"WebPage","@id":"https:\/\/plasticseurope.org\/pl\/2022\/04\/28\/tworzywa-sztuczne-w-obiegu-zamknietym-druga-edycja-raportu-plastics-europe-juz-dostepna\/","url":"https:\/\/plasticseurope.org\/pl\/2022\/04\/28\/tworzywa-sztuczne-w-obiegu-zamknietym-druga-edycja-raportu-plastics-europe-juz-dostepna\/","name":"\u201cTworzywa sztuczne w obiegu zamkni\u0119tym\u201d \u2013 druga edycja raportu Plastics Europe ju\u017c dost\u0119pna - Plastics Europe PL","isPartOf":{"@id":"https:\/\/plasticseurope.org\/pl\/#website"},"datePublished":"2022-04-28T08:18:49+00:00","dateModified":"2022-04-28T08:18:51+00:00","author":{"@id":"https:\/\/plasticseurope.org\/pl\/#\/schema\/person\/540c9285d43a45272bc960aee991e341"},"breadcrumb":{"@id":"https:\/\/plasticseurope.org\/pl\/2022\/04\/28\/tworzywa-sztuczne-w-obiegu-zamknietym-druga-edycja-raportu-plastics-europe-juz-dostepna\/#breadcrumb"},"inLanguage":"pl-PL","potentialAction":[{"@type":"ReadAction","target":["https:\/\/plasticseurope.org\/pl\/2022\/04\/28\/tworzywa-sztuczne-w-obiegu-zamknietym-druga-edycja-raportu-plastics-europe-juz-dostepna\/"]}]},{"@type":"BreadcrumbList","@id":"https:\/\/plasticseurope.org\/pl\/2022\/04\/28\/tworzywa-sztuczne-w-obiegu-zamknietym-druga-edycja-raportu-plastics-europe-juz-dostepna\/#breadcrumb","itemListElement":[{"@type":"ListItem","position":1,"name":"Home","item":"https:\/\/plasticseurope.org\/pl\/"},{"@type":"ListItem","position":2,"name":"\u201cTworzywa sztuczne w obiegu zamkni\u0119tym\u201d \u2013 druga edycja raportu Plastics Europe ju\u017c dost\u0119pna"}]},{"@type":"WebSite","@id":"https:\/\/plasticseurope.org\/pl\/#website","url":"https:\/\/plasticseurope.org\/pl\/","name":"Plastics Europe PL","description":"Enabling a sustainable future","potentialAction":[{"@type":"SearchAction","target":{"@type":"EntryPoint","urlTemplate":"https:\/\/plasticseurope.org\/pl\/?s={search_term_string}"},"query-input":"required name=search_term_string"}],"inLanguage":"pl-PL"},{"@type":"Person","@id":"https:\/\/plasticseurope.org\/pl\/#\/schema\/person\/540c9285d43a45272bc960aee991e341","name":"magdalenarangosz","image":{"@type":"ImageObject","inLanguage":"pl-PL","@id":"https:\/\/plasticseurope.org\/pl\/#\/schema\/person\/image\/","url":"https:\/\/secure.gravatar.com\/avatar\/6d18cf24140b1e00fb6870bd30c1bd53fcc3292c006b7b9f98823cc474360fd7?s=96&d=mm&r=g","contentUrl":"https:\/\/secure.gravatar.com\/avatar\/6d18cf24140b1e00fb6870bd30c1bd53fcc3292c006b7b9f98823cc474360fd7?s=96&d=mm&r=g","caption":"magdalenarangosz"},"url":"https:\/\/plasticseurope.org\/pl\/author\/magdalenarangosz\/"}]}},"_links":{"self":[{"href":"https:\/\/plasticseurope.org\/pl\/wp-json\/wp\/v2\/posts\/972","targetHints":{"allow":["GET"]}}],"collection":[{"href":"https:\/\/plasticseurope.org\/pl\/wp-json\/wp\/v2\/posts"}],"about":[{"href":"https:\/\/plasticseurope.org\/pl\/wp-json\/wp\/v2\/types\/post"}],"author":[{"embeddable":true,"href":"https:\/\/plasticseurope.org\/pl\/wp-json\/wp\/v2\/users\/17"}],"replies":[{"embeddable":true,"href":"https:\/\/plasticseurope.org\/pl\/wp-json\/wp\/v2\/comments?post=972"}],"version-history":[{"count":0,"href":"https:\/\/plasticseurope.org\/pl\/wp-json\/wp\/v2\/posts\/972\/revisions"}],"wp:featuredmedia":[{"embeddable":true,"href":"https:\/\/plasticseurope.org\/pl\/wp-json\/wp\/v2\/media\/974"}],"wp:attachment":[{"href":"https:\/\/plasticseurope.org\/pl\/wp-json\/wp\/v2\/media?parent=972"}],"wp:term":[{"taxonomy":"category","embeddable":true,"href":"https:\/\/plasticseurope.org\/pl\/wp-json\/wp\/v2\/categories?post=972"},{"taxonomy":"post_tag","embeddable":true,"href":"https:\/\/plasticseurope.org\/pl\/wp-json\/wp\/v2\/tags?post=972"}],"curies":[{"name":"wp","href":"https:\/\/api.w.org\/{rel}","templated":true}]}}