{"id":896,"date":"2022-03-02T15:44:20","date_gmt":"2022-03-02T15:44:20","guid":{"rendered":"https:\/\/plasticseurope.wpenginepowered.com\/pl\/?p=896"},"modified":"2022-03-02T15:58:21","modified_gmt":"2022-03-02T15:58:21","slug":"wazny-krok-ku-przyszlosci-wolnej-od-zanieczyszczen-odpadami-tworzyw","status":"publish","type":"post","link":"https:\/\/plasticseurope.org\/pl\/2022\/03\/02\/wazny-krok-ku-przyszlosci-wolnej-od-zanieczyszczen-odpadami-tworzyw\/","title":{"rendered":"Wa\u017cny krok ku przysz\u0142o\u015bci wolnej od zanieczyszcze\u0144 odpadami tworzyw"},"content":{"rendered":"\n<p><strong>Wa\u017cny krok ku przysz\u0142o\u015bci wolnej od zanieczyszcze\u0144 odpadami tworzyw<\/strong><\/p>\n\n\n\n<p>Plastics Europe z zadowoleniem przyjmuje Globalne Porozumienie w Sprawie Tworzyw<\/p>\n\n\n\n<div style=\"height:16px\" aria-hidden=\"true\" class=\"wp-block-spacer\"><\/div>\n\n\n\n<p>Bruksela, 2 marca 2022 r. <\/p>\n\n\n\n<p>Plastics Europe wspiera wypracowanie mi\u0119dzynarodowego porozumienia, odpowiedzi na wyzwanie, jakie stanowi\u0105 odpady tworzyw i z zadowoleniem przyjmuje<a> <\/a>rezolucj\u0119 wynegocjowan\u0105 podczas 5. Sesji Zgromadzenia Organizacji Narod\u00f3w Zjednoczonych ds. \u015arodowiska (UNEA-5) w Nairobi. Rezolucja wzywa do stworzenia wi\u0105\u017c\u0105cego prawnie instrumentu z obowi\u0105zuj\u0105cymi przepisami i dobrowolnymi postanowieniami, kt\u00f3re zostan\u0105 zdefiniowane przez ICN (Wewn\u0119trzny Komitet Negocjacyjny).<\/p>\n\n\n\n<p>Rezolucja podkre\u015bla potrzeb\u0119 rozwoju zr\u00f3wnowa\u017conej produkcji i wykorzystania tworzyw w ca\u0142ym cyklu \u017cycia wyrobu. Wymaga to podej\u015bcia opartego na dzia\u0142aniach na wcze\u015bniejszych i p\u00f3\u017aniejszych etapach wzd\u0142u\u017c ca\u0142ego \u0142a\u0144cucha warto\u015bci, kt\u00f3re swym zasi\u0119giem obejm\u0105 zar\u00f3wno etap projektowania, jak i odpowiedzialnego gospodarowania odpadami uwzgl\u0119dniaj\u0105cego potrzeby \u015brodowiskowe.<\/p>\n\n\n\n<p><\/p>\n\n\n\n<blockquote class=\"wp-block-quote is-layout-flow wp-block-quote-is-layout-flow\"><p>Virginia Janssens, Dyrektor Zarz\u0105dzaj\u0105ca Plastics Europe, powiedzia\u0142a: <em>\u201ePrzemys\u0142 w Europie jest w stanie pe\u0142nej mobilizacji prowadz\u0105c dzia\u0142ania zmierzaj\u0105ce do przej\u015bcia na gospodark\u0119 obiegu zamkni\u0119tego i stworzenia przysz\u0142o\u015bci bez zanieczyszcze\u0144 odpadami tworzyw. Rezolucja promuje wag\u0119 i znaczenie stworzenia wspieraj\u0105cej polityki \u015brodowiskowej dostosowanej do potrzeb naszej bran\u017cy i \u0142a\u0144cucha warto\u015bci, kt\u00f3ra dodatkowo u\u0142atwi nasz\u0105 transformacj\u0119. Jednocze\u015bnie w dokumencie zosta\u0142y podkre\u015blone korzy\u015bci wynikaj\u0105ce z aktywnej wsp\u00f3\u0142pracy i dialogu pomi\u0119dzy nasz\u0105 bran\u017c\u0105, a istotnymi interesariuszami.\u201d<\/em><\/p><\/blockquote>\n\n\n\n<p>Co najistotniejsze, rezolucja uznaje r\u00f3wnie\u017c, \u017ce nie ma jednego rozwi\u0105zania problemu zanieczyszczenia odpadami tworzyw, a rz\u0105dy musz\u0105 mie\u0107 zapewnion\u0105 elastyczno\u015b\u0107 we wdra\u017caniu rozwi\u0105za\u0144, kt\u00f3re najlepiej odpowiadaj\u0105 lokalnym uwarunkowaniom i wsparte s\u0105 odpowiedni\u0105 sprzyjaj\u0105c\u0105 legislacj\u0105.<\/p>\n\n\n\n<blockquote class=\"wp-block-quote is-layout-flow wp-block-quote-is-layout-flow\"><p>Markus Steilemann, Prezes Plastics Europe, doda\u0142:<em> \u201cZanieczyszczenie \u015brodowiska odpadami tworzyw jest nieakceptowalne, a rezolucja UNEA jest krokiem milowym w kierunku stworzenia przysz\u0142o\u015bci wolnej od zanieczyszcze\u0144, co jest niezb\u0119dne do osi\u0105gni\u0119cia naszych wsp\u00f3lnych ambicji klimatycznych. Jednocze\u015bnie, co r\u00f3wnie wa\u017cne, rezolucja docenia warto\u015b\u0107 i ogromne znaczenie dla spo\u0142ecze\u0144stwa, jakie maj\u0105 wyroby z tworzyw. Musimy maksymalnie wykorzysta\u0107 te warto\u015bci d\u0105\u017c\u0105c do cyrkularno\u015bci i neutralno\u015bci klimatycznej, przy jednoczesnym wspieraniu rozwoju gospodarki obiegu zamkni\u0119tego.\u201d<\/em><\/p><\/blockquote>\n\n\n\n<p>Firmy cz\u0142onkowskie Plastics Europe wspieraj\u0105 okre\u015blenie celu obowi\u0105zkowej zawarto\u015bci recyklatu w opakowaniach z tworzyw na poziomie 30% do 2030 roku. Ponadto niedawno og\u0142osi\u0142y planowane inwestycje rz\u0119du 7,2 mld euro w prze\u0142omow\u0105 technologi\u0119, jak\u0105 jest recykling chemiczny. Plastics Europe zosta\u0142o te\u017c partnerem projektu unijnego Horizon 2020, <a href=\"https:\/\/plasticseurope.org\/about-us\/collaborations\/\">PlastiCircle<\/a>, skupiaj\u0105cego si\u0119 wok\u00f3\u0142 przekszta\u0142cania odpad\u00f3w w warto\u015bciowe produkty poprzez innowacje na kluczowych etapach gospodarowania odpadami. <\/p>\n\n\n\n<p>Jako bran\u017ca jeste\u015bmy zaanga\u017cowani we wdra\u017canie d\u0142ugoterminowych pozytywnych zmian i liczymy na mo\u017cliwo\u015b\u0107 aktywnego udzia\u0142u i wk\u0142adu na kolejnych etapach negocjacji.<\/p>\n\n\n\n<p>Przeczytaj <a href=\"https:\/\/plasticseurope.org\/knowledge-hub\/plastics-europe-position-on-a-global-agreementon-plastics\/\">tutaj<\/a> stanowisko Plastics Europe na temat Globalnego Porozumienia w Sprawie Tworzyw.<\/p>\n\n\n\n<div style=\"height:48px\" aria-hidden=\"true\" class=\"wp-block-spacer\"><\/div>\n\n\n","protected":false},"excerpt":{"rendered":"<p>Plastics Europe z zadowoleniem przyjmuje Globalne Porozumienie w Sprawie Tworzyw<\/p>\n","protected":false},"author":17,"featured_media":898,"comment_status":"open","ping_status":"open","sticky":false,"template":"","format":"standard","meta":{"footnotes":""},"categories":[8,7],"tags":[],"class_list":["post-896","post","type-post","status-publish","format-standard","has-post-thumbnail","hentry","category-aktualnosci","category-informacje-prasowe"],"acf":[],"yoast_head":"<!-- This site is optimized with the Yoast SEO plugin v21.6 - https:\/\/yoast.com\/wordpress\/plugins\/seo\/ -->\n<title>Wa\u017cny krok ku przysz\u0142o\u015bci wolnej od zanieczyszcze\u0144 odpadami tworzyw - Plastics Europe PL<\/title>\n<meta name=\"robots\" content=\"index, follow, max-snippet:-1, max-image-preview:large, max-video-preview:-1\" \/>\n<link rel=\"canonical\" href=\"https:\/\/plasticseurope.org\/pl\/2022\/03\/02\/wazny-krok-ku-przyszlosci-wolnej-od-zanieczyszczen-odpadami-tworzyw\/\" \/>\n<meta property=\"og:locale\" content=\"pl_PL\" \/>\n<meta property=\"og:type\" content=\"article\" \/>\n<meta property=\"og:title\" content=\"Wa\u017cny krok ku przysz\u0142o\u015bci wolnej od zanieczyszcze\u0144 odpadami tworzyw - Plastics Europe PL\" \/>\n<meta property=\"og:description\" content=\"Plastics Europe z zadowoleniem przyjmuje Globalne Porozumienie w Sprawie Tworzyw\" \/>\n<meta property=\"og:url\" content=\"https:\/\/plasticseurope.org\/pl\/2022\/03\/02\/wazny-krok-ku-przyszlosci-wolnej-od-zanieczyszczen-odpadami-tworzyw\/\" \/>\n<meta property=\"og:site_name\" content=\"Plastics Europe PL\" \/>\n<meta property=\"article:published_time\" content=\"2022-03-02T15:44:20+00:00\" \/>\n<meta property=\"article:modified_time\" content=\"2022-03-02T15:58:21+00:00\" \/>\n<meta property=\"og:image\" content=\"https:\/\/plasticseurope.org\/pl\/wp-content\/uploads\/sites\/7\/2022\/03\/Sorting_plastics.jpg\" \/>\n\t<meta property=\"og:image:width\" content=\"1000\" \/>\n\t<meta property=\"og:image:height\" content=\"636\" \/>\n\t<meta property=\"og:image:type\" content=\"image\/jpeg\" \/>\n<meta name=\"author\" content=\"magdalenarangosz\" \/>\n<meta name=\"twitter:card\" content=\"summary_large_image\" \/>\n<meta name=\"twitter:label1\" content=\"Napisane przez\" \/>\n\t<meta name=\"twitter:data1\" content=\"magdalenarangosz\" \/>\n\t<meta name=\"twitter:label2\" content=\"Szacowany czas czytania\" \/>\n\t<meta name=\"twitter:data2\" content=\"3 minuty\" \/>\n<script type=\"application\/ld+json\" class=\"yoast-schema-graph\">{\"@context\":\"https:\/\/schema.org\",\"@graph\":[{\"@type\":\"WebPage\",\"@id\":\"https:\/\/plasticseurope.org\/pl\/2022\/03\/02\/wazny-krok-ku-przyszlosci-wolnej-od-zanieczyszczen-odpadami-tworzyw\/\",\"url\":\"https:\/\/plasticseurope.org\/pl\/2022\/03\/02\/wazny-krok-ku-przyszlosci-wolnej-od-zanieczyszczen-odpadami-tworzyw\/\",\"name\":\"Wa\u017cny krok ku przysz\u0142o\u015bci wolnej od zanieczyszcze\u0144 odpadami tworzyw - Plastics Europe PL\",\"isPartOf\":{\"@id\":\"https:\/\/plasticseurope.org\/pl\/#website\"},\"datePublished\":\"2022-03-02T15:44:20+00:00\",\"dateModified\":\"2022-03-02T15:58:21+00:00\",\"author\":{\"@id\":\"https:\/\/plasticseurope.org\/pl\/#\/schema\/person\/540c9285d43a45272bc960aee991e341\"},\"breadcrumb\":{\"@id\":\"https:\/\/plasticseurope.org\/pl\/2022\/03\/02\/wazny-krok-ku-przyszlosci-wolnej-od-zanieczyszczen-odpadami-tworzyw\/#breadcrumb\"},\"inLanguage\":\"pl-PL\",\"potentialAction\":[{\"@type\":\"ReadAction\",\"target\":[\"https:\/\/plasticseurope.org\/pl\/2022\/03\/02\/wazny-krok-ku-przyszlosci-wolnej-od-zanieczyszczen-odpadami-tworzyw\/\"]}]},{\"@type\":\"BreadcrumbList\",\"@id\":\"https:\/\/plasticseurope.org\/pl\/2022\/03\/02\/wazny-krok-ku-przyszlosci-wolnej-od-zanieczyszczen-odpadami-tworzyw\/#breadcrumb\",\"itemListElement\":[{\"@type\":\"ListItem\",\"position\":1,\"name\":\"Home\",\"item\":\"https:\/\/plasticseurope.org\/pl\/\"},{\"@type\":\"ListItem\",\"position\":2,\"name\":\"Wa\u017cny krok ku przysz\u0142o\u015bci wolnej od zanieczyszcze\u0144 odpadami tworzyw\"}]},{\"@type\":\"WebSite\",\"@id\":\"https:\/\/plasticseurope.org\/pl\/#website\",\"url\":\"https:\/\/plasticseurope.org\/pl\/\",\"name\":\"Plastics Europe PL\",\"description\":\"Enabling a sustainable future\",\"potentialAction\":[{\"@type\":\"SearchAction\",\"target\":{\"@type\":\"EntryPoint\",\"urlTemplate\":\"https:\/\/plasticseurope.org\/pl\/?s={search_term_string}\"},\"query-input\":\"required name=search_term_string\"}],\"inLanguage\":\"pl-PL\"},{\"@type\":\"Person\",\"@id\":\"https:\/\/plasticseurope.org\/pl\/#\/schema\/person\/540c9285d43a45272bc960aee991e341\",\"name\":\"magdalenarangosz\",\"image\":{\"@type\":\"ImageObject\",\"inLanguage\":\"pl-PL\",\"@id\":\"https:\/\/plasticseurope.org\/pl\/#\/schema\/person\/image\/\",\"url\":\"https:\/\/secure.gravatar.com\/avatar\/6d18cf24140b1e00fb6870bd30c1bd53fcc3292c006b7b9f98823cc474360fd7?s=96&d=mm&r=g\",\"contentUrl\":\"https:\/\/secure.gravatar.com\/avatar\/6d18cf24140b1e00fb6870bd30c1bd53fcc3292c006b7b9f98823cc474360fd7?s=96&d=mm&r=g\",\"caption\":\"magdalenarangosz\"},\"url\":\"https:\/\/plasticseurope.org\/pl\/author\/magdalenarangosz\/\"}]}<\/script>\n<!-- \/ Yoast SEO plugin. -->","yoast_head_json":{"title":"Wa\u017cny krok ku przysz\u0142o\u015bci wolnej od zanieczyszcze\u0144 odpadami tworzyw - Plastics Europe PL","robots":{"index":"index","follow":"follow","max-snippet":"max-snippet:-1","max-image-preview":"max-image-preview:large","max-video-preview":"max-video-preview:-1"},"canonical":"https:\/\/plasticseurope.org\/pl\/2022\/03\/02\/wazny-krok-ku-przyszlosci-wolnej-od-zanieczyszczen-odpadami-tworzyw\/","og_locale":"pl_PL","og_type":"article","og_title":"Wa\u017cny krok ku przysz\u0142o\u015bci wolnej od zanieczyszcze\u0144 odpadami tworzyw - Plastics Europe PL","og_description":"Plastics Europe z zadowoleniem przyjmuje Globalne Porozumienie w Sprawie Tworzyw","og_url":"https:\/\/plasticseurope.org\/pl\/2022\/03\/02\/wazny-krok-ku-przyszlosci-wolnej-od-zanieczyszczen-odpadami-tworzyw\/","og_site_name":"Plastics Europe PL","article_published_time":"2022-03-02T15:44:20+00:00","article_modified_time":"2022-03-02T15:58:21+00:00","og_image":[{"width":1000,"height":636,"url":"https:\/\/plasticseurope.org\/pl\/wp-content\/uploads\/sites\/7\/2022\/03\/Sorting_plastics.jpg","type":"image\/jpeg"}],"author":"magdalenarangosz","twitter_card":"summary_large_image","twitter_misc":{"Napisane przez":"magdalenarangosz","Szacowany czas czytania":"3 minuty"},"schema":{"@context":"https:\/\/schema.org","@graph":[{"@type":"WebPage","@id":"https:\/\/plasticseurope.org\/pl\/2022\/03\/02\/wazny-krok-ku-przyszlosci-wolnej-od-zanieczyszczen-odpadami-tworzyw\/","url":"https:\/\/plasticseurope.org\/pl\/2022\/03\/02\/wazny-krok-ku-przyszlosci-wolnej-od-zanieczyszczen-odpadami-tworzyw\/","name":"Wa\u017cny krok ku przysz\u0142o\u015bci wolnej od zanieczyszcze\u0144 odpadami tworzyw - Plastics Europe PL","isPartOf":{"@id":"https:\/\/plasticseurope.org\/pl\/#website"},"datePublished":"2022-03-02T15:44:20+00:00","dateModified":"2022-03-02T15:58:21+00:00","author":{"@id":"https:\/\/plasticseurope.org\/pl\/#\/schema\/person\/540c9285d43a45272bc960aee991e341"},"breadcrumb":{"@id":"https:\/\/plasticseurope.org\/pl\/2022\/03\/02\/wazny-krok-ku-przyszlosci-wolnej-od-zanieczyszczen-odpadami-tworzyw\/#breadcrumb"},"inLanguage":"pl-PL","potentialAction":[{"@type":"ReadAction","target":["https:\/\/plasticseurope.org\/pl\/2022\/03\/02\/wazny-krok-ku-przyszlosci-wolnej-od-zanieczyszczen-odpadami-tworzyw\/"]}]},{"@type":"BreadcrumbList","@id":"https:\/\/plasticseurope.org\/pl\/2022\/03\/02\/wazny-krok-ku-przyszlosci-wolnej-od-zanieczyszczen-odpadami-tworzyw\/#breadcrumb","itemListElement":[{"@type":"ListItem","position":1,"name":"Home","item":"https:\/\/plasticseurope.org\/pl\/"},{"@type":"ListItem","position":2,"name":"Wa\u017cny krok ku przysz\u0142o\u015bci wolnej od zanieczyszcze\u0144 odpadami tworzyw"}]},{"@type":"WebSite","@id":"https:\/\/plasticseurope.org\/pl\/#website","url":"https:\/\/plasticseurope.org\/pl\/","name":"Plastics Europe PL","description":"Enabling a sustainable future","potentialAction":[{"@type":"SearchAction","target":{"@type":"EntryPoint","urlTemplate":"https:\/\/plasticseurope.org\/pl\/?s={search_term_string}"},"query-input":"required name=search_term_string"}],"inLanguage":"pl-PL"},{"@type":"Person","@id":"https:\/\/plasticseurope.org\/pl\/#\/schema\/person\/540c9285d43a45272bc960aee991e341","name":"magdalenarangosz","image":{"@type":"ImageObject","inLanguage":"pl-PL","@id":"https:\/\/plasticseurope.org\/pl\/#\/schema\/person\/image\/","url":"https:\/\/secure.gravatar.com\/avatar\/6d18cf24140b1e00fb6870bd30c1bd53fcc3292c006b7b9f98823cc474360fd7?s=96&d=mm&r=g","contentUrl":"https:\/\/secure.gravatar.com\/avatar\/6d18cf24140b1e00fb6870bd30c1bd53fcc3292c006b7b9f98823cc474360fd7?s=96&d=mm&r=g","caption":"magdalenarangosz"},"url":"https:\/\/plasticseurope.org\/pl\/author\/magdalenarangosz\/"}]}},"_links":{"self":[{"href":"https:\/\/plasticseurope.org\/pl\/wp-json\/wp\/v2\/posts\/896","targetHints":{"allow":["GET"]}}],"collection":[{"href":"https:\/\/plasticseurope.org\/pl\/wp-json\/wp\/v2\/posts"}],"about":[{"href":"https:\/\/plasticseurope.org\/pl\/wp-json\/wp\/v2\/types\/post"}],"author":[{"embeddable":true,"href":"https:\/\/plasticseurope.org\/pl\/wp-json\/wp\/v2\/users\/17"}],"replies":[{"embeddable":true,"href":"https:\/\/plasticseurope.org\/pl\/wp-json\/wp\/v2\/comments?post=896"}],"version-history":[{"count":0,"href":"https:\/\/plasticseurope.org\/pl\/wp-json\/wp\/v2\/posts\/896\/revisions"}],"wp:featuredmedia":[{"embeddable":true,"href":"https:\/\/plasticseurope.org\/pl\/wp-json\/wp\/v2\/media\/898"}],"wp:attachment":[{"href":"https:\/\/plasticseurope.org\/pl\/wp-json\/wp\/v2\/media?parent=896"}],"wp:term":[{"taxonomy":"category","embeddable":true,"href":"https:\/\/plasticseurope.org\/pl\/wp-json\/wp\/v2\/categories?post=896"},{"taxonomy":"post_tag","embeddable":true,"href":"https:\/\/plasticseurope.org\/pl\/wp-json\/wp\/v2\/tags?post=896"}],"curies":[{"name":"wp","href":"https:\/\/api.w.org\/{rel}","templated":true}]}}