{"id":617,"date":"2020-06-30T14:20:00","date_gmt":"2020-06-30T14:20:00","guid":{"rendered":"https:\/\/plasticseurope.wpenginepowered.com\/pl\/?p=617"},"modified":"2021-11-19T14:59:49","modified_gmt":"2021-11-19T14:59:49","slug":"jak-branza-po-latach-wzrostu-odnajdzie-sie-w-nowej-sytuacji-gospodarczej","status":"publish","type":"post","link":"https:\/\/plasticseurope.org\/pl\/2020\/06\/30\/jak-branza-po-latach-wzrostu-odnajdzie-sie-w-nowej-sytuacji-gospodarczej\/","title":{"rendered":"Jak bran\u017ca po latach wzrostu odnajdzie si\u0119 w nowej sytuacji gospodarczej?"},"content":{"rendered":"\n<p class=\"has-large-font-size\">Spowolnienie \u015bwiatowej gospodarki obserwowane w ostatnich latach w oczywisty spos\u00f3b dotyka tak\u017ce przemys\u0142u tworzyw sztucznych, co znalaz\u0142o swoje odzwierciedlenie w liczbach \u2013 wg szacunkowych danych stowarzyszenia producent\u00f3w tworzyw sztucznych PlasticsEurope&nbsp;w roku 2019 wyprodukowano na \u015bwiecie 368 mln ton tworzyw, a tempo wzrostu wynios\u0142o ok. 2,4% i jest to warto\u015b\u0107 ni\u017csza ni\u017c w latach poprzednich. W Europie odnotowano niewielki spadek produkcji w por\u00f3wnaniu z rokiem 2018 &#8211; z udzia\u0142em 15,8% zajmuje ona 3 miejsce po Chinach (31%) i krajach NAFTA (18,5%).<\/p>\n\n\n\n<div style=\"height:16px\" aria-hidden=\"true\" class=\"wp-block-spacer\"><\/div>\n\n\n\n<p>Zapotrzebowanie ze strony przetw\u00f3rc\u00f3w na tworzywa w Europie, oscyluj\u0105ce od kilku lat pomi\u0119dzy 50 a 52 mln ton, szacuje si\u0119 w roku 2019 na 50,7 mln ton, czyli o ok. 0,8% mniej ni\u017c w roku poprzednim<sup>&nbsp;1<\/sup>. Na rezultat ten niew\u0105tpliwie wp\u0142yw maj\u0105 gorsze wyniki bran\u017cy w Niemczech, gdzie produkcja tworzyw w roku 2019 spad\u0142a o 3,9%<sup>&nbsp;2<\/sup>, a obroty producent\u00f3w tworzyw zmniejszy\u0142y si\u0119 o ok. 7,9%.<\/p>\n\n\n\n<p>W Polsce zapotrzebowanie na tworzywa do produkcji wyrob\u00f3w w roku 2019 szacowane jest przez PlasticsEurope na ok. 3,6 mln ton, co oznacza wzrost w por\u00f3wnaniu z rokiem 2018 o ok. 3%. Polska jest importerem netto tworzyw &#8211; najwi\u0119ksz\u0105 ilo\u015b\u0107 surowca importujemy z Niemiec,&nbsp;a spoza UE \u2013 z Korei Po\u0142udniowej. Ilo\u015bci tworzyw zu\u017cywane na potrzeby przetw\u00f3rstwa w naszym kraju stanowi\u0105 ok. 7 % \u015bredniego zapotrzebowania europejskiego, a Polska pozostaje na sz\u00f3stym miejscu pod wzgl\u0119dem zapotrzebowania na tworzywa w Europie po Niemczech, W\u0142oszech, Francji, Hiszpanii i Wielkiej Brytanii. Udzia\u0142 poszczeg\u00f3lnych segment\u00f3w zastosowa\u0144 w og\u00f3lnym zu\u017cyciu tworzyw pozostaje niezmienny od lat &#8211; na pierwszym miejscu opakowania, kolejno wyroby dla budownictwa i motoryzacji<sup>3<\/sup>.<\/p>\n\n\n\n<p>Bran\u017ca tworzyw sztucznych w Polsce od kilkunastu lat intensywnie si\u0119 rozwija &#8211; z danych PlasticsEurope wynika, \u017ce od roku 2006 (kiedy zacz\u0119to zbiera\u0107 te dane) do roku 2019 zapotrzebowanie na tworzywa do produkcji wyrob\u00f3w wzros\u0142o o 60%. Z kolei analiza danych GUS pokazuje, \u017ce warto\u015b\u0107 produkcji sprzedanej wyrob\u00f3w z gumy i tworzyw sztucznych w Polsce w latach 2010-2019 wzrasta\u0142a szybciej (CAGR 7,2%), ni\u017c ca\u0142ego przetw\u00f3rstwa przemys\u0142owego og\u00f3\u0142em (CAGR 5,5%).&nbsp;<\/p>\n\n\n\n<blockquote class=\"wp-block-quote has-text-align-center is-style-large is-layout-flow wp-block-quote-is-layout-flow\"><p>\u201eOptymizm podbudowany rozwojem bran\u017cy obserwowanym w ostatnich latach znacznie os\u0142ab\u0142 w obliczu kryzysu gospodarczego wywo\u0142anego pandemi\u0105 Covid-19. Dane GUS wskazuj\u0105, \u017ce produkcja sprzedana wyrob\u00f3w z gumy i tworzyw sztucznych w kwietniu i w maju br. drastycznie spad\u0142a: o 25,6% i o 17% w por\u00f3wnaniu w analogicznymi miesi\u0105cami roku ubieg\u0142ego. Nie ma wi\u0119c mowy o powt\u00f3rzeniu sytuacji sprzed lat &#8211; tu przypomn\u0119, \u017ce podczas poprzedniego kryzysu (2008-2009) byli\u015bmy jednym z nielicznych kraj\u00f3w europejskich, w kt\u00f3rych praktycznie nie odnotowano spadku zapotrzebowania na tworzywa. Obecny kryzys dotkn\u0105\u0142 prawie wszystkie dziedziny \u017cycia i gospodarki i z pewno\u015bci\u0105 jego negatywny wp\u0142yw na nasz\u0105 bran\u017c\u0119 b\u0119dzie bardzo du\u017cy, znacznie d\u0142u\u017cej potrwa te\u017c wychodzenie z kryzysu. Wa\u017cne jest, aby mog\u0142o si\u0119 to odby\u0107 z zachowaniem obranej \u015bcie\u017cki transformacji w kierunku gospodarki obiegu zamkni\u0119tego i w oparciu o legislacj\u0119 opart\u0105 na wiedzy naukowej, co pozwoli w pe\u0142ni doceni\u0107 znaczenie tworzyw sztucznych w nowoczesnej i zr\u00f3wnowa\u017conej gospodarce. Jestem przekonany, \u017ce&nbsp;w ostatnim czasie wielu z nas uzmys\u0142owi\u0142o sobie jak bardzo potrzebne s\u0105 wyroby wykonane&nbsp;z tworzyw sztucznych, zw\u0142aszcza te przyczyniaj\u0105ce si\u0119 do poprawy higieny i bezpiecze\u0144stwa zdrowotnego\u201d.<\/p><cite> Kazimierz Borkowski, Dyrektor Zarz\u0105dzaj\u0105cy PlasticsEurope Polska, <\/cite><\/blockquote>\n\n\n\n<p><\/p>\n\n\n\n<p>Informacje dodatkowe<\/p>\n\n\n\n<figure class=\"wp-block-gallery columns-3 is-cropped wp-block-gallery-1 is-layout-flex wp-block-gallery-is-layout-flex\"><ul class=\"blocks-gallery-grid\"><li class=\"blocks-gallery-item\"><figure><img loading=\"lazy\" decoding=\"async\" width=\"296\" height=\"203\" src=\"https:\/\/plasticseurope.org\/pl\/wp-content\/uploads\/sites\/7\/2021\/11\/image-6.png\" alt=\"\" data-id=\"620\" data-full-url=\"https:\/\/plasticseurope.org\/pl\/wp-content\/uploads\/sites\/7\/2021\/11\/image-6.png\" data-link=\"https:\/\/plasticseurope.org\/pl\/?attachment_id=620\" class=\"wp-image-620\" \/><\/figure><\/li><li class=\"blocks-gallery-item\"><figure><img loading=\"lazy\" decoding=\"async\" width=\"281\" height=\"236\" src=\"https:\/\/plasticseurope.org\/pl\/wp-content\/uploads\/sites\/7\/2021\/11\/image-5.png\" alt=\"\" data-id=\"621\" data-full-url=\"https:\/\/plasticseurope.org\/pl\/wp-content\/uploads\/sites\/7\/2021\/11\/image-5.png\" data-link=\"https:\/\/plasticseurope.org\/pl\/?attachment_id=621\" class=\"wp-image-621\" \/><\/figure><\/li><li class=\"blocks-gallery-item\"><figure><img loading=\"lazy\" decoding=\"async\" width=\"288\" height=\"232\" src=\"https:\/\/plasticseurope.org\/pl\/wp-content\/uploads\/sites\/7\/2021\/11\/image-4.png\" alt=\"\" data-id=\"622\" data-full-url=\"https:\/\/plasticseurope.org\/pl\/wp-content\/uploads\/sites\/7\/2021\/11\/image-4.png\" data-link=\"https:\/\/plasticseurope.org\/pl\/?attachment_id=622\" class=\"wp-image-622\" \/><\/figure><\/li><\/ul><\/figure>\n\n\n\n<div style=\"height:16px\" aria-hidden=\"true\" class=\"wp-block-spacer\"><\/div>\n\n\n\n<p><sup>1<\/sup><em>&nbsp;<\/em>Dane ostateczne opublikowane zostan\u0105 w raporcie \u201eTworzywa sztuczne &#8211; Fakty 2020\u201d, planowanym w pa\u017adzierniku br.<\/p>\n\n\n\n<p><sup>2<\/sup>&nbsp;Raport roczny PlasticsEurope Deutschland&nbsp;<a href=\"https:\/\/www.plasticseurope.org\/de\/newsroom\/press-releases\/wirtschaftliche-situation-der-kunststofferzeuger\" target=\"_blank\" rel=\"noreferrer noopener\">https:\/\/www.plasticseurope.org\/de\/newsroom\/press-releases\/wirtschaftliche-situation-der-kunststofferzeuger<\/a><\/p>\n\n\n\n<p><sup>3<\/sup>&nbsp;Szczeg\u00f3\u0142owe dane opublikowane zostan\u0105 we wrze\u015bniu br. w raporcie rocznym Fundacji PlasticsEurope Polska<\/p>\n\n\n\n<div style=\"height:48px\" aria-hidden=\"true\" class=\"wp-block-spacer\"><\/div>\n\n\n","protected":false},"excerpt":{"rendered":"<p>Spowolnienie \u015bwiatowej gospodarki obserwowane w ostatnich latach w oczywisty spos\u00f3b dotyka tak\u017ce przemys\u0142u tworzyw sztucznych, co znalaz\u0142o swoje odzwierciedlenie w\u2026<\/p>\n","protected":false},"author":3,"featured_media":526,"comment_status":"open","ping_status":"open","sticky":false,"template":"","format":"standard","meta":{"footnotes":""},"categories":[7],"tags":[],"class_list":["post-617","post","type-post","status-publish","format-standard","has-post-thumbnail","hentry","category-informacje-prasowe"],"acf":[],"yoast_head":"<!-- This site is optimized with the Yoast SEO plugin v21.6 - https:\/\/yoast.com\/wordpress\/plugins\/seo\/ -->\n<title>Jak bran\u017ca po latach wzrostu odnajdzie si\u0119 w nowej sytuacji gospodarczej? - Plastics Europe PL<\/title>\n<meta name=\"robots\" content=\"index, follow, max-snippet:-1, max-image-preview:large, max-video-preview:-1\" \/>\n<link rel=\"canonical\" href=\"https:\/\/plasticseurope.org\/pl\/2020\/06\/30\/jak-branza-po-latach-wzrostu-odnajdzie-sie-w-nowej-sytuacji-gospodarczej\/\" \/>\n<meta property=\"og:locale\" content=\"pl_PL\" \/>\n<meta property=\"og:type\" content=\"article\" \/>\n<meta property=\"og:title\" content=\"Jak bran\u017ca po latach wzrostu odnajdzie si\u0119 w nowej sytuacji gospodarczej? - Plastics Europe PL\" \/>\n<meta property=\"og:description\" content=\"Spowolnienie \u015bwiatowej gospodarki obserwowane w ostatnich latach w oczywisty spos\u00f3b dotyka tak\u017ce przemys\u0142u tworzyw sztucznych, co znalaz\u0142o swoje odzwierciedlenie w\u2026\" \/>\n<meta property=\"og:url\" content=\"https:\/\/plasticseurope.org\/pl\/2020\/06\/30\/jak-branza-po-latach-wzrostu-odnajdzie-sie-w-nowej-sytuacji-gospodarczej\/\" \/>\n<meta property=\"og:site_name\" content=\"Plastics Europe PL\" \/>\n<meta property=\"article:published_time\" content=\"2020-06-30T14:20:00+00:00\" \/>\n<meta property=\"article:modified_time\" content=\"2021-11-19T14:59:49+00:00\" \/>\n<meta property=\"og:image\" content=\"https:\/\/plasticseurope.org\/pl\/wp-content\/uploads\/sites\/7\/2020\/06\/4.1._News_shutterstock_610747262-1.png\" \/>\n\t<meta property=\"og:image:width\" content=\"1200\" \/>\n\t<meta property=\"og:image:height\" content=\"400\" \/>\n\t<meta property=\"og:image:type\" content=\"image\/png\" \/>\n<meta name=\"author\" content=\"lizzydoyle\" \/>\n<meta name=\"twitter:card\" content=\"summary_large_image\" \/>\n<meta name=\"twitter:label1\" content=\"Napisane przez\" \/>\n\t<meta name=\"twitter:data1\" content=\"lizzydoyle\" \/>\n\t<meta name=\"twitter:label2\" content=\"Szacowany czas czytania\" \/>\n\t<meta name=\"twitter:data2\" content=\"4 minuty\" \/>\n<script type=\"application\/ld+json\" class=\"yoast-schema-graph\">{\"@context\":\"https:\/\/schema.org\",\"@graph\":[{\"@type\":\"WebPage\",\"@id\":\"https:\/\/plasticseurope.org\/pl\/2020\/06\/30\/jak-branza-po-latach-wzrostu-odnajdzie-sie-w-nowej-sytuacji-gospodarczej\/\",\"url\":\"https:\/\/plasticseurope.org\/pl\/2020\/06\/30\/jak-branza-po-latach-wzrostu-odnajdzie-sie-w-nowej-sytuacji-gospodarczej\/\",\"name\":\"Jak bran\u017ca po latach wzrostu odnajdzie si\u0119 w nowej sytuacji gospodarczej? - Plastics Europe PL\",\"isPartOf\":{\"@id\":\"https:\/\/plasticseurope.org\/pl\/#website\"},\"datePublished\":\"2020-06-30T14:20:00+00:00\",\"dateModified\":\"2021-11-19T14:59:49+00:00\",\"author\":{\"@id\":\"https:\/\/plasticseurope.org\/pl\/#\/schema\/person\/6288b5ce9afeb8d610beabab15839235\"},\"breadcrumb\":{\"@id\":\"https:\/\/plasticseurope.org\/pl\/2020\/06\/30\/jak-branza-po-latach-wzrostu-odnajdzie-sie-w-nowej-sytuacji-gospodarczej\/#breadcrumb\"},\"inLanguage\":\"pl-PL\",\"potentialAction\":[{\"@type\":\"ReadAction\",\"target\":[\"https:\/\/plasticseurope.org\/pl\/2020\/06\/30\/jak-branza-po-latach-wzrostu-odnajdzie-sie-w-nowej-sytuacji-gospodarczej\/\"]}]},{\"@type\":\"BreadcrumbList\",\"@id\":\"https:\/\/plasticseurope.org\/pl\/2020\/06\/30\/jak-branza-po-latach-wzrostu-odnajdzie-sie-w-nowej-sytuacji-gospodarczej\/#breadcrumb\",\"itemListElement\":[{\"@type\":\"ListItem\",\"position\":1,\"name\":\"Home\",\"item\":\"https:\/\/plasticseurope.org\/pl\/\"},{\"@type\":\"ListItem\",\"position\":2,\"name\":\"Jak bran\u017ca po latach wzrostu odnajdzie si\u0119 w nowej sytuacji gospodarczej?\"}]},{\"@type\":\"WebSite\",\"@id\":\"https:\/\/plasticseurope.org\/pl\/#website\",\"url\":\"https:\/\/plasticseurope.org\/pl\/\",\"name\":\"Plastics Europe PL\",\"description\":\"Enabling a sustainable future\",\"potentialAction\":[{\"@type\":\"SearchAction\",\"target\":{\"@type\":\"EntryPoint\",\"urlTemplate\":\"https:\/\/plasticseurope.org\/pl\/?s={search_term_string}\"},\"query-input\":\"required name=search_term_string\"}],\"inLanguage\":\"pl-PL\"},{\"@type\":\"Person\",\"@id\":\"https:\/\/plasticseurope.org\/pl\/#\/schema\/person\/6288b5ce9afeb8d610beabab15839235\",\"name\":\"lizzydoyle\",\"image\":{\"@type\":\"ImageObject\",\"inLanguage\":\"pl-PL\",\"@id\":\"https:\/\/plasticseurope.org\/pl\/#\/schema\/person\/image\/\",\"url\":\"https:\/\/secure.gravatar.com\/avatar\/7cb64529e0e4d10122f99b32a8b8eb24832571437c923244e9bcbc266227340d?s=96&d=mm&r=g\",\"contentUrl\":\"https:\/\/secure.gravatar.com\/avatar\/7cb64529e0e4d10122f99b32a8b8eb24832571437c923244e9bcbc266227340d?s=96&d=mm&r=g\",\"caption\":\"lizzydoyle\"},\"url\":\"https:\/\/plasticseurope.org\/pl\/author\/lizzydoyle\/\"}]}<\/script>\n<!-- \/ Yoast SEO plugin. -->","yoast_head_json":{"title":"Jak bran\u017ca po latach wzrostu odnajdzie si\u0119 w nowej sytuacji gospodarczej? - Plastics Europe PL","robots":{"index":"index","follow":"follow","max-snippet":"max-snippet:-1","max-image-preview":"max-image-preview:large","max-video-preview":"max-video-preview:-1"},"canonical":"https:\/\/plasticseurope.org\/pl\/2020\/06\/30\/jak-branza-po-latach-wzrostu-odnajdzie-sie-w-nowej-sytuacji-gospodarczej\/","og_locale":"pl_PL","og_type":"article","og_title":"Jak bran\u017ca po latach wzrostu odnajdzie si\u0119 w nowej sytuacji gospodarczej? - Plastics Europe PL","og_description":"Spowolnienie \u015bwiatowej gospodarki obserwowane w ostatnich latach w oczywisty spos\u00f3b dotyka tak\u017ce przemys\u0142u tworzyw sztucznych, co znalaz\u0142o swoje odzwierciedlenie w\u2026","og_url":"https:\/\/plasticseurope.org\/pl\/2020\/06\/30\/jak-branza-po-latach-wzrostu-odnajdzie-sie-w-nowej-sytuacji-gospodarczej\/","og_site_name":"Plastics Europe PL","article_published_time":"2020-06-30T14:20:00+00:00","article_modified_time":"2021-11-19T14:59:49+00:00","og_image":[{"width":1200,"height":400,"url":"https:\/\/plasticseurope.org\/pl\/wp-content\/uploads\/sites\/7\/2020\/06\/4.1._News_shutterstock_610747262-1.png","type":"image\/png"}],"author":"lizzydoyle","twitter_card":"summary_large_image","twitter_misc":{"Napisane przez":"lizzydoyle","Szacowany czas czytania":"4 minuty"},"schema":{"@context":"https:\/\/schema.org","@graph":[{"@type":"WebPage","@id":"https:\/\/plasticseurope.org\/pl\/2020\/06\/30\/jak-branza-po-latach-wzrostu-odnajdzie-sie-w-nowej-sytuacji-gospodarczej\/","url":"https:\/\/plasticseurope.org\/pl\/2020\/06\/30\/jak-branza-po-latach-wzrostu-odnajdzie-sie-w-nowej-sytuacji-gospodarczej\/","name":"Jak bran\u017ca po latach wzrostu odnajdzie si\u0119 w nowej sytuacji gospodarczej? - Plastics Europe PL","isPartOf":{"@id":"https:\/\/plasticseurope.org\/pl\/#website"},"datePublished":"2020-06-30T14:20:00+00:00","dateModified":"2021-11-19T14:59:49+00:00","author":{"@id":"https:\/\/plasticseurope.org\/pl\/#\/schema\/person\/6288b5ce9afeb8d610beabab15839235"},"breadcrumb":{"@id":"https:\/\/plasticseurope.org\/pl\/2020\/06\/30\/jak-branza-po-latach-wzrostu-odnajdzie-sie-w-nowej-sytuacji-gospodarczej\/#breadcrumb"},"inLanguage":"pl-PL","potentialAction":[{"@type":"ReadAction","target":["https:\/\/plasticseurope.org\/pl\/2020\/06\/30\/jak-branza-po-latach-wzrostu-odnajdzie-sie-w-nowej-sytuacji-gospodarczej\/"]}]},{"@type":"BreadcrumbList","@id":"https:\/\/plasticseurope.org\/pl\/2020\/06\/30\/jak-branza-po-latach-wzrostu-odnajdzie-sie-w-nowej-sytuacji-gospodarczej\/#breadcrumb","itemListElement":[{"@type":"ListItem","position":1,"name":"Home","item":"https:\/\/plasticseurope.org\/pl\/"},{"@type":"ListItem","position":2,"name":"Jak bran\u017ca po latach wzrostu odnajdzie si\u0119 w nowej sytuacji gospodarczej?"}]},{"@type":"WebSite","@id":"https:\/\/plasticseurope.org\/pl\/#website","url":"https:\/\/plasticseurope.org\/pl\/","name":"Plastics Europe PL","description":"Enabling a sustainable future","potentialAction":[{"@type":"SearchAction","target":{"@type":"EntryPoint","urlTemplate":"https:\/\/plasticseurope.org\/pl\/?s={search_term_string}"},"query-input":"required name=search_term_string"}],"inLanguage":"pl-PL"},{"@type":"Person","@id":"https:\/\/plasticseurope.org\/pl\/#\/schema\/person\/6288b5ce9afeb8d610beabab15839235","name":"lizzydoyle","image":{"@type":"ImageObject","inLanguage":"pl-PL","@id":"https:\/\/plasticseurope.org\/pl\/#\/schema\/person\/image\/","url":"https:\/\/secure.gravatar.com\/avatar\/7cb64529e0e4d10122f99b32a8b8eb24832571437c923244e9bcbc266227340d?s=96&d=mm&r=g","contentUrl":"https:\/\/secure.gravatar.com\/avatar\/7cb64529e0e4d10122f99b32a8b8eb24832571437c923244e9bcbc266227340d?s=96&d=mm&r=g","caption":"lizzydoyle"},"url":"https:\/\/plasticseurope.org\/pl\/author\/lizzydoyle\/"}]}},"_links":{"self":[{"href":"https:\/\/plasticseurope.org\/pl\/wp-json\/wp\/v2\/posts\/617","targetHints":{"allow":["GET"]}}],"collection":[{"href":"https:\/\/plasticseurope.org\/pl\/wp-json\/wp\/v2\/posts"}],"about":[{"href":"https:\/\/plasticseurope.org\/pl\/wp-json\/wp\/v2\/types\/post"}],"author":[{"embeddable":true,"href":"https:\/\/plasticseurope.org\/pl\/wp-json\/wp\/v2\/users\/3"}],"replies":[{"embeddable":true,"href":"https:\/\/plasticseurope.org\/pl\/wp-json\/wp\/v2\/comments?post=617"}],"version-history":[{"count":0,"href":"https:\/\/plasticseurope.org\/pl\/wp-json\/wp\/v2\/posts\/617\/revisions"}],"wp:featuredmedia":[{"embeddable":true,"href":"https:\/\/plasticseurope.org\/pl\/wp-json\/wp\/v2\/media\/526"}],"wp:attachment":[{"href":"https:\/\/plasticseurope.org\/pl\/wp-json\/wp\/v2\/media?parent=617"}],"wp:term":[{"taxonomy":"category","embeddable":true,"href":"https:\/\/plasticseurope.org\/pl\/wp-json\/wp\/v2\/categories?post=617"},{"taxonomy":"post_tag","embeddable":true,"href":"https:\/\/plasticseurope.org\/pl\/wp-json\/wp\/v2\/tags?post=617"}],"curies":[{"name":"wp","href":"https:\/\/api.w.org\/{rel}","templated":true}]}}