{"id":173,"date":"2021-10-25T00:01:02","date_gmt":"2021-10-25T00:01:02","guid":{"rendered":"https:\/\/plasticseurope.wpenginepowered.com\/pl\/?p=173"},"modified":"2021-10-24T23:45:04","modified_gmt":"2021-10-24T23:45:04","slug":"plastics-europe-realizuje-kolejny-etap-transformacji","status":"publish","type":"post","link":"https:\/\/plasticseurope.org\/pl\/2021\/10\/25\/plastics-europe-realizuje-kolejny-etap-transformacji\/","title":{"rendered":"Plastics Europe realizuje kolejny etap transformacji"},"content":{"rendered":"\n<p class=\"has-large-font-size\"><strong>Zr\u00f3wnowa\u017cony rozw\u00f3j w centrum uwagi<\/strong><\/p>\n\n\n\n<div style=\"height:16px\" aria-hidden=\"true\" class=\"wp-block-spacer\"><\/div>\n\n\n\n<p>Warszawa, 25 pa\u017adziernika 2021r.<\/p>\n\n\n\n<p class=\"has-large-font-size\">Plastics Europe, og\u00f3lnoeuropejskie stowarzyszenie producent\u00f3w tworzyw sztucznych, prezentuje dzi\u015b nowe logo i stron\u0119 internetow\u0105, kt\u00f3re w centrum uwagi stawiaj\u0105 zr\u00f3wnowa\u017cony rozw\u00f3j. Odzwierciedla to fundamentalne zmiany zachodz\u0105ce zar\u00f3wno w przemy\u015ble, jak i w Plastics Europe.<\/p>\n\n\n\n<p>Tworzywa sztuczne s\u0105 kluczowym elementem innowacji i pomagaj\u0105 nam radzi\u0107 sobie z kryzysem klimatycznym, m.in. dzi\u0119ki redukcji emisji gaz\u00f3w cieplarnianych. Jednocze\u015bnie wszelkie odpady tworzyw w \u015brodowisku s\u0105 nieakceptowalne. Dlatego zwi\u0119kszamy nasze wysi\u0142ki na rzecz zmniejszenia ilo\u015bci odpad\u00f3w, promowania ponownego u\u017cycia i zwi\u0119kszenia selektywnej zbi\u00f3rki oraz recyklingu odpad\u00f3w tworzyw sztucznych, a tak\u017ce przyspieszenia przej\u015bcia na gospodark\u0119 o obiegu zamkni\u0119tym.<\/p>\n\n\n\n<p>W kr\u00f3tkim filmie prezentuj\u0105cym now\u0105 identyfikacj\u0119 wizualn\u0105 stowarzyszenia, <strong>Virginia Janssens<\/strong>, <strong>Dyrektor Zarz\u0105dzaj\u0105ca Plastics Europe<\/strong>, powiedzia\u0142a: &#8222;Jako bran\u017ca musimy si\u0119 rozwija\u0107 i dostosowywa\u0107 wytwarzaj\u0105c tworzywa sztuczne w niskoemisyjnej gospodarce obiegu zamkni\u0119tego i zwi\u0119kszaj\u0105c ich zr\u00f3wnowa\u017cone wykorzystanie, a tak\u017ce uznaj\u0105c i rozwi\u0105zuj\u0105c problem odpad\u00f3w tworzyw sztucznych i dostrzegaj\u0105c ich warto\u015b\u0107 jako zasobu, kt\u00f3ry realizuje cele tej nowej wizji gospodarki.&#8221;<\/p>\n\n\n\n<p>Komunikowane zmiany wpisuj\u0105 si\u0119 w podejmowane ostatnio dzia\u0142ania naszego przemys\u0142u, m.in. niedawny apel Plastics Europe o ustalenie celu w zakresie obowi\u0105zkowej zawarto\u015bci recyklatu w wyrobach opakowa\u0144 z tworzyw na poziomie 30% do 2030 r. czy og\u0142oszenie ponad 7 mld euro planowanych inwestycji europejskich producent\u00f3w tworzyw sztucznych w recykling chemiczny do 2030 r. \u2013 w ten spos\u00f3b chcemy wyznacza\u0107 tempo transformacji zachodz\u0105cej w naszej bran\u017cy.<\/p>\n\n\n\n<p><strong>Virginia Janssens<\/strong> dodaje: &#8222;Zobowi\u0105zaniem naszej bran\u017cy jest nieustanne koncentrowanie si\u0119 na tym, aby tworzywa sztuczne nadal przynosi\u0142y korzy\u015bci cenione przez spo\u0142ecze\u0144stwo, przy jednoczesnym minimalizowaniu ich wp\u0142ywu na \u015brodowisko. Obejmuje to wsparcie realizacji za\u0142o\u017ce\u0144 Europejskiego Zielonego \u0141adu i ambicji dotycz\u0105cych neutralno\u015bci klimatycznej, a tak\u017ce paryskiego porozumienia klimatycznego \u2013 naszego wsp\u00f3lnego planu przyspieszenia transformacji w kierunku bardziej zr\u00f3wnowa\u017conej Europy. Jeste\u015bmy zdeterminowani we wdra\u017caniu d\u0142ugotrwa\u0142ych, pozytywnych zmian&#8221;.<\/p>\n\n\n\n<p><a>\u201eNasz\u0105 ambicj\u0119 i strategiczny cel wyra\u017camy<\/a> w sformu\u0142owaniu: \u201cPlastics Europe. Enabling a sustainable future.\u201d &#8211; powiedzia\u0142 <strong>Markus Steilemann,<\/strong> <strong>prezes Pla<\/strong><a><strong>stics Europe<\/strong>. <\/a>&#8222;Jeste\u015bmy w trakcie niesamowitej podr\u00f3\u017cy, kt\u00f3r\u0105 rozpocz\u0119li\u015bmy, aby odpowiedzie\u0107 na zmiany, jakie zachodz\u0105 w przemy\u015ble tworzyw sztucznych i jego otoczeniu biznesowym. Zapraszam decydent\u00f3w i wszystkich naszych interesariuszy, by do\u0142\u0105czyli do nas we wsp\u00f3lnym realizowaniu celu, jakim jest zapewnienie zr\u00f3wnowa\u017conej przysz\u0142o\u015bci tworzyw sztucznych w obiegu zamkni\u0119tym&#8221;.<\/p>\n\n\n\n<p>Nowa to\u017csamo\u015b\u0107 wizualna stowarzyszenia jeszcze lepiej odzwierciedla cele Plastics Europe.<\/p>\n\n\n\n<p>&#8222;Poprzez nasz nowy wizerunek chcemy podkre\u015bli\u0107 otwarto\u015b\u0107, wsp\u00f3\u0142prac\u0119, zaufanie i innowacje. Logo symbolizuje r\u00f3\u017cne podmioty skupione wok\u00f3\u0142 wsp\u00f3lnego celu, jakim jest budowanie zr\u00f3wnowa\u017conej przysz\u0142o\u015bci.&#8221; doda\u0142a <strong>Virginia Janssens<\/strong>.<\/p>\n\n\n\n<p><a href=\"https:\/\/vimeo.com\/637835309\/d454888f46\" target=\"_blank\" rel=\"noreferrer noopener\">Wideo<\/a> prezentuj\u0105ce now\u0105 identyfikacj\u0119 wizualn\u0105 mo\u017cna zobaczy\u0107 na stronie internetowej Plastics Europe <a href=\"https:\/\/www.plasticseurope.org\">plasticseurope.org<\/a>, kt\u00f3ra r\u00f3wnie\u017c zosta\u0142a dzi\u015b zaprezentowana w nowej ods\u0142onie.<\/p>\n\n\n\n<div style=\"height:48px\" aria-hidden=\"true\" class=\"wp-block-spacer\"><\/div>\n\n\n","protected":false},"excerpt":{"rendered":"<p>Zr\u00f3wnowa\u017cony rozw\u00f3j w centrum uwagi Warszawa, 25 pa\u017adziernika 2021r. Plastics Europe, og\u00f3lnoeuropejskie stowarzyszenie producent\u00f3w tworzyw sztucznych, prezentuje dzi\u015b nowe logo\u2026<\/p>\n","protected":false},"author":2,"featured_media":174,"comment_status":"open","ping_status":"open","sticky":false,"template":"","format":"standard","meta":{"footnotes":""},"categories":[7],"tags":[],"class_list":["post-173","post","type-post","status-publish","format-standard","has-post-thumbnail","hentry","category-informacje-prasowe"],"acf":[],"yoast_head":"<!-- This site is optimized with the Yoast SEO plugin v21.6 - https:\/\/yoast.com\/wordpress\/plugins\/seo\/ -->\n<title>Plastics Europe realizuje kolejny etap transformacji - Plastics Europe PL<\/title>\n<meta name=\"robots\" content=\"index, follow, max-snippet:-1, max-image-preview:large, max-video-preview:-1\" \/>\n<link rel=\"canonical\" href=\"https:\/\/plasticseurope.org\/pl\/2021\/10\/25\/plastics-europe-realizuje-kolejny-etap-transformacji\/\" \/>\n<meta property=\"og:locale\" content=\"pl_PL\" \/>\n<meta property=\"og:type\" content=\"article\" \/>\n<meta property=\"og:title\" content=\"Plastics Europe realizuje kolejny etap transformacji - Plastics Europe PL\" \/>\n<meta property=\"og:description\" content=\"Zr\u00f3wnowa\u017cony rozw\u00f3j w centrum uwagi Warszawa, 25 pa\u017adziernika 2021r. Plastics Europe, og\u00f3lnoeuropejskie stowarzyszenie producent\u00f3w tworzyw sztucznych, prezentuje dzi\u015b nowe logo\u2026\" \/>\n<meta property=\"og:url\" content=\"https:\/\/plasticseurope.org\/pl\/2021\/10\/25\/plastics-europe-realizuje-kolejny-etap-transformacji\/\" \/>\n<meta property=\"og:site_name\" content=\"Plastics Europe PL\" \/>\n<meta property=\"article:published_time\" content=\"2021-10-25T00:01:02+00:00\" \/>\n<meta property=\"article:modified_time\" content=\"2021-10-24T23:45:04+00:00\" \/>\n<meta property=\"og:image\" content=\"https:\/\/plasticseurope.org\/pl\/wp-content\/uploads\/sites\/7\/2021\/10\/Plastics-Europe-about-us.jpeg\" \/>\n\t<meta property=\"og:image:width\" content=\"1024\" \/>\n\t<meta property=\"og:image:height\" content=\"683\" \/>\n\t<meta property=\"og:image:type\" content=\"image\/jpeg\" \/>\n<meta name=\"author\" content=\"madelynpostman\" \/>\n<meta name=\"twitter:card\" content=\"summary_large_image\" \/>\n<meta name=\"twitter:label1\" content=\"Napisane przez\" \/>\n\t<meta name=\"twitter:data1\" content=\"madelynpostman\" \/>\n\t<meta name=\"twitter:label2\" content=\"Szacowany czas czytania\" \/>\n\t<meta name=\"twitter:data2\" content=\"2 minuty\" \/>\n<script type=\"application\/ld+json\" class=\"yoast-schema-graph\">{\"@context\":\"https:\/\/schema.org\",\"@graph\":[{\"@type\":\"WebPage\",\"@id\":\"https:\/\/plasticseurope.org\/pl\/2021\/10\/25\/plastics-europe-realizuje-kolejny-etap-transformacji\/\",\"url\":\"https:\/\/plasticseurope.org\/pl\/2021\/10\/25\/plastics-europe-realizuje-kolejny-etap-transformacji\/\",\"name\":\"Plastics Europe realizuje kolejny etap transformacji - Plastics Europe PL\",\"isPartOf\":{\"@id\":\"https:\/\/plasticseurope.org\/pl\/#website\"},\"datePublished\":\"2021-10-25T00:01:02+00:00\",\"dateModified\":\"2021-10-24T23:45:04+00:00\",\"author\":{\"@id\":\"https:\/\/plasticseurope.org\/pl\/#\/schema\/person\/b01c950a933affea5a71cce4633b8394\"},\"breadcrumb\":{\"@id\":\"https:\/\/plasticseurope.org\/pl\/2021\/10\/25\/plastics-europe-realizuje-kolejny-etap-transformacji\/#breadcrumb\"},\"inLanguage\":\"pl-PL\",\"potentialAction\":[{\"@type\":\"ReadAction\",\"target\":[\"https:\/\/plasticseurope.org\/pl\/2021\/10\/25\/plastics-europe-realizuje-kolejny-etap-transformacji\/\"]}]},{\"@type\":\"BreadcrumbList\",\"@id\":\"https:\/\/plasticseurope.org\/pl\/2021\/10\/25\/plastics-europe-realizuje-kolejny-etap-transformacji\/#breadcrumb\",\"itemListElement\":[{\"@type\":\"ListItem\",\"position\":1,\"name\":\"Home\",\"item\":\"https:\/\/plasticseurope.org\/pl\/\"},{\"@type\":\"ListItem\",\"position\":2,\"name\":\"Plastics Europe realizuje kolejny etap transformacji\"}]},{\"@type\":\"WebSite\",\"@id\":\"https:\/\/plasticseurope.org\/pl\/#website\",\"url\":\"https:\/\/plasticseurope.org\/pl\/\",\"name\":\"Plastics Europe PL\",\"description\":\"Enabling a sustainable future\",\"potentialAction\":[{\"@type\":\"SearchAction\",\"target\":{\"@type\":\"EntryPoint\",\"urlTemplate\":\"https:\/\/plasticseurope.org\/pl\/?s={search_term_string}\"},\"query-input\":\"required name=search_term_string\"}],\"inLanguage\":\"pl-PL\"},{\"@type\":\"Person\",\"@id\":\"https:\/\/plasticseurope.org\/pl\/#\/schema\/person\/b01c950a933affea5a71cce4633b8394\",\"name\":\"madelynpostman\",\"image\":{\"@type\":\"ImageObject\",\"inLanguage\":\"pl-PL\",\"@id\":\"https:\/\/plasticseurope.org\/pl\/#\/schema\/person\/image\/\",\"url\":\"https:\/\/secure.gravatar.com\/avatar\/7b0cebacde20a717e8ab6cc8ae22d1305a39cd0ac44387429c7bab3615c2ef79?s=96&d=mm&r=g\",\"contentUrl\":\"https:\/\/secure.gravatar.com\/avatar\/7b0cebacde20a717e8ab6cc8ae22d1305a39cd0ac44387429c7bab3615c2ef79?s=96&d=mm&r=g\",\"caption\":\"madelynpostman\"},\"url\":\"https:\/\/plasticseurope.org\/pl\/author\/madelynpostman\/\"}]}<\/script>\n<!-- \/ Yoast SEO plugin. -->","yoast_head_json":{"title":"Plastics Europe realizuje kolejny etap transformacji - Plastics Europe PL","robots":{"index":"index","follow":"follow","max-snippet":"max-snippet:-1","max-image-preview":"max-image-preview:large","max-video-preview":"max-video-preview:-1"},"canonical":"https:\/\/plasticseurope.org\/pl\/2021\/10\/25\/plastics-europe-realizuje-kolejny-etap-transformacji\/","og_locale":"pl_PL","og_type":"article","og_title":"Plastics Europe realizuje kolejny etap transformacji - Plastics Europe PL","og_description":"Zr\u00f3wnowa\u017cony rozw\u00f3j w centrum uwagi Warszawa, 25 pa\u017adziernika 2021r. Plastics Europe, og\u00f3lnoeuropejskie stowarzyszenie producent\u00f3w tworzyw sztucznych, prezentuje dzi\u015b nowe logo\u2026","og_url":"https:\/\/plasticseurope.org\/pl\/2021\/10\/25\/plastics-europe-realizuje-kolejny-etap-transformacji\/","og_site_name":"Plastics Europe PL","article_published_time":"2021-10-25T00:01:02+00:00","article_modified_time":"2021-10-24T23:45:04+00:00","og_image":[{"width":1024,"height":683,"url":"https:\/\/plasticseurope.org\/pl\/wp-content\/uploads\/sites\/7\/2021\/10\/Plastics-Europe-about-us.jpeg","type":"image\/jpeg"}],"author":"madelynpostman","twitter_card":"summary_large_image","twitter_misc":{"Napisane przez":"madelynpostman","Szacowany czas czytania":"2 minuty"},"schema":{"@context":"https:\/\/schema.org","@graph":[{"@type":"WebPage","@id":"https:\/\/plasticseurope.org\/pl\/2021\/10\/25\/plastics-europe-realizuje-kolejny-etap-transformacji\/","url":"https:\/\/plasticseurope.org\/pl\/2021\/10\/25\/plastics-europe-realizuje-kolejny-etap-transformacji\/","name":"Plastics Europe realizuje kolejny etap transformacji - Plastics Europe PL","isPartOf":{"@id":"https:\/\/plasticseurope.org\/pl\/#website"},"datePublished":"2021-10-25T00:01:02+00:00","dateModified":"2021-10-24T23:45:04+00:00","author":{"@id":"https:\/\/plasticseurope.org\/pl\/#\/schema\/person\/b01c950a933affea5a71cce4633b8394"},"breadcrumb":{"@id":"https:\/\/plasticseurope.org\/pl\/2021\/10\/25\/plastics-europe-realizuje-kolejny-etap-transformacji\/#breadcrumb"},"inLanguage":"pl-PL","potentialAction":[{"@type":"ReadAction","target":["https:\/\/plasticseurope.org\/pl\/2021\/10\/25\/plastics-europe-realizuje-kolejny-etap-transformacji\/"]}]},{"@type":"BreadcrumbList","@id":"https:\/\/plasticseurope.org\/pl\/2021\/10\/25\/plastics-europe-realizuje-kolejny-etap-transformacji\/#breadcrumb","itemListElement":[{"@type":"ListItem","position":1,"name":"Home","item":"https:\/\/plasticseurope.org\/pl\/"},{"@type":"ListItem","position":2,"name":"Plastics Europe realizuje kolejny etap transformacji"}]},{"@type":"WebSite","@id":"https:\/\/plasticseurope.org\/pl\/#website","url":"https:\/\/plasticseurope.org\/pl\/","name":"Plastics Europe PL","description":"Enabling a sustainable future","potentialAction":[{"@type":"SearchAction","target":{"@type":"EntryPoint","urlTemplate":"https:\/\/plasticseurope.org\/pl\/?s={search_term_string}"},"query-input":"required name=search_term_string"}],"inLanguage":"pl-PL"},{"@type":"Person","@id":"https:\/\/plasticseurope.org\/pl\/#\/schema\/person\/b01c950a933affea5a71cce4633b8394","name":"madelynpostman","image":{"@type":"ImageObject","inLanguage":"pl-PL","@id":"https:\/\/plasticseurope.org\/pl\/#\/schema\/person\/image\/","url":"https:\/\/secure.gravatar.com\/avatar\/7b0cebacde20a717e8ab6cc8ae22d1305a39cd0ac44387429c7bab3615c2ef79?s=96&d=mm&r=g","contentUrl":"https:\/\/secure.gravatar.com\/avatar\/7b0cebacde20a717e8ab6cc8ae22d1305a39cd0ac44387429c7bab3615c2ef79?s=96&d=mm&r=g","caption":"madelynpostman"},"url":"https:\/\/plasticseurope.org\/pl\/author\/madelynpostman\/"}]}},"_links":{"self":[{"href":"https:\/\/plasticseurope.org\/pl\/wp-json\/wp\/v2\/posts\/173","targetHints":{"allow":["GET"]}}],"collection":[{"href":"https:\/\/plasticseurope.org\/pl\/wp-json\/wp\/v2\/posts"}],"about":[{"href":"https:\/\/plasticseurope.org\/pl\/wp-json\/wp\/v2\/types\/post"}],"author":[{"embeddable":true,"href":"https:\/\/plasticseurope.org\/pl\/wp-json\/wp\/v2\/users\/2"}],"replies":[{"embeddable":true,"href":"https:\/\/plasticseurope.org\/pl\/wp-json\/wp\/v2\/comments?post=173"}],"version-history":[{"count":0,"href":"https:\/\/plasticseurope.org\/pl\/wp-json\/wp\/v2\/posts\/173\/revisions"}],"wp:featuredmedia":[{"embeddable":true,"href":"https:\/\/plasticseurope.org\/pl\/wp-json\/wp\/v2\/media\/174"}],"wp:attachment":[{"href":"https:\/\/plasticseurope.org\/pl\/wp-json\/wp\/v2\/media?parent=173"}],"wp:term":[{"taxonomy":"category","embeddable":true,"href":"https:\/\/plasticseurope.org\/pl\/wp-json\/wp\/v2\/categories?post=173"},{"taxonomy":"post_tag","embeddable":true,"href":"https:\/\/plasticseurope.org\/pl\/wp-json\/wp\/v2\/tags?post=173"}],"curies":[{"name":"wp","href":"https:\/\/api.w.org\/{rel}","templated":true}]}}