{"id":1490,"date":"2023-09-27T08:34:22","date_gmt":"2023-09-27T08:34:22","guid":{"rendered":"https:\/\/plasticseurope.wpenginepowered.com\/pl\/?p=1490"},"modified":"2023-09-27T08:44:16","modified_gmt":"2023-09-27T08:44:16","slug":"zjednoczony-konkurencyjny-i-cyrkularny-taki-powinien-byc-przemysl-tworzyw-sztucznych-wedlug-uczestnikow-plastics-industry-meeting-2023","status":"publish","type":"post","link":"https:\/\/plasticseurope.org\/pl\/2023\/09\/27\/zjednoczony-konkurencyjny-i-cyrkularny-taki-powinien-byc-przemysl-tworzyw-sztucznych-wedlug-uczestnikow-plastics-industry-meeting-2023\/","title":{"rendered":"Zjednoczony, konkurencyjny i cyrkularny przemys\u0142 tworzyw sztucznych"},"content":{"rendered":"\n<p><strong>Podczas XVI edycji Plastics Industry Meeting, spotkania bran\u017cy tworzyw sztucznych, organizowanego co roku przez Fundacj\u0119 PlasticsEurope Polska i Polski Zwi\u0105zek Przetw\u00f3rc\u00f3w Tworzyw Sztucznych, eksperci z ca\u0142ego \u0142a\u0144cucha warto\u015bci ponownie dyskutowali o najwi\u0119kszych wyzwaniach i najbardziej po\u017c\u0105danych drogach rozwoju przemys\u0142u tworzyw sztucznych.<\/strong><\/p>\n\n\n\n<p>Konferencj\u0119 rozpocz\u0119\u0142o wyst\u0105pienie <strong>Jeremiego Mordasewicza (Konfederacja Lewiatan)<\/strong>, kt\u00f3ry wskaza\u0142, \u017ce kondycja polskiej gospodarki nie napawa optymizmem, co mo\u017ce oznacza\u0107 d\u0142ugotrwa\u0142\u0105 zmian\u0119 z trendu rozwojowego na stagnacyjny. Brak \u015brodk\u00f3w europejskich na inwestycje oraz wysoka inflacja mog\u0105 wyhamowa\u0107 rozw\u00f3j gospodarczy na kolejne dekady. O podsumowaniu ostatniego roku w bran\u017cy tworzyw sztucznych m\u00f3wili <strong>Tadeusz Nowicki (Grupa Ergis, prezes PZPTS)<\/strong> oraz <strong>Piotr Kwiecie\u0144 (SABIC, Fundacja PlasticsEurope Polska)<\/strong>. Wnioski w przypadku obu prezentacji by\u0142y podobne \u2013 rozw\u00f3j bran\u017cy w obecnej sytuacji stanowi wyzwanie i jest uzale\u017cniony mi\u0119dzy innymi od tego, w jakim kierunku b\u0119d\u0105 pod\u0105\u017ca\u0142y dzia\u0142ania legislacyjne, zar\u00f3wno w poszczeg\u00f3lnych krajach, jak i na poziomie unijnym i \u015bwiatowym.<\/p>\n\n\n\n<p><br>Podczas spotkania mia\u0142y miejsce r\u00f3wnie\u017c dwa panele dyskusyjne. Podczas pierwszego o rozwoju bran\u017cy w \u015bwietle globalnych wyzwa\u0144 dyskutowali <strong>Maria Andrzejewska \u2013 dyrektor generalna UNEP-GRID Warszawa, Katarzyna Bara\u0144ska \u2013 radczyni prawna w zakresie post\u0119powa\u0144 \u015brodowiskowych w Osborne Clarke, Virginia Janssens \u2013 dyrektor zarz\u0105dzaj\u0105ca Plastics Europe oraz Bernard Merkx \u2013 dyrektor zarz\u0105dzaj\u0105cy European Plastics Converters.<\/strong> Wiele uwagi po\u015bwi\u0119cono miejscu i roli tworzyw sztucznych w zr\u00f3wnowa\u017conej gospodarce. Podkre\u015blona zosta\u0142a potrzeba \u015bcis\u0142ej wsp\u00f3\u0142pracy pomi\u0119dzy uczestnikami \u0142a\u0144cucha warto\u015bci i wszystkimi interesariuszami, w tym konsumentami i organizacjami pozarz\u0105dowymi, niezb\u0119dna do zachowania konkurencyjno\u015bci europejskiego przemys\u0142u oraz sprostania coraz ambitniejszym celom \u015brodowiskowym. Virginia Janssens zwr\u00f3ci\u0142a uwag\u0119 na potrzeb\u0119 zapewnienia stymuluj\u0105cego otoczenia legislacyjnego, wspieraj\u0105cego osi\u0105gni\u0119cie zeroemisyjnych cel\u00f3w i wdra\u017canie s\u0142u\u017c\u0105cych temu rozwi\u0105za\u0144, w tym tych kluczowych dla osi\u0105gni\u0119cia wyznaczanych przez UE cel\u00f3w. Jako przyk\u0142ad poda\u0142a pal\u0105c\u0105 potrzeb\u0119 uznania w prawodawstwie metody bilansu masy w recyklingu chemicznym, kt\u00f3re by\u0142oby wa\u017cnym punktem zwrotnym w osi\u0105ganiu cyrkularnych cel\u00f3w bran\u017cy tworzyw sztucznych. Bernard Merx podkre\u015bli\u0142 z kolei, \u017ce rozw\u00f3j bran\u017cy tworzyw sztucznych niew\u0105tpliwie czeka wiele wyzwa\u0144, nie tylko w Europie, ale tak\u017ce w skali globalnej. Bo wdra\u017canie rozwi\u0105za\u0144 w nurcie gospodarki cyrkularnej, szybsze zawracanie obieg\u00f3w, zmiana modeli biznesowych i redukcja zanieczyszczenia to dopiero pocz\u0105tek tego, z czym przyjdzie mierzy\u0107 si\u0119 przetw\u00f3rcom tworzyw sztucznych. Panel zako\u0144czony zosta\u0142 podzielan\u0105 przez wszystkich uczestnik\u00f3w konkluzj\u0105, \u017ce \u201enie ma przysz\u0142o\u015bci bez tworzyw sztucznych\u201d.<\/p>\n\n\n\n<p><br>We wprowadzeniu do drugiej debaty <strong>Joanna Leoniewska-Gogola, liderka zespo\u0142u circular economy w Polsce i Europie \u015arodkowej w Deloitte<\/strong>, przedstawi\u0142a badawcze spojrzenie na problematyk\u0119 odpad\u00f3w opakowaniowych z tworzyw sztucznych, w tym na aspekt ca\u0142ego cyklu \u017cycia oraz zwi\u0105zanych z nim emisji. W odniesieniu do tego uczestnicy debaty moderowanej przez <strong>Magdalen\u0119 Dziczek ze Zwi\u0105zku Pracodawc\u00f3w Przemys\u0142u Opakowa\u0144 i Produkt\u00f3w w Opakowaniach EKO-PAK<\/strong> dyskutowali o sposobach optymalnego wykorzystania tworzyw w gospodarce obiegu zamkni\u0119tego. W debacie uczestniczyli: <strong>Katarzyna Grabarska \u2013 Menad\u017cerka ds. Opakowa\u0144 sieci Biedronka, Micha\u0142 \u0141ukawski \u2013 Account Manager w Dow, Mariusz Musia\u0142 \u2013 Dyrektor Zarz\u0105dzaj\u0105cy &#8222;ALPLA&#8221; Opakowania z Tworzyw Sztucznych Sp. z o.o., Anna Sapota \u2013 wiceprezes ds. public affairs dla Europy Wschodniej \u2013 P\u00f3\u0142noc w ramach Grupy TOMRA oraz Pawe\u0142 Sosnowski \u2013 Doradca Zarz\u0105du ds. Regulacji \u015arodowiskowych w Interzero Organizacja Odzysku Opakowa\u0144 S.A<\/strong>. Paneli\u015bci podkre\u015blali konieczno\u015b\u0107 \u015bcis\u0142ej wsp\u00f3\u0142pracy i brak mo\u017cliwo\u015bci wykluczenia kt\u00f3rejkolwiek grupy \u0142a\u0144cucha warto\u015bci z pracy nad doj\u015bciem do gospodarki cyrkularnej, w tym konsument\u00f3w, kt\u00f3rzy wci\u0105\u017c cz\u0119sto podejmuj\u0105 decyzje zakupowe kieruj\u0105c si\u0119 kryterium ekonomicznym. Zainteresowaniem cieszy\u0142 si\u0119 tak\u017ce temat technologii recyklingu chemicznego jako technologii komplementarnej wobec recyklingu mechanicznego, umo\u017cliwiaj\u0105cej przywr\u00f3cenie do obiegu strumieni odpad\u00f3w, kt\u00f3re obecnie s\u0105 sk\u0142adowane lub spalane. Jednocze\u015bnie zwracano uwag\u0119, \u017ce do cyrkularnej transformacji niezb\u0119dne jest podniesienie poziomu sortowania i dalszego recyklingu odpad\u00f3w, w tym odpad\u00f3w opakowaniowych.<\/p>\n\n\n\n<p><br>Warto podkre\u015bli\u0107, \u017ce po latach pandemicznych, gdy osobiste kontakty by\u0142y ograniczone, to ju\u017c druga (po zesz\u0142orocznej) edycja konferencji, w kt\u00f3rej uczestnicy dyskutowali osobi\u015bcie. Frekwencja dowodzi du\u017cego zainteresowania aktualn\u0105 sytuacj\u0105 bran\u017cy i potrzeby wsp\u00f3lnej debaty w \u0142a\u0144cuchu warto\u015bci \u2013 w spotkaniu uczestniczy\u0142o ponad 120 os\u00f3b. <strong>Partnerami tegorocznego wydarzenia by\u0142y firmy Basell Orlen Polyolefins, Dow oraz SABIC.<\/strong><\/p>\n\n\n\n<p><\/p>\n\n\n\n<figure class=\"wp-block-gallery has-nested-images columns-default is-cropped wp-block-gallery-1 is-layout-flex wp-block-gallery-is-layout-flex\">\n<figure class=\"wp-block-image size-large\"><img loading=\"lazy\" decoding=\"async\" width=\"1024\" height=\"683\" data-id=\"1505\" src=\"https:\/\/plasticseurope.org\/pl\/wp-content\/uploads\/sites\/7\/2023\/09\/230919_096-1024x683.jpg\" alt=\"\" class=\"wp-image-1505\" srcset=\"https:\/\/plasticseurope.org\/pl\/wp-content\/uploads\/sites\/7\/2023\/09\/230919_096-1024x683.jpg 1024w, https:\/\/plasticseurope.org\/pl\/wp-content\/uploads\/sites\/7\/2023\/09\/230919_096-300x200.jpg 300w, https:\/\/plasticseurope.org\/pl\/wp-content\/uploads\/sites\/7\/2023\/09\/230919_096-768x512.jpg 768w, https:\/\/plasticseurope.org\/pl\/wp-content\/uploads\/sites\/7\/2023\/09\/230919_096-1536x1024.jpg 1536w, https:\/\/plasticseurope.org\/pl\/wp-content\/uploads\/sites\/7\/2023\/09\/230919_096-2048x1365.jpg 2048w, https:\/\/plasticseurope.org\/pl\/wp-content\/uploads\/sites\/7\/2023\/09\/230919_096-1980x1320.jpg 1980w, https:\/\/plasticseurope.org\/pl\/wp-content\/uploads\/sites\/7\/2023\/09\/230919_096-1260x840.jpg 1260w\" sizes=\"auto, (max-width: 1024px) 100vw, 1024px\" \/><\/figure>\n\n\n\n<figure class=\"wp-block-image size-large\"><img loading=\"lazy\" decoding=\"async\" width=\"1024\" height=\"683\" data-id=\"1507\" src=\"https:\/\/plasticseurope.org\/pl\/wp-content\/uploads\/sites\/7\/2023\/09\/230919_100-1024x683.jpg\" alt=\"\" class=\"wp-image-1507\" srcset=\"https:\/\/plasticseurope.org\/pl\/wp-content\/uploads\/sites\/7\/2023\/09\/230919_100-1024x683.jpg 1024w, https:\/\/plasticseurope.org\/pl\/wp-content\/uploads\/sites\/7\/2023\/09\/230919_100-300x200.jpg 300w, https:\/\/plasticseurope.org\/pl\/wp-content\/uploads\/sites\/7\/2023\/09\/230919_100-768x512.jpg 768w, https:\/\/plasticseurope.org\/pl\/wp-content\/uploads\/sites\/7\/2023\/09\/230919_100-1536x1024.jpg 1536w, https:\/\/plasticseurope.org\/pl\/wp-content\/uploads\/sites\/7\/2023\/09\/230919_100-2048x1365.jpg 2048w, https:\/\/plasticseurope.org\/pl\/wp-content\/uploads\/sites\/7\/2023\/09\/230919_100-1980x1320.jpg 1980w, https:\/\/plasticseurope.org\/pl\/wp-content\/uploads\/sites\/7\/2023\/09\/230919_100-1260x840.jpg 1260w\" sizes=\"auto, (max-width: 1024px) 100vw, 1024px\" \/><\/figure>\n\n\n\n<figure class=\"wp-block-image size-large\"><img loading=\"lazy\" decoding=\"async\" width=\"1024\" height=\"683\" data-id=\"1530\" src=\"https:\/\/plasticseurope.org\/pl\/wp-content\/uploads\/sites\/7\/2023\/09\/230919_105-1024x683.jpg\" alt=\"\" class=\"wp-image-1530\" srcset=\"https:\/\/plasticseurope.org\/pl\/wp-content\/uploads\/sites\/7\/2023\/09\/230919_105-1024x683.jpg 1024w, https:\/\/plasticseurope.org\/pl\/wp-content\/uploads\/sites\/7\/2023\/09\/230919_105-300x200.jpg 300w, https:\/\/plasticseurope.org\/pl\/wp-content\/uploads\/sites\/7\/2023\/09\/230919_105-768x512.jpg 768w, https:\/\/plasticseurope.org\/pl\/wp-content\/uploads\/sites\/7\/2023\/09\/230919_105-1536x1024.jpg 1536w, https:\/\/plasticseurope.org\/pl\/wp-content\/uploads\/sites\/7\/2023\/09\/230919_105-2048x1365.jpg 2048w, https:\/\/plasticseurope.org\/pl\/wp-content\/uploads\/sites\/7\/2023\/09\/230919_105-1980x1320.jpg 1980w, https:\/\/plasticseurope.org\/pl\/wp-content\/uploads\/sites\/7\/2023\/09\/230919_105-1260x840.jpg 1260w\" sizes=\"auto, (max-width: 1024px) 100vw, 1024px\" \/><\/figure>\n\n\n\n<figure class=\"wp-block-image size-large\"><img loading=\"lazy\" decoding=\"async\" width=\"1024\" height=\"683\" data-id=\"1532\" src=\"https:\/\/plasticseurope.org\/pl\/wp-content\/uploads\/sites\/7\/2023\/09\/230919_113-1024x683.jpg\" alt=\"\" class=\"wp-image-1532\" srcset=\"https:\/\/plasticseurope.org\/pl\/wp-content\/uploads\/sites\/7\/2023\/09\/230919_113-1024x683.jpg 1024w, https:\/\/plasticseurope.org\/pl\/wp-content\/uploads\/sites\/7\/2023\/09\/230919_113-300x200.jpg 300w, https:\/\/plasticseurope.org\/pl\/wp-content\/uploads\/sites\/7\/2023\/09\/230919_113-768x512.jpg 768w, https:\/\/plasticseurope.org\/pl\/wp-content\/uploads\/sites\/7\/2023\/09\/230919_113-1536x1024.jpg 1536w, https:\/\/plasticseurope.org\/pl\/wp-content\/uploads\/sites\/7\/2023\/09\/230919_113-2048x1365.jpg 2048w, https:\/\/plasticseurope.org\/pl\/wp-content\/uploads\/sites\/7\/2023\/09\/230919_113-1980x1320.jpg 1980w, https:\/\/plasticseurope.org\/pl\/wp-content\/uploads\/sites\/7\/2023\/09\/230919_113-1260x840.jpg 1260w\" sizes=\"auto, (max-width: 1024px) 100vw, 1024px\" \/><\/figure>\n\n\n\n<figure class=\"wp-block-image size-large\"><img loading=\"lazy\" decoding=\"async\" width=\"1024\" height=\"683\" data-id=\"1509\" src=\"https:\/\/plasticseurope.org\/pl\/wp-content\/uploads\/sites\/7\/2023\/09\/230919_119-1024x683.jpg\" alt=\"\" class=\"wp-image-1509\" srcset=\"https:\/\/plasticseurope.org\/pl\/wp-content\/uploads\/sites\/7\/2023\/09\/230919_119-1024x683.jpg 1024w, https:\/\/plasticseurope.org\/pl\/wp-content\/uploads\/sites\/7\/2023\/09\/230919_119-300x200.jpg 300w, https:\/\/plasticseurope.org\/pl\/wp-content\/uploads\/sites\/7\/2023\/09\/230919_119-768x512.jpg 768w, https:\/\/plasticseurope.org\/pl\/wp-content\/uploads\/sites\/7\/2023\/09\/230919_119-1536x1024.jpg 1536w, https:\/\/plasticseurope.org\/pl\/wp-content\/uploads\/sites\/7\/2023\/09\/230919_119-2048x1365.jpg 2048w, https:\/\/plasticseurope.org\/pl\/wp-content\/uploads\/sites\/7\/2023\/09\/230919_119-1980x1320.jpg 1980w, https:\/\/plasticseurope.org\/pl\/wp-content\/uploads\/sites\/7\/2023\/09\/230919_119-1260x840.jpg 1260w\" sizes=\"auto, (max-width: 1024px) 100vw, 1024px\" \/><\/figure>\n\n\n\n<figure class=\"wp-block-image size-large\"><img loading=\"lazy\" decoding=\"async\" width=\"1024\" height=\"683\" data-id=\"1517\" src=\"https:\/\/plasticseurope.org\/pl\/wp-content\/uploads\/sites\/7\/2023\/09\/230919_137-1024x683.jpg\" alt=\"\" class=\"wp-image-1517\" srcset=\"https:\/\/plasticseurope.org\/pl\/wp-content\/uploads\/sites\/7\/2023\/09\/230919_137-1024x683.jpg 1024w, https:\/\/plasticseurope.org\/pl\/wp-content\/uploads\/sites\/7\/2023\/09\/230919_137-300x200.jpg 300w, https:\/\/plasticseurope.org\/pl\/wp-content\/uploads\/sites\/7\/2023\/09\/230919_137-768x512.jpg 768w, https:\/\/plasticseurope.org\/pl\/wp-content\/uploads\/sites\/7\/2023\/09\/230919_137-1536x1024.jpg 1536w, https:\/\/plasticseurope.org\/pl\/wp-content\/uploads\/sites\/7\/2023\/09\/230919_137-2048x1365.jpg 2048w, https:\/\/plasticseurope.org\/pl\/wp-content\/uploads\/sites\/7\/2023\/09\/230919_137-1980x1320.jpg 1980w, https:\/\/plasticseurope.org\/pl\/wp-content\/uploads\/sites\/7\/2023\/09\/230919_137-1260x840.jpg 1260w\" sizes=\"auto, (max-width: 1024px) 100vw, 1024px\" \/><\/figure>\n\n\n\n<figure class=\"wp-block-image size-large\"><img loading=\"lazy\" decoding=\"async\" width=\"1024\" height=\"683\" data-id=\"1504\" src=\"https:\/\/plasticseurope.org\/pl\/wp-content\/uploads\/sites\/7\/2023\/09\/230919_124-1024x683.jpg\" alt=\"\" class=\"wp-image-1504\" srcset=\"https:\/\/plasticseurope.org\/pl\/wp-content\/uploads\/sites\/7\/2023\/09\/230919_124-1024x683.jpg 1024w, https:\/\/plasticseurope.org\/pl\/wp-content\/uploads\/sites\/7\/2023\/09\/230919_124-300x200.jpg 300w, https:\/\/plasticseurope.org\/pl\/wp-content\/uploads\/sites\/7\/2023\/09\/230919_124-768x512.jpg 768w, https:\/\/plasticseurope.org\/pl\/wp-content\/uploads\/sites\/7\/2023\/09\/230919_124-1536x1024.jpg 1536w, https:\/\/plasticseurope.org\/pl\/wp-content\/uploads\/sites\/7\/2023\/09\/230919_124-2048x1365.jpg 2048w, https:\/\/plasticseurope.org\/pl\/wp-content\/uploads\/sites\/7\/2023\/09\/230919_124-1980x1320.jpg 1980w, https:\/\/plasticseurope.org\/pl\/wp-content\/uploads\/sites\/7\/2023\/09\/230919_124-1260x840.jpg 1260w\" sizes=\"auto, (max-width: 1024px) 100vw, 1024px\" \/><\/figure>\n\n\n\n<figure class=\"wp-block-image size-large\"><img loading=\"lazy\" decoding=\"async\" width=\"1024\" height=\"683\" data-id=\"1516\" src=\"https:\/\/plasticseurope.org\/pl\/wp-content\/uploads\/sites\/7\/2023\/09\/230919_170-1024x683.jpg\" alt=\"\" class=\"wp-image-1516\" srcset=\"https:\/\/plasticseurope.org\/pl\/wp-content\/uploads\/sites\/7\/2023\/09\/230919_170-1024x683.jpg 1024w, https:\/\/plasticseurope.org\/pl\/wp-content\/uploads\/sites\/7\/2023\/09\/230919_170-300x200.jpg 300w, https:\/\/plasticseurope.org\/pl\/wp-content\/uploads\/sites\/7\/2023\/09\/230919_170-768x512.jpg 768w, https:\/\/plasticseurope.org\/pl\/wp-content\/uploads\/sites\/7\/2023\/09\/230919_170-1536x1024.jpg 1536w, https:\/\/plasticseurope.org\/pl\/wp-content\/uploads\/sites\/7\/2023\/09\/230919_170-2048x1365.jpg 2048w, https:\/\/plasticseurope.org\/pl\/wp-content\/uploads\/sites\/7\/2023\/09\/230919_170-1980x1320.jpg 1980w, https:\/\/plasticseurope.org\/pl\/wp-content\/uploads\/sites\/7\/2023\/09\/230919_170-1260x840.jpg 1260w\" sizes=\"auto, (max-width: 1024px) 100vw, 1024px\" \/><\/figure>\n\n\n\n<figure class=\"wp-block-image size-large\"><img loading=\"lazy\" decoding=\"async\" width=\"1024\" height=\"683\" data-id=\"1539\" src=\"https:\/\/plasticseurope.org\/pl\/wp-content\/uploads\/sites\/7\/2023\/09\/230919_181-1024x683.jpg\" alt=\"\" class=\"wp-image-1539\" srcset=\"https:\/\/plasticseurope.org\/pl\/wp-content\/uploads\/sites\/7\/2023\/09\/230919_181-1024x683.jpg 1024w, https:\/\/plasticseurope.org\/pl\/wp-content\/uploads\/sites\/7\/2023\/09\/230919_181-300x200.jpg 300w, https:\/\/plasticseurope.org\/pl\/wp-content\/uploads\/sites\/7\/2023\/09\/230919_181-768x512.jpg 768w, https:\/\/plasticseurope.org\/pl\/wp-content\/uploads\/sites\/7\/2023\/09\/230919_181-1536x1024.jpg 1536w, https:\/\/plasticseurope.org\/pl\/wp-content\/uploads\/sites\/7\/2023\/09\/230919_181-2048x1365.jpg 2048w, https:\/\/plasticseurope.org\/pl\/wp-content\/uploads\/sites\/7\/2023\/09\/230919_181-1980x1320.jpg 1980w, https:\/\/plasticseurope.org\/pl\/wp-content\/uploads\/sites\/7\/2023\/09\/230919_181-1260x840.jpg 1260w\" sizes=\"auto, (max-width: 1024px) 100vw, 1024px\" \/><\/figure>\n\n\n\n<figure class=\"wp-block-image size-large\"><img loading=\"lazy\" decoding=\"async\" width=\"1024\" height=\"683\" data-id=\"1527\" src=\"https:\/\/plasticseurope.org\/pl\/wp-content\/uploads\/sites\/7\/2023\/09\/230919_203-1024x683.jpg\" alt=\"\" class=\"wp-image-1527\" srcset=\"https:\/\/plasticseurope.org\/pl\/wp-content\/uploads\/sites\/7\/2023\/09\/230919_203-1024x683.jpg 1024w, https:\/\/plasticseurope.org\/pl\/wp-content\/uploads\/sites\/7\/2023\/09\/230919_203-300x200.jpg 300w, https:\/\/plasticseurope.org\/pl\/wp-content\/uploads\/sites\/7\/2023\/09\/230919_203-768x512.jpg 768w, https:\/\/plasticseurope.org\/pl\/wp-content\/uploads\/sites\/7\/2023\/09\/230919_203-1536x1024.jpg 1536w, https:\/\/plasticseurope.org\/pl\/wp-content\/uploads\/sites\/7\/2023\/09\/230919_203-2048x1365.jpg 2048w, https:\/\/plasticseurope.org\/pl\/wp-content\/uploads\/sites\/7\/2023\/09\/230919_203-1980x1320.jpg 1980w, https:\/\/plasticseurope.org\/pl\/wp-content\/uploads\/sites\/7\/2023\/09\/230919_203-1260x840.jpg 1260w\" sizes=\"auto, (max-width: 1024px) 100vw, 1024px\" \/><\/figure>\n\n\n\n<figure class=\"wp-block-image size-large\"><img loading=\"lazy\" decoding=\"async\" width=\"1024\" height=\"683\" data-id=\"1541\" src=\"https:\/\/plasticseurope.org\/pl\/wp-content\/uploads\/sites\/7\/2023\/09\/230919_207-1024x683.jpg\" alt=\"\" class=\"wp-image-1541\" srcset=\"https:\/\/plasticseurope.org\/pl\/wp-content\/uploads\/sites\/7\/2023\/09\/230919_207-1024x683.jpg 1024w, https:\/\/plasticseurope.org\/pl\/wp-content\/uploads\/sites\/7\/2023\/09\/230919_207-300x200.jpg 300w, https:\/\/plasticseurope.org\/pl\/wp-content\/uploads\/sites\/7\/2023\/09\/230919_207-768x512.jpg 768w, https:\/\/plasticseurope.org\/pl\/wp-content\/uploads\/sites\/7\/2023\/09\/230919_207-1536x1024.jpg 1536w, https:\/\/plasticseurope.org\/pl\/wp-content\/uploads\/sites\/7\/2023\/09\/230919_207-2048x1365.jpg 2048w, https:\/\/plasticseurope.org\/pl\/wp-content\/uploads\/sites\/7\/2023\/09\/230919_207-1980x1320.jpg 1980w, https:\/\/plasticseurope.org\/pl\/wp-content\/uploads\/sites\/7\/2023\/09\/230919_207-1260x840.jpg 1260w\" sizes=\"auto, (max-width: 1024px) 100vw, 1024px\" \/><\/figure>\n\n\n\n<figure class=\"wp-block-image size-large\"><img loading=\"lazy\" decoding=\"async\" width=\"1024\" height=\"683\" data-id=\"1537\" src=\"https:\/\/plasticseurope.org\/pl\/wp-content\/uploads\/sites\/7\/2023\/09\/230919_208-1024x683.jpg\" alt=\"\" class=\"wp-image-1537\" srcset=\"https:\/\/plasticseurope.org\/pl\/wp-content\/uploads\/sites\/7\/2023\/09\/230919_208-1024x683.jpg 1024w, https:\/\/plasticseurope.org\/pl\/wp-content\/uploads\/sites\/7\/2023\/09\/230919_208-300x200.jpg 300w, https:\/\/plasticseurope.org\/pl\/wp-content\/uploads\/sites\/7\/2023\/09\/230919_208-768x512.jpg 768w, https:\/\/plasticseurope.org\/pl\/wp-content\/uploads\/sites\/7\/2023\/09\/230919_208-1536x1024.jpg 1536w, https:\/\/plasticseurope.org\/pl\/wp-content\/uploads\/sites\/7\/2023\/09\/230919_208-2048x1365.jpg 2048w, https:\/\/plasticseurope.org\/pl\/wp-content\/uploads\/sites\/7\/2023\/09\/230919_208-1980x1320.jpg 1980w, https:\/\/plasticseurope.org\/pl\/wp-content\/uploads\/sites\/7\/2023\/09\/230919_208-1260x840.jpg 1260w\" sizes=\"auto, (max-width: 1024px) 100vw, 1024px\" \/><\/figure>\n\n\n\n<figure class=\"wp-block-image size-large\"><img loading=\"lazy\" decoding=\"async\" width=\"1024\" height=\"683\" data-id=\"1533\" src=\"https:\/\/plasticseurope.org\/pl\/wp-content\/uploads\/sites\/7\/2023\/09\/230919_211-1024x683.jpg\" alt=\"\" class=\"wp-image-1533\" srcset=\"https:\/\/plasticseurope.org\/pl\/wp-content\/uploads\/sites\/7\/2023\/09\/230919_211-1024x683.jpg 1024w, https:\/\/plasticseurope.org\/pl\/wp-content\/uploads\/sites\/7\/2023\/09\/230919_211-300x200.jpg 300w, https:\/\/plasticseurope.org\/pl\/wp-content\/uploads\/sites\/7\/2023\/09\/230919_211-768x512.jpg 768w, https:\/\/plasticseurope.org\/pl\/wp-content\/uploads\/sites\/7\/2023\/09\/230919_211-1536x1024.jpg 1536w, https:\/\/plasticseurope.org\/pl\/wp-content\/uploads\/sites\/7\/2023\/09\/230919_211-2048x1365.jpg 2048w, https:\/\/plasticseurope.org\/pl\/wp-content\/uploads\/sites\/7\/2023\/09\/230919_211-1980x1320.jpg 1980w, https:\/\/plasticseurope.org\/pl\/wp-content\/uploads\/sites\/7\/2023\/09\/230919_211-1260x840.jpg 1260w\" sizes=\"auto, (max-width: 1024px) 100vw, 1024px\" \/><\/figure>\n\n\n\n<figure class=\"wp-block-image size-large\"><img loading=\"lazy\" decoding=\"async\" width=\"1024\" height=\"683\" data-id=\"1531\" src=\"https:\/\/plasticseurope.org\/pl\/wp-content\/uploads\/sites\/7\/2023\/09\/230919_214-1024x683.jpg\" alt=\"\" class=\"wp-image-1531\" srcset=\"https:\/\/plasticseurope.org\/pl\/wp-content\/uploads\/sites\/7\/2023\/09\/230919_214-1024x683.jpg 1024w, https:\/\/plasticseurope.org\/pl\/wp-content\/uploads\/sites\/7\/2023\/09\/230919_214-300x200.jpg 300w, https:\/\/plasticseurope.org\/pl\/wp-content\/uploads\/sites\/7\/2023\/09\/230919_214-768x512.jpg 768w, https:\/\/plasticseurope.org\/pl\/wp-content\/uploads\/sites\/7\/2023\/09\/230919_214-1536x1024.jpg 1536w, https:\/\/plasticseurope.org\/pl\/wp-content\/uploads\/sites\/7\/2023\/09\/230919_214-2048x1365.jpg 2048w, https:\/\/plasticseurope.org\/pl\/wp-content\/uploads\/sites\/7\/2023\/09\/230919_214-1980x1320.jpg 1980w, https:\/\/plasticseurope.org\/pl\/wp-content\/uploads\/sites\/7\/2023\/09\/230919_214-1260x840.jpg 1260w\" sizes=\"auto, (max-width: 1024px) 100vw, 1024px\" \/><\/figure>\n\n\n\n<figure class=\"wp-block-image size-large\"><img loading=\"lazy\" decoding=\"async\" width=\"1024\" height=\"683\" data-id=\"1524\" src=\"https:\/\/plasticseurope.org\/pl\/wp-content\/uploads\/sites\/7\/2023\/09\/230919_228-1024x683.jpg\" alt=\"\" class=\"wp-image-1524\" srcset=\"https:\/\/plasticseurope.org\/pl\/wp-content\/uploads\/sites\/7\/2023\/09\/230919_228-1024x683.jpg 1024w, https:\/\/plasticseurope.org\/pl\/wp-content\/uploads\/sites\/7\/2023\/09\/230919_228-300x200.jpg 300w, https:\/\/plasticseurope.org\/pl\/wp-content\/uploads\/sites\/7\/2023\/09\/230919_228-768x512.jpg 768w, https:\/\/plasticseurope.org\/pl\/wp-content\/uploads\/sites\/7\/2023\/09\/230919_228-1536x1024.jpg 1536w, https:\/\/plasticseurope.org\/pl\/wp-content\/uploads\/sites\/7\/2023\/09\/230919_228-2048x1365.jpg 2048w, https:\/\/plasticseurope.org\/pl\/wp-content\/uploads\/sites\/7\/2023\/09\/230919_228-1980x1320.jpg 1980w, https:\/\/plasticseurope.org\/pl\/wp-content\/uploads\/sites\/7\/2023\/09\/230919_228-1260x840.jpg 1260w\" sizes=\"auto, (max-width: 1024px) 100vw, 1024px\" \/><\/figure>\n\n\n\n<figure class=\"wp-block-image size-large\"><img loading=\"lazy\" decoding=\"async\" width=\"1024\" height=\"683\" data-id=\"1529\" src=\"https:\/\/plasticseurope.org\/pl\/wp-content\/uploads\/sites\/7\/2023\/09\/230919_232-1024x683.jpg\" alt=\"\" class=\"wp-image-1529\" srcset=\"https:\/\/plasticseurope.org\/pl\/wp-content\/uploads\/sites\/7\/2023\/09\/230919_232-1024x683.jpg 1024w, https:\/\/plasticseurope.org\/pl\/wp-content\/uploads\/sites\/7\/2023\/09\/230919_232-300x200.jpg 300w, https:\/\/plasticseurope.org\/pl\/wp-content\/uploads\/sites\/7\/2023\/09\/230919_232-768x512.jpg 768w, https:\/\/plasticseurope.org\/pl\/wp-content\/uploads\/sites\/7\/2023\/09\/230919_232-1536x1024.jpg 1536w, https:\/\/plasticseurope.org\/pl\/wp-content\/uploads\/sites\/7\/2023\/09\/230919_232-2048x1365.jpg 2048w, https:\/\/plasticseurope.org\/pl\/wp-content\/uploads\/sites\/7\/2023\/09\/230919_232-1980x1320.jpg 1980w, https:\/\/plasticseurope.org\/pl\/wp-content\/uploads\/sites\/7\/2023\/09\/230919_232-1260x840.jpg 1260w\" sizes=\"auto, (max-width: 1024px) 100vw, 1024px\" \/><\/figure>\n\n\n\n<figure class=\"wp-block-image size-large\"><img loading=\"lazy\" decoding=\"async\" width=\"1024\" height=\"683\" data-id=\"1538\" src=\"https:\/\/plasticseurope.org\/pl\/wp-content\/uploads\/sites\/7\/2023\/09\/230919_240-1024x683.jpg\" alt=\"\" class=\"wp-image-1538\" srcset=\"https:\/\/plasticseurope.org\/pl\/wp-content\/uploads\/sites\/7\/2023\/09\/230919_240-1024x683.jpg 1024w, https:\/\/plasticseurope.org\/pl\/wp-content\/uploads\/sites\/7\/2023\/09\/230919_240-300x200.jpg 300w, https:\/\/plasticseurope.org\/pl\/wp-content\/uploads\/sites\/7\/2023\/09\/230919_240-768x512.jpg 768w, https:\/\/plasticseurope.org\/pl\/wp-content\/uploads\/sites\/7\/2023\/09\/230919_240-1536x1024.jpg 1536w, https:\/\/plasticseurope.org\/pl\/wp-content\/uploads\/sites\/7\/2023\/09\/230919_240-2048x1365.jpg 2048w, https:\/\/plasticseurope.org\/pl\/wp-content\/uploads\/sites\/7\/2023\/09\/230919_240-1980x1320.jpg 1980w, https:\/\/plasticseurope.org\/pl\/wp-content\/uploads\/sites\/7\/2023\/09\/230919_240-1260x840.jpg 1260w\" sizes=\"auto, (max-width: 1024px) 100vw, 1024px\" \/><\/figure>\n\n\n\n<figure class=\"wp-block-image size-large\"><img loading=\"lazy\" decoding=\"async\" width=\"1024\" height=\"683\" data-id=\"1519\" src=\"https:\/\/plasticseurope.org\/pl\/wp-content\/uploads\/sites\/7\/2023\/09\/230919_244-1024x683.jpg\" alt=\"\" class=\"wp-image-1519\" srcset=\"https:\/\/plasticseurope.org\/pl\/wp-content\/uploads\/sites\/7\/2023\/09\/230919_244-1024x683.jpg 1024w, https:\/\/plasticseurope.org\/pl\/wp-content\/uploads\/sites\/7\/2023\/09\/230919_244-300x200.jpg 300w, https:\/\/plasticseurope.org\/pl\/wp-content\/uploads\/sites\/7\/2023\/09\/230919_244-768x512.jpg 768w, https:\/\/plasticseurope.org\/pl\/wp-content\/uploads\/sites\/7\/2023\/09\/230919_244-1536x1024.jpg 1536w, https:\/\/plasticseurope.org\/pl\/wp-content\/uploads\/sites\/7\/2023\/09\/230919_244-2048x1365.jpg 2048w, https:\/\/plasticseurope.org\/pl\/wp-content\/uploads\/sites\/7\/2023\/09\/230919_244-1980x1320.jpg 1980w, https:\/\/plasticseurope.org\/pl\/wp-content\/uploads\/sites\/7\/2023\/09\/230919_244-1260x840.jpg 1260w\" sizes=\"auto, (max-width: 1024px) 100vw, 1024px\" \/><\/figure>\n\n\n\n<figure class=\"wp-block-image size-large\"><img loading=\"lazy\" decoding=\"async\" width=\"1024\" height=\"683\" data-id=\"1515\" src=\"https:\/\/plasticseurope.org\/pl\/wp-content\/uploads\/sites\/7\/2023\/09\/230919_245-1024x683.jpg\" alt=\"\" class=\"wp-image-1515\" srcset=\"https:\/\/plasticseurope.org\/pl\/wp-content\/uploads\/sites\/7\/2023\/09\/230919_245-1024x683.jpg 1024w, https:\/\/plasticseurope.org\/pl\/wp-content\/uploads\/sites\/7\/2023\/09\/230919_245-300x200.jpg 300w, https:\/\/plasticseurope.org\/pl\/wp-content\/uploads\/sites\/7\/2023\/09\/230919_245-768x512.jpg 768w, https:\/\/plasticseurope.org\/pl\/wp-content\/uploads\/sites\/7\/2023\/09\/230919_245-1536x1024.jpg 1536w, https:\/\/plasticseurope.org\/pl\/wp-content\/uploads\/sites\/7\/2023\/09\/230919_245-2048x1365.jpg 2048w, https:\/\/plasticseurope.org\/pl\/wp-content\/uploads\/sites\/7\/2023\/09\/230919_245-1980x1320.jpg 1980w, https:\/\/plasticseurope.org\/pl\/wp-content\/uploads\/sites\/7\/2023\/09\/230919_245-1260x840.jpg 1260w\" sizes=\"auto, (max-width: 1024px) 100vw, 1024px\" \/><\/figure>\n\n\n\n<figure class=\"wp-block-image size-large\"><img loading=\"lazy\" decoding=\"async\" width=\"1024\" height=\"683\" data-id=\"1514\" src=\"https:\/\/plasticseurope.org\/pl\/wp-content\/uploads\/sites\/7\/2023\/09\/230919_246-1024x683.jpg\" alt=\"\" class=\"wp-image-1514\" srcset=\"https:\/\/plasticseurope.org\/pl\/wp-content\/uploads\/sites\/7\/2023\/09\/230919_246-1024x683.jpg 1024w, https:\/\/plasticseurope.org\/pl\/wp-content\/uploads\/sites\/7\/2023\/09\/230919_246-300x200.jpg 300w, https:\/\/plasticseurope.org\/pl\/wp-content\/uploads\/sites\/7\/2023\/09\/230919_246-768x512.jpg 768w, https:\/\/plasticseurope.org\/pl\/wp-content\/uploads\/sites\/7\/2023\/09\/230919_246-1536x1024.jpg 1536w, https:\/\/plasticseurope.org\/pl\/wp-content\/uploads\/sites\/7\/2023\/09\/230919_246-2048x1365.jpg 2048w, https:\/\/plasticseurope.org\/pl\/wp-content\/uploads\/sites\/7\/2023\/09\/230919_246-1980x1320.jpg 1980w, https:\/\/plasticseurope.org\/pl\/wp-content\/uploads\/sites\/7\/2023\/09\/230919_246-1260x840.jpg 1260w\" sizes=\"auto, (max-width: 1024px) 100vw, 1024px\" \/><\/figure>\n\n\n\n<figure class=\"wp-block-image size-large\"><img loading=\"lazy\" decoding=\"async\" width=\"1024\" height=\"683\" data-id=\"1506\" src=\"https:\/\/plasticseurope.org\/pl\/wp-content\/uploads\/sites\/7\/2023\/09\/230919_247-1024x683.jpg\" alt=\"\" class=\"wp-image-1506\" srcset=\"https:\/\/plasticseurope.org\/pl\/wp-content\/uploads\/sites\/7\/2023\/09\/230919_247-1024x683.jpg 1024w, https:\/\/plasticseurope.org\/pl\/wp-content\/uploads\/sites\/7\/2023\/09\/230919_247-300x200.jpg 300w, https:\/\/plasticseurope.org\/pl\/wp-content\/uploads\/sites\/7\/2023\/09\/230919_247-768x512.jpg 768w, https:\/\/plasticseurope.org\/pl\/wp-content\/uploads\/sites\/7\/2023\/09\/230919_247-1536x1024.jpg 1536w, https:\/\/plasticseurope.org\/pl\/wp-content\/uploads\/sites\/7\/2023\/09\/230919_247-2048x1365.jpg 2048w, https:\/\/plasticseurope.org\/pl\/wp-content\/uploads\/sites\/7\/2023\/09\/230919_247-1980x1320.jpg 1980w, https:\/\/plasticseurope.org\/pl\/wp-content\/uploads\/sites\/7\/2023\/09\/230919_247-1260x840.jpg 1260w\" sizes=\"auto, (max-width: 1024px) 100vw, 1024px\" \/><\/figure>\n\n\n\n<figure class=\"wp-block-image size-large\"><img loading=\"lazy\" decoding=\"async\" width=\"1024\" height=\"683\" data-id=\"1522\" src=\"https:\/\/plasticseurope.org\/pl\/wp-content\/uploads\/sites\/7\/2023\/09\/230919_250-1024x683.jpg\" alt=\"\" class=\"wp-image-1522\" srcset=\"https:\/\/plasticseurope.org\/pl\/wp-content\/uploads\/sites\/7\/2023\/09\/230919_250-1024x683.jpg 1024w, https:\/\/plasticseurope.org\/pl\/wp-content\/uploads\/sites\/7\/2023\/09\/230919_250-300x200.jpg 300w, https:\/\/plasticseurope.org\/pl\/wp-content\/uploads\/sites\/7\/2023\/09\/230919_250-768x512.jpg 768w, https:\/\/plasticseurope.org\/pl\/wp-content\/uploads\/sites\/7\/2023\/09\/230919_250-1536x1024.jpg 1536w, https:\/\/plasticseurope.org\/pl\/wp-content\/uploads\/sites\/7\/2023\/09\/230919_250-2048x1365.jpg 2048w, https:\/\/plasticseurope.org\/pl\/wp-content\/uploads\/sites\/7\/2023\/09\/230919_250-1980x1320.jpg 1980w, https:\/\/plasticseurope.org\/pl\/wp-content\/uploads\/sites\/7\/2023\/09\/230919_250-1260x840.jpg 1260w\" sizes=\"auto, (max-width: 1024px) 100vw, 1024px\" \/><\/figure>\n\n\n\n<figure class=\"wp-block-image size-large\"><img loading=\"lazy\" decoding=\"async\" width=\"1024\" height=\"683\" data-id=\"1540\" src=\"https:\/\/plasticseurope.org\/pl\/wp-content\/uploads\/sites\/7\/2023\/09\/230919_251-1024x683.jpg\" alt=\"\" class=\"wp-image-1540\" srcset=\"https:\/\/plasticseurope.org\/pl\/wp-content\/uploads\/sites\/7\/2023\/09\/230919_251-1024x683.jpg 1024w, https:\/\/plasticseurope.org\/pl\/wp-content\/uploads\/sites\/7\/2023\/09\/230919_251-300x200.jpg 300w, https:\/\/plasticseurope.org\/pl\/wp-content\/uploads\/sites\/7\/2023\/09\/230919_251-768x512.jpg 768w, https:\/\/plasticseurope.org\/pl\/wp-content\/uploads\/sites\/7\/2023\/09\/230919_251-1536x1024.jpg 1536w, https:\/\/plasticseurope.org\/pl\/wp-content\/uploads\/sites\/7\/2023\/09\/230919_251-2048x1365.jpg 2048w, https:\/\/plasticseurope.org\/pl\/wp-content\/uploads\/sites\/7\/2023\/09\/230919_251-1980x1320.jpg 1980w, https:\/\/plasticseurope.org\/pl\/wp-content\/uploads\/sites\/7\/2023\/09\/230919_251-1260x840.jpg 1260w\" sizes=\"auto, (max-width: 1024px) 100vw, 1024px\" \/><\/figure>\n\n\n\n<figure class=\"wp-block-image size-large\"><img loading=\"lazy\" decoding=\"async\" width=\"1024\" height=\"683\" data-id=\"1536\" src=\"https:\/\/plasticseurope.org\/pl\/wp-content\/uploads\/sites\/7\/2023\/09\/230919_252-1024x683.jpg\" alt=\"\" class=\"wp-image-1536\" srcset=\"https:\/\/plasticseurope.org\/pl\/wp-content\/uploads\/sites\/7\/2023\/09\/230919_252-1024x683.jpg 1024w, https:\/\/plasticseurope.org\/pl\/wp-content\/uploads\/sites\/7\/2023\/09\/230919_252-300x200.jpg 300w, https:\/\/plasticseurope.org\/pl\/wp-content\/uploads\/sites\/7\/2023\/09\/230919_252-768x512.jpg 768w, https:\/\/plasticseurope.org\/pl\/wp-content\/uploads\/sites\/7\/2023\/09\/230919_252-1536x1024.jpg 1536w, https:\/\/plasticseurope.org\/pl\/wp-content\/uploads\/sites\/7\/2023\/09\/230919_252-2048x1365.jpg 2048w, https:\/\/plasticseurope.org\/pl\/wp-content\/uploads\/sites\/7\/2023\/09\/230919_252-1980x1320.jpg 1980w, https:\/\/plasticseurope.org\/pl\/wp-content\/uploads\/sites\/7\/2023\/09\/230919_252-1260x840.jpg 1260w\" sizes=\"auto, (max-width: 1024px) 100vw, 1024px\" \/><\/figure>\n\n\n\n<figure class=\"wp-block-image size-large\"><img loading=\"lazy\" decoding=\"async\" width=\"1024\" height=\"683\" data-id=\"1510\" src=\"https:\/\/plasticseurope.org\/pl\/wp-content\/uploads\/sites\/7\/2023\/09\/230919_253-1024x683.jpg\" alt=\"\" class=\"wp-image-1510\" srcset=\"https:\/\/plasticseurope.org\/pl\/wp-content\/uploads\/sites\/7\/2023\/09\/230919_253-1024x683.jpg 1024w, https:\/\/plasticseurope.org\/pl\/wp-content\/uploads\/sites\/7\/2023\/09\/230919_253-300x200.jpg 300w, https:\/\/plasticseurope.org\/pl\/wp-content\/uploads\/sites\/7\/2023\/09\/230919_253-768x512.jpg 768w, https:\/\/plasticseurope.org\/pl\/wp-content\/uploads\/sites\/7\/2023\/09\/230919_253-1536x1024.jpg 1536w, https:\/\/plasticseurope.org\/pl\/wp-content\/uploads\/sites\/7\/2023\/09\/230919_253-2048x1365.jpg 2048w, https:\/\/plasticseurope.org\/pl\/wp-content\/uploads\/sites\/7\/2023\/09\/230919_253-1980x1320.jpg 1980w, https:\/\/plasticseurope.org\/pl\/wp-content\/uploads\/sites\/7\/2023\/09\/230919_253-1260x840.jpg 1260w\" sizes=\"auto, (max-width: 1024px) 100vw, 1024px\" \/><\/figure>\n\n\n\n<figure class=\"wp-block-image size-large\"><img loading=\"lazy\" decoding=\"async\" width=\"1024\" height=\"683\" data-id=\"1513\" src=\"https:\/\/plasticseurope.org\/pl\/wp-content\/uploads\/sites\/7\/2023\/09\/230919_254-1024x683.jpg\" alt=\"\" class=\"wp-image-1513\" srcset=\"https:\/\/plasticseurope.org\/pl\/wp-content\/uploads\/sites\/7\/2023\/09\/230919_254-1024x683.jpg 1024w, https:\/\/plasticseurope.org\/pl\/wp-content\/uploads\/sites\/7\/2023\/09\/230919_254-300x200.jpg 300w, https:\/\/plasticseurope.org\/pl\/wp-content\/uploads\/sites\/7\/2023\/09\/230919_254-768x512.jpg 768w, https:\/\/plasticseurope.org\/pl\/wp-content\/uploads\/sites\/7\/2023\/09\/230919_254-1536x1024.jpg 1536w, https:\/\/plasticseurope.org\/pl\/wp-content\/uploads\/sites\/7\/2023\/09\/230919_254-2048x1365.jpg 2048w, https:\/\/plasticseurope.org\/pl\/wp-content\/uploads\/sites\/7\/2023\/09\/230919_254-1980x1320.jpg 1980w, https:\/\/plasticseurope.org\/pl\/wp-content\/uploads\/sites\/7\/2023\/09\/230919_254-1260x840.jpg 1260w\" sizes=\"auto, (max-width: 1024px) 100vw, 1024px\" \/><\/figure>\n\n\n\n<figure class=\"wp-block-image size-large\"><img loading=\"lazy\" decoding=\"async\" width=\"1024\" height=\"683\" data-id=\"1535\" src=\"https:\/\/plasticseurope.org\/pl\/wp-content\/uploads\/sites\/7\/2023\/09\/230919_262-1024x683.jpg\" alt=\"\" class=\"wp-image-1535\" srcset=\"https:\/\/plasticseurope.org\/pl\/wp-content\/uploads\/sites\/7\/2023\/09\/230919_262-1024x683.jpg 1024w, https:\/\/plasticseurope.org\/pl\/wp-content\/uploads\/sites\/7\/2023\/09\/230919_262-300x200.jpg 300w, https:\/\/plasticseurope.org\/pl\/wp-content\/uploads\/sites\/7\/2023\/09\/230919_262-768x512.jpg 768w, https:\/\/plasticseurope.org\/pl\/wp-content\/uploads\/sites\/7\/2023\/09\/230919_262-1536x1024.jpg 1536w, https:\/\/plasticseurope.org\/pl\/wp-content\/uploads\/sites\/7\/2023\/09\/230919_262-2048x1365.jpg 2048w, https:\/\/plasticseurope.org\/pl\/wp-content\/uploads\/sites\/7\/2023\/09\/230919_262-1980x1320.jpg 1980w, https:\/\/plasticseurope.org\/pl\/wp-content\/uploads\/sites\/7\/2023\/09\/230919_262-1260x840.jpg 1260w\" sizes=\"auto, (max-width: 1024px) 100vw, 1024px\" \/><\/figure>\n\n\n\n<figure class=\"wp-block-image size-large\"><img loading=\"lazy\" decoding=\"async\" width=\"1024\" height=\"683\" data-id=\"1511\" src=\"https:\/\/plasticseurope.org\/pl\/wp-content\/uploads\/sites\/7\/2023\/09\/230919_023-1024x683.jpg\" alt=\"\" class=\"wp-image-1511\" srcset=\"https:\/\/plasticseurope.org\/pl\/wp-content\/uploads\/sites\/7\/2023\/09\/230919_023-1024x683.jpg 1024w, https:\/\/plasticseurope.org\/pl\/wp-content\/uploads\/sites\/7\/2023\/09\/230919_023-300x200.jpg 300w, https:\/\/plasticseurope.org\/pl\/wp-content\/uploads\/sites\/7\/2023\/09\/230919_023-768x512.jpg 768w, https:\/\/plasticseurope.org\/pl\/wp-content\/uploads\/sites\/7\/2023\/09\/230919_023-1536x1024.jpg 1536w, https:\/\/plasticseurope.org\/pl\/wp-content\/uploads\/sites\/7\/2023\/09\/230919_023-2048x1365.jpg 2048w, https:\/\/plasticseurope.org\/pl\/wp-content\/uploads\/sites\/7\/2023\/09\/230919_023-1980x1320.jpg 1980w, https:\/\/plasticseurope.org\/pl\/wp-content\/uploads\/sites\/7\/2023\/09\/230919_023-1260x840.jpg 1260w\" sizes=\"auto, (max-width: 1024px) 100vw, 1024px\" \/><\/figure>\n\n\n\n<figure class=\"wp-block-image size-large\"><img loading=\"lazy\" decoding=\"async\" width=\"1024\" height=\"683\" data-id=\"1520\" src=\"https:\/\/plasticseurope.org\/pl\/wp-content\/uploads\/sites\/7\/2023\/09\/230919_293-1024x683.jpg\" alt=\"\" class=\"wp-image-1520\" srcset=\"https:\/\/plasticseurope.org\/pl\/wp-content\/uploads\/sites\/7\/2023\/09\/230919_293-1024x683.jpg 1024w, https:\/\/plasticseurope.org\/pl\/wp-content\/uploads\/sites\/7\/2023\/09\/230919_293-300x200.jpg 300w, https:\/\/plasticseurope.org\/pl\/wp-content\/uploads\/sites\/7\/2023\/09\/230919_293-768x512.jpg 768w, https:\/\/plasticseurope.org\/pl\/wp-content\/uploads\/sites\/7\/2023\/09\/230919_293-1536x1024.jpg 1536w, https:\/\/plasticseurope.org\/pl\/wp-content\/uploads\/sites\/7\/2023\/09\/230919_293-2048x1365.jpg 2048w, https:\/\/plasticseurope.org\/pl\/wp-content\/uploads\/sites\/7\/2023\/09\/230919_293-1980x1320.jpg 1980w, https:\/\/plasticseurope.org\/pl\/wp-content\/uploads\/sites\/7\/2023\/09\/230919_293-1260x840.jpg 1260w\" sizes=\"auto, (max-width: 1024px) 100vw, 1024px\" \/><\/figure>\n\n\n\n<figure class=\"wp-block-image size-large\"><img loading=\"lazy\" decoding=\"async\" width=\"1024\" height=\"683\" data-id=\"1518\" src=\"https:\/\/plasticseurope.org\/pl\/wp-content\/uploads\/sites\/7\/2023\/09\/230919_299-1024x683.jpg\" alt=\"\" class=\"wp-image-1518\" srcset=\"https:\/\/plasticseurope.org\/pl\/wp-content\/uploads\/sites\/7\/2023\/09\/230919_299-1024x683.jpg 1024w, https:\/\/plasticseurope.org\/pl\/wp-content\/uploads\/sites\/7\/2023\/09\/230919_299-300x200.jpg 300w, https:\/\/plasticseurope.org\/pl\/wp-content\/uploads\/sites\/7\/2023\/09\/230919_299-768x512.jpg 768w, https:\/\/plasticseurope.org\/pl\/wp-content\/uploads\/sites\/7\/2023\/09\/230919_299-1536x1024.jpg 1536w, https:\/\/plasticseurope.org\/pl\/wp-content\/uploads\/sites\/7\/2023\/09\/230919_299-2048x1365.jpg 2048w, https:\/\/plasticseurope.org\/pl\/wp-content\/uploads\/sites\/7\/2023\/09\/230919_299-1980x1320.jpg 1980w, https:\/\/plasticseurope.org\/pl\/wp-content\/uploads\/sites\/7\/2023\/09\/230919_299-1260x840.jpg 1260w\" sizes=\"auto, (max-width: 1024px) 100vw, 1024px\" \/><\/figure>\n\n\n\n<figure class=\"wp-block-image size-large\"><img loading=\"lazy\" decoding=\"async\" width=\"1024\" height=\"683\" data-id=\"1512\" src=\"https:\/\/plasticseurope.org\/pl\/wp-content\/uploads\/sites\/7\/2023\/09\/230919_312-1024x683.jpg\" alt=\"\" class=\"wp-image-1512\" srcset=\"https:\/\/plasticseurope.org\/pl\/wp-content\/uploads\/sites\/7\/2023\/09\/230919_312-1024x683.jpg 1024w, https:\/\/plasticseurope.org\/pl\/wp-content\/uploads\/sites\/7\/2023\/09\/230919_312-300x200.jpg 300w, https:\/\/plasticseurope.org\/pl\/wp-content\/uploads\/sites\/7\/2023\/09\/230919_312-768x512.jpg 768w, https:\/\/plasticseurope.org\/pl\/wp-content\/uploads\/sites\/7\/2023\/09\/230919_312-1536x1024.jpg 1536w, https:\/\/plasticseurope.org\/pl\/wp-content\/uploads\/sites\/7\/2023\/09\/230919_312-2048x1365.jpg 2048w, https:\/\/plasticseurope.org\/pl\/wp-content\/uploads\/sites\/7\/2023\/09\/230919_312-1980x1320.jpg 1980w, https:\/\/plasticseurope.org\/pl\/wp-content\/uploads\/sites\/7\/2023\/09\/230919_312-1260x840.jpg 1260w\" sizes=\"auto, (max-width: 1024px) 100vw, 1024px\" \/><\/figure>\n\n\n\n<figure class=\"wp-block-image size-large\"><img loading=\"lazy\" decoding=\"async\" width=\"1024\" height=\"683\" data-id=\"1523\" src=\"https:\/\/plasticseurope.org\/pl\/wp-content\/uploads\/sites\/7\/2023\/09\/230919_315-1024x683.jpg\" alt=\"\" class=\"wp-image-1523\" srcset=\"https:\/\/plasticseurope.org\/pl\/wp-content\/uploads\/sites\/7\/2023\/09\/230919_315-1024x683.jpg 1024w, https:\/\/plasticseurope.org\/pl\/wp-content\/uploads\/sites\/7\/2023\/09\/230919_315-300x200.jpg 300w, https:\/\/plasticseurope.org\/pl\/wp-content\/uploads\/sites\/7\/2023\/09\/230919_315-768x512.jpg 768w, https:\/\/plasticseurope.org\/pl\/wp-content\/uploads\/sites\/7\/2023\/09\/230919_315-1536x1024.jpg 1536w, https:\/\/plasticseurope.org\/pl\/wp-content\/uploads\/sites\/7\/2023\/09\/230919_315-2048x1365.jpg 2048w, https:\/\/plasticseurope.org\/pl\/wp-content\/uploads\/sites\/7\/2023\/09\/230919_315-1980x1320.jpg 1980w, https:\/\/plasticseurope.org\/pl\/wp-content\/uploads\/sites\/7\/2023\/09\/230919_315-1260x840.jpg 1260w\" sizes=\"auto, (max-width: 1024px) 100vw, 1024px\" \/><\/figure>\n\n\n\n<figure class=\"wp-block-image size-large\"><img loading=\"lazy\" decoding=\"async\" width=\"1024\" height=\"683\" data-id=\"1525\" src=\"https:\/\/plasticseurope.org\/pl\/wp-content\/uploads\/sites\/7\/2023\/09\/230919_326-1024x683.jpg\" alt=\"\" class=\"wp-image-1525\" srcset=\"https:\/\/plasticseurope.org\/pl\/wp-content\/uploads\/sites\/7\/2023\/09\/230919_326-1024x683.jpg 1024w, https:\/\/plasticseurope.org\/pl\/wp-content\/uploads\/sites\/7\/2023\/09\/230919_326-300x200.jpg 300w, https:\/\/plasticseurope.org\/pl\/wp-content\/uploads\/sites\/7\/2023\/09\/230919_326-768x512.jpg 768w, https:\/\/plasticseurope.org\/pl\/wp-content\/uploads\/sites\/7\/2023\/09\/230919_326-1536x1024.jpg 1536w, https:\/\/plasticseurope.org\/pl\/wp-content\/uploads\/sites\/7\/2023\/09\/230919_326-2048x1365.jpg 2048w, https:\/\/plasticseurope.org\/pl\/wp-content\/uploads\/sites\/7\/2023\/09\/230919_326-1980x1320.jpg 1980w, https:\/\/plasticseurope.org\/pl\/wp-content\/uploads\/sites\/7\/2023\/09\/230919_326-1260x840.jpg 1260w\" sizes=\"auto, (max-width: 1024px) 100vw, 1024px\" \/><\/figure>\n\n\n\n<figure class=\"wp-block-image size-large\"><img loading=\"lazy\" decoding=\"async\" width=\"1024\" height=\"683\" data-id=\"1521\" src=\"https:\/\/plasticseurope.org\/pl\/wp-content\/uploads\/sites\/7\/2023\/09\/230919_321-1024x683.jpg\" alt=\"\" class=\"wp-image-1521\" srcset=\"https:\/\/plasticseurope.org\/pl\/wp-content\/uploads\/sites\/7\/2023\/09\/230919_321-1024x683.jpg 1024w, https:\/\/plasticseurope.org\/pl\/wp-content\/uploads\/sites\/7\/2023\/09\/230919_321-300x200.jpg 300w, https:\/\/plasticseurope.org\/pl\/wp-content\/uploads\/sites\/7\/2023\/09\/230919_321-768x512.jpg 768w, https:\/\/plasticseurope.org\/pl\/wp-content\/uploads\/sites\/7\/2023\/09\/230919_321-1536x1024.jpg 1536w, https:\/\/plasticseurope.org\/pl\/wp-content\/uploads\/sites\/7\/2023\/09\/230919_321-2048x1365.jpg 2048w, https:\/\/plasticseurope.org\/pl\/wp-content\/uploads\/sites\/7\/2023\/09\/230919_321-1980x1320.jpg 1980w, https:\/\/plasticseurope.org\/pl\/wp-content\/uploads\/sites\/7\/2023\/09\/230919_321-1260x840.jpg 1260w\" sizes=\"auto, (max-width: 1024px) 100vw, 1024px\" \/><\/figure>\n\n\n\n<figure class=\"wp-block-image size-large\"><img loading=\"lazy\" decoding=\"async\" width=\"1024\" height=\"683\" data-id=\"1508\" src=\"https:\/\/plasticseurope.org\/pl\/wp-content\/uploads\/sites\/7\/2023\/09\/230919_319B-1024x683.jpg\" alt=\"\" class=\"wp-image-1508\" srcset=\"https:\/\/plasticseurope.org\/pl\/wp-content\/uploads\/sites\/7\/2023\/09\/230919_319B-1024x683.jpg 1024w, https:\/\/plasticseurope.org\/pl\/wp-content\/uploads\/sites\/7\/2023\/09\/230919_319B-300x200.jpg 300w, https:\/\/plasticseurope.org\/pl\/wp-content\/uploads\/sites\/7\/2023\/09\/230919_319B-768x512.jpg 768w, https:\/\/plasticseurope.org\/pl\/wp-content\/uploads\/sites\/7\/2023\/09\/230919_319B-1536x1024.jpg 1536w, https:\/\/plasticseurope.org\/pl\/wp-content\/uploads\/sites\/7\/2023\/09\/230919_319B-2048x1365.jpg 2048w, https:\/\/plasticseurope.org\/pl\/wp-content\/uploads\/sites\/7\/2023\/09\/230919_319B-1980x1320.jpg 1980w, https:\/\/plasticseurope.org\/pl\/wp-content\/uploads\/sites\/7\/2023\/09\/230919_319B-1260x840.jpg 1260w\" sizes=\"auto, (max-width: 1024px) 100vw, 1024px\" \/><\/figure>\n\n\n\n<figure class=\"wp-block-image size-large\"><img loading=\"lazy\" decoding=\"async\" width=\"1024\" height=\"683\" data-id=\"1534\" src=\"https:\/\/plasticseurope.org\/pl\/wp-content\/uploads\/sites\/7\/2023\/09\/230919_341-1024x683.jpg\" alt=\"\" class=\"wp-image-1534\" srcset=\"https:\/\/plasticseurope.org\/pl\/wp-content\/uploads\/sites\/7\/2023\/09\/230919_341-1024x683.jpg 1024w, https:\/\/plasticseurope.org\/pl\/wp-content\/uploads\/sites\/7\/2023\/09\/230919_341-300x200.jpg 300w, https:\/\/plasticseurope.org\/pl\/wp-content\/uploads\/sites\/7\/2023\/09\/230919_341-768x512.jpg 768w, https:\/\/plasticseurope.org\/pl\/wp-content\/uploads\/sites\/7\/2023\/09\/230919_341-1536x1024.jpg 1536w, https:\/\/plasticseurope.org\/pl\/wp-content\/uploads\/sites\/7\/2023\/09\/230919_341-2048x1365.jpg 2048w, https:\/\/plasticseurope.org\/pl\/wp-content\/uploads\/sites\/7\/2023\/09\/230919_341-1980x1320.jpg 1980w, https:\/\/plasticseurope.org\/pl\/wp-content\/uploads\/sites\/7\/2023\/09\/230919_341-1260x840.jpg 1260w\" sizes=\"auto, (max-width: 1024px) 100vw, 1024px\" \/><\/figure>\n\n\n\n<figure class=\"wp-block-image size-large\"><img loading=\"lazy\" decoding=\"async\" width=\"1024\" height=\"683\" data-id=\"1528\" src=\"https:\/\/plasticseurope.org\/pl\/wp-content\/uploads\/sites\/7\/2023\/09\/230919_343-1024x683.jpg\" alt=\"\" class=\"wp-image-1528\" srcset=\"https:\/\/plasticseurope.org\/pl\/wp-content\/uploads\/sites\/7\/2023\/09\/230919_343-1024x683.jpg 1024w, https:\/\/plasticseurope.org\/pl\/wp-content\/uploads\/sites\/7\/2023\/09\/230919_343-300x200.jpg 300w, https:\/\/plasticseurope.org\/pl\/wp-content\/uploads\/sites\/7\/2023\/09\/230919_343-768x512.jpg 768w, https:\/\/plasticseurope.org\/pl\/wp-content\/uploads\/sites\/7\/2023\/09\/230919_343-1536x1024.jpg 1536w, https:\/\/plasticseurope.org\/pl\/wp-content\/uploads\/sites\/7\/2023\/09\/230919_343-2048x1365.jpg 2048w, https:\/\/plasticseurope.org\/pl\/wp-content\/uploads\/sites\/7\/2023\/09\/230919_343-1980x1320.jpg 1980w, https:\/\/plasticseurope.org\/pl\/wp-content\/uploads\/sites\/7\/2023\/09\/230919_343-1260x840.jpg 1260w\" sizes=\"auto, (max-width: 1024px) 100vw, 1024px\" \/><\/figure>\n\n\n\n<figure class=\"wp-block-image size-large\"><img loading=\"lazy\" decoding=\"async\" width=\"1024\" height=\"683\" data-id=\"1542\" src=\"https:\/\/plasticseurope.org\/pl\/wp-content\/uploads\/sites\/7\/2023\/09\/230919_347-1024x683.jpg\" alt=\"\" class=\"wp-image-1542\" srcset=\"https:\/\/plasticseurope.org\/pl\/wp-content\/uploads\/sites\/7\/2023\/09\/230919_347-1024x683.jpg 1024w, https:\/\/plasticseurope.org\/pl\/wp-content\/uploads\/sites\/7\/2023\/09\/230919_347-300x200.jpg 300w, https:\/\/plasticseurope.org\/pl\/wp-content\/uploads\/sites\/7\/2023\/09\/230919_347-768x512.jpg 768w, https:\/\/plasticseurope.org\/pl\/wp-content\/uploads\/sites\/7\/2023\/09\/230919_347-1536x1024.jpg 1536w, https:\/\/plasticseurope.org\/pl\/wp-content\/uploads\/sites\/7\/2023\/09\/230919_347-2048x1365.jpg 2048w, https:\/\/plasticseurope.org\/pl\/wp-content\/uploads\/sites\/7\/2023\/09\/230919_347-1980x1320.jpg 1980w, https:\/\/plasticseurope.org\/pl\/wp-content\/uploads\/sites\/7\/2023\/09\/230919_347-1260x840.jpg 1260w\" sizes=\"auto, (max-width: 1024px) 100vw, 1024px\" \/><\/figure>\n\n\n\n<figure class=\"wp-block-image size-large\"><img loading=\"lazy\" decoding=\"async\" width=\"1024\" height=\"683\" data-id=\"1526\" src=\"https:\/\/plasticseurope.org\/pl\/wp-content\/uploads\/sites\/7\/2023\/09\/230919_348-1024x683.jpg\" alt=\"\" class=\"wp-image-1526\" srcset=\"https:\/\/plasticseurope.org\/pl\/wp-content\/uploads\/sites\/7\/2023\/09\/230919_348-1024x683.jpg 1024w, https:\/\/plasticseurope.org\/pl\/wp-content\/uploads\/sites\/7\/2023\/09\/230919_348-300x200.jpg 300w, https:\/\/plasticseurope.org\/pl\/wp-content\/uploads\/sites\/7\/2023\/09\/230919_348-768x512.jpg 768w, https:\/\/plasticseurope.org\/pl\/wp-content\/uploads\/sites\/7\/2023\/09\/230919_348-1536x1024.jpg 1536w, https:\/\/plasticseurope.org\/pl\/wp-content\/uploads\/sites\/7\/2023\/09\/230919_348-2048x1365.jpg 2048w, https:\/\/plasticseurope.org\/pl\/wp-content\/uploads\/sites\/7\/2023\/09\/230919_348-1980x1320.jpg 1980w, https:\/\/plasticseurope.org\/pl\/wp-content\/uploads\/sites\/7\/2023\/09\/230919_348-1260x840.jpg 1260w\" sizes=\"auto, (max-width: 1024px) 100vw, 1024px\" \/><\/figure>\n<\/figure>\n\n\n\n<p><\/p>\n\n\n\n<div style=\"height:48px\" aria-hidden=\"true\" class=\"wp-block-spacer\"><\/div>\n","protected":false},"excerpt":{"rendered":"<p>Podczas XVI edycji Plastics Industry Meeting, spotkania bran\u017cy tworzyw sztucznych, organizowanego co roku przez Fundacj\u0119 PlasticsEurope Polska i Polski Zwi\u0105zek\u2026<\/p>\n","protected":false},"author":26,"featured_media":1532,"comment_status":"open","ping_status":"open","sticky":false,"template":"","format":"standard","meta":{"footnotes":""},"categories":[8,7],"tags":[31,32,30],"class_list":["post-1490","post","type-post","status-publish","format-standard","has-post-thumbnail","hentry","category-aktualnosci","category-informacje-prasowe","tag-cyrkularnosc","tag-goz","tag-tworzywa"],"acf":[],"yoast_head":"<!-- This site is optimized with the Yoast SEO plugin v21.6 - https:\/\/yoast.com\/wordpress\/plugins\/seo\/ -->\n<title>Zjednoczony, konkurencyjny i cyrkularny przemys\u0142 tworzyw sztucznych - Plastics Europe PL<\/title>\n<meta name=\"robots\" content=\"index, follow, max-snippet:-1, max-image-preview:large, max-video-preview:-1\" \/>\n<link rel=\"canonical\" href=\"https:\/\/plasticseurope.org\/pl\/2023\/09\/27\/zjednoczony-konkurencyjny-i-cyrkularny-taki-powinien-byc-przemysl-tworzyw-sztucznych-wedlug-uczestnikow-plastics-industry-meeting-2023\/\" \/>\n<meta property=\"og:locale\" content=\"pl_PL\" \/>\n<meta property=\"og:type\" content=\"article\" \/>\n<meta property=\"og:title\" content=\"Zjednoczony, konkurencyjny i cyrkularny przemys\u0142 tworzyw sztucznych - Plastics Europe PL\" \/>\n<meta property=\"og:description\" content=\"Podczas XVI edycji Plastics Industry Meeting, spotkania bran\u017cy tworzyw sztucznych, organizowanego co roku przez Fundacj\u0119 PlasticsEurope Polska i Polski Zwi\u0105zek\u2026\" \/>\n<meta property=\"og:url\" content=\"https:\/\/plasticseurope.org\/pl\/2023\/09\/27\/zjednoczony-konkurencyjny-i-cyrkularny-taki-powinien-byc-przemysl-tworzyw-sztucznych-wedlug-uczestnikow-plastics-industry-meeting-2023\/\" \/>\n<meta property=\"og:site_name\" content=\"Plastics Europe PL\" \/>\n<meta property=\"article:published_time\" content=\"2023-09-27T08:34:22+00:00\" \/>\n<meta property=\"article:modified_time\" content=\"2023-09-27T08:44:16+00:00\" \/>\n<meta property=\"og:image\" content=\"https:\/\/plasticseurope.org\/pl\/wp-content\/uploads\/sites\/7\/2023\/09\/230919_113-scaled.jpg\" \/>\n\t<meta property=\"og:image:width\" content=\"2560\" \/>\n\t<meta property=\"og:image:height\" content=\"1707\" \/>\n\t<meta property=\"og:image:type\" content=\"image\/jpeg\" \/>\n<meta name=\"author\" content=\"weronikawertelecka\" \/>\n<meta name=\"twitter:card\" content=\"summary_large_image\" \/>\n<meta name=\"twitter:label1\" content=\"Napisane przez\" \/>\n\t<meta name=\"twitter:data1\" content=\"weronikawertelecka\" \/>\n\t<meta name=\"twitter:label2\" content=\"Szacowany czas czytania\" \/>\n\t<meta name=\"twitter:data2\" content=\"12 minut\" \/>\n<script type=\"application\/ld+json\" class=\"yoast-schema-graph\">{\"@context\":\"https:\/\/schema.org\",\"@graph\":[{\"@type\":\"WebPage\",\"@id\":\"https:\/\/plasticseurope.org\/pl\/2023\/09\/27\/zjednoczony-konkurencyjny-i-cyrkularny-taki-powinien-byc-przemysl-tworzyw-sztucznych-wedlug-uczestnikow-plastics-industry-meeting-2023\/\",\"url\":\"https:\/\/plasticseurope.org\/pl\/2023\/09\/27\/zjednoczony-konkurencyjny-i-cyrkularny-taki-powinien-byc-przemysl-tworzyw-sztucznych-wedlug-uczestnikow-plastics-industry-meeting-2023\/\",\"name\":\"Zjednoczony, konkurencyjny i cyrkularny przemys\u0142 tworzyw sztucznych - Plastics Europe PL\",\"isPartOf\":{\"@id\":\"https:\/\/plasticseurope.org\/pl\/#website\"},\"datePublished\":\"2023-09-27T08:34:22+00:00\",\"dateModified\":\"2023-09-27T08:44:16+00:00\",\"author\":{\"@id\":\"https:\/\/plasticseurope.org\/pl\/#\/schema\/person\/eb8bc49b972c1bf917d75189faf08de2\"},\"breadcrumb\":{\"@id\":\"https:\/\/plasticseurope.org\/pl\/2023\/09\/27\/zjednoczony-konkurencyjny-i-cyrkularny-taki-powinien-byc-przemysl-tworzyw-sztucznych-wedlug-uczestnikow-plastics-industry-meeting-2023\/#breadcrumb\"},\"inLanguage\":\"pl-PL\",\"potentialAction\":[{\"@type\":\"ReadAction\",\"target\":[\"https:\/\/plasticseurope.org\/pl\/2023\/09\/27\/zjednoczony-konkurencyjny-i-cyrkularny-taki-powinien-byc-przemysl-tworzyw-sztucznych-wedlug-uczestnikow-plastics-industry-meeting-2023\/\"]}]},{\"@type\":\"BreadcrumbList\",\"@id\":\"https:\/\/plasticseurope.org\/pl\/2023\/09\/27\/zjednoczony-konkurencyjny-i-cyrkularny-taki-powinien-byc-przemysl-tworzyw-sztucznych-wedlug-uczestnikow-plastics-industry-meeting-2023\/#breadcrumb\",\"itemListElement\":[{\"@type\":\"ListItem\",\"position\":1,\"name\":\"Home\",\"item\":\"https:\/\/plasticseurope.org\/pl\/\"},{\"@type\":\"ListItem\",\"position\":2,\"name\":\"Zjednoczony, konkurencyjny i cyrkularny przemys\u0142 tworzyw sztucznych\"}]},{\"@type\":\"WebSite\",\"@id\":\"https:\/\/plasticseurope.org\/pl\/#website\",\"url\":\"https:\/\/plasticseurope.org\/pl\/\",\"name\":\"Plastics Europe PL\",\"description\":\"Enabling a sustainable future\",\"potentialAction\":[{\"@type\":\"SearchAction\",\"target\":{\"@type\":\"EntryPoint\",\"urlTemplate\":\"https:\/\/plasticseurope.org\/pl\/?s={search_term_string}\"},\"query-input\":\"required name=search_term_string\"}],\"inLanguage\":\"pl-PL\"},{\"@type\":\"Person\",\"@id\":\"https:\/\/plasticseurope.org\/pl\/#\/schema\/person\/eb8bc49b972c1bf917d75189faf08de2\",\"name\":\"weronikawertelecka\",\"image\":{\"@type\":\"ImageObject\",\"inLanguage\":\"pl-PL\",\"@id\":\"https:\/\/plasticseurope.org\/pl\/#\/schema\/person\/image\/\",\"url\":\"https:\/\/secure.gravatar.com\/avatar\/b77bd41dca7b0bc15a404ed3905803a55c9ffe3d8ddcbc2b7864ab054167d18a?s=96&d=mm&r=g\",\"contentUrl\":\"https:\/\/secure.gravatar.com\/avatar\/b77bd41dca7b0bc15a404ed3905803a55c9ffe3d8ddcbc2b7864ab054167d18a?s=96&d=mm&r=g\",\"caption\":\"weronikawertelecka\"},\"url\":\"https:\/\/plasticseurope.org\/pl\/author\/weronikawertelecka\/\"}]}<\/script>\n<!-- \/ Yoast SEO plugin. -->","yoast_head_json":{"title":"Zjednoczony, konkurencyjny i cyrkularny przemys\u0142 tworzyw sztucznych - Plastics Europe PL","robots":{"index":"index","follow":"follow","max-snippet":"max-snippet:-1","max-image-preview":"max-image-preview:large","max-video-preview":"max-video-preview:-1"},"canonical":"https:\/\/plasticseurope.org\/pl\/2023\/09\/27\/zjednoczony-konkurencyjny-i-cyrkularny-taki-powinien-byc-przemysl-tworzyw-sztucznych-wedlug-uczestnikow-plastics-industry-meeting-2023\/","og_locale":"pl_PL","og_type":"article","og_title":"Zjednoczony, konkurencyjny i cyrkularny przemys\u0142 tworzyw sztucznych - Plastics Europe PL","og_description":"Podczas XVI edycji Plastics Industry Meeting, spotkania bran\u017cy tworzyw sztucznych, organizowanego co roku przez Fundacj\u0119 PlasticsEurope Polska i Polski Zwi\u0105zek\u2026","og_url":"https:\/\/plasticseurope.org\/pl\/2023\/09\/27\/zjednoczony-konkurencyjny-i-cyrkularny-taki-powinien-byc-przemysl-tworzyw-sztucznych-wedlug-uczestnikow-plastics-industry-meeting-2023\/","og_site_name":"Plastics Europe PL","article_published_time":"2023-09-27T08:34:22+00:00","article_modified_time":"2023-09-27T08:44:16+00:00","og_image":[{"width":2560,"height":1707,"url":"https:\/\/plasticseurope.org\/pl\/wp-content\/uploads\/sites\/7\/2023\/09\/230919_113-scaled.jpg","type":"image\/jpeg"}],"author":"weronikawertelecka","twitter_card":"summary_large_image","twitter_misc":{"Napisane przez":"weronikawertelecka","Szacowany czas czytania":"12 minut"},"schema":{"@context":"https:\/\/schema.org","@graph":[{"@type":"WebPage","@id":"https:\/\/plasticseurope.org\/pl\/2023\/09\/27\/zjednoczony-konkurencyjny-i-cyrkularny-taki-powinien-byc-przemysl-tworzyw-sztucznych-wedlug-uczestnikow-plastics-industry-meeting-2023\/","url":"https:\/\/plasticseurope.org\/pl\/2023\/09\/27\/zjednoczony-konkurencyjny-i-cyrkularny-taki-powinien-byc-przemysl-tworzyw-sztucznych-wedlug-uczestnikow-plastics-industry-meeting-2023\/","name":"Zjednoczony, konkurencyjny i cyrkularny przemys\u0142 tworzyw sztucznych - Plastics Europe PL","isPartOf":{"@id":"https:\/\/plasticseurope.org\/pl\/#website"},"datePublished":"2023-09-27T08:34:22+00:00","dateModified":"2023-09-27T08:44:16+00:00","author":{"@id":"https:\/\/plasticseurope.org\/pl\/#\/schema\/person\/eb8bc49b972c1bf917d75189faf08de2"},"breadcrumb":{"@id":"https:\/\/plasticseurope.org\/pl\/2023\/09\/27\/zjednoczony-konkurencyjny-i-cyrkularny-taki-powinien-byc-przemysl-tworzyw-sztucznych-wedlug-uczestnikow-plastics-industry-meeting-2023\/#breadcrumb"},"inLanguage":"pl-PL","potentialAction":[{"@type":"ReadAction","target":["https:\/\/plasticseurope.org\/pl\/2023\/09\/27\/zjednoczony-konkurencyjny-i-cyrkularny-taki-powinien-byc-przemysl-tworzyw-sztucznych-wedlug-uczestnikow-plastics-industry-meeting-2023\/"]}]},{"@type":"BreadcrumbList","@id":"https:\/\/plasticseurope.org\/pl\/2023\/09\/27\/zjednoczony-konkurencyjny-i-cyrkularny-taki-powinien-byc-przemysl-tworzyw-sztucznych-wedlug-uczestnikow-plastics-industry-meeting-2023\/#breadcrumb","itemListElement":[{"@type":"ListItem","position":1,"name":"Home","item":"https:\/\/plasticseurope.org\/pl\/"},{"@type":"ListItem","position":2,"name":"Zjednoczony, konkurencyjny i cyrkularny przemys\u0142 tworzyw sztucznych"}]},{"@type":"WebSite","@id":"https:\/\/plasticseurope.org\/pl\/#website","url":"https:\/\/plasticseurope.org\/pl\/","name":"Plastics Europe PL","description":"Enabling a sustainable future","potentialAction":[{"@type":"SearchAction","target":{"@type":"EntryPoint","urlTemplate":"https:\/\/plasticseurope.org\/pl\/?s={search_term_string}"},"query-input":"required name=search_term_string"}],"inLanguage":"pl-PL"},{"@type":"Person","@id":"https:\/\/plasticseurope.org\/pl\/#\/schema\/person\/eb8bc49b972c1bf917d75189faf08de2","name":"weronikawertelecka","image":{"@type":"ImageObject","inLanguage":"pl-PL","@id":"https:\/\/plasticseurope.org\/pl\/#\/schema\/person\/image\/","url":"https:\/\/secure.gravatar.com\/avatar\/b77bd41dca7b0bc15a404ed3905803a55c9ffe3d8ddcbc2b7864ab054167d18a?s=96&d=mm&r=g","contentUrl":"https:\/\/secure.gravatar.com\/avatar\/b77bd41dca7b0bc15a404ed3905803a55c9ffe3d8ddcbc2b7864ab054167d18a?s=96&d=mm&r=g","caption":"weronikawertelecka"},"url":"https:\/\/plasticseurope.org\/pl\/author\/weronikawertelecka\/"}]}},"_links":{"self":[{"href":"https:\/\/plasticseurope.org\/pl\/wp-json\/wp\/v2\/posts\/1490","targetHints":{"allow":["GET"]}}],"collection":[{"href":"https:\/\/plasticseurope.org\/pl\/wp-json\/wp\/v2\/posts"}],"about":[{"href":"https:\/\/plasticseurope.org\/pl\/wp-json\/wp\/v2\/types\/post"}],"author":[{"embeddable":true,"href":"https:\/\/plasticseurope.org\/pl\/wp-json\/wp\/v2\/users\/26"}],"replies":[{"embeddable":true,"href":"https:\/\/plasticseurope.org\/pl\/wp-json\/wp\/v2\/comments?post=1490"}],"version-history":[{"count":0,"href":"https:\/\/plasticseurope.org\/pl\/wp-json\/wp\/v2\/posts\/1490\/revisions"}],"wp:featuredmedia":[{"embeddable":true,"href":"https:\/\/plasticseurope.org\/pl\/wp-json\/wp\/v2\/media\/1532"}],"wp:attachment":[{"href":"https:\/\/plasticseurope.org\/pl\/wp-json\/wp\/v2\/media?parent=1490"}],"wp:term":[{"taxonomy":"category","embeddable":true,"href":"https:\/\/plasticseurope.org\/pl\/wp-json\/wp\/v2\/categories?post=1490"},{"taxonomy":"post_tag","embeddable":true,"href":"https:\/\/plasticseurope.org\/pl\/wp-json\/wp\/v2\/tags?post=1490"}],"curies":[{"name":"wp","href":"https:\/\/api.w.org\/{rel}","templated":true}]}}