{"id":1431,"date":"2023-06-03T08:54:57","date_gmt":"2023-06-03T08:54:57","guid":{"rendered":"https:\/\/plasticseurope.wpenginepowered.com\/pl\/?p=1431"},"modified":"2023-06-03T09:02:45","modified_gmt":"2023-06-03T09:02:45","slug":"plastics-europe-z-zadowoleniem-przyjmuje-krok-unep-w-strone-opracowania-projektu-globalnego-porozumienia-w-sprawie-tworzyw-sztucznych","status":"publish","type":"post","link":"https:\/\/plasticseurope.org\/pl\/2023\/06\/03\/plastics-europe-z-zadowoleniem-przyjmuje-krok-unep-w-strone-opracowania-projektu-globalnego-porozumienia-w-sprawie-tworzyw-sztucznych\/","title":{"rendered":"Plastics Europe z zadowoleniem przyjmuje krok UNEP w stron\u0119 opracowania projektu globalnego porozumienia w sprawie zanieczyszczenia tworzywami sztucznymi"},"content":{"rendered":"\n<p><strong>Pary\u017c \u2013 (2 czerwca 2023). Virginia Janssens, dyrektor zarz\u0105dzaj\u0105ca Plastics Europe, komentuje zako\u0144czenie drugiego Mi\u0119dzyrz\u0105dowego Komitetu Negocjacyjnego (INC-2) dotycz\u0105cego globalnego porozumienia w sprawie zanieczyszczenia tworzywami sztucznymi:<\/strong><\/p>\n\n\n\n<p><em>Znalezienie sposobu na zatrzymanie zanieczyszczenia tworzywami sztucznymi do 2040 r. wymaga pilnych i ambitnych dzia\u0142a\u0144. Aby przyspieszy\u0107 osi\u0105gni\u0119cie cyrkularno\u015bci, musimy zapewni\u0107 popyt na cyrkularne tworzywa, szybki globalny rozw\u00f3j proces\u00f3w zbi\u00f3rki, sortowania i recyklingu oraz stworzy\u0107 system finansowania wspieraj\u0105cy pot\u0119\u017cne, niezb\u0119dne do podj\u0119cia inwestycje.<\/em><\/p>\n\n\n\n<p><em>Intensywno\u015b\u0107 dotychczasowych dyskusji odzwierciedla wyzwanie, jakim jest negocjowanie tak ambitnej i wa\u017cnej umowy. Je\u015bli jednak chcemy osi\u0105gn\u0105\u0107 za\u0142o\u017cone cele i sprosta\u0107 harmonogramowi porozumienia, negocjacje musz\u0105 by\u0107 kontynuowane w odpowiednio szybkim tempie. Dlatego z zadowoleniem przyjmujemy decyzj\u0119 o upowa\u017cnieniu UNEP do opracowania pierwszego projektu porozumienia (tzw. \u201ezero draft\u201d), kt\u00f3ry zapewni podstaw\u0119 dalszych merytorycznych i dyskusji oraz negocjacji podczas INC-3.<\/em><\/p>\n\n\n\n<p><em>Pomimo kr\u00f3tkich termin\u00f3w i zr\u00f3\u017cnicowanego podej\u015bcia &nbsp;poszczeg\u00f3lnych interesariuszy, cieszymy si\u0119 z pozytywnej atmosfery, w jakiej toczy\u0142y si\u0119 dyskusje, oraz dzielonej przez wszystkich ch\u0119ci ustalenia wsp\u00f3lnej wizji transformacji systemu tworzyw sztucznych. Doceniamy to, \u017ce wszyscy delegaci pracuj\u0105 nad zapewnieniem warto\u015bciowego porozumienia, kt\u00f3re okre\u015bli w\u0142a\u015bciwe priorytety oparte na rzetelnych danych i kt\u00f3re zapewni lokalnym spo\u0142eczno\u015bciom korzy\u015bci z inkluzywnej transformacji. Musimy unika\u0107 ryzyka zwi\u0105zanego z pospiesznym prowadzeniem negocjacji i podejmowaniem decyzji, kt\u00f3re trafiaj\u0105 na pierwsze strony gazet jedynie ze wzgl\u0119du na atrakcyjno\u015b\u0107 polityczn\u0105, a pozbawione b\u0119d\u0105 warto\u015bci ekonomicznej czy naukowej.<\/em><\/p>\n\n\n\n<p><em>Wspieramy holistyczne podej\u015bcie do powstrzymania zanieczyszczenia tworzywami sztucznymi, oparte na zr\u00f3wnowa\u017conej produkcji tworzyw sztucznych, zapewniaj\u0105cej dywersyfikacj\u0119 surowc\u00f3w i zmniejszenie zale\u017cno\u015bci od surowc\u00f3w kopalnych. Wierzymy r\u00f3wnie\u017c, \u017ce zr\u00f3wnowa\u017cona konsumpcja tworzyw sztucznych na ca\u0142ym \u015bwiecie jest jednym z najskuteczniejszych sposob\u00f3w na wyeliminowanie zanieczyszczenia tworzywami. W praktyce oznacza to, \u017ce porozumienie musi koncentrowa\u0107 si\u0119 na problematycznych i zbytecznych zastosowaniach na poziomie lokalnym, bazuj\u0105c na metodologii o naukowych podstawach.<\/em><\/p>\n\n\n\n<p><em>Porozumienie powinno r\u00f3wnie\u017c zawiera\u0107 zar\u00f3wno obligatoryjne jak i dobrowolne \u015brodki, obowi\u0105zki oraz kryteria, nak\u0142ada\u0107 odpowiedzialno\u015b\u0107 na wszystkie zaanga\u017cowane strony oraz zapewnia\u0107 w\u0142a\u015bciw\u0105 r\u00f3wnowag\u0119 mi\u0119dzy globalnymi zobowi\u0105zaniami a krajowymi \u015brodkami. W tej kwestii jedno uniwersalne podej\u015bcie do polityki i regulacji nie ma szans powodzenia.<\/em><\/p>\n\n\n\n<p><em>Jako organizacja dok\u0142adnie przeanalizujemy, to co us\u0142yszeli\u015bmy i czego nauczyli\u015bmy si\u0119 podczas INC-2, z zadowoleniem przyjmuj\u0105c r\u00f3wnie\u017c mo\u017cliwo\u015b\u0107 kontynuowania rozm\u00f3w. Zintensyfikowanie otwartego koncentruj\u0105cego si\u0119 na rozwi\u0105zaniach dialogu pomi\u0119dzy wszystkimi zaanga\u017cowanymi stronami przed INC-3 b\u0119dzie bardzo wa\u017cne we wsparciu dalszego rozwoju porozumienia.<\/em><\/p>\n\n\n\n<div style=\"height:48px\" aria-hidden=\"true\" class=\"wp-block-spacer\"><\/div>\n","protected":false},"excerpt":{"rendered":"<p>Pary\u017c \u2013 (2 czerwca 2023). Virginia Janssens, dyrektor zarz\u0105dzaj\u0105ca Plastics Europe, komentuje zako\u0144czenie drugiego Mi\u0119dzyrz\u0105dowego Komitetu Negocjacyjnego (INC-2) dotycz\u0105cego globalnego\u2026<\/p>\n","protected":false},"author":26,"featured_media":1432,"comment_status":"open","ping_status":"open","sticky":false,"template":"","format":"standard","meta":{"footnotes":""},"categories":[8],"tags":[],"class_list":["post-1431","post","type-post","status-publish","format-standard","has-post-thumbnail","hentry","category-aktualnosci"],"acf":[],"yoast_head":"<!-- This site is optimized with the Yoast SEO plugin v21.6 - https:\/\/yoast.com\/wordpress\/plugins\/seo\/ -->\n<title>Plastics Europe z zadowoleniem przyjmuje krok UNEP w stron\u0119 opracowania projektu globalnego porozumienia w sprawie zanieczyszczenia tworzywami sztucznymi - Plastics Europe PL<\/title>\n<meta name=\"robots\" content=\"index, follow, max-snippet:-1, max-image-preview:large, max-video-preview:-1\" \/>\n<link rel=\"canonical\" href=\"https:\/\/plasticseurope.org\/pl\/2023\/06\/03\/plastics-europe-z-zadowoleniem-przyjmuje-krok-unep-w-strone-opracowania-projektu-globalnego-porozumienia-w-sprawie-tworzyw-sztucznych\/\" \/>\n<meta property=\"og:locale\" content=\"pl_PL\" \/>\n<meta property=\"og:type\" content=\"article\" \/>\n<meta property=\"og:title\" content=\"Plastics Europe z zadowoleniem przyjmuje krok UNEP w stron\u0119 opracowania projektu globalnego porozumienia w sprawie zanieczyszczenia tworzywami sztucznymi - Plastics Europe PL\" \/>\n<meta property=\"og:description\" content=\"Pary\u017c \u2013 (2 czerwca 2023). Virginia Janssens, dyrektor zarz\u0105dzaj\u0105ca Plastics Europe, komentuje zako\u0144czenie drugiego Mi\u0119dzyrz\u0105dowego Komitetu Negocjacyjnego (INC-2) dotycz\u0105cego globalnego\u2026\" \/>\n<meta property=\"og:url\" content=\"https:\/\/plasticseurope.org\/pl\/2023\/06\/03\/plastics-europe-z-zadowoleniem-przyjmuje-krok-unep-w-strone-opracowania-projektu-globalnego-porozumienia-w-sprawie-tworzyw-sztucznych\/\" \/>\n<meta property=\"og:site_name\" content=\"Plastics Europe PL\" \/>\n<meta property=\"article:published_time\" content=\"2023-06-03T08:54:57+00:00\" \/>\n<meta property=\"article:modified_time\" content=\"2023-06-03T09:02:45+00:00\" \/>\n<meta property=\"og:image\" content=\"https:\/\/plasticseurope.org\/pl\/wp-content\/uploads\/sites\/7\/2023\/06\/Plastic-waste-1024x651.png\" \/>\n\t<meta property=\"og:image:width\" content=\"1024\" \/>\n\t<meta property=\"og:image:height\" content=\"651\" \/>\n\t<meta property=\"og:image:type\" content=\"image\/png\" \/>\n<meta name=\"author\" content=\"weronikawertelecka\" \/>\n<meta name=\"twitter:card\" content=\"summary_large_image\" \/>\n<meta name=\"twitter:label1\" content=\"Napisane przez\" \/>\n\t<meta name=\"twitter:data1\" content=\"weronikawertelecka\" \/>\n\t<meta name=\"twitter:label2\" content=\"Szacowany czas czytania\" \/>\n\t<meta name=\"twitter:data2\" content=\"3 minuty\" \/>\n<script type=\"application\/ld+json\" class=\"yoast-schema-graph\">{\"@context\":\"https:\/\/schema.org\",\"@graph\":[{\"@type\":\"WebPage\",\"@id\":\"https:\/\/plasticseurope.org\/pl\/2023\/06\/03\/plastics-europe-z-zadowoleniem-przyjmuje-krok-unep-w-strone-opracowania-projektu-globalnego-porozumienia-w-sprawie-tworzyw-sztucznych\/\",\"url\":\"https:\/\/plasticseurope.org\/pl\/2023\/06\/03\/plastics-europe-z-zadowoleniem-przyjmuje-krok-unep-w-strone-opracowania-projektu-globalnego-porozumienia-w-sprawie-tworzyw-sztucznych\/\",\"name\":\"Plastics Europe z zadowoleniem przyjmuje krok UNEP w stron\u0119 opracowania projektu globalnego porozumienia w sprawie zanieczyszczenia tworzywami sztucznymi - Plastics Europe PL\",\"isPartOf\":{\"@id\":\"https:\/\/plasticseurope.org\/pl\/#website\"},\"datePublished\":\"2023-06-03T08:54:57+00:00\",\"dateModified\":\"2023-06-03T09:02:45+00:00\",\"author\":{\"@id\":\"https:\/\/plasticseurope.org\/pl\/#\/schema\/person\/eb8bc49b972c1bf917d75189faf08de2\"},\"breadcrumb\":{\"@id\":\"https:\/\/plasticseurope.org\/pl\/2023\/06\/03\/plastics-europe-z-zadowoleniem-przyjmuje-krok-unep-w-strone-opracowania-projektu-globalnego-porozumienia-w-sprawie-tworzyw-sztucznych\/#breadcrumb\"},\"inLanguage\":\"pl-PL\",\"potentialAction\":[{\"@type\":\"ReadAction\",\"target\":[\"https:\/\/plasticseurope.org\/pl\/2023\/06\/03\/plastics-europe-z-zadowoleniem-przyjmuje-krok-unep-w-strone-opracowania-projektu-globalnego-porozumienia-w-sprawie-tworzyw-sztucznych\/\"]}]},{\"@type\":\"BreadcrumbList\",\"@id\":\"https:\/\/plasticseurope.org\/pl\/2023\/06\/03\/plastics-europe-z-zadowoleniem-przyjmuje-krok-unep-w-strone-opracowania-projektu-globalnego-porozumienia-w-sprawie-tworzyw-sztucznych\/#breadcrumb\",\"itemListElement\":[{\"@type\":\"ListItem\",\"position\":1,\"name\":\"Home\",\"item\":\"https:\/\/plasticseurope.org\/pl\/\"},{\"@type\":\"ListItem\",\"position\":2,\"name\":\"Plastics Europe z zadowoleniem przyjmuje krok UNEP w stron\u0119 opracowania projektu globalnego porozumienia w sprawie zanieczyszczenia tworzywami sztucznymi\"}]},{\"@type\":\"WebSite\",\"@id\":\"https:\/\/plasticseurope.org\/pl\/#website\",\"url\":\"https:\/\/plasticseurope.org\/pl\/\",\"name\":\"Plastics Europe PL\",\"description\":\"Enabling a sustainable future\",\"potentialAction\":[{\"@type\":\"SearchAction\",\"target\":{\"@type\":\"EntryPoint\",\"urlTemplate\":\"https:\/\/plasticseurope.org\/pl\/?s={search_term_string}\"},\"query-input\":\"required name=search_term_string\"}],\"inLanguage\":\"pl-PL\"},{\"@type\":\"Person\",\"@id\":\"https:\/\/plasticseurope.org\/pl\/#\/schema\/person\/eb8bc49b972c1bf917d75189faf08de2\",\"name\":\"weronikawertelecka\",\"image\":{\"@type\":\"ImageObject\",\"inLanguage\":\"pl-PL\",\"@id\":\"https:\/\/plasticseurope.org\/pl\/#\/schema\/person\/image\/\",\"url\":\"https:\/\/secure.gravatar.com\/avatar\/b77bd41dca7b0bc15a404ed3905803a55c9ffe3d8ddcbc2b7864ab054167d18a?s=96&d=mm&r=g\",\"contentUrl\":\"https:\/\/secure.gravatar.com\/avatar\/b77bd41dca7b0bc15a404ed3905803a55c9ffe3d8ddcbc2b7864ab054167d18a?s=96&d=mm&r=g\",\"caption\":\"weronikawertelecka\"},\"url\":\"https:\/\/plasticseurope.org\/pl\/author\/weronikawertelecka\/\"}]}<\/script>\n<!-- \/ Yoast SEO plugin. -->","yoast_head_json":{"title":"Plastics Europe z zadowoleniem przyjmuje krok UNEP w stron\u0119 opracowania projektu globalnego porozumienia w sprawie zanieczyszczenia tworzywami sztucznymi - Plastics Europe PL","robots":{"index":"index","follow":"follow","max-snippet":"max-snippet:-1","max-image-preview":"max-image-preview:large","max-video-preview":"max-video-preview:-1"},"canonical":"https:\/\/plasticseurope.org\/pl\/2023\/06\/03\/plastics-europe-z-zadowoleniem-przyjmuje-krok-unep-w-strone-opracowania-projektu-globalnego-porozumienia-w-sprawie-tworzyw-sztucznych\/","og_locale":"pl_PL","og_type":"article","og_title":"Plastics Europe z zadowoleniem przyjmuje krok UNEP w stron\u0119 opracowania projektu globalnego porozumienia w sprawie zanieczyszczenia tworzywami sztucznymi - Plastics Europe PL","og_description":"Pary\u017c \u2013 (2 czerwca 2023). Virginia Janssens, dyrektor zarz\u0105dzaj\u0105ca Plastics Europe, komentuje zako\u0144czenie drugiego Mi\u0119dzyrz\u0105dowego Komitetu Negocjacyjnego (INC-2) dotycz\u0105cego globalnego\u2026","og_url":"https:\/\/plasticseurope.org\/pl\/2023\/06\/03\/plastics-europe-z-zadowoleniem-przyjmuje-krok-unep-w-strone-opracowania-projektu-globalnego-porozumienia-w-sprawie-tworzyw-sztucznych\/","og_site_name":"Plastics Europe PL","article_published_time":"2023-06-03T08:54:57+00:00","article_modified_time":"2023-06-03T09:02:45+00:00","og_image":[{"width":1024,"height":651,"url":"https:\/\/plasticseurope.org\/pl\/wp-content\/uploads\/sites\/7\/2023\/06\/Plastic-waste-1024x651.png","type":"image\/png"}],"author":"weronikawertelecka","twitter_card":"summary_large_image","twitter_misc":{"Napisane przez":"weronikawertelecka","Szacowany czas czytania":"3 minuty"},"schema":{"@context":"https:\/\/schema.org","@graph":[{"@type":"WebPage","@id":"https:\/\/plasticseurope.org\/pl\/2023\/06\/03\/plastics-europe-z-zadowoleniem-przyjmuje-krok-unep-w-strone-opracowania-projektu-globalnego-porozumienia-w-sprawie-tworzyw-sztucznych\/","url":"https:\/\/plasticseurope.org\/pl\/2023\/06\/03\/plastics-europe-z-zadowoleniem-przyjmuje-krok-unep-w-strone-opracowania-projektu-globalnego-porozumienia-w-sprawie-tworzyw-sztucznych\/","name":"Plastics Europe z zadowoleniem przyjmuje krok UNEP w stron\u0119 opracowania projektu globalnego porozumienia w sprawie zanieczyszczenia tworzywami sztucznymi - Plastics Europe PL","isPartOf":{"@id":"https:\/\/plasticseurope.org\/pl\/#website"},"datePublished":"2023-06-03T08:54:57+00:00","dateModified":"2023-06-03T09:02:45+00:00","author":{"@id":"https:\/\/plasticseurope.org\/pl\/#\/schema\/person\/eb8bc49b972c1bf917d75189faf08de2"},"breadcrumb":{"@id":"https:\/\/plasticseurope.org\/pl\/2023\/06\/03\/plastics-europe-z-zadowoleniem-przyjmuje-krok-unep-w-strone-opracowania-projektu-globalnego-porozumienia-w-sprawie-tworzyw-sztucznych\/#breadcrumb"},"inLanguage":"pl-PL","potentialAction":[{"@type":"ReadAction","target":["https:\/\/plasticseurope.org\/pl\/2023\/06\/03\/plastics-europe-z-zadowoleniem-przyjmuje-krok-unep-w-strone-opracowania-projektu-globalnego-porozumienia-w-sprawie-tworzyw-sztucznych\/"]}]},{"@type":"BreadcrumbList","@id":"https:\/\/plasticseurope.org\/pl\/2023\/06\/03\/plastics-europe-z-zadowoleniem-przyjmuje-krok-unep-w-strone-opracowania-projektu-globalnego-porozumienia-w-sprawie-tworzyw-sztucznych\/#breadcrumb","itemListElement":[{"@type":"ListItem","position":1,"name":"Home","item":"https:\/\/plasticseurope.org\/pl\/"},{"@type":"ListItem","position":2,"name":"Plastics Europe z zadowoleniem przyjmuje krok UNEP w stron\u0119 opracowania projektu globalnego porozumienia w sprawie zanieczyszczenia tworzywami sztucznymi"}]},{"@type":"WebSite","@id":"https:\/\/plasticseurope.org\/pl\/#website","url":"https:\/\/plasticseurope.org\/pl\/","name":"Plastics Europe PL","description":"Enabling a sustainable future","potentialAction":[{"@type":"SearchAction","target":{"@type":"EntryPoint","urlTemplate":"https:\/\/plasticseurope.org\/pl\/?s={search_term_string}"},"query-input":"required name=search_term_string"}],"inLanguage":"pl-PL"},{"@type":"Person","@id":"https:\/\/plasticseurope.org\/pl\/#\/schema\/person\/eb8bc49b972c1bf917d75189faf08de2","name":"weronikawertelecka","image":{"@type":"ImageObject","inLanguage":"pl-PL","@id":"https:\/\/plasticseurope.org\/pl\/#\/schema\/person\/image\/","url":"https:\/\/secure.gravatar.com\/avatar\/b77bd41dca7b0bc15a404ed3905803a55c9ffe3d8ddcbc2b7864ab054167d18a?s=96&d=mm&r=g","contentUrl":"https:\/\/secure.gravatar.com\/avatar\/b77bd41dca7b0bc15a404ed3905803a55c9ffe3d8ddcbc2b7864ab054167d18a?s=96&d=mm&r=g","caption":"weronikawertelecka"},"url":"https:\/\/plasticseurope.org\/pl\/author\/weronikawertelecka\/"}]}},"_links":{"self":[{"href":"https:\/\/plasticseurope.org\/pl\/wp-json\/wp\/v2\/posts\/1431","targetHints":{"allow":["GET"]}}],"collection":[{"href":"https:\/\/plasticseurope.org\/pl\/wp-json\/wp\/v2\/posts"}],"about":[{"href":"https:\/\/plasticseurope.org\/pl\/wp-json\/wp\/v2\/types\/post"}],"author":[{"embeddable":true,"href":"https:\/\/plasticseurope.org\/pl\/wp-json\/wp\/v2\/users\/26"}],"replies":[{"embeddable":true,"href":"https:\/\/plasticseurope.org\/pl\/wp-json\/wp\/v2\/comments?post=1431"}],"version-history":[{"count":0,"href":"https:\/\/plasticseurope.org\/pl\/wp-json\/wp\/v2\/posts\/1431\/revisions"}],"wp:featuredmedia":[{"embeddable":true,"href":"https:\/\/plasticseurope.org\/pl\/wp-json\/wp\/v2\/media\/1432"}],"wp:attachment":[{"href":"https:\/\/plasticseurope.org\/pl\/wp-json\/wp\/v2\/media?parent=1431"}],"wp:term":[{"taxonomy":"category","embeddable":true,"href":"https:\/\/plasticseurope.org\/pl\/wp-json\/wp\/v2\/categories?post=1431"},{"taxonomy":"post_tag","embeddable":true,"href":"https:\/\/plasticseurope.org\/pl\/wp-json\/wp\/v2\/tags?post=1431"}],"curies":[{"name":"wp","href":"https:\/\/api.w.org\/{rel}","templated":true}]}}