{"id":1411,"date":"2023-05-24T08:42:33","date_gmt":"2023-05-24T08:42:33","guid":{"rendered":"https:\/\/plasticseurope.wpenginepowered.com\/pl\/?p=1411"},"modified":"2023-05-24T08:42:34","modified_gmt":"2023-05-24T08:42:34","slug":"rynek-tworzyw-sztucznych-w-polsce-i-europie-wysoka-srednia-roczna-stopa-wzrostu-ale-nizsze-tempo-od-polowy-2022-roku","status":"publish","type":"post","link":"https:\/\/plasticseurope.org\/pl\/2023\/05\/24\/rynek-tworzyw-sztucznych-w-polsce-i-europie-wysoka-srednia-roczna-stopa-wzrostu-ale-nizsze-tempo-od-polowy-2022-roku\/","title":{"rendered":"Rynek tworzyw sztucznych w Polsce i Europie \u2013 wysoka \u015brednia roczna stopa wzrostu, ale ni\u017csze tempo od po\u0142owy 2022 roku"},"content":{"rendered":"\n<p class=\"has-large-font-size\">Fundacja PlasticsEurope Polska, reprezentuj\u0105ca producent\u00f3w tworzyw sztucznych w Polsce, tradycyjnie ju\u017c podczas Targ\u00f3w Przetw\u00f3rstwa Tworzyw Sztucznych i Gumy PLASTPOL przedstawi\u0142a dane dotycz\u0105ce bie\u017c\u0105cej sytuacji bran\u017cy tworzywowej w Polsce na tle Europy.\u00a0<\/p>\n\n\n\n<div style=\"height:16px\" aria-hidden=\"true\" class=\"wp-block-spacer\"><\/div>\n\n\n\n<p><strong>W nurcie og\u00f3lnogospodarczych trend\u00f3w<\/strong><\/p>\n\n\n\n<p>Pomimo trudnej sytuacji geopolitycznej i surowcowej polska gospodarka zanotowa\u0142a w roku 2022 wzrost PKB o 5,1% (wobec 6,9% w roku 2021). Szacunki na rok 2023 wskazuj\u0105 jednak na gwa\u0142towny spadek tempa wzrostu PKB do warto\u015bci poni\u017cej 1% (MFW prognozuje wzrost o 0,3%). G\u0142\u00f3wnym powodem tak niskiego wzrostu jest wej\u015bcie gospodarki w tzw. recesj\u0119 konsumenck\u0105. Dane wyra\u017anie wskazuj\u0105, \u017ce konsumenci zacz\u0119li ogranicza\u0107 konsumpcj\u0119, a analitycy prognozuj\u0105, \u017ce trend si\u0119 utrzyma i w ca\u0142ym 2023 roku, co bezpo\u015brednio przek\u0142ada si\u0119 tak\u017ce na sytuacj\u0119 bran\u017cy tworzywowej.<\/p>\n\n\n\n<p>Jak podczas konferencji zwr\u00f3ci\u0142a uwag\u0119 Anna Kozera-Sza\u0142kowska, Dyrektor Zarz\u0105dzaj\u0105ca Fundacji PlasticsEurope Polska, przemys\u0142 tworzyw sztucznych w Polsce podlega tym samym zjawiskom i czynnikom, kt\u00f3re kszta\u0142tuj\u0105 ca\u0142\u0105 gospodark\u0119. W\u015br\u00f3d nich znajduj\u0105 si\u0119 powa\u017cne zak\u0142\u00f3cenia na rynku no\u015bnik\u00f3w energii i gazu ziemnego oraz wyzwania zwi\u0105zane z utrzymaniem stabilnej logistyki dostaw surowc\u00f3w i sprzeda\u017cy produkt\u00f3w.<\/p>\n\n\n\n<p><strong>Spowolnienie drugiej po\u0142owy 2022 roku<\/strong><\/p>\n\n\n\n<p>W skali wieloletniej bran\u017ca tworzyw sztucznych w Polsce rozwija si\u0119 w bardzo dobrym tempie. \u015arednia roczna stopa wzrostu (CAGR) produkcji sprzedanej (w cenach bie\u017c\u0105cych) w latach 2011-2022 wynios\u0142a 8,7% (wobec 7,8% dla ca\u0142ego przetw\u00f3rstwa przemys\u0142owego). Wzrost w sektorze przetw\u00f3rstwa gumy i tworzyw sztucznych przekracza\u0142 tempo wzrostu innych bran\u017c przetw\u00f3rstwa przemys\u0142owego.W 2022 roku sumaryczny bilans handlu zagranicznego bran\u017cy tworzyw sztucznych w Polsce by\u0142 ujemny i wyni\u00f3s\u0142 1 879 tys. ton. Jednocze\u015bnie jednak wynik ten jest lepszy od rezultatu z roku 2021 dzi\u0119ki mniejszemu o ok. 0,5 mln ton importowi polimer\u00f3w i systematycznie rosn\u0105cemu eksportowi wyrob\u00f3w z tworzyw sztucznych. Stabilny, a wr\u0119cz lekko wzrastaj\u0105cy, by\u0142 tak\u017ce wsp\u00f3\u0142czynnik zatrudnienia w bran\u017cy. Niepokoj\u0105cy jest natomiast spadek tempa wzrostu ca\u0142ej bran\u017cy po chwilowym odbiciu po pandemii, szczeg\u00f3lnie w ostatnim roku 2022<em>.<\/em><\/p>\n\n\n\n<blockquote class=\"wp-block-quote has-text-align-center is-style-large is-layout-flow wp-block-quote-is-layout-flow\">\n<p>&#8222;W \u015brednim okresie (od stycznia 2019) wida\u0107 zmniejszenie tempa wzrostu produkcji sprzedanej, zar\u00f3wno w produkcji wyrob\u00f3w z gumy i tworzyw, jak i w produkcji wyrob\u00f3w chemicznych. Niedostatki rynk\u00f3w energii w ca\u0142ej Europie spowodowa\u0142y wyra\u017ane spowolnienie bran\u017c energoch\u0142onnych przemys\u0142u, w tym tak\u017ce bran\u017cy chemicznej. Dodatkowo po raz pierwszy od wielu lat w pa\u0144stwach UE27+3 import towar\u00f3w by\u0142 wi\u0119kszy od eksportu&#8221;<\/p>\n<cite> &#8211; m\u00f3wi\u0142a Anna Kozera-Sza\u0142kowska, Dyrektor Zarz\u0105dzaj\u0105ca Fundacji PlasticsEurope Polska<\/cite><\/blockquote>\n\n\n\n<p>Produkcja polimer\u00f3w, stanowi\u0105ca oko\u0142o 1\/5 ca\u0142ego przemys\u0142u chemicznego w Europie, mocno odczu\u0142a kryzys w 2. po\u0142owie ubieg\u0142ego roku. Wed\u0142ug danych Plastics Europe produkcja spada\u0142a od II kwarta\u0142u 2022 roku, a spadek ten by\u0142 szczeg\u00f3lnie g\u0142\u0119boki w III i IV kwartale (odpowiednio 12,0% i 23,7% r\/r). W skali ca\u0142ego roku spadek w stosunku do roku 2021 wyni\u00f3s\u0142 9,2%. Pomimo tego Europa pozosta\u0142a eksporterem netto polimer\u00f3w. O sytuacji dobitnie \u015bwiadczy tak\u017ce g\u0142\u0119boki spadek produkcji w Niemczech, b\u0119d\u0105cych liderem na rynku, wynosz\u0105cy o 9,7% w por\u00f3wnaniu z rokiem 2021.<\/p>\n\n\n\n<p>Podczas konferencji om\u00f3wiona zosta\u0142a tak\u017ce sytuacja bran\u017cy maszynowej. \u2013 <em>Bran\u017ca maszyn do przetw\u00f3rstwa tworzyw sztucznych i gumy odnotowa\u0142a dobry rok w 2022 r., a eksport w 2022 r. wzr\u00f3s\u0142 o prawie 9,3%. Najwa\u017cniejsze kraje to USA, Chiny, Niemcy i W\u0142ochy, Polska zaj\u0119\u0142a wysokie 7. miejsce. Przemys\u0142 tworzyw sztucznych jest w dobrej kondycji, ale wizerunek tworzyw sztucznych jest pod presj\u0105. Musimy zmierza\u0107 w kierunku gospodarki o obiegu zamkni\u0119tym i pami\u0119ta\u0107, \u017ce tworzywa sztuczne s\u0105 dobre dla klimatu. VDMA jest zdania, \u017ce tylko dzi\u0119ki wykorzystaniu nowych technologii i maszyn jeste\u015bmy w stanie osi\u0105gn\u0105\u0107 ten cel<\/em> \u2013 m\u00f3wi\u0142 Harry Reichert, Technical Advisor z VDMA.<\/p>\n\n\n\n<p><strong>W stron\u0119 cyrkularno\u015bci bran\u017cy<\/strong><\/p>\n\n\n\n<p>Por\u00f3wnuj\u0105c dane w cenach bie\u017c\u0105cych o produkcji sprzedanej sektora produkcji wyrob\u00f3w z gumy i tworzyw sztucznych w Polsce w roku 2022 i w pierwszych miesi\u0105cach roku 2023 roku, wida\u0107, \u017ce trend spadkowy z drugiej po\u0142owy 2022 roku utrzymuje si\u0119 tak\u017ce w pierwszych miesi\u0105cach bie\u017c\u0105cego roku. Nale\u017cy zatem spodziewa\u0107 si\u0119, \u017ce ca\u0142y rok b\u0119dzie trudny dla bran\u017cy tworzyw sztucznych w Polsce i Europie. Prognozy wskazuj\u0105 tak\u017ce, \u017ce europejski przemys\u0142 tworzyw sztucznych, jako jedna z bran\u017c najbardziej dotkni\u0119tych kryzysem energetycznym, a jednocze\u015bnie d\u0105\u017c\u0105ca do sprostania regulacjom klimatycznym, w nast\u0119pnych latach tak\u017ce mo\u017ce mierzy\u0107 si\u0119 z powa\u017cnymi wyzwaniami.<\/p>\n\n\n\n<blockquote class=\"wp-block-quote has-text-align-center is-style-large is-layout-flow wp-block-quote-is-layout-flow\">\n<p>&#8222;Przemys\u0142 tworzyw sztucznych od dawna zmierza do osi\u0105gni\u0119cia cel\u00f3w cyrkularno\u015bci i zeroemisyjno\u015bci. Wierzymy, \u017ce to w\u0142a\u015bnie jest droga, na kt\u00f3rej nasza bran\u017ca b\u0119dzie mog\u0142a przyczynia\u0107 si\u0119 do fundamentalnych cel\u00f3w \u015brodowiskowych, zapewnia\u0107 korzy\u015bci dla spo\u0142ecze\u0144stwa i jednocze\u015bnie dalej si\u0119 rozwija\u0107. Dlatego istotna jest pe\u0142na koncentracja na wytyczonych d\u0105\u017ceniach, dotrzymywaniu zobowi\u0105za\u0144 i zaanga\u017cowaniu w inicjatywy bran\u017cy, takie jak Operation Clean Sweep\u00ae\u201d<\/p>\n<cite>\u00a0&#8211; przekonuje Anna Kozera-Sza\u0142kowska.<\/cite><\/blockquote>\n\n\n\n<p>OCS\u00ae to dobrowolny program bran\u017cy wspieraj\u0105cy firmy w walce z wyciekami granulatu do \u015brodowiska, kt\u00f3ry r\u00f3wnie\u017c by\u0142 wa\u017cnym tematem tegorocznych Targ\u00f3w PLASTPOL. Zapewnia praktyczne narz\u0119dzia do osi\u0105gni\u0119cia celu, jakim jest ca\u0142kowite zatrzymanie przedostawania si\u0119 granulatu tworzyw sztucznych do ekosystem\u00f3w w ka\u017cdym procesie zwi\u0105zanym z produkcj\u0105, przetw\u00f3rstwem i transportem tworzyw.<\/p>\n\n\n\n<p><\/p>\n","protected":false},"excerpt":{"rendered":"<p>Fundacja PlasticsEurope Polska, reprezentuj\u0105ca producent\u00f3w tworzyw sztucznych w Polsce, tradycyjnie ju\u017c podczas Targ\u00f3w Przetw\u00f3rstwa Tworzyw Sztucznych i Gumy PLASTPOL przedstawi\u0142a\u2026<\/p>\n","protected":false},"author":26,"featured_media":1413,"comment_status":"open","ping_status":"open","sticky":false,"template":"","format":"standard","meta":{"footnotes":""},"categories":[8,7],"tags":[],"class_list":["post-1411","post","type-post","status-publish","format-standard","has-post-thumbnail","hentry","category-aktualnosci","category-informacje-prasowe"],"acf":[],"yoast_head":"<!-- This site is optimized with the Yoast SEO plugin v21.6 - https:\/\/yoast.com\/wordpress\/plugins\/seo\/ -->\n<title>Rynek tworzyw sztucznych w Polsce i Europie \u2013 wysoka \u015brednia roczna stopa wzrostu, ale ni\u017csze tempo od po\u0142owy 2022 roku - Plastics Europe PL<\/title>\n<meta name=\"robots\" content=\"index, follow, max-snippet:-1, max-image-preview:large, max-video-preview:-1\" \/>\n<link rel=\"canonical\" href=\"https:\/\/plasticseurope.org\/pl\/2023\/05\/24\/rynek-tworzyw-sztucznych-w-polsce-i-europie-wysoka-srednia-roczna-stopa-wzrostu-ale-nizsze-tempo-od-polowy-2022-roku\/\" \/>\n<meta property=\"og:locale\" content=\"pl_PL\" \/>\n<meta property=\"og:type\" content=\"article\" \/>\n<meta property=\"og:title\" content=\"Rynek tworzyw sztucznych w Polsce i Europie \u2013 wysoka \u015brednia roczna stopa wzrostu, ale ni\u017csze tempo od po\u0142owy 2022 roku - Plastics Europe PL\" \/>\n<meta property=\"og:description\" content=\"Fundacja PlasticsEurope Polska, reprezentuj\u0105ca producent\u00f3w tworzyw sztucznych w Polsce, tradycyjnie ju\u017c podczas Targ\u00f3w Przetw\u00f3rstwa Tworzyw Sztucznych i Gumy PLASTPOL przedstawi\u0142a\u2026\" \/>\n<meta property=\"og:url\" content=\"https:\/\/plasticseurope.org\/pl\/2023\/05\/24\/rynek-tworzyw-sztucznych-w-polsce-i-europie-wysoka-srednia-roczna-stopa-wzrostu-ale-nizsze-tempo-od-polowy-2022-roku\/\" \/>\n<meta property=\"og:site_name\" content=\"Plastics Europe PL\" \/>\n<meta property=\"article:published_time\" content=\"2023-05-24T08:42:33+00:00\" \/>\n<meta property=\"article:modified_time\" content=\"2023-05-24T08:42:34+00:00\" \/>\n<meta property=\"og:image\" content=\"https:\/\/plasticseurope.org\/pl\/wp-content\/uploads\/sites\/7\/2023\/05\/20230523_105951_ed-scaled.jpg\" \/>\n\t<meta property=\"og:image:width\" content=\"2560\" \/>\n\t<meta property=\"og:image:height\" content=\"1920\" \/>\n\t<meta property=\"og:image:type\" content=\"image\/jpeg\" \/>\n<meta name=\"author\" content=\"weronikawertelecka\" \/>\n<meta name=\"twitter:card\" content=\"summary_large_image\" \/>\n<meta name=\"twitter:label1\" content=\"Napisane przez\" \/>\n\t<meta name=\"twitter:data1\" content=\"weronikawertelecka\" \/>\n\t<meta name=\"twitter:label2\" content=\"Szacowany czas czytania\" \/>\n\t<meta name=\"twitter:data2\" content=\"5 minut\" \/>\n<script type=\"application\/ld+json\" class=\"yoast-schema-graph\">{\"@context\":\"https:\/\/schema.org\",\"@graph\":[{\"@type\":\"WebPage\",\"@id\":\"https:\/\/plasticseurope.org\/pl\/2023\/05\/24\/rynek-tworzyw-sztucznych-w-polsce-i-europie-wysoka-srednia-roczna-stopa-wzrostu-ale-nizsze-tempo-od-polowy-2022-roku\/\",\"url\":\"https:\/\/plasticseurope.org\/pl\/2023\/05\/24\/rynek-tworzyw-sztucznych-w-polsce-i-europie-wysoka-srednia-roczna-stopa-wzrostu-ale-nizsze-tempo-od-polowy-2022-roku\/\",\"name\":\"Rynek tworzyw sztucznych w Polsce i Europie \u2013 wysoka \u015brednia roczna stopa wzrostu, ale ni\u017csze tempo od po\u0142owy 2022 roku - Plastics Europe PL\",\"isPartOf\":{\"@id\":\"https:\/\/plasticseurope.org\/pl\/#website\"},\"datePublished\":\"2023-05-24T08:42:33+00:00\",\"dateModified\":\"2023-05-24T08:42:34+00:00\",\"author\":{\"@id\":\"https:\/\/plasticseurope.org\/pl\/#\/schema\/person\/eb8bc49b972c1bf917d75189faf08de2\"},\"breadcrumb\":{\"@id\":\"https:\/\/plasticseurope.org\/pl\/2023\/05\/24\/rynek-tworzyw-sztucznych-w-polsce-i-europie-wysoka-srednia-roczna-stopa-wzrostu-ale-nizsze-tempo-od-polowy-2022-roku\/#breadcrumb\"},\"inLanguage\":\"pl-PL\",\"potentialAction\":[{\"@type\":\"ReadAction\",\"target\":[\"https:\/\/plasticseurope.org\/pl\/2023\/05\/24\/rynek-tworzyw-sztucznych-w-polsce-i-europie-wysoka-srednia-roczna-stopa-wzrostu-ale-nizsze-tempo-od-polowy-2022-roku\/\"]}]},{\"@type\":\"BreadcrumbList\",\"@id\":\"https:\/\/plasticseurope.org\/pl\/2023\/05\/24\/rynek-tworzyw-sztucznych-w-polsce-i-europie-wysoka-srednia-roczna-stopa-wzrostu-ale-nizsze-tempo-od-polowy-2022-roku\/#breadcrumb\",\"itemListElement\":[{\"@type\":\"ListItem\",\"position\":1,\"name\":\"Home\",\"item\":\"https:\/\/plasticseurope.org\/pl\/\"},{\"@type\":\"ListItem\",\"position\":2,\"name\":\"Rynek tworzyw sztucznych w Polsce i Europie \u2013 wysoka \u015brednia roczna stopa wzrostu, ale ni\u017csze tempo od po\u0142owy 2022 roku\"}]},{\"@type\":\"WebSite\",\"@id\":\"https:\/\/plasticseurope.org\/pl\/#website\",\"url\":\"https:\/\/plasticseurope.org\/pl\/\",\"name\":\"Plastics Europe PL\",\"description\":\"Enabling a sustainable future\",\"potentialAction\":[{\"@type\":\"SearchAction\",\"target\":{\"@type\":\"EntryPoint\",\"urlTemplate\":\"https:\/\/plasticseurope.org\/pl\/?s={search_term_string}\"},\"query-input\":\"required name=search_term_string\"}],\"inLanguage\":\"pl-PL\"},{\"@type\":\"Person\",\"@id\":\"https:\/\/plasticseurope.org\/pl\/#\/schema\/person\/eb8bc49b972c1bf917d75189faf08de2\",\"name\":\"weronikawertelecka\",\"image\":{\"@type\":\"ImageObject\",\"inLanguage\":\"pl-PL\",\"@id\":\"https:\/\/plasticseurope.org\/pl\/#\/schema\/person\/image\/\",\"url\":\"https:\/\/secure.gravatar.com\/avatar\/b77bd41dca7b0bc15a404ed3905803a55c9ffe3d8ddcbc2b7864ab054167d18a?s=96&d=mm&r=g\",\"contentUrl\":\"https:\/\/secure.gravatar.com\/avatar\/b77bd41dca7b0bc15a404ed3905803a55c9ffe3d8ddcbc2b7864ab054167d18a?s=96&d=mm&r=g\",\"caption\":\"weronikawertelecka\"},\"url\":\"https:\/\/plasticseurope.org\/pl\/author\/weronikawertelecka\/\"}]}<\/script>\n<!-- \/ Yoast SEO plugin. -->","yoast_head_json":{"title":"Rynek tworzyw sztucznych w Polsce i Europie \u2013 wysoka \u015brednia roczna stopa wzrostu, ale ni\u017csze tempo od po\u0142owy 2022 roku - Plastics Europe PL","robots":{"index":"index","follow":"follow","max-snippet":"max-snippet:-1","max-image-preview":"max-image-preview:large","max-video-preview":"max-video-preview:-1"},"canonical":"https:\/\/plasticseurope.org\/pl\/2023\/05\/24\/rynek-tworzyw-sztucznych-w-polsce-i-europie-wysoka-srednia-roczna-stopa-wzrostu-ale-nizsze-tempo-od-polowy-2022-roku\/","og_locale":"pl_PL","og_type":"article","og_title":"Rynek tworzyw sztucznych w Polsce i Europie \u2013 wysoka \u015brednia roczna stopa wzrostu, ale ni\u017csze tempo od po\u0142owy 2022 roku - Plastics Europe PL","og_description":"Fundacja PlasticsEurope Polska, reprezentuj\u0105ca producent\u00f3w tworzyw sztucznych w Polsce, tradycyjnie ju\u017c podczas Targ\u00f3w Przetw\u00f3rstwa Tworzyw Sztucznych i Gumy PLASTPOL przedstawi\u0142a\u2026","og_url":"https:\/\/plasticseurope.org\/pl\/2023\/05\/24\/rynek-tworzyw-sztucznych-w-polsce-i-europie-wysoka-srednia-roczna-stopa-wzrostu-ale-nizsze-tempo-od-polowy-2022-roku\/","og_site_name":"Plastics Europe PL","article_published_time":"2023-05-24T08:42:33+00:00","article_modified_time":"2023-05-24T08:42:34+00:00","og_image":[{"width":2560,"height":1920,"url":"https:\/\/plasticseurope.org\/pl\/wp-content\/uploads\/sites\/7\/2023\/05\/20230523_105951_ed-scaled.jpg","type":"image\/jpeg"}],"author":"weronikawertelecka","twitter_card":"summary_large_image","twitter_misc":{"Napisane przez":"weronikawertelecka","Szacowany czas czytania":"5 minut"},"schema":{"@context":"https:\/\/schema.org","@graph":[{"@type":"WebPage","@id":"https:\/\/plasticseurope.org\/pl\/2023\/05\/24\/rynek-tworzyw-sztucznych-w-polsce-i-europie-wysoka-srednia-roczna-stopa-wzrostu-ale-nizsze-tempo-od-polowy-2022-roku\/","url":"https:\/\/plasticseurope.org\/pl\/2023\/05\/24\/rynek-tworzyw-sztucznych-w-polsce-i-europie-wysoka-srednia-roczna-stopa-wzrostu-ale-nizsze-tempo-od-polowy-2022-roku\/","name":"Rynek tworzyw sztucznych w Polsce i Europie \u2013 wysoka \u015brednia roczna stopa wzrostu, ale ni\u017csze tempo od po\u0142owy 2022 roku - Plastics Europe PL","isPartOf":{"@id":"https:\/\/plasticseurope.org\/pl\/#website"},"datePublished":"2023-05-24T08:42:33+00:00","dateModified":"2023-05-24T08:42:34+00:00","author":{"@id":"https:\/\/plasticseurope.org\/pl\/#\/schema\/person\/eb8bc49b972c1bf917d75189faf08de2"},"breadcrumb":{"@id":"https:\/\/plasticseurope.org\/pl\/2023\/05\/24\/rynek-tworzyw-sztucznych-w-polsce-i-europie-wysoka-srednia-roczna-stopa-wzrostu-ale-nizsze-tempo-od-polowy-2022-roku\/#breadcrumb"},"inLanguage":"pl-PL","potentialAction":[{"@type":"ReadAction","target":["https:\/\/plasticseurope.org\/pl\/2023\/05\/24\/rynek-tworzyw-sztucznych-w-polsce-i-europie-wysoka-srednia-roczna-stopa-wzrostu-ale-nizsze-tempo-od-polowy-2022-roku\/"]}]},{"@type":"BreadcrumbList","@id":"https:\/\/plasticseurope.org\/pl\/2023\/05\/24\/rynek-tworzyw-sztucznych-w-polsce-i-europie-wysoka-srednia-roczna-stopa-wzrostu-ale-nizsze-tempo-od-polowy-2022-roku\/#breadcrumb","itemListElement":[{"@type":"ListItem","position":1,"name":"Home","item":"https:\/\/plasticseurope.org\/pl\/"},{"@type":"ListItem","position":2,"name":"Rynek tworzyw sztucznych w Polsce i Europie \u2013 wysoka \u015brednia roczna stopa wzrostu, ale ni\u017csze tempo od po\u0142owy 2022 roku"}]},{"@type":"WebSite","@id":"https:\/\/plasticseurope.org\/pl\/#website","url":"https:\/\/plasticseurope.org\/pl\/","name":"Plastics Europe PL","description":"Enabling a sustainable future","potentialAction":[{"@type":"SearchAction","target":{"@type":"EntryPoint","urlTemplate":"https:\/\/plasticseurope.org\/pl\/?s={search_term_string}"},"query-input":"required name=search_term_string"}],"inLanguage":"pl-PL"},{"@type":"Person","@id":"https:\/\/plasticseurope.org\/pl\/#\/schema\/person\/eb8bc49b972c1bf917d75189faf08de2","name":"weronikawertelecka","image":{"@type":"ImageObject","inLanguage":"pl-PL","@id":"https:\/\/plasticseurope.org\/pl\/#\/schema\/person\/image\/","url":"https:\/\/secure.gravatar.com\/avatar\/b77bd41dca7b0bc15a404ed3905803a55c9ffe3d8ddcbc2b7864ab054167d18a?s=96&d=mm&r=g","contentUrl":"https:\/\/secure.gravatar.com\/avatar\/b77bd41dca7b0bc15a404ed3905803a55c9ffe3d8ddcbc2b7864ab054167d18a?s=96&d=mm&r=g","caption":"weronikawertelecka"},"url":"https:\/\/plasticseurope.org\/pl\/author\/weronikawertelecka\/"}]}},"_links":{"self":[{"href":"https:\/\/plasticseurope.org\/pl\/wp-json\/wp\/v2\/posts\/1411","targetHints":{"allow":["GET"]}}],"collection":[{"href":"https:\/\/plasticseurope.org\/pl\/wp-json\/wp\/v2\/posts"}],"about":[{"href":"https:\/\/plasticseurope.org\/pl\/wp-json\/wp\/v2\/types\/post"}],"author":[{"embeddable":true,"href":"https:\/\/plasticseurope.org\/pl\/wp-json\/wp\/v2\/users\/26"}],"replies":[{"embeddable":true,"href":"https:\/\/plasticseurope.org\/pl\/wp-json\/wp\/v2\/comments?post=1411"}],"version-history":[{"count":0,"href":"https:\/\/plasticseurope.org\/pl\/wp-json\/wp\/v2\/posts\/1411\/revisions"}],"wp:featuredmedia":[{"embeddable":true,"href":"https:\/\/plasticseurope.org\/pl\/wp-json\/wp\/v2\/media\/1413"}],"wp:attachment":[{"href":"https:\/\/plasticseurope.org\/pl\/wp-json\/wp\/v2\/media?parent=1411"}],"wp:term":[{"taxonomy":"category","embeddable":true,"href":"https:\/\/plasticseurope.org\/pl\/wp-json\/wp\/v2\/categories?post=1411"},{"taxonomy":"post_tag","embeddable":true,"href":"https:\/\/plasticseurope.org\/pl\/wp-json\/wp\/v2\/tags?post=1411"}],"curies":[{"name":"wp","href":"https:\/\/api.w.org\/{rel}","templated":true}]}}