{"id":12994,"date":"2026-04-28T08:44:58","date_gmt":"2026-04-28T08:44:58","guid":{"rendered":"https:\/\/plasticseurope.org\/pl\/?p=12994"},"modified":"2026-04-28T08:49:12","modified_gmt":"2026-04-28T08:49:12","slug":"nowy-raport-tworzywa-sztuczne-w-obiegu-zamknietym-analiza-sytuacji-w-europie-2026","status":"publish","type":"post","link":"https:\/\/plasticseurope.org\/pl\/2026\/04\/28\/nowy-raport-tworzywa-sztuczne-w-obiegu-zamknietym-analiza-sytuacji-w-europie-2026\/","title":{"rendered":"Nowy raport \u201eTworzywa sztuczne w obiegu zamkni\u0119tym \u2013 analiza sytuacji w Europie 2026\u201d [premiera 19-ego maja 2026 r.]"},"content":{"rendered":"\n<p class=\"has-x-large-font-size\"><strong><mark style=\"background-color:#FF9745\" class=\"has-inline-color has-white-color\">\u23f3PREMIERA RAPORTU 19-EGO MAJA 2026 R. \u23f3<\/mark><\/strong><\/p>\n\n\n\n<div class=\"wp-block-columns is-layout-flex wp-container-core-columns-is-layout-28f84493 wp-block-columns-is-layout-flex\">\n<div class=\"wp-block-column is-layout-flow wp-block-column-is-layout-flow\" style=\"flex-basis:66.66%\">\n<figure class=\"wp-block-image size-large\"><img loading=\"lazy\" decoding=\"async\" width=\"1024\" height=\"576\" src=\"https:\/\/plasticseurope.org\/pl\/wp-content\/uploads\/sites\/7\/2026\/04\/2735267_CircularityReportBanners_1754X986_2_041026-1024x576.png\" alt=\"\" class=\"wp-image-12995\" srcset=\"https:\/\/plasticseurope.org\/pl\/wp-content\/uploads\/sites\/7\/2026\/04\/2735267_CircularityReportBanners_1754X986_2_041026-1024x576.png 1024w, https:\/\/plasticseurope.org\/pl\/wp-content\/uploads\/sites\/7\/2026\/04\/2735267_CircularityReportBanners_1754X986_2_041026-300x169.png 300w, https:\/\/plasticseurope.org\/pl\/wp-content\/uploads\/sites\/7\/2026\/04\/2735267_CircularityReportBanners_1754X986_2_041026-768x432.png 768w, https:\/\/plasticseurope.org\/pl\/wp-content\/uploads\/sites\/7\/2026\/04\/2735267_CircularityReportBanners_1754X986_2_041026-1536x863.png 1536w, https:\/\/plasticseurope.org\/pl\/wp-content\/uploads\/sites\/7\/2026\/04\/2735267_CircularityReportBanners_1754X986_2_041026-1280x720.png 1280w, https:\/\/plasticseurope.org\/pl\/wp-content\/uploads\/sites\/7\/2026\/04\/2735267_CircularityReportBanners_1754X986_2_041026.png 1754w\" sizes=\"auto, (max-width: 1024px) 100vw, 1024px\" \/><\/figure>\n<\/div>\n<\/div>\n\n\n\n<p><strong>O raporcie<\/strong><\/p>\n\n\n\n<p>Publikowany co dwa lata raport \u201eTworzywa sztuczne w obiegu zamkni\u0119tym \u2013 analiza sytuacji w Europie\u201d zawiera przegl\u0105d danych na temat europejskiego systemu tworzyw sztucznych, obejmuj\u0105cych produkcj\u0119 tworzyw z surowc\u00f3w kopalnych i cyrkularnych, ich wykorzystanie oraz zagospodarowanie odpad\u00f3w tworzyw.<\/p>\n\n\n\n<p><strong>Kontakt dla prasy<\/strong><\/p>\n\n\n\n<p>Weronika \u015amigasiewicz<br>Communications Manager<br>Kom.+48 604 289 848<br>weronika.smigasiewicz@plasticseurope.org<\/p>\n\n\n\n<p><\/p>\n","protected":false},"excerpt":{"rendered":"<p>\u201cTworzywa sztuczne w obiegu zamkni\u0119tym\u201d \u2013 trzecia edycja raportu Plastics Europe ju\u017c dost\u0119pna<\/p>\n","protected":false},"author":26,"featured_media":12996,"comment_status":"open","ping_status":"open","sticky":false,"template":"","format":"standard","meta":{"footnotes":""},"categories":[7],"tags":[31,32,23,30],"class_list":["post-12994","post","type-post","status-publish","format-standard","has-post-thumbnail","hentry","category-informacje-prasowe","tag-cyrkularnosc","tag-goz","tag-recykling","tag-tworzywa"],"acf":[],"yoast_head":"<!-- This site is optimized with the Yoast SEO plugin v21.6 - https:\/\/yoast.com\/wordpress\/plugins\/seo\/ -->\n<title>Nowy raport \u201eTworzywa sztuczne w obiegu zamkni\u0119tym \u2013 analiza sytuacji w Europie 2026\u201d [premiera 19-ego maja 2026 r.] - Plastics Europe PL<\/title>\n<meta name=\"robots\" content=\"index, follow, max-snippet:-1, max-image-preview:large, max-video-preview:-1\" \/>\n<link rel=\"canonical\" href=\"https:\/\/plasticseurope.org\/pl\/2026\/04\/28\/nowy-raport-tworzywa-sztuczne-w-obiegu-zamknietym-analiza-sytuacji-w-europie-2026\/\" \/>\n<meta property=\"og:locale\" content=\"pl_PL\" \/>\n<meta property=\"og:type\" content=\"article\" \/>\n<meta property=\"og:title\" content=\"Nowy raport \u201eTworzywa sztuczne w obiegu zamkni\u0119tym \u2013 analiza sytuacji w Europie 2026\u201d [premiera 19-ego maja 2026 r.] - Plastics Europe PL\" \/>\n<meta property=\"og:description\" content=\"\u201cTworzywa sztuczne w obiegu zamkni\u0119tym\u201d \u2013 trzecia edycja raportu Plastics Europe ju\u017c dost\u0119pna\" \/>\n<meta property=\"og:url\" content=\"https:\/\/plasticseurope.org\/pl\/2026\/04\/28\/nowy-raport-tworzywa-sztuczne-w-obiegu-zamknietym-analiza-sytuacji-w-europie-2026\/\" \/>\n<meta property=\"og:site_name\" content=\"Plastics Europe PL\" \/>\n<meta property=\"article:published_time\" content=\"2026-04-28T08:44:58+00:00\" \/>\n<meta property=\"article:modified_time\" content=\"2026-04-28T08:49:12+00:00\" \/>\n<meta property=\"og:image\" content=\"https:\/\/plasticseurope.org\/pl\/wp-content\/uploads\/sites\/7\/2026\/04\/2735267_CircularityReportBanners_1754X986_2_041026-1.png\" \/>\n\t<meta property=\"og:image:width\" content=\"1754\" \/>\n\t<meta property=\"og:image:height\" content=\"986\" \/>\n\t<meta property=\"og:image:type\" content=\"image\/png\" \/>\n<meta name=\"author\" content=\"weronikawertelecka\" \/>\n<meta name=\"twitter:card\" content=\"summary_large_image\" \/>\n<meta name=\"twitter:label1\" content=\"Napisane przez\" \/>\n\t<meta name=\"twitter:data1\" content=\"weronikawertelecka\" \/>\n\t<meta name=\"twitter:label2\" content=\"Szacowany czas czytania\" \/>\n\t<meta name=\"twitter:data2\" content=\"1 minuta\" \/>\n<script type=\"application\/ld+json\" class=\"yoast-schema-graph\">{\"@context\":\"https:\/\/schema.org\",\"@graph\":[{\"@type\":\"WebPage\",\"@id\":\"https:\/\/plasticseurope.org\/pl\/2026\/04\/28\/nowy-raport-tworzywa-sztuczne-w-obiegu-zamknietym-analiza-sytuacji-w-europie-2026\/\",\"url\":\"https:\/\/plasticseurope.org\/pl\/2026\/04\/28\/nowy-raport-tworzywa-sztuczne-w-obiegu-zamknietym-analiza-sytuacji-w-europie-2026\/\",\"name\":\"Nowy raport \u201eTworzywa sztuczne w obiegu zamkni\u0119tym \u2013 analiza sytuacji w Europie 2026\u201d [premiera 19-ego maja 2026 r.] - Plastics Europe PL\",\"isPartOf\":{\"@id\":\"https:\/\/plasticseurope.org\/pl\/#website\"},\"datePublished\":\"2026-04-28T08:44:58+00:00\",\"dateModified\":\"2026-04-28T08:49:12+00:00\",\"author\":{\"@id\":\"https:\/\/plasticseurope.org\/pl\/#\/schema\/person\/eb8bc49b972c1bf917d75189faf08de2\"},\"breadcrumb\":{\"@id\":\"https:\/\/plasticseurope.org\/pl\/2026\/04\/28\/nowy-raport-tworzywa-sztuczne-w-obiegu-zamknietym-analiza-sytuacji-w-europie-2026\/#breadcrumb\"},\"inLanguage\":\"pl-PL\",\"potentialAction\":[{\"@type\":\"ReadAction\",\"target\":[\"https:\/\/plasticseurope.org\/pl\/2026\/04\/28\/nowy-raport-tworzywa-sztuczne-w-obiegu-zamknietym-analiza-sytuacji-w-europie-2026\/\"]}]},{\"@type\":\"BreadcrumbList\",\"@id\":\"https:\/\/plasticseurope.org\/pl\/2026\/04\/28\/nowy-raport-tworzywa-sztuczne-w-obiegu-zamknietym-analiza-sytuacji-w-europie-2026\/#breadcrumb\",\"itemListElement\":[{\"@type\":\"ListItem\",\"position\":1,\"name\":\"Home\",\"item\":\"https:\/\/plasticseurope.org\/pl\/\"},{\"@type\":\"ListItem\",\"position\":2,\"name\":\"Nowy raport \u201eTworzywa sztuczne w obiegu zamkni\u0119tym \u2013 analiza sytuacji w Europie 2026\u201d [premiera 19-ego maja 2026 r.]\"}]},{\"@type\":\"WebSite\",\"@id\":\"https:\/\/plasticseurope.org\/pl\/#website\",\"url\":\"https:\/\/plasticseurope.org\/pl\/\",\"name\":\"Plastics Europe PL\",\"description\":\"Enabling a sustainable future\",\"potentialAction\":[{\"@type\":\"SearchAction\",\"target\":{\"@type\":\"EntryPoint\",\"urlTemplate\":\"https:\/\/plasticseurope.org\/pl\/?s={search_term_string}\"},\"query-input\":\"required name=search_term_string\"}],\"inLanguage\":\"pl-PL\"},{\"@type\":\"Person\",\"@id\":\"https:\/\/plasticseurope.org\/pl\/#\/schema\/person\/eb8bc49b972c1bf917d75189faf08de2\",\"name\":\"weronikawertelecka\",\"image\":{\"@type\":\"ImageObject\",\"inLanguage\":\"pl-PL\",\"@id\":\"https:\/\/plasticseurope.org\/pl\/#\/schema\/person\/image\/\",\"url\":\"https:\/\/secure.gravatar.com\/avatar\/b77bd41dca7b0bc15a404ed3905803a55c9ffe3d8ddcbc2b7864ab054167d18a?s=96&d=mm&r=g\",\"contentUrl\":\"https:\/\/secure.gravatar.com\/avatar\/b77bd41dca7b0bc15a404ed3905803a55c9ffe3d8ddcbc2b7864ab054167d18a?s=96&d=mm&r=g\",\"caption\":\"weronikawertelecka\"},\"url\":\"https:\/\/plasticseurope.org\/pl\/author\/weronikawertelecka\/\"}]}<\/script>\n<!-- \/ Yoast SEO plugin. -->","yoast_head_json":{"title":"Nowy raport \u201eTworzywa sztuczne w obiegu zamkni\u0119tym \u2013 analiza sytuacji w Europie 2026\u201d [premiera 19-ego maja 2026 r.] - Plastics Europe PL","robots":{"index":"index","follow":"follow","max-snippet":"max-snippet:-1","max-image-preview":"max-image-preview:large","max-video-preview":"max-video-preview:-1"},"canonical":"https:\/\/plasticseurope.org\/pl\/2026\/04\/28\/nowy-raport-tworzywa-sztuczne-w-obiegu-zamknietym-analiza-sytuacji-w-europie-2026\/","og_locale":"pl_PL","og_type":"article","og_title":"Nowy raport \u201eTworzywa sztuczne w obiegu zamkni\u0119tym \u2013 analiza sytuacji w Europie 2026\u201d [premiera 19-ego maja 2026 r.] - Plastics Europe PL","og_description":"\u201cTworzywa sztuczne w obiegu zamkni\u0119tym\u201d \u2013 trzecia edycja raportu Plastics Europe ju\u017c dost\u0119pna","og_url":"https:\/\/plasticseurope.org\/pl\/2026\/04\/28\/nowy-raport-tworzywa-sztuczne-w-obiegu-zamknietym-analiza-sytuacji-w-europie-2026\/","og_site_name":"Plastics Europe PL","article_published_time":"2026-04-28T08:44:58+00:00","article_modified_time":"2026-04-28T08:49:12+00:00","og_image":[{"width":1754,"height":986,"url":"https:\/\/plasticseurope.org\/pl\/wp-content\/uploads\/sites\/7\/2026\/04\/2735267_CircularityReportBanners_1754X986_2_041026-1.png","type":"image\/png"}],"author":"weronikawertelecka","twitter_card":"summary_large_image","twitter_misc":{"Napisane przez":"weronikawertelecka","Szacowany czas czytania":"1 minuta"},"schema":{"@context":"https:\/\/schema.org","@graph":[{"@type":"WebPage","@id":"https:\/\/plasticseurope.org\/pl\/2026\/04\/28\/nowy-raport-tworzywa-sztuczne-w-obiegu-zamknietym-analiza-sytuacji-w-europie-2026\/","url":"https:\/\/plasticseurope.org\/pl\/2026\/04\/28\/nowy-raport-tworzywa-sztuczne-w-obiegu-zamknietym-analiza-sytuacji-w-europie-2026\/","name":"Nowy raport \u201eTworzywa sztuczne w obiegu zamkni\u0119tym \u2013 analiza sytuacji w Europie 2026\u201d [premiera 19-ego maja 2026 r.] - Plastics Europe PL","isPartOf":{"@id":"https:\/\/plasticseurope.org\/pl\/#website"},"datePublished":"2026-04-28T08:44:58+00:00","dateModified":"2026-04-28T08:49:12+00:00","author":{"@id":"https:\/\/plasticseurope.org\/pl\/#\/schema\/person\/eb8bc49b972c1bf917d75189faf08de2"},"breadcrumb":{"@id":"https:\/\/plasticseurope.org\/pl\/2026\/04\/28\/nowy-raport-tworzywa-sztuczne-w-obiegu-zamknietym-analiza-sytuacji-w-europie-2026\/#breadcrumb"},"inLanguage":"pl-PL","potentialAction":[{"@type":"ReadAction","target":["https:\/\/plasticseurope.org\/pl\/2026\/04\/28\/nowy-raport-tworzywa-sztuczne-w-obiegu-zamknietym-analiza-sytuacji-w-europie-2026\/"]}]},{"@type":"BreadcrumbList","@id":"https:\/\/plasticseurope.org\/pl\/2026\/04\/28\/nowy-raport-tworzywa-sztuczne-w-obiegu-zamknietym-analiza-sytuacji-w-europie-2026\/#breadcrumb","itemListElement":[{"@type":"ListItem","position":1,"name":"Home","item":"https:\/\/plasticseurope.org\/pl\/"},{"@type":"ListItem","position":2,"name":"Nowy raport \u201eTworzywa sztuczne w obiegu zamkni\u0119tym \u2013 analiza sytuacji w Europie 2026\u201d [premiera 19-ego maja 2026 r.]"}]},{"@type":"WebSite","@id":"https:\/\/plasticseurope.org\/pl\/#website","url":"https:\/\/plasticseurope.org\/pl\/","name":"Plastics Europe PL","description":"Enabling a sustainable future","potentialAction":[{"@type":"SearchAction","target":{"@type":"EntryPoint","urlTemplate":"https:\/\/plasticseurope.org\/pl\/?s={search_term_string}"},"query-input":"required name=search_term_string"}],"inLanguage":"pl-PL"},{"@type":"Person","@id":"https:\/\/plasticseurope.org\/pl\/#\/schema\/person\/eb8bc49b972c1bf917d75189faf08de2","name":"weronikawertelecka","image":{"@type":"ImageObject","inLanguage":"pl-PL","@id":"https:\/\/plasticseurope.org\/pl\/#\/schema\/person\/image\/","url":"https:\/\/secure.gravatar.com\/avatar\/b77bd41dca7b0bc15a404ed3905803a55c9ffe3d8ddcbc2b7864ab054167d18a?s=96&d=mm&r=g","contentUrl":"https:\/\/secure.gravatar.com\/avatar\/b77bd41dca7b0bc15a404ed3905803a55c9ffe3d8ddcbc2b7864ab054167d18a?s=96&d=mm&r=g","caption":"weronikawertelecka"},"url":"https:\/\/plasticseurope.org\/pl\/author\/weronikawertelecka\/"}]}},"_links":{"self":[{"href":"https:\/\/plasticseurope.org\/pl\/wp-json\/wp\/v2\/posts\/12994","targetHints":{"allow":["GET"]}}],"collection":[{"href":"https:\/\/plasticseurope.org\/pl\/wp-json\/wp\/v2\/posts"}],"about":[{"href":"https:\/\/plasticseurope.org\/pl\/wp-json\/wp\/v2\/types\/post"}],"author":[{"embeddable":true,"href":"https:\/\/plasticseurope.org\/pl\/wp-json\/wp\/v2\/users\/26"}],"replies":[{"embeddable":true,"href":"https:\/\/plasticseurope.org\/pl\/wp-json\/wp\/v2\/comments?post=12994"}],"version-history":[{"count":0,"href":"https:\/\/plasticseurope.org\/pl\/wp-json\/wp\/v2\/posts\/12994\/revisions"}],"wp:featuredmedia":[{"embeddable":true,"href":"https:\/\/plasticseurope.org\/pl\/wp-json\/wp\/v2\/media\/12996"}],"wp:attachment":[{"href":"https:\/\/plasticseurope.org\/pl\/wp-json\/wp\/v2\/media?parent=12994"}],"wp:term":[{"taxonomy":"category","embeddable":true,"href":"https:\/\/plasticseurope.org\/pl\/wp-json\/wp\/v2\/categories?post=12994"},{"taxonomy":"post_tag","embeddable":true,"href":"https:\/\/plasticseurope.org\/pl\/wp-json\/wp\/v2\/tags?post=12994"}],"curies":[{"name":"wp","href":"https:\/\/api.w.org\/{rel}","templated":true}]}}