{"id":1199,"date":"2022-10-20T10:58:13","date_gmt":"2022-10-20T10:58:13","guid":{"rendered":"https:\/\/plasticseurope.wpenginepowered.com\/pl\/?p=1199"},"modified":"2022-12-20T08:58:28","modified_gmt":"2022-12-20T08:58:28","slug":"postep-branzy-tworzyw-sztucznych-w-dazeniu-do-cyrkularnosci-i-zeroemisyjnosci","status":"publish","type":"post","link":"https:\/\/plasticseurope.org\/pl\/2022\/10\/20\/postep-branzy-tworzyw-sztucznych-w-dazeniu-do-cyrkularnosci-i-zeroemisyjnosci\/","title":{"rendered":"Post\u0119p bran\u017cy tworzyw sztucznych w d\u0105\u017ceniu do cyrkularno\u015bci i zeroemisyjno\u015bci"},"content":{"rendered":"\n<p><\/p>\n\n\n\n<div style=\"height:16px\" aria-hidden=\"true\" class=\"wp-block-spacer\"><\/div>\n\n\n\n<p><\/p>\n\n\n\n<p>Przyspieszenie tempa zmian jest kluczowe dla tej dwutorowej transformacji przemys\u0142u.<\/p>\n\n\n\n<p>W opublikowanym dzi\u015b dorocznym raporcie \u201e<a href=\"https:\/\/plasticseurope.org\/knowledge-hub\/plastics-the-facts-2022\/\" target=\"_blank\" rel=\"noreferrer noopener\">Plastics the Facts 2022\u00a0<\/a>\u201d (<a href=\"https:\/\/plasticseurope.org\/pl\/knowledge-hub\/tworzywa-fakty-2022\/\" target=\"_blank\" rel=\"noreferrer noopener\">\u201eTworzywa \u2013 Fakty 2022\u201d<\/a>), Plastics Europe og\u0142asza 20 proc. wzrost wykorzystania recyklat\u00f3w do produkcji wyrob\u00f3w w roku 2021 w por\u00f3wnaniu z rokiem 2020. Jednocze\u015bnie zawarto\u015b\u0107 recyklat\u00f3w w produktach wynios\u0142a 10%. Wynik ten potwierdza zaanga\u017cowanie bran\u017cy tworzyw sztucznych w przyspieszenie transformacji w kierunku cyrkularno\u015bci i zeroemisyjno\u015bci.<\/p>\n\n\n\n<p>Recykling chemiczny, jako rozwi\u0105zanie komplementarne dla recyklingu mechanicznego, jest najwa\u017cniejszym elementem stymuluj\u0105cym recykling oraz osi\u0105gni\u0119cie cel\u00f3w zr\u00f3wnowa\u017conego rozwoju. Pomimo tego \u017ce zapotrzebowanie na recyklaty jest wi\u0119ksze ni\u017c ich dost\u0119pno\u015b\u0107, co jest czynnikiem sprzyjaj\u0105cym rozwojowi tego rynku to ci\u0105g\u0142e wzrosty cen energii i surowc\u00f3w, spowodowane bezprecedensow\u0105 agresj\u0105 Rosji na Ukrain\u0119, powoduj\u0105 drastycznie rosn\u0105ce wyzwania dla bran\u017cy, \u0142a\u0144cucha dostaw i ca\u0142ej gospodarki UE. Niedobory i zaburzenia w \u0142a\u0144cuchu dostaw najprawdopodobniej pozostan\u0105 najbardziej istotnymi kwestiami w ci\u0105gu nadchodz\u0105cych miesi\u0119cy<\/p>\n\n\n\n<p>Bran\u017ca tworzyw sztucznych kontynuuje intensywne prace nad rozwi\u0105zaniami przybli\u017caj\u0105cymi nas do zeroemisyjno\u015bci i uniezale\u017cnienia od paliw kopalnych. Jak wynika z raportu, w roku 2021 <strong>produkcja tworzyw sztucznych z surowc\u00f3w alternatywnych wynios\u0142a 12,4% ca\u0142kowitej produkcji europejskiej<\/strong>. Te dane b\u0119dziemy w przysz\u0142o\u015bci podawa\u0107 corocznie, by monitorowa\u0107 post\u0119p bran\u017cy w d\u0105\u017ceniu do osi\u0105gni\u0119cia popieranych przez przemys\u0142 unijnego celu do 2030 roku wynosz\u0105cego 20% produkcji tworzyw sztucznych, zawieraj\u0105cych w\u0119giel ze \u017ar\u00f3de\u0142 innych ni\u017c kopalne.<\/p>\n\n\n\n<p>Jak podkre\u015bla raport <a href=\"https:\/\/plasticseurope.org\/media\/reshaping-plastics\/\" target=\"_blank\" rel=\"noreferrer noopener\">ReShaping Plastics<\/a>, aby osi\u0105gn\u0105\u0107 cele i za\u0142o\u017cenia nakre\u015blone przez <a href=\"https:\/\/single-market-economy.ec.europa.eu\/industry\/strategy\/industrial-alliances\/circular-plastics-alliance_en\" target=\"_blank\" rel=\"noreferrer noopener\">Circular Plastics Alliance<\/a> oraz <a href=\"https:\/\/environment.ec.europa.eu\/topics\/waste-and-recycling\/packaging-waste_en\" target=\"_blank\" rel=\"noreferrer noopener\">Packaging Waste Directive<\/a>, wszyscy uczestnicy \u0142a\u0144cucha warto\u015bci musz\u0105 dzia\u0142a\u0107 wsp\u00f3lnie.<\/p>\n\n\n\n<p>Podczas konferencji prasowej na Targach K, najwa\u017cniejszych targach bran\u017cy tworzyw sztucznych na \u015bwiecie, Virginia Janssens, Dyrektor Zarz\u0105dzaj\u0105ca Plastics Europe podkre\u015bli\u0142a, \u017ce <em>\u201eStworzenie wspieraj\u0105cych przemys\u0142 ram prawnych, kt\u00f3re zach\u0119c\u0105 wiod\u0105ce ga\u0142\u0119zie przemys\u0142u europejskiego do zmian w kierunku cyrkularno\u015bci i zeroemisyjno\u015bci, jest dzi\u015b wa\u017cniejsze ni\u017c kiedykolwiek wcze\u015bniej.\u201d<\/em><\/p>\n\n\n\n<p><em>\u201eJe\u017celi chcemy zabezpieczy\u0107 i przygotowa\u0107 nasz\u0105 bran\u017c\u0119 na wyzwania przysz\u0142o\u015bci oraz przyspieszy\u0107 dwutorow\u0105 transformacj\u0119, kluczowa jest akceptacja dla recyklingu chemicznego i modelu bilansu masowego\u201d doda\u0142a<\/em> Virginia Janssens. \u201e<em>Zintensyfikowana wsp\u00f3\u0142praca w \u0142a\u0144cuchu warto\u015bci oraz skuteczny dialog z administracj\u0105 s\u0105 niezb\u0119dne dla urzeczywistnienia zmian. \u017baden prywatny czy pa\u0144stwowy partner nie jest w stanie samodzielnie zaoferowa\u0107 kompleksowych rozwi\u0105za\u0144, kt\u00f3re zadzia\u0142aj\u0105 w tych bezprecedensowych warunkach.\u201d<\/em><\/p>\n\n\n\n<p>Pomimo pandemii, w 2021 roku poziom zatrudnienia w bran\u017cy tworzyw sztucznych w Europie zosta\u0142 utrzymany. Z ponad 1,5 mln pracownik\u00f3w, nasza bran\u017ca nadal odgrywa kluczow\u0105 rol\u0119 w gospodarce europejskiej. Ponadto, ostatnie dane wskazuj\u0105 na wzrost w europejskiej i globalnej produkcji tworzyw jako \u201eefekt odbicia\u201d po pandemii w 2020 roku. Niemniej jednak udzia\u0142 Europy w produkcji tworzyw stale maleje &#8211; z 23% w roku 2006 do 15% w 2021 roku. W zwi\u0105zku z tym zagro\u017cona jest konkurencyjno\u015b\u0107 europejskiej bran\u017cy tworzyw wzgl\u0119dem innych region\u00f3w \u015bwiata.<\/p>\n\n\n\n<p>Patrz\u0105c w przysz\u0142o\u015b\u0107, przy za\u0142o\u017ceniu braku ogranicze\u0144 w dostawie gazu w ci\u0105gu najbli\u017cszych miesi\u0119cy, przewiduje si\u0119 spadek europejskiej produkcji tworzyw sztucznych o 4% do ko\u0144ca 2022 roku. Ogromna niepewno\u015b\u0107 zwi\u0105zana z dostawami surowc\u00f3w, cenami energii i potencjalnymi niedoborami, sprawia, \u017ce niezwykle trudno jest prognozowa\u0107 sytuacje w roku 2023. W tym prze\u0142omowym czasie, najwa\u017cniejsza dla partner\u00f3w w \u0142a\u0144cuchu warto\u015bci jest dost\u0119pno\u015b\u0107 wysokiej jako\u015bci surowc\u00f3w. Jednocze\u015bnie Plastics Europe przygotowuje dla bran\u017cy tworzyw map\u0119 drogow\u0105 osi\u0105gni\u0119cia cyrkularno\u015bci i neutralno\u015bci klimatycznej do roku 2050, kt\u00f3ra zawiera\u0107 b\u0119dzie cele po\u015brednie i ko\u0144cowe, a tak\u017ce umo\u017cliwiaj\u0105ce jej realizacj\u0119 warunki brzegowe. Planujemy jej og\u0142oszenie w przysz\u0142ym roku.<\/p>\n\n\n\n<hr class=\"wp-block-separator has-alpha-channel-opacity\" \/>\n\n\n\n<p><a id=\"_msocom_1\"><\/a><\/p>\n\n\n\n<p>&nbsp;<\/p>\n\n\n\n<figure class=\"wp-block-image size-large\"><img loading=\"lazy\" decoding=\"async\" width=\"1024\" height=\"498\" src=\"https:\/\/plasticseurope.org\/pl\/wp-content\/uploads\/sites\/7\/2022\/10\/VJ_K_20102022-2-1024x498.jpg\" alt=\"\" class=\"wp-image-1210\" srcset=\"https:\/\/plasticseurope.org\/pl\/wp-content\/uploads\/sites\/7\/2022\/10\/VJ_K_20102022-2-1024x498.jpg 1024w, https:\/\/plasticseurope.org\/pl\/wp-content\/uploads\/sites\/7\/2022\/10\/VJ_K_20102022-2-300x146.jpg 300w, https:\/\/plasticseurope.org\/pl\/wp-content\/uploads\/sites\/7\/2022\/10\/VJ_K_20102022-2-768x374.jpg 768w, https:\/\/plasticseurope.org\/pl\/wp-content\/uploads\/sites\/7\/2022\/10\/VJ_K_20102022-2-1536x747.jpg 1536w, https:\/\/plasticseurope.org\/pl\/wp-content\/uploads\/sites\/7\/2022\/10\/VJ_K_20102022-2-1980x963.jpg 1980w, https:\/\/plasticseurope.org\/pl\/wp-content\/uploads\/sites\/7\/2022\/10\/VJ_K_20102022-2.jpg 2048w\" sizes=\"auto, (max-width: 1024px) 100vw, 1024px\" \/><\/figure>\n\n\n\n<figure class=\"wp-block-image size-large\"><img loading=\"lazy\" decoding=\"async\" width=\"1024\" height=\"683\" src=\"https:\/\/plasticseurope.org\/pl\/wp-content\/uploads\/sites\/7\/2022\/10\/Virginia-Janssens_Plastics-Europe-1024x683.jpg\" alt=\"\" class=\"wp-image-1212\" srcset=\"https:\/\/plasticseurope.org\/pl\/wp-content\/uploads\/sites\/7\/2022\/10\/Virginia-Janssens_Plastics-Europe-1024x683.jpg 1024w, https:\/\/plasticseurope.org\/pl\/wp-content\/uploads\/sites\/7\/2022\/10\/Virginia-Janssens_Plastics-Europe-300x200.jpg 300w, https:\/\/plasticseurope.org\/pl\/wp-content\/uploads\/sites\/7\/2022\/10\/Virginia-Janssens_Plastics-Europe-768x512.jpg 768w, https:\/\/plasticseurope.org\/pl\/wp-content\/uploads\/sites\/7\/2022\/10\/Virginia-Janssens_Plastics-Europe-1536x1024.jpg 1536w, https:\/\/plasticseurope.org\/pl\/wp-content\/uploads\/sites\/7\/2022\/10\/Virginia-Janssens_Plastics-Europe-2048x1365.jpg 2048w, https:\/\/plasticseurope.org\/pl\/wp-content\/uploads\/sites\/7\/2022\/10\/Virginia-Janssens_Plastics-Europe-1980x1320.jpg 1980w\" sizes=\"auto, (max-width: 1024px) 100vw, 1024px\" \/><\/figure>\n\n\n\n<div style=\"height:48px\" aria-hidden=\"true\" class=\"wp-block-spacer\"><\/div>\n\n\n\n<div class=\"wp-block-file\"><a id=\"wp-block-file--media-521b37c0-d9c7-4e3e-8a1e-a7386f0b74e6\" href=\"https:\/\/plasticseurope.org\/pl\/wp-content\/uploads\/sites\/7\/2022\/10\/Virginia-Janssens_Plastics-Europe-1.jpg\">Virginia-Janssens_Plastics-Europe-1<\/a><a href=\"https:\/\/plasticseurope.org\/pl\/wp-content\/uploads\/sites\/7\/2022\/10\/Virginia-Janssens_Plastics-Europe-1.jpg\" class=\"wp-block-file__button wp-element-button\" download aria-describedby=\"wp-block-file--media-521b37c0-d9c7-4e3e-8a1e-a7386f0b74e6\">Pobierz<\/a><\/div>\n\n\n\n<div class=\"wp-block-file\"><a id=\"wp-block-file--media-a508a6c6-2115-41b4-b5f7-e295bbb42629\" href=\"https:\/\/plasticseurope.org\/pl\/wp-content\/uploads\/sites\/7\/2022\/10\/VJ_K_20102022-1.jpg\">VJ_K_20102022-1<\/a><a href=\"https:\/\/plasticseurope.org\/pl\/wp-content\/uploads\/sites\/7\/2022\/10\/VJ_K_20102022-1.jpg\" class=\"wp-block-file__button wp-element-button\" download aria-describedby=\"wp-block-file--media-a508a6c6-2115-41b4-b5f7-e295bbb42629\">Pobierz<\/a><\/div>\n","protected":false},"excerpt":{"rendered":"<p>Przyspieszenie tempa zmian jest kluczowe dla tej dwutorowej transformacji przemys\u0142u. W opublikowanym dzi\u015b dorocznym raporcie \u201ePlastics the Facts 2022\u00a0\u201d (\u201eTworzywa\u2026<\/p>\n","protected":false},"author":9,"featured_media":1207,"comment_status":"open","ping_status":"open","sticky":false,"template":"","format":"standard","meta":{"footnotes":""},"categories":[7],"tags":[],"class_list":["post-1199","post","type-post","status-publish","format-standard","has-post-thumbnail","hentry","category-informacje-prasowe"],"acf":[],"yoast_head":"<!-- This site is optimized with the Yoast SEO plugin v21.6 - https:\/\/yoast.com\/wordpress\/plugins\/seo\/ -->\n<title>Post\u0119p bran\u017cy tworzyw sztucznych w d\u0105\u017ceniu do cyrkularno\u015bci i zeroemisyjno\u015bci - Plastics Europe PL<\/title>\n<meta name=\"robots\" content=\"index, follow, max-snippet:-1, max-image-preview:large, max-video-preview:-1\" \/>\n<link rel=\"canonical\" href=\"https:\/\/plasticseurope.org\/pl\/2022\/10\/20\/postep-branzy-tworzyw-sztucznych-w-dazeniu-do-cyrkularnosci-i-zeroemisyjnosci\/\" \/>\n<meta property=\"og:locale\" content=\"pl_PL\" \/>\n<meta property=\"og:type\" content=\"article\" \/>\n<meta property=\"og:title\" content=\"Post\u0119p bran\u017cy tworzyw sztucznych w d\u0105\u017ceniu do cyrkularno\u015bci i zeroemisyjno\u015bci - Plastics Europe PL\" \/>\n<meta property=\"og:description\" content=\"Przyspieszenie tempa zmian jest kluczowe dla tej dwutorowej transformacji przemys\u0142u. W opublikowanym dzi\u015b dorocznym raporcie \u201ePlastics the Facts 2022\u00a0\u201d (\u201eTworzywa\u2026\" \/>\n<meta property=\"og:url\" content=\"https:\/\/plasticseurope.org\/pl\/2022\/10\/20\/postep-branzy-tworzyw-sztucznych-w-dazeniu-do-cyrkularnosci-i-zeroemisyjnosci\/\" \/>\n<meta property=\"og:site_name\" content=\"Plastics Europe PL\" \/>\n<meta property=\"article:published_time\" content=\"2022-10-20T10:58:13+00:00\" \/>\n<meta property=\"article:modified_time\" content=\"2022-12-20T08:58:28+00:00\" \/>\n<meta property=\"og:image\" content=\"https:\/\/plasticseurope.org\/pl\/wp-content\/uploads\/sites\/7\/2022\/10\/VJ_K_20102022.jpg\" \/>\n\t<meta property=\"og:image:width\" content=\"2048\" \/>\n\t<meta property=\"og:image:height\" content=\"996\" \/>\n\t<meta property=\"og:image:type\" content=\"image\/jpeg\" \/>\n<meta name=\"author\" content=\"edytabarry\" \/>\n<meta name=\"twitter:card\" content=\"summary_large_image\" \/>\n<meta name=\"twitter:label1\" content=\"Napisane przez\" \/>\n\t<meta name=\"twitter:data1\" content=\"edytabarry\" \/>\n\t<meta name=\"twitter:label2\" content=\"Szacowany czas czytania\" \/>\n\t<meta name=\"twitter:data2\" content=\"4 minuty\" \/>\n<script type=\"application\/ld+json\" class=\"yoast-schema-graph\">{\"@context\":\"https:\/\/schema.org\",\"@graph\":[{\"@type\":\"WebPage\",\"@id\":\"https:\/\/plasticseurope.org\/pl\/2022\/10\/20\/postep-branzy-tworzyw-sztucznych-w-dazeniu-do-cyrkularnosci-i-zeroemisyjnosci\/\",\"url\":\"https:\/\/plasticseurope.org\/pl\/2022\/10\/20\/postep-branzy-tworzyw-sztucznych-w-dazeniu-do-cyrkularnosci-i-zeroemisyjnosci\/\",\"name\":\"Post\u0119p bran\u017cy tworzyw sztucznych w d\u0105\u017ceniu do cyrkularno\u015bci i zeroemisyjno\u015bci - Plastics Europe PL\",\"isPartOf\":{\"@id\":\"https:\/\/plasticseurope.org\/pl\/#website\"},\"datePublished\":\"2022-10-20T10:58:13+00:00\",\"dateModified\":\"2022-12-20T08:58:28+00:00\",\"author\":{\"@id\":\"https:\/\/plasticseurope.org\/pl\/#\/schema\/person\/6d267cf31043fff456abeb33839a5449\"},\"breadcrumb\":{\"@id\":\"https:\/\/plasticseurope.org\/pl\/2022\/10\/20\/postep-branzy-tworzyw-sztucznych-w-dazeniu-do-cyrkularnosci-i-zeroemisyjnosci\/#breadcrumb\"},\"inLanguage\":\"pl-PL\",\"potentialAction\":[{\"@type\":\"ReadAction\",\"target\":[\"https:\/\/plasticseurope.org\/pl\/2022\/10\/20\/postep-branzy-tworzyw-sztucznych-w-dazeniu-do-cyrkularnosci-i-zeroemisyjnosci\/\"]}]},{\"@type\":\"BreadcrumbList\",\"@id\":\"https:\/\/plasticseurope.org\/pl\/2022\/10\/20\/postep-branzy-tworzyw-sztucznych-w-dazeniu-do-cyrkularnosci-i-zeroemisyjnosci\/#breadcrumb\",\"itemListElement\":[{\"@type\":\"ListItem\",\"position\":1,\"name\":\"Home\",\"item\":\"https:\/\/plasticseurope.org\/pl\/\"},{\"@type\":\"ListItem\",\"position\":2,\"name\":\"Post\u0119p bran\u017cy tworzyw sztucznych w d\u0105\u017ceniu do cyrkularno\u015bci i zeroemisyjno\u015bci\"}]},{\"@type\":\"WebSite\",\"@id\":\"https:\/\/plasticseurope.org\/pl\/#website\",\"url\":\"https:\/\/plasticseurope.org\/pl\/\",\"name\":\"Plastics Europe PL\",\"description\":\"Enabling a sustainable future\",\"potentialAction\":[{\"@type\":\"SearchAction\",\"target\":{\"@type\":\"EntryPoint\",\"urlTemplate\":\"https:\/\/plasticseurope.org\/pl\/?s={search_term_string}\"},\"query-input\":\"required name=search_term_string\"}],\"inLanguage\":\"pl-PL\"},{\"@type\":\"Person\",\"@id\":\"https:\/\/plasticseurope.org\/pl\/#\/schema\/person\/6d267cf31043fff456abeb33839a5449\",\"name\":\"edytabarry\",\"image\":{\"@type\":\"ImageObject\",\"inLanguage\":\"pl-PL\",\"@id\":\"https:\/\/plasticseurope.org\/pl\/#\/schema\/person\/image\/\",\"url\":\"https:\/\/secure.gravatar.com\/avatar\/eed22d9d60a58e02697e1980801a96b65473ecb003b916c955463332f8bc72e5?s=96&d=mm&r=g\",\"contentUrl\":\"https:\/\/secure.gravatar.com\/avatar\/eed22d9d60a58e02697e1980801a96b65473ecb003b916c955463332f8bc72e5?s=96&d=mm&r=g\",\"caption\":\"edytabarry\"},\"url\":\"https:\/\/plasticseurope.org\/pl\/author\/edytabarry\/\"}]}<\/script>\n<!-- \/ Yoast SEO plugin. -->","yoast_head_json":{"title":"Post\u0119p bran\u017cy tworzyw sztucznych w d\u0105\u017ceniu do cyrkularno\u015bci i zeroemisyjno\u015bci - Plastics Europe PL","robots":{"index":"index","follow":"follow","max-snippet":"max-snippet:-1","max-image-preview":"max-image-preview:large","max-video-preview":"max-video-preview:-1"},"canonical":"https:\/\/plasticseurope.org\/pl\/2022\/10\/20\/postep-branzy-tworzyw-sztucznych-w-dazeniu-do-cyrkularnosci-i-zeroemisyjnosci\/","og_locale":"pl_PL","og_type":"article","og_title":"Post\u0119p bran\u017cy tworzyw sztucznych w d\u0105\u017ceniu do cyrkularno\u015bci i zeroemisyjno\u015bci - Plastics Europe PL","og_description":"Przyspieszenie tempa zmian jest kluczowe dla tej dwutorowej transformacji przemys\u0142u. W opublikowanym dzi\u015b dorocznym raporcie \u201ePlastics the Facts 2022\u00a0\u201d (\u201eTworzywa\u2026","og_url":"https:\/\/plasticseurope.org\/pl\/2022\/10\/20\/postep-branzy-tworzyw-sztucznych-w-dazeniu-do-cyrkularnosci-i-zeroemisyjnosci\/","og_site_name":"Plastics Europe PL","article_published_time":"2022-10-20T10:58:13+00:00","article_modified_time":"2022-12-20T08:58:28+00:00","og_image":[{"width":2048,"height":996,"url":"https:\/\/plasticseurope.org\/pl\/wp-content\/uploads\/sites\/7\/2022\/10\/VJ_K_20102022.jpg","type":"image\/jpeg"}],"author":"edytabarry","twitter_card":"summary_large_image","twitter_misc":{"Napisane przez":"edytabarry","Szacowany czas czytania":"4 minuty"},"schema":{"@context":"https:\/\/schema.org","@graph":[{"@type":"WebPage","@id":"https:\/\/plasticseurope.org\/pl\/2022\/10\/20\/postep-branzy-tworzyw-sztucznych-w-dazeniu-do-cyrkularnosci-i-zeroemisyjnosci\/","url":"https:\/\/plasticseurope.org\/pl\/2022\/10\/20\/postep-branzy-tworzyw-sztucznych-w-dazeniu-do-cyrkularnosci-i-zeroemisyjnosci\/","name":"Post\u0119p bran\u017cy tworzyw sztucznych w d\u0105\u017ceniu do cyrkularno\u015bci i zeroemisyjno\u015bci - Plastics Europe PL","isPartOf":{"@id":"https:\/\/plasticseurope.org\/pl\/#website"},"datePublished":"2022-10-20T10:58:13+00:00","dateModified":"2022-12-20T08:58:28+00:00","author":{"@id":"https:\/\/plasticseurope.org\/pl\/#\/schema\/person\/6d267cf31043fff456abeb33839a5449"},"breadcrumb":{"@id":"https:\/\/plasticseurope.org\/pl\/2022\/10\/20\/postep-branzy-tworzyw-sztucznych-w-dazeniu-do-cyrkularnosci-i-zeroemisyjnosci\/#breadcrumb"},"inLanguage":"pl-PL","potentialAction":[{"@type":"ReadAction","target":["https:\/\/plasticseurope.org\/pl\/2022\/10\/20\/postep-branzy-tworzyw-sztucznych-w-dazeniu-do-cyrkularnosci-i-zeroemisyjnosci\/"]}]},{"@type":"BreadcrumbList","@id":"https:\/\/plasticseurope.org\/pl\/2022\/10\/20\/postep-branzy-tworzyw-sztucznych-w-dazeniu-do-cyrkularnosci-i-zeroemisyjnosci\/#breadcrumb","itemListElement":[{"@type":"ListItem","position":1,"name":"Home","item":"https:\/\/plasticseurope.org\/pl\/"},{"@type":"ListItem","position":2,"name":"Post\u0119p bran\u017cy tworzyw sztucznych w d\u0105\u017ceniu do cyrkularno\u015bci i zeroemisyjno\u015bci"}]},{"@type":"WebSite","@id":"https:\/\/plasticseurope.org\/pl\/#website","url":"https:\/\/plasticseurope.org\/pl\/","name":"Plastics Europe PL","description":"Enabling a sustainable future","potentialAction":[{"@type":"SearchAction","target":{"@type":"EntryPoint","urlTemplate":"https:\/\/plasticseurope.org\/pl\/?s={search_term_string}"},"query-input":"required name=search_term_string"}],"inLanguage":"pl-PL"},{"@type":"Person","@id":"https:\/\/plasticseurope.org\/pl\/#\/schema\/person\/6d267cf31043fff456abeb33839a5449","name":"edytabarry","image":{"@type":"ImageObject","inLanguage":"pl-PL","@id":"https:\/\/plasticseurope.org\/pl\/#\/schema\/person\/image\/","url":"https:\/\/secure.gravatar.com\/avatar\/eed22d9d60a58e02697e1980801a96b65473ecb003b916c955463332f8bc72e5?s=96&d=mm&r=g","contentUrl":"https:\/\/secure.gravatar.com\/avatar\/eed22d9d60a58e02697e1980801a96b65473ecb003b916c955463332f8bc72e5?s=96&d=mm&r=g","caption":"edytabarry"},"url":"https:\/\/plasticseurope.org\/pl\/author\/edytabarry\/"}]}},"_links":{"self":[{"href":"https:\/\/plasticseurope.org\/pl\/wp-json\/wp\/v2\/posts\/1199","targetHints":{"allow":["GET"]}}],"collection":[{"href":"https:\/\/plasticseurope.org\/pl\/wp-json\/wp\/v2\/posts"}],"about":[{"href":"https:\/\/plasticseurope.org\/pl\/wp-json\/wp\/v2\/types\/post"}],"author":[{"embeddable":true,"href":"https:\/\/plasticseurope.org\/pl\/wp-json\/wp\/v2\/users\/9"}],"replies":[{"embeddable":true,"href":"https:\/\/plasticseurope.org\/pl\/wp-json\/wp\/v2\/comments?post=1199"}],"version-history":[{"count":0,"href":"https:\/\/plasticseurope.org\/pl\/wp-json\/wp\/v2\/posts\/1199\/revisions"}],"wp:featuredmedia":[{"embeddable":true,"href":"https:\/\/plasticseurope.org\/pl\/wp-json\/wp\/v2\/media\/1207"}],"wp:attachment":[{"href":"https:\/\/plasticseurope.org\/pl\/wp-json\/wp\/v2\/media?parent=1199"}],"wp:term":[{"taxonomy":"category","embeddable":true,"href":"https:\/\/plasticseurope.org\/pl\/wp-json\/wp\/v2\/categories?post=1199"},{"taxonomy":"post_tag","embeddable":true,"href":"https:\/\/plasticseurope.org\/pl\/wp-json\/wp\/v2\/tags?post=1199"}],"curies":[{"name":"wp","href":"https:\/\/api.w.org\/{rel}","templated":true}]}}