{"id":10911,"date":"2025-06-18T12:34:06","date_gmt":"2025-06-18T12:34:06","guid":{"rendered":"https:\/\/plasticseurope.org\/pl\/?post_type=pe_resource&#038;p=10911"},"modified":"2025-09-19T06:58:25","modified_gmt":"2025-09-19T06:58:25","slug":"stanowisko-plastics-europe-na-ogolne-podejscie-rady-ue-do-rozporzadzenia-w-sprawie-pojazdow-wycofanych-z-eksploatacji","status":"publish","type":"post","link":"https:\/\/plasticseurope.org\/pl\/2025\/06\/18\/stanowisko-plastics-europe-na-ogolne-podejscie-rady-ue-do-rozporzadzenia-w-sprawie-pojazdow-wycofanych-z-eksploatacji\/","title":{"rendered":"Stanowisko Plastics Europe na og\u00f3lne podej\u015bcie Rady UE do rozporz\u0105dzenia w sprawie pojazd\u00f3w wycofanych z eksploatacji"},"content":{"rendered":"\n<p><a><em>Post\u0119py poczynione przez Rad\u0119 Ministr\u00f3w w sprawie rozporz\u0105dzenia dotycz\u0105cego pojazd\u00f3w wycofanych z eksploatacji (ELVR) s\u0105 szczeg\u00f3lnie wa\u017cne, poniewa\u017c bran\u017ca potrzebuje pilnej jasno\u015bci przepis\u00f3w, pozwalaj\u0105cej zwi\u0119kszy\u0107 skal\u0119 innowacji w zakresie gospodarki o obiegu zamkni\u0119tym. Chocia\u017c wprowadzone zmiany s\u0105 bardzo obiecuj\u0105ce, to istnieje tak\u017ce wyra\u017ane pole do poprawy.<\/em><\/a><\/p>\n\n\n\n<p><em>Chocia\u017c z zadowoleniem przyjmujemy utrzymanie celu na poziomie 25%, to zgadzamy si\u0119 z propozycj\u0105 Komisji, aby cel wszed\u0142 w \u017cycie po 72 miesi\u0105cach, a nie po 120, jak zaproponowa\u0142a to Rada. Uwa\u017camy, \u017ce minimalny cel na poziomie 25% zawarto\u015bci recyklat\u00f3w w wyrobach z tworzyw w sektorze motoryzacyjnym uzyskiwany dzi\u0119ki wszystkim technologiom recyklingu, a w tym do 5% mog\u0105ce pochodzi\u0107 ze \u017ar\u00f3de\u0142 cyrkularnych, takich jak surowce pochodzenia biologicznego, jest realistyczny i osi\u0105galny.<\/em><\/p>\n\n\n\n<p><em>Opcjonalnie, Plastics Europe wzywa do jednoznacznego uwzgl\u0119dnienia tworzyw sztucznych pochodzenia biologicznego zgodnie z Artyku\u0142em 55, co potwierdzi\u0142oby rosn\u0105ce uznanie dla roli zr\u00f3wnowa\u017conych innowacji materia\u0142owych w Europie. Jednak 95-miesi\u0119czne op\u00f3\u017anienie przed formalnym w\u0142\u0105czeniem biotworzyw jest zdecydowanie zbyt d\u0142ugie i wzywamy Rad\u0119 oraz Parlament do niezw\u0142ocznego przyspieszenia tego harmonogramu, aby rozwi\u0105zania oparte na surowcach pochodzenia biologicznego mog\u0142y wnie\u015b\u0107 sw\u00f3j wk\u0142ad w gospodark\u0119 cyrkularn\u0105.<\/em><\/p>\n\n\n\n<p><em>Czas odgrywa zasadnicz\u0105 rol\u0119 \u2013 przemys\u0142 pilnie potrzebuje jasno\u015bci regulacyjnej, umo\u017cliwiaj\u0105cej zwi\u0119kszanie skali recyklingu i cyrkularnych innowacji. Jeste\u015bmy gotowi konstruktywnie wsp\u00f3\u0142pracowa\u0107 z instytucjami Unii Europejskiej, aby mie\u0107 pewno\u015b\u0107, \u017ce ELVR przyniesie przemys\u0142owo wykonalne, zr\u00f3wnowa\u017cone i oparte na innowacjach efekty dla Europy<\/em>.<\/p>\n\n\n\n<p>Katharina Schlegel, Circularity Director Plastics Europe<\/p>\n\n\n\n<div data-wp-interactive=\"core\/file\" class=\"wp-block-file\"><object data-wp-bind--hidden=\"!state.hasPdfPreview\" hidden class=\"wp-block-file__embed\" data=\"https:\/\/plasticseurope.org\/pl\/wp-content\/uploads\/sites\/7\/2025\/06\/ELV_stanowisko_Plastics-Europe.pdf\" type=\"application\/pdf\" style=\"width:100%;height:600px\" aria-label=\"Osadzone z ELV_stanowisko_Plastics Europe.\"><\/object><a id=\"wp-block-file--media-8254e69a-2586-4263-93ba-4e8e4a776f88\" href=\"https:\/\/plasticseurope.org\/pl\/wp-content\/uploads\/sites\/7\/2025\/06\/ELV_stanowisko_Plastics-Europe.pdf\">ELV_stanowisko_Plastics Europe<\/a><a href=\"https:\/\/plasticseurope.org\/pl\/wp-content\/uploads\/sites\/7\/2025\/06\/ELV_stanowisko_Plastics-Europe.pdf\" class=\"wp-block-file__button wp-element-button\" download aria-describedby=\"wp-block-file--media-8254e69a-2586-4263-93ba-4e8e4a776f88\">Download<\/a><\/div>\n\n\n\n<div style=\"height:47px\" aria-hidden=\"true\" class=\"wp-block-spacer\"><\/div>\n\n\n\n<div style=\"height:48px\" aria-hidden=\"true\" class=\"wp-block-spacer\"><\/div>\n\n\n\n<figure class=\"wp-block-video\"><\/figure>\n","protected":false},"excerpt":{"rendered":"<p>Post\u0119py poczynione przez Rad\u0119 Ministr\u00f3w w sprawie rozporz\u0105dzenia dotycz\u0105cego pojazd\u00f3w wycofanych z eksploatacji (ELVR) s\u0105 szczeg\u00f3lnie wa\u017cne, poniewa\u017c bran\u017ca potrzebuje\u2026<\/p>\n","protected":false},"author":26,"featured_media":0,"comment_status":"closed","ping_status":"closed","sticky":false,"template":"","format":"standard","meta":{"footnotes":""},"categories":[46],"tags":[],"class_list":["post-10911","post","type-post","status-publish","format-standard","hentry","category-stanowiska"],"acf":[],"yoast_head":"<!-- This site is optimized with the Yoast SEO plugin v21.6 - https:\/\/yoast.com\/wordpress\/plugins\/seo\/ -->\n<title>Stanowisko Plastics Europe na og\u00f3lne podej\u015bcie Rady UE do rozporz\u0105dzenia w sprawie pojazd\u00f3w wycofanych z eksploatacji - Plastics Europe PL<\/title>\n<meta name=\"robots\" content=\"index, follow, max-snippet:-1, max-image-preview:large, max-video-preview:-1\" \/>\n<link rel=\"canonical\" href=\"https:\/\/plasticseurope.org\/pl\/2025\/06\/18\/stanowisko-plastics-europe-na-ogolne-podejscie-rady-ue-do-rozporzadzenia-w-sprawie-pojazdow-wycofanych-z-eksploatacji\/\" \/>\n<meta property=\"og:locale\" content=\"pl_PL\" \/>\n<meta property=\"og:type\" content=\"article\" \/>\n<meta property=\"og:title\" content=\"Stanowisko Plastics Europe na og\u00f3lne podej\u015bcie Rady UE do rozporz\u0105dzenia w sprawie pojazd\u00f3w wycofanych z eksploatacji - Plastics Europe PL\" \/>\n<meta property=\"og:description\" content=\"Post\u0119py poczynione przez Rad\u0119 Ministr\u00f3w w sprawie rozporz\u0105dzenia dotycz\u0105cego pojazd\u00f3w wycofanych z eksploatacji (ELVR) s\u0105 szczeg\u00f3lnie wa\u017cne, poniewa\u017c bran\u017ca potrzebuje\u2026\" \/>\n<meta property=\"og:url\" content=\"https:\/\/plasticseurope.org\/pl\/2025\/06\/18\/stanowisko-plastics-europe-na-ogolne-podejscie-rady-ue-do-rozporzadzenia-w-sprawie-pojazdow-wycofanych-z-eksploatacji\/\" \/>\n<meta property=\"og:site_name\" content=\"Plastics Europe PL\" \/>\n<meta property=\"article:published_time\" content=\"2025-06-18T12:34:06+00:00\" \/>\n<meta property=\"article:modified_time\" content=\"2025-09-19T06:58:25+00:00\" \/>\n<meta name=\"author\" content=\"weronikawertelecka\" \/>\n<meta name=\"twitter:card\" content=\"summary_large_image\" \/>\n<meta name=\"twitter:label1\" content=\"Napisane przez\" \/>\n\t<meta name=\"twitter:data1\" content=\"weronikawertelecka\" \/>\n\t<meta name=\"twitter:label2\" content=\"Szacowany czas czytania\" \/>\n\t<meta name=\"twitter:data2\" content=\"2 minuty\" \/>\n<script type=\"application\/ld+json\" class=\"yoast-schema-graph\">{\"@context\":\"https:\/\/schema.org\",\"@graph\":[{\"@type\":\"WebPage\",\"@id\":\"https:\/\/plasticseurope.org\/pl\/2025\/06\/18\/stanowisko-plastics-europe-na-ogolne-podejscie-rady-ue-do-rozporzadzenia-w-sprawie-pojazdow-wycofanych-z-eksploatacji\/\",\"url\":\"https:\/\/plasticseurope.org\/pl\/2025\/06\/18\/stanowisko-plastics-europe-na-ogolne-podejscie-rady-ue-do-rozporzadzenia-w-sprawie-pojazdow-wycofanych-z-eksploatacji\/\",\"name\":\"Stanowisko Plastics Europe na og\u00f3lne podej\u015bcie Rady UE do rozporz\u0105dzenia w sprawie pojazd\u00f3w wycofanych z eksploatacji - Plastics Europe PL\",\"isPartOf\":{\"@id\":\"https:\/\/plasticseurope.org\/pl\/#website\"},\"datePublished\":\"2025-06-18T12:34:06+00:00\",\"dateModified\":\"2025-09-19T06:58:25+00:00\",\"author\":{\"@id\":\"https:\/\/plasticseurope.org\/pl\/#\/schema\/person\/eb8bc49b972c1bf917d75189faf08de2\"},\"breadcrumb\":{\"@id\":\"https:\/\/plasticseurope.org\/pl\/2025\/06\/18\/stanowisko-plastics-europe-na-ogolne-podejscie-rady-ue-do-rozporzadzenia-w-sprawie-pojazdow-wycofanych-z-eksploatacji\/#breadcrumb\"},\"inLanguage\":\"pl-PL\",\"potentialAction\":[{\"@type\":\"ReadAction\",\"target\":[\"https:\/\/plasticseurope.org\/pl\/2025\/06\/18\/stanowisko-plastics-europe-na-ogolne-podejscie-rady-ue-do-rozporzadzenia-w-sprawie-pojazdow-wycofanych-z-eksploatacji\/\"]}]},{\"@type\":\"BreadcrumbList\",\"@id\":\"https:\/\/plasticseurope.org\/pl\/2025\/06\/18\/stanowisko-plastics-europe-na-ogolne-podejscie-rady-ue-do-rozporzadzenia-w-sprawie-pojazdow-wycofanych-z-eksploatacji\/#breadcrumb\",\"itemListElement\":[{\"@type\":\"ListItem\",\"position\":1,\"name\":\"Home\",\"item\":\"https:\/\/plasticseurope.org\/pl\/\"},{\"@type\":\"ListItem\",\"position\":2,\"name\":\"Stanowisko Plastics Europe na og\u00f3lne podej\u015bcie Rady UE do rozporz\u0105dzenia w sprawie pojazd\u00f3w wycofanych z eksploatacji\"}]},{\"@type\":\"WebSite\",\"@id\":\"https:\/\/plasticseurope.org\/pl\/#website\",\"url\":\"https:\/\/plasticseurope.org\/pl\/\",\"name\":\"Plastics Europe PL\",\"description\":\"Enabling a sustainable future\",\"potentialAction\":[{\"@type\":\"SearchAction\",\"target\":{\"@type\":\"EntryPoint\",\"urlTemplate\":\"https:\/\/plasticseurope.org\/pl\/?s={search_term_string}\"},\"query-input\":\"required name=search_term_string\"}],\"inLanguage\":\"pl-PL\"},{\"@type\":\"Person\",\"@id\":\"https:\/\/plasticseurope.org\/pl\/#\/schema\/person\/eb8bc49b972c1bf917d75189faf08de2\",\"name\":\"weronikawertelecka\",\"image\":{\"@type\":\"ImageObject\",\"inLanguage\":\"pl-PL\",\"@id\":\"https:\/\/plasticseurope.org\/pl\/#\/schema\/person\/image\/\",\"url\":\"https:\/\/secure.gravatar.com\/avatar\/b77bd41dca7b0bc15a404ed3905803a55c9ffe3d8ddcbc2b7864ab054167d18a?s=96&d=mm&r=g\",\"contentUrl\":\"https:\/\/secure.gravatar.com\/avatar\/b77bd41dca7b0bc15a404ed3905803a55c9ffe3d8ddcbc2b7864ab054167d18a?s=96&d=mm&r=g\",\"caption\":\"weronikawertelecka\"},\"url\":\"https:\/\/plasticseurope.org\/pl\/author\/weronikawertelecka\/\"}]}<\/script>\n<!-- \/ Yoast SEO plugin. -->","yoast_head_json":{"title":"Stanowisko Plastics Europe na og\u00f3lne podej\u015bcie Rady UE do rozporz\u0105dzenia w sprawie pojazd\u00f3w wycofanych z eksploatacji - Plastics Europe PL","robots":{"index":"index","follow":"follow","max-snippet":"max-snippet:-1","max-image-preview":"max-image-preview:large","max-video-preview":"max-video-preview:-1"},"canonical":"https:\/\/plasticseurope.org\/pl\/2025\/06\/18\/stanowisko-plastics-europe-na-ogolne-podejscie-rady-ue-do-rozporzadzenia-w-sprawie-pojazdow-wycofanych-z-eksploatacji\/","og_locale":"pl_PL","og_type":"article","og_title":"Stanowisko Plastics Europe na og\u00f3lne podej\u015bcie Rady UE do rozporz\u0105dzenia w sprawie pojazd\u00f3w wycofanych z eksploatacji - Plastics Europe PL","og_description":"Post\u0119py poczynione przez Rad\u0119 Ministr\u00f3w w sprawie rozporz\u0105dzenia dotycz\u0105cego pojazd\u00f3w wycofanych z eksploatacji (ELVR) s\u0105 szczeg\u00f3lnie wa\u017cne, poniewa\u017c bran\u017ca potrzebuje\u2026","og_url":"https:\/\/plasticseurope.org\/pl\/2025\/06\/18\/stanowisko-plastics-europe-na-ogolne-podejscie-rady-ue-do-rozporzadzenia-w-sprawie-pojazdow-wycofanych-z-eksploatacji\/","og_site_name":"Plastics Europe PL","article_published_time":"2025-06-18T12:34:06+00:00","article_modified_time":"2025-09-19T06:58:25+00:00","author":"weronikawertelecka","twitter_card":"summary_large_image","twitter_misc":{"Napisane przez":"weronikawertelecka","Szacowany czas czytania":"2 minuty"},"schema":{"@context":"https:\/\/schema.org","@graph":[{"@type":"WebPage","@id":"https:\/\/plasticseurope.org\/pl\/2025\/06\/18\/stanowisko-plastics-europe-na-ogolne-podejscie-rady-ue-do-rozporzadzenia-w-sprawie-pojazdow-wycofanych-z-eksploatacji\/","url":"https:\/\/plasticseurope.org\/pl\/2025\/06\/18\/stanowisko-plastics-europe-na-ogolne-podejscie-rady-ue-do-rozporzadzenia-w-sprawie-pojazdow-wycofanych-z-eksploatacji\/","name":"Stanowisko Plastics Europe na og\u00f3lne podej\u015bcie Rady UE do rozporz\u0105dzenia w sprawie pojazd\u00f3w wycofanych z eksploatacji - Plastics Europe PL","isPartOf":{"@id":"https:\/\/plasticseurope.org\/pl\/#website"},"datePublished":"2025-06-18T12:34:06+00:00","dateModified":"2025-09-19T06:58:25+00:00","author":{"@id":"https:\/\/plasticseurope.org\/pl\/#\/schema\/person\/eb8bc49b972c1bf917d75189faf08de2"},"breadcrumb":{"@id":"https:\/\/plasticseurope.org\/pl\/2025\/06\/18\/stanowisko-plastics-europe-na-ogolne-podejscie-rady-ue-do-rozporzadzenia-w-sprawie-pojazdow-wycofanych-z-eksploatacji\/#breadcrumb"},"inLanguage":"pl-PL","potentialAction":[{"@type":"ReadAction","target":["https:\/\/plasticseurope.org\/pl\/2025\/06\/18\/stanowisko-plastics-europe-na-ogolne-podejscie-rady-ue-do-rozporzadzenia-w-sprawie-pojazdow-wycofanych-z-eksploatacji\/"]}]},{"@type":"BreadcrumbList","@id":"https:\/\/plasticseurope.org\/pl\/2025\/06\/18\/stanowisko-plastics-europe-na-ogolne-podejscie-rady-ue-do-rozporzadzenia-w-sprawie-pojazdow-wycofanych-z-eksploatacji\/#breadcrumb","itemListElement":[{"@type":"ListItem","position":1,"name":"Home","item":"https:\/\/plasticseurope.org\/pl\/"},{"@type":"ListItem","position":2,"name":"Stanowisko Plastics Europe na og\u00f3lne podej\u015bcie Rady UE do rozporz\u0105dzenia w sprawie pojazd\u00f3w wycofanych z eksploatacji"}]},{"@type":"WebSite","@id":"https:\/\/plasticseurope.org\/pl\/#website","url":"https:\/\/plasticseurope.org\/pl\/","name":"Plastics Europe PL","description":"Enabling a sustainable future","potentialAction":[{"@type":"SearchAction","target":{"@type":"EntryPoint","urlTemplate":"https:\/\/plasticseurope.org\/pl\/?s={search_term_string}"},"query-input":"required name=search_term_string"}],"inLanguage":"pl-PL"},{"@type":"Person","@id":"https:\/\/plasticseurope.org\/pl\/#\/schema\/person\/eb8bc49b972c1bf917d75189faf08de2","name":"weronikawertelecka","image":{"@type":"ImageObject","inLanguage":"pl-PL","@id":"https:\/\/plasticseurope.org\/pl\/#\/schema\/person\/image\/","url":"https:\/\/secure.gravatar.com\/avatar\/b77bd41dca7b0bc15a404ed3905803a55c9ffe3d8ddcbc2b7864ab054167d18a?s=96&d=mm&r=g","contentUrl":"https:\/\/secure.gravatar.com\/avatar\/b77bd41dca7b0bc15a404ed3905803a55c9ffe3d8ddcbc2b7864ab054167d18a?s=96&d=mm&r=g","caption":"weronikawertelecka"},"url":"https:\/\/plasticseurope.org\/pl\/author\/weronikawertelecka\/"}]}},"_links":{"self":[{"href":"https:\/\/plasticseurope.org\/pl\/wp-json\/wp\/v2\/posts\/10911","targetHints":{"allow":["GET"]}}],"collection":[{"href":"https:\/\/plasticseurope.org\/pl\/wp-json\/wp\/v2\/posts"}],"about":[{"href":"https:\/\/plasticseurope.org\/pl\/wp-json\/wp\/v2\/types\/post"}],"author":[{"embeddable":true,"href":"https:\/\/plasticseurope.org\/pl\/wp-json\/wp\/v2\/users\/26"}],"replies":[{"embeddable":true,"href":"https:\/\/plasticseurope.org\/pl\/wp-json\/wp\/v2\/comments?post=10911"}],"version-history":[{"count":0,"href":"https:\/\/plasticseurope.org\/pl\/wp-json\/wp\/v2\/posts\/10911\/revisions"}],"wp:attachment":[{"href":"https:\/\/plasticseurope.org\/pl\/wp-json\/wp\/v2\/media?parent=10911"}],"wp:term":[{"taxonomy":"category","embeddable":true,"href":"https:\/\/plasticseurope.org\/pl\/wp-json\/wp\/v2\/categories?post=10911"},{"taxonomy":"post_tag","embeddable":true,"href":"https:\/\/plasticseurope.org\/pl\/wp-json\/wp\/v2\/tags?post=10911"}],"curies":[{"name":"wp","href":"https:\/\/api.w.org\/{rel}","templated":true}]}}