{"id":10555,"date":"2024-06-14T09:13:17","date_gmt":"2024-06-14T09:13:17","guid":{"rendered":"https:\/\/plasticseurope.wpenginepowered.com\/pl\/?p=10555"},"modified":"2024-09-18T12:39:28","modified_gmt":"2024-09-18T12:39:28","slug":"coraz-wiecej-cyrkularnej-praktyki-w-branzy-tworzyw-sztucznych","status":"publish","type":"post","link":"https:\/\/plasticseurope.org\/pl\/2024\/06\/14\/coraz-wiecej-cyrkularnej-praktyki-w-branzy-tworzyw-sztucznych\/","title":{"rendered":"Coraz wi\u0119cej cyrkularnej praktyki w bran\u017cy tworzyw sztucznych"},"content":{"rendered":"\n<p class=\"has-large-font-size\">O mo\u017cliwych drogach doj\u015bcia do cyrkularno\u015bci i zeroemisyjno\u015bci europejskiej bran\u017cy tworzyw sztucznych dyskutowano ju\u017c wielokrotnie. Podczas trzeciej edycji Polish Circular Forum w znacznej mierze skoncentrowano si\u0119 na praktycznych, ju\u017c funkcjonuj\u0105cych rozwi\u0105zaniach, a tak\u017ce na tym, czego potrzebuje przemys\u0142, aby rozwija\u0107 ich potencja\u0142 w Polsce.<\/p>\n\n\n\n<p>Poziom recyklingu tworzyw sztucznych w Polsce ro\u015bnie. W 2022 roku wyni\u00f3s\u0142 21,2%. W por\u00f3wnaniu do 2018 roku poziom ten wzr\u00f3s\u0142 o 8,7%*. Natomiast w nowych produktach i cz\u0119\u015bciach z tworzyw sztucznych 10,2% surowc\u00f3w pochodzi\u0142o ze \u017ar\u00f3de\u0142 cyrkularnych**. Co robi\u0107, aby podnosi\u0107 te poziomy i osi\u0105ga\u0107 inne cele klimatyczne? \u2013<em> Wierzymy, \u017ce warsztatowe spotkania, takie jak Polish Circular Forum, kt\u00f3re promuj\u0105 innowacyjne praktyki, w po\u0142\u0105czeniu z konkretnymi dzia\u0142aniami dla bran\u017cy przedstawionymi w mapie drogowej The Plastics Transition, w znacz\u0105cy spos\u00f3b przyczyniaj\u0105 si\u0119 nie tylko do wspierania dialogu i wsp\u00f3\u0142pracy ze wszystkimi zainteresowanymi stronami, ale przede wszystkim przek\u0142adaj\u0105 si\u0119 na rzeczywiste rozwi\u0105zania umo\u017cliwiaj\u0105ce dalsz\u0105 transformacj\u0119 systemu tworzyw sztucznych<\/em> \u2013 m\u00f3wi\u0142a Anna Kozera-Sza\u0142kowska, dyrektor zarz\u0105dzaj\u0105ca Fundacji PlasticsEurope Polska, jednego ze wsp\u00f3\u0142organizator\u00f3w wydarzenia.<\/p>\n\n\n\n<p><strong>Jeszcze ni\u017csze emisje<\/strong><\/p>\n\n\n\n<p>Umberto Credali, prezes Fundacji PlasticsEurope Polska, Cz\u0142onek Zarz\u0105du i Dyrektor Sprzeda\u017cy Basell Orlen Polyolefins Sp. z o. o. oraz Prezes Zarz\u0105du Basell Orlen Polyolefins Sprzeda\u017c Sp. z o. o. wskazywa\u0142 korzy\u015bci wynikaj\u0105ce z rozwoju cyrkularnych polimer\u00f3w i ich wp\u0142ywu na inne bran\u017ce, w kt\u00f3rych polimery s\u0105 nieodzownym materia\u0142em. \u2013 <em>Tworzywa sztuczne to materia\u0142, kt\u00f3ry wed\u0142ug wielu bada\u0144 opieraj\u0105cych si\u0119 na pe\u0142nej \u015brodowiskowej ocenie cyklu \u017cycia tzw. LCA (Life Cycle Assessment), charakteryzuje si\u0119 najni\u017cszym \u015bladem w\u0119glowym. Tworzywa cyrkularne dodatkowo zmniejszaj\u0105 ten wska\u017anik poprzez wy\u0142\u0105czenie emisji zwi\u0105zanych z wykorzystaniem surowc\u00f3w kopalnych. R\u00f3\u017cnica b\u0119dzie jeszcze wi\u0119ksza, kiedy we\u017amiemy pod uwag\u0119 np. polimery cyrkularne pochodz\u0105ce z surowc\u00f3w odnawialnych, zw\u0142aszcza gdy bio-surowiec jest r\u00f3wnie\u017c odpadem rolniczym lub pochodz\u0105cym z przemys\u0142u spo\u017cywczego. Tworzywa bio-pochodne mog\u0105 by\u0107 wykorzystane we wszystkich aplikacjach, w kt\u00f3rych stosuje si\u0119 poliolefiny, w tym r\u00f3wnie\u017c w tych najbardziej wra\u017cliwych, takich jak opakowania na \u017cywno\u015b\u0107<\/em> \u2013 t\u0142umaczy\u0142 Umberto Credali.<\/p>\n\n\n\n<p><strong>Zwi\u0119kszone poziomy odzyskiwania surowca<\/strong><\/p>\n\n\n\n<p>Sztandarowym elementem Polish Circular Forum jest warsztatowa sesja okr\u0105g\u0142ych sto\u0142\u00f3w, przy kt\u00f3rych uczestnicy w grupach omawiaj\u0105 najwa\u017cniejsze z perspektywy GOZ zagadnienia. Jednym z temat\u00f3w by\u0142a rola recyklingu chemicznego w cyrkularnej transformacji bran\u017cy. W sytuacji, gdy oko\u0142o 2\/3 odpad\u00f3w tworzyw sztucznych jest spalane z odzyskiem energii lub sk\u0142adowane, a wi\u0119c tracone z systemu z punktu widzenia gospodarki o obiegu zamkni\u0119tym, konieczne s\u0105 systemowe rozwi\u0105zania umo\u017cliwiaj\u0105ce rozw\u00f3j technologii zwi\u0119kszaj\u0105cych skuteczno\u015b\u0107 zagospodarowania odpad\u00f3w tworzyw.<\/p>\n\n\n\n<p>Jak t\u0142umaczy\u0142 Damian Danielewicz, in\u017cynier w BASF Polska: <em>Strumienie odpad\u00f3w tworzyw sztucznych, kt\u00f3re obecnie ze wzgl\u0119du na ograniczenia technologiczne nie nadaj\u0105 si\u0119 do recyklingu mechanicznego, powinny by\u0107 poddawane recyklingowi chemicznemu. Surowce odpadowe w r\u00f3\u017cnych procesach chemicznych zostaj\u0105 dzi\u0119ki tej technologii przekszta\u0142cane w nowe substancje wykorzystywane do produkcji nowych wyrob\u00f3w. Na przyk\u0142ad w procesach pirolizy z odpad\u00f3w tworzyw sztucznych uzyskuje si\u0119 ciek\u0142\u0105 mieszanin\u0119 w\u0119glowodor\u00f3w \u2013 tzw. olej pirolityczny \u2013 kt\u00f3ry nast\u0119pnie wykorzystujemy jako surowiec w produkcji chemicznej, cz\u0119\u015bciowo zast\u0119puj\u0105c surowce kopalne. W\u0142a\u015bciwo\u015bci otrzymanych produkt\u00f3w ko\u0144cowych s\u0105 identyczne z odpowiednikami otrzymanymi z surowc\u00f3w pierwotnych, co pozwala wykorzystywa\u0107 polimery z recyklingu chemicznego do najbardziej wymagaj\u0105cych zastosowa\u0144, takich jak pakowanie \u017cywno\u015bci, lek\u00f3w i wyrob\u00f3w medycznych<\/em>.<\/p>\n\n\n\n<p><strong>Z\u0142oty \u015brodek legislacji<\/strong><\/p>\n\n\n\n<p>Bodaj najcz\u0119\u015bciej przewijaj\u0105cym si\u0119 postulatem zwi\u0105zanym z umo\u017cliwieniem wdra\u017cania praktycznych rozwi\u0105za\u0144 w zakresie gospodarki obiegu zamkni\u0119tego by\u0142a sprzyjaj\u0105ca legislacja. Z jednej strony eksperci wskazywali na przypadki przeregulowania w wybranych obszarach lub przepis\u00f3w, takich jak rozporz\u0105dzenie PPWR, odg\u00f3rnie faworyzuj\u0105cych materia\u0142y inne ni\u017c tworzywa sztuczne. Z drugiej strony w innych obszarach, takich jak technologie recyklingu chemicznego brakuje regulacji, kt\u00f3re stworzy\u0142yby stabilny grunt inwestycyjny i zach\u0119ci\u0142y firmy do pod\u0105\u017cania w tym kierunku. Rzeczywisty wp\u0142yw na stymulowanie cyrkularnych pomys\u0142\u00f3w i przedsi\u0119wzi\u0119\u0107 mo\u017ce mie\u0107 tylko wywa\u017cona legislacja, daj\u0105ca pewne, d\u0142ugoterminowe ramy prawne i zapewniaj\u0105ca konkurencyjno\u015b\u0107 zr\u00f3wnowa\u017conego biznesu.<\/p>\n\n\n\n<p><strong>Polish Circular Forum 2024<\/strong> zgromadzi\u0142o blisko 200 ekspert\u00f3w z r\u00f3\u017cnych dziedzin. To unikalne wydarzenie, w kt\u00f3rym tematyka gospodarki obiegu zamkni\u0119tego dyskutowana jest z perspektywy przemys\u0142u w uj\u0119ciu polskim i europejskim. Organizatorami tegorocznego spotkania byli Fundacja PlasticsEurope Polska oraz Klaster Gospodarki Odpadowej i Recyklingu \u2013 Krajowy Klaster Kluczowy. Patronat honorowy nad Forum sprawowa\u0142o Ministerstwo Rozwoju i Technologii. Partnerem strategicznym by\u0142 Urz\u0105d Marsza\u0142kowski Wojew\u00f3dztwa Mazowieckiego w Warszawie. Partnerami wydarzenia byli Basell Orlen Polyolefins, BASF Polska, Zwi\u0105zek Pracodawc\u00f3w EKO-PAK, Tomra i Wastes Service.<\/p>\n\n\n\n<p>* \u201eTworzywa sztuczne w obiegu zamkni\u0119tym \u2013 analiza sytuacji w Europie\u201d, Plastics Europe, 2024<\/p>\n\n\n\n<p>** Zgodnie z definicj\u0105 zawart\u0105 w mapie drogowej bran\u017cy \u201eThe Plastics Transition\u201d, przez cyrkularne tworzywa sztuczne rozumiane s\u0105 pokonsumenckie recyklaty tworzyw sztucznych, tworzywa sztuczne z surowc\u00f3w pochodzenia biologicznego oraz tworzywa sztuczne z technologii wychwytywania i wykorzystania w\u0119gla, z wy\u0142\u0105czeniem recykalt\u00f3w prekonsumenckich.<\/p>\n\n\n\n<div data-wp-interactive=\"core\/file\" class=\"wp-block-file\"><object data-wp-bind--hidden=\"!state.hasPdfPreview\" hidden class=\"wp-block-file__embed\" data=\"https:\/\/plasticseurope.org\/pl\/wp-content\/uploads\/sites\/7\/2024\/06\/Informacja-Prasowa_Plastics-Europe-Polska_Polish-Circular-Forum-2024.pdf\" type=\"application\/pdf\" style=\"width:100%;height:600px\" aria-label=\"Osadzone z Informacja-Prasowa_Plastics-Europe-Polska_Polish-Circular-Forum-2024.\"><\/object><a id=\"wp-block-file--media-c748496e-3177-4c6e-b448-4dd31fbe4ed6\" href=\"https:\/\/plasticseurope.org\/pl\/wp-content\/uploads\/sites\/7\/2024\/06\/Informacja-Prasowa_Plastics-Europe-Polska_Polish-Circular-Forum-2024.pdf\">Informacja-Prasowa_Plastics-Europe-Polska_Polish-Circular-Forum-2024<\/a><a href=\"https:\/\/plasticseurope.org\/pl\/wp-content\/uploads\/sites\/7\/2024\/06\/Informacja-Prasowa_Plastics-Europe-Polska_Polish-Circular-Forum-2024.pdf\" class=\"wp-block-file__button wp-element-button\" download aria-describedby=\"wp-block-file--media-c748496e-3177-4c6e-b448-4dd31fbe4ed6\">Pobierz<\/a><\/div>\n\n\n\n<div data-wp-interactive=\"core\/file\" class=\"wp-block-file\"><object data-wp-bind--hidden=\"!state.hasPdfPreview\" hidden class=\"wp-block-file__embed\" data=\"https:\/\/plasticseurope.org\/pl\/wp-content\/uploads\/sites\/7\/2024\/06\/Podsumowanie_PCF2024_wnioski.pdf\" type=\"application\/pdf\" style=\"width:100%;height:600px\" aria-label=\"Osadzone z Podsumowanie_PCF2024_wnioski.\"><\/object><a id=\"wp-block-file--media-6056f714-4d22-4991-892a-a22cdc9ea2c3\" href=\"https:\/\/plasticseurope.org\/pl\/wp-content\/uploads\/sites\/7\/2024\/06\/Podsumowanie_PCF2024_wnioski.pdf\">Podsumowanie_PCF2024_wnioski<\/a><a href=\"https:\/\/plasticseurope.org\/pl\/wp-content\/uploads\/sites\/7\/2024\/06\/Podsumowanie_PCF2024_wnioski.pdf\" class=\"wp-block-file__button wp-element-button\" download aria-describedby=\"wp-block-file--media-6056f714-4d22-4991-892a-a22cdc9ea2c3\">Pobierz<\/a><\/div>\n","protected":false},"excerpt":{"rendered":"<p>O mo\u017cliwych drogach doj\u015bcia do cyrkularno\u015bci i zeroemisyjno\u015bci europejskiej bran\u017cy tworzyw sztucznych dyskutowano ju\u017c wielokrotnie. Podczas trzeciej edycji Polish Circular\u2026<\/p>\n","protected":false},"author":26,"featured_media":10557,"comment_status":"open","ping_status":"open","sticky":false,"template":"","format":"standard","meta":{"footnotes":""},"categories":[8,7],"tags":[31,32,29,30],"class_list":["post-10555","post","type-post","status-publish","format-standard","has-post-thumbnail","hentry","category-aktualnosci","category-informacje-prasowe","tag-cyrkularnosc","tag-goz","tag-polishcircularforum","tag-tworzywa"],"acf":[],"yoast_head":"<!-- This site is optimized with the Yoast SEO plugin v21.6 - https:\/\/yoast.com\/wordpress\/plugins\/seo\/ -->\n<title>Coraz wi\u0119cej cyrkularnej praktyki w bran\u017cy tworzyw sztucznych - Plastics Europe PL<\/title>\n<meta name=\"robots\" content=\"index, follow, max-snippet:-1, max-image-preview:large, max-video-preview:-1\" \/>\n<link rel=\"canonical\" href=\"https:\/\/plasticseurope.org\/pl\/2024\/06\/14\/coraz-wiecej-cyrkularnej-praktyki-w-branzy-tworzyw-sztucznych\/\" \/>\n<meta property=\"og:locale\" content=\"pl_PL\" \/>\n<meta property=\"og:type\" content=\"article\" \/>\n<meta property=\"og:title\" content=\"Coraz wi\u0119cej cyrkularnej praktyki w bran\u017cy tworzyw sztucznych - Plastics Europe PL\" \/>\n<meta property=\"og:description\" content=\"O mo\u017cliwych drogach doj\u015bcia do cyrkularno\u015bci i zeroemisyjno\u015bci europejskiej bran\u017cy tworzyw sztucznych dyskutowano ju\u017c wielokrotnie. Podczas trzeciej edycji Polish Circular\u2026\" \/>\n<meta property=\"og:url\" content=\"https:\/\/plasticseurope.org\/pl\/2024\/06\/14\/coraz-wiecej-cyrkularnej-praktyki-w-branzy-tworzyw-sztucznych\/\" \/>\n<meta property=\"og:site_name\" content=\"Plastics Europe PL\" \/>\n<meta property=\"article:published_time\" content=\"2024-06-14T09:13:17+00:00\" \/>\n<meta property=\"article:modified_time\" content=\"2024-09-18T12:39:28+00:00\" \/>\n<meta property=\"og:image\" content=\"https:\/\/plasticseurope.org\/pl\/wp-content\/uploads\/sites\/7\/2024\/06\/01_240613_00489-scaled.jpg\" \/>\n\t<meta property=\"og:image:width\" content=\"2560\" \/>\n\t<meta property=\"og:image:height\" content=\"1708\" \/>\n\t<meta property=\"og:image:type\" content=\"image\/jpeg\" \/>\n<meta name=\"author\" content=\"weronikawertelecka\" \/>\n<meta name=\"twitter:card\" content=\"summary_large_image\" \/>\n<meta name=\"twitter:label1\" content=\"Napisane przez\" \/>\n\t<meta name=\"twitter:data1\" content=\"weronikawertelecka\" \/>\n\t<meta name=\"twitter:label2\" content=\"Szacowany czas czytania\" \/>\n\t<meta name=\"twitter:data2\" content=\"5 minut\" \/>\n<script type=\"application\/ld+json\" class=\"yoast-schema-graph\">{\"@context\":\"https:\/\/schema.org\",\"@graph\":[{\"@type\":\"WebPage\",\"@id\":\"https:\/\/plasticseurope.org\/pl\/2024\/06\/14\/coraz-wiecej-cyrkularnej-praktyki-w-branzy-tworzyw-sztucznych\/\",\"url\":\"https:\/\/plasticseurope.org\/pl\/2024\/06\/14\/coraz-wiecej-cyrkularnej-praktyki-w-branzy-tworzyw-sztucznych\/\",\"name\":\"Coraz wi\u0119cej cyrkularnej praktyki w bran\u017cy tworzyw sztucznych - Plastics Europe PL\",\"isPartOf\":{\"@id\":\"https:\/\/plasticseurope.org\/pl\/#website\"},\"datePublished\":\"2024-06-14T09:13:17+00:00\",\"dateModified\":\"2024-09-18T12:39:28+00:00\",\"author\":{\"@id\":\"https:\/\/plasticseurope.org\/pl\/#\/schema\/person\/eb8bc49b972c1bf917d75189faf08de2\"},\"breadcrumb\":{\"@id\":\"https:\/\/plasticseurope.org\/pl\/2024\/06\/14\/coraz-wiecej-cyrkularnej-praktyki-w-branzy-tworzyw-sztucznych\/#breadcrumb\"},\"inLanguage\":\"pl-PL\",\"potentialAction\":[{\"@type\":\"ReadAction\",\"target\":[\"https:\/\/plasticseurope.org\/pl\/2024\/06\/14\/coraz-wiecej-cyrkularnej-praktyki-w-branzy-tworzyw-sztucznych\/\"]}]},{\"@type\":\"BreadcrumbList\",\"@id\":\"https:\/\/plasticseurope.org\/pl\/2024\/06\/14\/coraz-wiecej-cyrkularnej-praktyki-w-branzy-tworzyw-sztucznych\/#breadcrumb\",\"itemListElement\":[{\"@type\":\"ListItem\",\"position\":1,\"name\":\"Home\",\"item\":\"https:\/\/plasticseurope.org\/pl\/\"},{\"@type\":\"ListItem\",\"position\":2,\"name\":\"Coraz wi\u0119cej cyrkularnej praktyki w bran\u017cy tworzyw sztucznych\"}]},{\"@type\":\"WebSite\",\"@id\":\"https:\/\/plasticseurope.org\/pl\/#website\",\"url\":\"https:\/\/plasticseurope.org\/pl\/\",\"name\":\"Plastics Europe PL\",\"description\":\"Enabling a sustainable future\",\"potentialAction\":[{\"@type\":\"SearchAction\",\"target\":{\"@type\":\"EntryPoint\",\"urlTemplate\":\"https:\/\/plasticseurope.org\/pl\/?s={search_term_string}\"},\"query-input\":\"required name=search_term_string\"}],\"inLanguage\":\"pl-PL\"},{\"@type\":\"Person\",\"@id\":\"https:\/\/plasticseurope.org\/pl\/#\/schema\/person\/eb8bc49b972c1bf917d75189faf08de2\",\"name\":\"weronikawertelecka\",\"image\":{\"@type\":\"ImageObject\",\"inLanguage\":\"pl-PL\",\"@id\":\"https:\/\/plasticseurope.org\/pl\/#\/schema\/person\/image\/\",\"url\":\"https:\/\/secure.gravatar.com\/avatar\/b77bd41dca7b0bc15a404ed3905803a55c9ffe3d8ddcbc2b7864ab054167d18a?s=96&d=mm&r=g\",\"contentUrl\":\"https:\/\/secure.gravatar.com\/avatar\/b77bd41dca7b0bc15a404ed3905803a55c9ffe3d8ddcbc2b7864ab054167d18a?s=96&d=mm&r=g\",\"caption\":\"weronikawertelecka\"},\"url\":\"https:\/\/plasticseurope.org\/pl\/author\/weronikawertelecka\/\"}]}<\/script>\n<!-- \/ Yoast SEO plugin. -->","yoast_head_json":{"title":"Coraz wi\u0119cej cyrkularnej praktyki w bran\u017cy tworzyw sztucznych - Plastics Europe PL","robots":{"index":"index","follow":"follow","max-snippet":"max-snippet:-1","max-image-preview":"max-image-preview:large","max-video-preview":"max-video-preview:-1"},"canonical":"https:\/\/plasticseurope.org\/pl\/2024\/06\/14\/coraz-wiecej-cyrkularnej-praktyki-w-branzy-tworzyw-sztucznych\/","og_locale":"pl_PL","og_type":"article","og_title":"Coraz wi\u0119cej cyrkularnej praktyki w bran\u017cy tworzyw sztucznych - Plastics Europe PL","og_description":"O mo\u017cliwych drogach doj\u015bcia do cyrkularno\u015bci i zeroemisyjno\u015bci europejskiej bran\u017cy tworzyw sztucznych dyskutowano ju\u017c wielokrotnie. Podczas trzeciej edycji Polish Circular\u2026","og_url":"https:\/\/plasticseurope.org\/pl\/2024\/06\/14\/coraz-wiecej-cyrkularnej-praktyki-w-branzy-tworzyw-sztucznych\/","og_site_name":"Plastics Europe PL","article_published_time":"2024-06-14T09:13:17+00:00","article_modified_time":"2024-09-18T12:39:28+00:00","og_image":[{"width":2560,"height":1708,"url":"https:\/\/plasticseurope.org\/pl\/wp-content\/uploads\/sites\/7\/2024\/06\/01_240613_00489-scaled.jpg","type":"image\/jpeg"}],"author":"weronikawertelecka","twitter_card":"summary_large_image","twitter_misc":{"Napisane przez":"weronikawertelecka","Szacowany czas czytania":"5 minut"},"schema":{"@context":"https:\/\/schema.org","@graph":[{"@type":"WebPage","@id":"https:\/\/plasticseurope.org\/pl\/2024\/06\/14\/coraz-wiecej-cyrkularnej-praktyki-w-branzy-tworzyw-sztucznych\/","url":"https:\/\/plasticseurope.org\/pl\/2024\/06\/14\/coraz-wiecej-cyrkularnej-praktyki-w-branzy-tworzyw-sztucznych\/","name":"Coraz wi\u0119cej cyrkularnej praktyki w bran\u017cy tworzyw sztucznych - Plastics Europe PL","isPartOf":{"@id":"https:\/\/plasticseurope.org\/pl\/#website"},"datePublished":"2024-06-14T09:13:17+00:00","dateModified":"2024-09-18T12:39:28+00:00","author":{"@id":"https:\/\/plasticseurope.org\/pl\/#\/schema\/person\/eb8bc49b972c1bf917d75189faf08de2"},"breadcrumb":{"@id":"https:\/\/plasticseurope.org\/pl\/2024\/06\/14\/coraz-wiecej-cyrkularnej-praktyki-w-branzy-tworzyw-sztucznych\/#breadcrumb"},"inLanguage":"pl-PL","potentialAction":[{"@type":"ReadAction","target":["https:\/\/plasticseurope.org\/pl\/2024\/06\/14\/coraz-wiecej-cyrkularnej-praktyki-w-branzy-tworzyw-sztucznych\/"]}]},{"@type":"BreadcrumbList","@id":"https:\/\/plasticseurope.org\/pl\/2024\/06\/14\/coraz-wiecej-cyrkularnej-praktyki-w-branzy-tworzyw-sztucznych\/#breadcrumb","itemListElement":[{"@type":"ListItem","position":1,"name":"Home","item":"https:\/\/plasticseurope.org\/pl\/"},{"@type":"ListItem","position":2,"name":"Coraz wi\u0119cej cyrkularnej praktyki w bran\u017cy tworzyw sztucznych"}]},{"@type":"WebSite","@id":"https:\/\/plasticseurope.org\/pl\/#website","url":"https:\/\/plasticseurope.org\/pl\/","name":"Plastics Europe PL","description":"Enabling a sustainable future","potentialAction":[{"@type":"SearchAction","target":{"@type":"EntryPoint","urlTemplate":"https:\/\/plasticseurope.org\/pl\/?s={search_term_string}"},"query-input":"required name=search_term_string"}],"inLanguage":"pl-PL"},{"@type":"Person","@id":"https:\/\/plasticseurope.org\/pl\/#\/schema\/person\/eb8bc49b972c1bf917d75189faf08de2","name":"weronikawertelecka","image":{"@type":"ImageObject","inLanguage":"pl-PL","@id":"https:\/\/plasticseurope.org\/pl\/#\/schema\/person\/image\/","url":"https:\/\/secure.gravatar.com\/avatar\/b77bd41dca7b0bc15a404ed3905803a55c9ffe3d8ddcbc2b7864ab054167d18a?s=96&d=mm&r=g","contentUrl":"https:\/\/secure.gravatar.com\/avatar\/b77bd41dca7b0bc15a404ed3905803a55c9ffe3d8ddcbc2b7864ab054167d18a?s=96&d=mm&r=g","caption":"weronikawertelecka"},"url":"https:\/\/plasticseurope.org\/pl\/author\/weronikawertelecka\/"}]}},"_links":{"self":[{"href":"https:\/\/plasticseurope.org\/pl\/wp-json\/wp\/v2\/posts\/10555","targetHints":{"allow":["GET"]}}],"collection":[{"href":"https:\/\/plasticseurope.org\/pl\/wp-json\/wp\/v2\/posts"}],"about":[{"href":"https:\/\/plasticseurope.org\/pl\/wp-json\/wp\/v2\/types\/post"}],"author":[{"embeddable":true,"href":"https:\/\/plasticseurope.org\/pl\/wp-json\/wp\/v2\/users\/26"}],"replies":[{"embeddable":true,"href":"https:\/\/plasticseurope.org\/pl\/wp-json\/wp\/v2\/comments?post=10555"}],"version-history":[{"count":0,"href":"https:\/\/plasticseurope.org\/pl\/wp-json\/wp\/v2\/posts\/10555\/revisions"}],"wp:featuredmedia":[{"embeddable":true,"href":"https:\/\/plasticseurope.org\/pl\/wp-json\/wp\/v2\/media\/10557"}],"wp:attachment":[{"href":"https:\/\/plasticseurope.org\/pl\/wp-json\/wp\/v2\/media?parent=10555"}],"wp:term":[{"taxonomy":"category","embeddable":true,"href":"https:\/\/plasticseurope.org\/pl\/wp-json\/wp\/v2\/categories?post=10555"},{"taxonomy":"post_tag","embeddable":true,"href":"https:\/\/plasticseurope.org\/pl\/wp-json\/wp\/v2\/tags?post=10555"}],"curies":[{"name":"wp","href":"https:\/\/api.w.org\/{rel}","templated":true}]}}