{"id":10369,"date":"2023-11-22T18:02:00","date_gmt":"2023-11-22T18:02:00","guid":{"rendered":"https:\/\/plasticseurope.wpenginepowered.com\/pl\/?p=10369"},"modified":"2023-11-24T12:05:29","modified_gmt":"2023-11-24T12:05:29","slug":"w-glosowaniu-plenarnym-nie-wykorzystano-szansy-do-stworzenia-zachet-do-inwestycji-w-cyrkularne-opakowania-z-tworzyw","status":"publish","type":"post","link":"https:\/\/plasticseurope.org\/pl\/2023\/11\/22\/w-glosowaniu-plenarnym-nie-wykorzystano-szansy-do-stworzenia-zachet-do-inwestycji-w-cyrkularne-opakowania-z-tworzyw\/","title":{"rendered":"W g\u0142osowaniu plenarnym nie wykorzystano szansy do stworzenia zach\u0119t do inwestycji w cyrkularne opakowania z tworzyw"},"content":{"rendered":"\n<p>Przyspieszenie transformacji europejskiego systemu tworzyw sztucznych w kierunku obiegu zamkni\u0119tego i zeroemisyjno\u015bci netto wymaga polityki i ram regulacyjnych, kt\u00f3re zwi\u0119kszaj\u0105 popyt na surowce cyrkularne, pobudzaj\u0105 inwestycje w technologie recyklingu i stymuluj\u0105 rozw\u00f3j projektowania wyrob\u00f3w z my\u015bl\u0105 o przydatno\u015bci do recyklingu. Plastics Europe \u200b\u200bz zadowoleniem przyjmuje pewne aspekty, kt\u00f3re pojawi\u0142y si\u0119 w g\u0142osowaniu na posiedzeniu plenarnym w Parlamencie Europejskim, takie jak docenienie typ\u00f3w opakowa\u0144 efektywnie poddawanych zbi\u00f3rce i recyklingowi oraz d\u0105\u017cenie do zapewnienia najlepszych rozwi\u0105za\u0144 opakowaniowych z punktu widzenia ochrony \u015brodowiska.<\/p>\n\n\n\n<p>\u201e<em>Projekt rozporz\u0105dzenia PPWR (Packaging and Packaging Waste Regulation) jest jednym z najwa\u017cniejszych element\u00f3w ram politycznych umo\u017cliwiaj\u0105cych transformacj\u0119 systemu tworzyw sztucznych. Dlatego, chocia\u017c z zadowoleniem przyjmujemy szereg decyzji podj\u0119tych przez Parlament Europejski, uwa\u017camy, \u017ce na dzisiejszym g\u0142osowaniu na posiedzeniu plenarnym nie wykorzystano szansy na wzmocnienie tego kluczowego aktu prawnego i stworzenie zach\u0119t do ogromnych inwestycji niezb\u0119dnych do zapewnienia obiegu zamkni\u0119tego opakowa\u0144 z tworzyw sztucznych\u201d<\/em> \u2013 uwa\u017ca Virginia Janssens, Dyrektor Zarz\u0105dzaj\u0105ca Plastics Europe.<\/p>\n\n\n\n<p>Stworzenie odpowiedniego zapotrzebowania rynkowego i otoczenia regulacyjnego dla rozwoju cyrkularno\u015bci jest niezb\u0119dne, by zach\u0119ci\u0107 europejski system tworzyw sztucznych do znacznego rozwoju recyklingu mechanicznego i chemicznego. Jest to kluczowe dla poprawy ilo\u015bci i jako\u015bci tworzyw sztucznych pochodz\u0105cych z recyklingu, ograniczenia zale\u017cno\u015bci od surowc\u00f3w kopalnych i przyspieszenia przechodzenia&nbsp; na obieg zamkni\u0119ty w ca\u0142ym systemie opakowa\u0144 z tworzyw sztucznych.<\/p>\n\n\n\n<p>\u201e<em>To niefortunne, \u017ce decyzja Komisji ds. \u015arodowiska o obni\u017ceniu docelowych poziom\u00f3w zawarto\u015bci recyklat\u00f3w w przypadku opakowa\u0144 do kontaktu z produktami wra\u017cliwymi nie zosta\u0142a zmieniona na posiedzeniu plenarnym. To stracona szansa na wykorzystanie rozporz\u0105dzenia PPWR w sprawie opakowa\u0144 i odpad\u00f3w opakowaniowych do pobudzenia rozwoju rynku W Europie opakowa\u0144 z tworzyw sztucznych pochodz\u0105cych z recyklingu\u201d<\/em> \u2013 komentuje Virginia Janssens.<\/p>\n\n\n\n<p>Jeste\u015bmy r\u00f3wnie\u017c rozczarowani, \u017ce pos\u0142owie do Parlamentu Europejskiego nie doprecyzowali w wystarczaj\u0105cym stopniu roli tworzyw biopochodnych i recyklat\u00f3w jako odr\u0119bnych, ale uzupe\u0142niaj\u0105cych si\u0119 rozwi\u0105za\u0144, kt\u00f3re przyczyniaj\u0105 si\u0119 do zr\u00f3wnowa\u017conego rozwoju przemys\u0142u tworzyw sztucznych, a tak\u017ce nie wprowadzili wymogu, aby opakowania, kt\u00f3re zostan\u0105 zaprojektowane tak, by by\u0142y w pe\u0142ni recyklowalne, by\u0142y wysortowywane zamiast trafia\u0107 do spalenia lub sk\u0142adowania.<\/p>\n\n\n\n<p>Ponadto Plastics Europe wyra\u017ca rozczarowanie faktem, \u017ce Parlament Europejski nie przyj\u0105\u0142 poprawek zapewniaj\u0105cych neutralno\u015b\u0107 materia\u0142ow\u0105 proponowanego prawodawstwa. To jeszcze bardziej zagra\u017ca klimatowi inwestycyjnemu w Europie w zakresie obiegu zamkni\u0119tego opakowa\u0144 z tworzyw sztucznych poprzez wprowadzanie arbitralnych \u015brodk\u00f3w, w tym zakaz\u00f3w i cel\u00f3w w zakresie redukcji maj\u0105cych zastosowanie wy\u0142\u0105cznie do opakowa\u0144 z tworzyw sztucznych, bez jakiejkolwiek oceny wp\u0142ywu lub wykazania korzy\u015bci dla \u015brodowiska.<\/p>\n\n\n\n<p>\u201eArbitralne cele redukcji lub \u015brodki ukierunkowane wy\u0142\u0105cznie na tworzywa sztuczne \u2013 cho\u0107 atrakcyjne dla niekt\u00f3rych interesariuszy ze wzgl\u0119d\u00f3w politycznych \u2013 nie s\u0105 rozwi\u0105zaniem. B\u0119d\u0105 jedynie zach\u0119ca\u0107 do zast\u0119powania tworzyw sztucznych innymi materia\u0142ami bez udowodnionych korzy\u015bci ekologicznych i nie rozwi\u0105\u017c\u0105 problemu opakowa\u0144 jednorazowego u\u017cytku. Zamiast tego wzywamy do przedstawienia ambitnej propozycji, kt\u00f3ra stworzy pozytywny klimat inwestycyjny niezb\u0119dny, aby europejski system tworzyw sztucznych m\u00f3g\u0142 dalej pod\u0105\u017ca\u0107 w kierunku zr\u00f3wnowa\u017conego rozwoju\u201d \u2013 podsumowuje Virginia Janssens.<\/p>\n\n\n\n<div style=\"height:16px\" aria-hidden=\"true\" class=\"wp-block-spacer\"><\/div>\n\n\n\n<div data-wp-interactive=\"core\/file\" class=\"wp-block-file\"><object data-wp-bind--hidden=\"!state.hasPdfPreview\" hidden class=\"wp-block-file__embed\" data=\"https:\/\/plasticseurope.org\/pl\/wp-content\/uploads\/sites\/7\/2023\/11\/221123_PPWR_glosowanie_stanowisko.pdf\" type=\"application\/pdf\" style=\"width:100%;height:600px\" aria-label=\"Osadzone z 221123_PPWR_g\u0142osowanie_stanowisko.\"><\/object><a id=\"wp-block-file--media-c335c602-8a25-4023-ad4c-a49e4ad64bb4\" href=\"https:\/\/plasticseurope.org\/pl\/wp-content\/uploads\/sites\/7\/2023\/11\/221123_PPWR_glosowanie_stanowisko.pdf\">221123_PPWR_g\u0142osowanie_stanowisko<\/a><a href=\"https:\/\/plasticseurope.org\/pl\/wp-content\/uploads\/sites\/7\/2023\/11\/221123_PPWR_glosowanie_stanowisko.pdf\" class=\"wp-block-file__button wp-element-button\" download aria-describedby=\"wp-block-file--media-c335c602-8a25-4023-ad4c-a49e4ad64bb4\">Download<\/a><\/div>\n\n\n\n<div style=\"height:48px\" aria-hidden=\"true\" class=\"wp-block-spacer\"><\/div>\n\n\n","protected":false},"excerpt":{"rendered":"<p>Przyspieszenie transformacji europejskiego systemu tworzyw sztucznych w kierunku obiegu zamkni\u0119tego i zeroemisyjno\u015bci netto wymaga polityki i ram regulacyjnych, kt\u00f3re zwi\u0119kszaj\u0105\u2026<\/p>\n","protected":false},"author":26,"featured_media":10370,"comment_status":"open","ping_status":"open","sticky":false,"template":"","format":"standard","meta":{"footnotes":""},"categories":[8],"tags":[],"class_list":["post-10369","post","type-post","status-publish","format-standard","has-post-thumbnail","hentry","category-aktualnosci"],"acf":[],"yoast_head":"<!-- This site is optimized with the Yoast SEO plugin v21.6 - https:\/\/yoast.com\/wordpress\/plugins\/seo\/ -->\n<title>W g\u0142osowaniu plenarnym nie wykorzystano szansy do stworzenia zach\u0119t do inwestycji w cyrkularne opakowania z tworzyw - Plastics Europe PL<\/title>\n<meta name=\"robots\" content=\"index, follow, max-snippet:-1, max-image-preview:large, max-video-preview:-1\" \/>\n<link rel=\"canonical\" href=\"https:\/\/plasticseurope.org\/pl\/2023\/11\/22\/w-glosowaniu-plenarnym-nie-wykorzystano-szansy-do-stworzenia-zachet-do-inwestycji-w-cyrkularne-opakowania-z-tworzyw\/\" \/>\n<meta property=\"og:locale\" content=\"pl_PL\" \/>\n<meta property=\"og:type\" content=\"article\" \/>\n<meta property=\"og:title\" content=\"W g\u0142osowaniu plenarnym nie wykorzystano szansy do stworzenia zach\u0119t do inwestycji w cyrkularne opakowania z tworzyw - Plastics Europe PL\" \/>\n<meta property=\"og:description\" content=\"Przyspieszenie transformacji europejskiego systemu tworzyw sztucznych w kierunku obiegu zamkni\u0119tego i zeroemisyjno\u015bci netto wymaga polityki i ram regulacyjnych, kt\u00f3re zwi\u0119kszaj\u0105\u2026\" \/>\n<meta property=\"og:url\" content=\"https:\/\/plasticseurope.org\/pl\/2023\/11\/22\/w-glosowaniu-plenarnym-nie-wykorzystano-szansy-do-stworzenia-zachet-do-inwestycji-w-cyrkularne-opakowania-z-tworzyw\/\" \/>\n<meta property=\"og:site_name\" content=\"Plastics Europe PL\" \/>\n<meta property=\"article:published_time\" content=\"2023-11-22T18:02:00+00:00\" \/>\n<meta property=\"article:modified_time\" content=\"2023-11-24T12:05:29+00:00\" \/>\n<meta property=\"og:image\" content=\"https:\/\/plasticseurope.org\/pl\/wp-content\/uploads\/sites\/7\/2023\/11\/Cover_PPWR_v2.jpg\" \/>\n\t<meta property=\"og:image:width\" content=\"1603\" \/>\n\t<meta property=\"og:image:height\" content=\"1168\" \/>\n\t<meta property=\"og:image:type\" content=\"image\/jpeg\" \/>\n<meta name=\"author\" content=\"weronikawertelecka\" \/>\n<meta name=\"twitter:card\" content=\"summary_large_image\" \/>\n<meta name=\"twitter:label1\" content=\"Napisane przez\" \/>\n\t<meta name=\"twitter:data1\" content=\"weronikawertelecka\" \/>\n\t<meta name=\"twitter:label2\" content=\"Szacowany czas czytania\" \/>\n\t<meta name=\"twitter:data2\" content=\"3 minuty\" \/>\n<script type=\"application\/ld+json\" class=\"yoast-schema-graph\">{\"@context\":\"https:\/\/schema.org\",\"@graph\":[{\"@type\":\"WebPage\",\"@id\":\"https:\/\/plasticseurope.org\/pl\/2023\/11\/22\/w-glosowaniu-plenarnym-nie-wykorzystano-szansy-do-stworzenia-zachet-do-inwestycji-w-cyrkularne-opakowania-z-tworzyw\/\",\"url\":\"https:\/\/plasticseurope.org\/pl\/2023\/11\/22\/w-glosowaniu-plenarnym-nie-wykorzystano-szansy-do-stworzenia-zachet-do-inwestycji-w-cyrkularne-opakowania-z-tworzyw\/\",\"name\":\"W g\u0142osowaniu plenarnym nie wykorzystano szansy do stworzenia zach\u0119t do inwestycji w cyrkularne opakowania z tworzyw - Plastics Europe PL\",\"isPartOf\":{\"@id\":\"https:\/\/plasticseurope.org\/pl\/#website\"},\"datePublished\":\"2023-11-22T18:02:00+00:00\",\"dateModified\":\"2023-11-24T12:05:29+00:00\",\"author\":{\"@id\":\"https:\/\/plasticseurope.org\/pl\/#\/schema\/person\/eb8bc49b972c1bf917d75189faf08de2\"},\"breadcrumb\":{\"@id\":\"https:\/\/plasticseurope.org\/pl\/2023\/11\/22\/w-glosowaniu-plenarnym-nie-wykorzystano-szansy-do-stworzenia-zachet-do-inwestycji-w-cyrkularne-opakowania-z-tworzyw\/#breadcrumb\"},\"inLanguage\":\"pl-PL\",\"potentialAction\":[{\"@type\":\"ReadAction\",\"target\":[\"https:\/\/plasticseurope.org\/pl\/2023\/11\/22\/w-glosowaniu-plenarnym-nie-wykorzystano-szansy-do-stworzenia-zachet-do-inwestycji-w-cyrkularne-opakowania-z-tworzyw\/\"]}]},{\"@type\":\"BreadcrumbList\",\"@id\":\"https:\/\/plasticseurope.org\/pl\/2023\/11\/22\/w-glosowaniu-plenarnym-nie-wykorzystano-szansy-do-stworzenia-zachet-do-inwestycji-w-cyrkularne-opakowania-z-tworzyw\/#breadcrumb\",\"itemListElement\":[{\"@type\":\"ListItem\",\"position\":1,\"name\":\"Home\",\"item\":\"https:\/\/plasticseurope.org\/pl\/\"},{\"@type\":\"ListItem\",\"position\":2,\"name\":\"W g\u0142osowaniu plenarnym nie wykorzystano szansy do stworzenia zach\u0119t do inwestycji w cyrkularne opakowania z tworzyw\"}]},{\"@type\":\"WebSite\",\"@id\":\"https:\/\/plasticseurope.org\/pl\/#website\",\"url\":\"https:\/\/plasticseurope.org\/pl\/\",\"name\":\"Plastics Europe PL\",\"description\":\"Enabling a sustainable future\",\"potentialAction\":[{\"@type\":\"SearchAction\",\"target\":{\"@type\":\"EntryPoint\",\"urlTemplate\":\"https:\/\/plasticseurope.org\/pl\/?s={search_term_string}\"},\"query-input\":\"required name=search_term_string\"}],\"inLanguage\":\"pl-PL\"},{\"@type\":\"Person\",\"@id\":\"https:\/\/plasticseurope.org\/pl\/#\/schema\/person\/eb8bc49b972c1bf917d75189faf08de2\",\"name\":\"weronikawertelecka\",\"image\":{\"@type\":\"ImageObject\",\"inLanguage\":\"pl-PL\",\"@id\":\"https:\/\/plasticseurope.org\/pl\/#\/schema\/person\/image\/\",\"url\":\"https:\/\/secure.gravatar.com\/avatar\/b77bd41dca7b0bc15a404ed3905803a55c9ffe3d8ddcbc2b7864ab054167d18a?s=96&d=mm&r=g\",\"contentUrl\":\"https:\/\/secure.gravatar.com\/avatar\/b77bd41dca7b0bc15a404ed3905803a55c9ffe3d8ddcbc2b7864ab054167d18a?s=96&d=mm&r=g\",\"caption\":\"weronikawertelecka\"},\"url\":\"https:\/\/plasticseurope.org\/pl\/author\/weronikawertelecka\/\"}]}<\/script>\n<!-- \/ Yoast SEO plugin. -->","yoast_head_json":{"title":"W g\u0142osowaniu plenarnym nie wykorzystano szansy do stworzenia zach\u0119t do inwestycji w cyrkularne opakowania z tworzyw - Plastics Europe PL","robots":{"index":"index","follow":"follow","max-snippet":"max-snippet:-1","max-image-preview":"max-image-preview:large","max-video-preview":"max-video-preview:-1"},"canonical":"https:\/\/plasticseurope.org\/pl\/2023\/11\/22\/w-glosowaniu-plenarnym-nie-wykorzystano-szansy-do-stworzenia-zachet-do-inwestycji-w-cyrkularne-opakowania-z-tworzyw\/","og_locale":"pl_PL","og_type":"article","og_title":"W g\u0142osowaniu plenarnym nie wykorzystano szansy do stworzenia zach\u0119t do inwestycji w cyrkularne opakowania z tworzyw - Plastics Europe PL","og_description":"Przyspieszenie transformacji europejskiego systemu tworzyw sztucznych w kierunku obiegu zamkni\u0119tego i zeroemisyjno\u015bci netto wymaga polityki i ram regulacyjnych, kt\u00f3re zwi\u0119kszaj\u0105\u2026","og_url":"https:\/\/plasticseurope.org\/pl\/2023\/11\/22\/w-glosowaniu-plenarnym-nie-wykorzystano-szansy-do-stworzenia-zachet-do-inwestycji-w-cyrkularne-opakowania-z-tworzyw\/","og_site_name":"Plastics Europe PL","article_published_time":"2023-11-22T18:02:00+00:00","article_modified_time":"2023-11-24T12:05:29+00:00","og_image":[{"width":1603,"height":1168,"url":"https:\/\/plasticseurope.org\/pl\/wp-content\/uploads\/sites\/7\/2023\/11\/Cover_PPWR_v2.jpg","type":"image\/jpeg"}],"author":"weronikawertelecka","twitter_card":"summary_large_image","twitter_misc":{"Napisane przez":"weronikawertelecka","Szacowany czas czytania":"3 minuty"},"schema":{"@context":"https:\/\/schema.org","@graph":[{"@type":"WebPage","@id":"https:\/\/plasticseurope.org\/pl\/2023\/11\/22\/w-glosowaniu-plenarnym-nie-wykorzystano-szansy-do-stworzenia-zachet-do-inwestycji-w-cyrkularne-opakowania-z-tworzyw\/","url":"https:\/\/plasticseurope.org\/pl\/2023\/11\/22\/w-glosowaniu-plenarnym-nie-wykorzystano-szansy-do-stworzenia-zachet-do-inwestycji-w-cyrkularne-opakowania-z-tworzyw\/","name":"W g\u0142osowaniu plenarnym nie wykorzystano szansy do stworzenia zach\u0119t do inwestycji w cyrkularne opakowania z tworzyw - Plastics Europe PL","isPartOf":{"@id":"https:\/\/plasticseurope.org\/pl\/#website"},"datePublished":"2023-11-22T18:02:00+00:00","dateModified":"2023-11-24T12:05:29+00:00","author":{"@id":"https:\/\/plasticseurope.org\/pl\/#\/schema\/person\/eb8bc49b972c1bf917d75189faf08de2"},"breadcrumb":{"@id":"https:\/\/plasticseurope.org\/pl\/2023\/11\/22\/w-glosowaniu-plenarnym-nie-wykorzystano-szansy-do-stworzenia-zachet-do-inwestycji-w-cyrkularne-opakowania-z-tworzyw\/#breadcrumb"},"inLanguage":"pl-PL","potentialAction":[{"@type":"ReadAction","target":["https:\/\/plasticseurope.org\/pl\/2023\/11\/22\/w-glosowaniu-plenarnym-nie-wykorzystano-szansy-do-stworzenia-zachet-do-inwestycji-w-cyrkularne-opakowania-z-tworzyw\/"]}]},{"@type":"BreadcrumbList","@id":"https:\/\/plasticseurope.org\/pl\/2023\/11\/22\/w-glosowaniu-plenarnym-nie-wykorzystano-szansy-do-stworzenia-zachet-do-inwestycji-w-cyrkularne-opakowania-z-tworzyw\/#breadcrumb","itemListElement":[{"@type":"ListItem","position":1,"name":"Home","item":"https:\/\/plasticseurope.org\/pl\/"},{"@type":"ListItem","position":2,"name":"W g\u0142osowaniu plenarnym nie wykorzystano szansy do stworzenia zach\u0119t do inwestycji w cyrkularne opakowania z tworzyw"}]},{"@type":"WebSite","@id":"https:\/\/plasticseurope.org\/pl\/#website","url":"https:\/\/plasticseurope.org\/pl\/","name":"Plastics Europe PL","description":"Enabling a sustainable future","potentialAction":[{"@type":"SearchAction","target":{"@type":"EntryPoint","urlTemplate":"https:\/\/plasticseurope.org\/pl\/?s={search_term_string}"},"query-input":"required name=search_term_string"}],"inLanguage":"pl-PL"},{"@type":"Person","@id":"https:\/\/plasticseurope.org\/pl\/#\/schema\/person\/eb8bc49b972c1bf917d75189faf08de2","name":"weronikawertelecka","image":{"@type":"ImageObject","inLanguage":"pl-PL","@id":"https:\/\/plasticseurope.org\/pl\/#\/schema\/person\/image\/","url":"https:\/\/secure.gravatar.com\/avatar\/b77bd41dca7b0bc15a404ed3905803a55c9ffe3d8ddcbc2b7864ab054167d18a?s=96&d=mm&r=g","contentUrl":"https:\/\/secure.gravatar.com\/avatar\/b77bd41dca7b0bc15a404ed3905803a55c9ffe3d8ddcbc2b7864ab054167d18a?s=96&d=mm&r=g","caption":"weronikawertelecka"},"url":"https:\/\/plasticseurope.org\/pl\/author\/weronikawertelecka\/"}]}},"_links":{"self":[{"href":"https:\/\/plasticseurope.org\/pl\/wp-json\/wp\/v2\/posts\/10369","targetHints":{"allow":["GET"]}}],"collection":[{"href":"https:\/\/plasticseurope.org\/pl\/wp-json\/wp\/v2\/posts"}],"about":[{"href":"https:\/\/plasticseurope.org\/pl\/wp-json\/wp\/v2\/types\/post"}],"author":[{"embeddable":true,"href":"https:\/\/plasticseurope.org\/pl\/wp-json\/wp\/v2\/users\/26"}],"replies":[{"embeddable":true,"href":"https:\/\/plasticseurope.org\/pl\/wp-json\/wp\/v2\/comments?post=10369"}],"version-history":[{"count":0,"href":"https:\/\/plasticseurope.org\/pl\/wp-json\/wp\/v2\/posts\/10369\/revisions"}],"wp:featuredmedia":[{"embeddable":true,"href":"https:\/\/plasticseurope.org\/pl\/wp-json\/wp\/v2\/media\/10370"}],"wp:attachment":[{"href":"https:\/\/plasticseurope.org\/pl\/wp-json\/wp\/v2\/media?parent=10369"}],"wp:term":[{"taxonomy":"category","embeddable":true,"href":"https:\/\/plasticseurope.org\/pl\/wp-json\/wp\/v2\/categories?post=10369"},{"taxonomy":"post_tag","embeddable":true,"href":"https:\/\/plasticseurope.org\/pl\/wp-json\/wp\/v2\/tags?post=10369"}],"curies":[{"name":"wp","href":"https:\/\/api.w.org\/{rel}","templated":true}]}}