{"id":10318,"date":"2023-11-10T09:01:53","date_gmt":"2023-11-10T09:01:53","guid":{"rendered":"https:\/\/plasticseurope.wpenginepowered.com\/pl\/?p=10318"},"modified":"2023-11-14T09:25:33","modified_gmt":"2023-11-14T09:25:33","slug":"oswiadczenie-plastics-europe-przed-inc-3","status":"publish","type":"post","link":"https:\/\/plasticseurope.org\/pl\/2023\/11\/10\/oswiadczenie-plastics-europe-przed-inc-3\/","title":{"rendered":"O\u015bwiadczenie Plastics Europe przed INC-3"},"content":{"rendered":"\n<p class=\"has-large-font-size\"><strong>Virginia Janssens, Dyrektor Zarz\u0105dzaj\u0105ca Plastics Europe, przedstawia stanowisko bran\u017cy w zwi\u0105zku z rozpoczynaj\u0105cym si\u0119 trzecim spotkaniem Intergovernmental Negotiating Committee.<\/strong><\/p>\n\n\n\n<p>\u201eJakiekolwiek wyrzucanie odpad\u00f3w tworzyw sztucznych do \u015brodowiska jest niedopuszczalne, dlatego popieramy cel, jakim jest wyeliminowanie zanieczyszcze\u0144 tworzywami sztucznymi do roku 2040 na ca\u0142ym \u015bwiecie. Z zadowoleniem przyj\u0119li\u015bmy wst\u0119pny projekt UNEP porozumienia (\u201ezero draft\u201d) jako pierwszy krok do osi\u0105gni\u0119cia tego celu. Teraz mog\u0105 rozpocz\u0105\u0107 si\u0119 prawdziwe negocjacje i musimy wykorzysta\u0107 okazj\u0119, aby wypracowa\u0107 ambitne porozumienie.<\/p>\n\n\n\n<p><br>Globalne porozumienie w sprawie zanieczyszczenia tworzywami sztucznymi powinno uwzgl\u0119dnia\u0107 zar\u00f3wno obligatoryjne, jak i dobrowolne \u015brodki, obowi\u0105zki oraz kryteria, a tak\u017ce nak\u0142ada\u0107 odpowiedzialno\u015b\u0107 na wszystkie zaanga\u017cowane strony oraz zapewnia\u0107 w\u0142a\u015bciw\u0105 r\u00f3wnowag\u0119 mi\u0119dzy globalnymi zobowi\u0105zaniami a krajowymi \u015brodkami. Na poziomie globalnym jedno uniwersalne podej\u015bcie do polityk i regulacji nie ma szans powodzenia.<\/p>\n\n\n\n<p><br>Wierzymy, \u017ce przej\u015bcie z liniowego na cyrkularny system tworzyw sztucznych, w kt\u00f3rym wszystkie zastosowania s\u0105 ponownie wykorzystywane, poddawane recyklingowi i odpowiedzialnemu zagospodarowaniu w trakcie i po u\u017cyciu, jest kluczem do rozwi\u0105zania problemu odpad\u00f3w tworzyw sztucznych. Transformacja ta zmniejszy tak\u017ce emisj\u0119 gaz\u00f3w cieplarnianych oraz pobudzi rozw\u00f3j gospodarczy i tworzenie miejsc pracy, szczeg\u00f3lnie na globalnym Po\u0142udniu. Aby przyspieszy\u0107 przej\u015bcie na gospodark\u0119 o obiegu zamkni\u0119tym, musimy stworzy\u0107 popyt dla cyrkularnych tworzyw sztucznych, niezw\u0142ocznie zwi\u0119kszy\u0107 na poziomie globalnym poziomy sortowania, selektywnej zbi\u00f3rki i recyklingu (zar\u00f3wno mechanicznego, jak i chemicznego) oraz stworzy\u0107 zr\u00f3wnowa\u017cony system finansowania wspieraj\u0105cy wymagane ogromne inwestycje w tym zakresie.<\/p>\n\n\n\n<p><br>Niestety, w projekcie \u201ezero draft\u201d nie wykorzystano okazji do po\u0142o\u017cenia wystarczaj\u0105cego nacisku na obieg zamkni\u0119ty. Dlatego w Nairobi negocjatorzy b\u0119d\u0105 musieli mocniej skupi\u0107 si\u0119 na cyrkularno\u015bci, w tym na \u015brodkach promuj\u0105cych zr\u00f3wnowa\u017con\u0105 produkcj\u0119, konsumpcj\u0119 oraz recykling. Dodatkowo obecny projekt opiera si\u0119 na listach negatywnych lub zakazach skupiaj\u0105cych si\u0119 na konkretnych polimerach lub substancjach uznawanych za problematyczne, bez rozwa\u017cenia konkretnych zastosowa\u0144 i potencjalnych alternatyw. Podej\u015bcie to wi\u0105\u017ce si\u0119 z ryzykiem niezamierzonego zwi\u0119kszenia szk\u00f3d \u015brodowiskowych, a potencjalne alternatywy mog\u0105 r\u00f3wnie\u017c okaza\u0107 si\u0119 problematyczne po uwzgl\u0119dnieniu wszystkich czynnik\u00f3w spo\u0142eczno-ekonomicznych i oceny ca\u0142ego cyklu \u017cycia. Projekt ignoruje tak\u017ce kluczow\u0105 rol\u0119 innowacji w zwi\u0119kszaniu cyrkularno\u015bci i ograniczaniu ilo\u015bci odpad\u00f3w tworzyw sztucznych.<\/p>\n\n\n\n<p><br>Dlatego konieczne jest podej\u015bcie oparte na dowodach naukowych i uwzgl\u0119dniaj\u0105ce konkretne zastosowania, kt\u00f3re pozwoli\u0142oby nam zdefiniowa\u0107 problematyczne i mo\u017cliwe do unikni\u0119cia zastosowania tworzyw sztucznych oraz zapobiec niezamierzonym konsekwencjom \u015brodowiskowym i spo\u0142eczno-gospodarczym. Finansowanie przej\u015bcia na gospodark\u0119 o obiegu zamkni\u0119tym stanowi g\u0142\u00f3wne wyzwanie, zw\u0142aszcza dla gospodarek rozwijaj\u0105cych si\u0119. Dlatego wspieramy ustanowienie mechanizm\u00f3w zr\u00f3wnowa\u017conego finansowania umo\u017cliwiaj\u0105cych zwi\u0119kszanie dost\u0119pno\u015bci niezb\u0119dnych \u015brodk\u00f3w prywatnych i publicznych.<\/p>\n\n\n\n<p><br>Europejscy producenci tworzyw sztucznych og\u0142osili niedawno map\u0119 drogow\u0105 The Plastics Transition, kt\u00f3ra okre\u015bla, w jaki spos\u00f3b bran\u017ca zamierza przej\u015b\u0107 na cyrkularny system tworzyw sztucznych i rozwi\u0105za\u0107 problem odpad\u00f3w. Mapa pokazuje, \u017ce takie przej\u015bcie jest mo\u017cliwe i wierzymy, \u017ce b\u0119dzie ona pomocnym dokumentem przy prowadzonych negocjacjach i p\u00f3\u017aniejszym wdra\u017caniu postanowie\u0144 porozumienia przez r\u00f3\u017cne kraje i regiony.<\/p>\n\n\n\n<p><br>Osi\u0105gni\u0119cie globalnego porozumienia nie b\u0119dzie \u0142atwe. Chocia\u017c kluczowe jest, aby negocjacje by\u0142y ambitne i niezw\u0142oczne, musimy jednak unika\u0107 medialnych, korzystnych jedynie z pozoru decyzji, kt\u00f3re niekoniecznie pomog\u0105 po\u0142o\u017cy\u0107 kres zanieczyszczeniu tworzywami sztucznymi do 2040 r. Sukces wymaga mi\u0119dzy innymi wsp\u00f3lnej wizji i znacznie bli\u017cszej wsp\u00f3\u0142pracy pomi\u0119dzy wieloma zainteresowanymi stronami, w tym \u0142a\u0144cuchem warto\u015bci tworzyw sztucznych, krajowymi i mi\u0119dzynarodowymi decydentami oraz ca\u0142ym spo\u0142ecze\u0144stwem. Zale\u017cy nam na wniesieniu cennego wk\u0142adu w dyskusje i mamy nadziej\u0119 na konstruktywn\u0105 wsp\u00f3\u0142prac\u0119 z innymi stronami negocjacji, zar\u00f3wno podczas spotkania w Nairobi, jak i w ca\u0142ym procesie prac nad porozumieniem.\u201d<\/p>\n\n\n\n<p><\/p>\n\n\n\n<div style=\"height:16px\" aria-hidden=\"true\" class=\"wp-block-spacer\"><\/div>\n\n\n\n<div data-wp-interactive=\"core\/file\" class=\"wp-block-file\"><object data-wp-bind--hidden=\"!state.hasPdfPreview\" hidden class=\"wp-block-file__embed\" data=\"https:\/\/plasticseurope.org\/pl\/wp-content\/uploads\/sites\/7\/2023\/11\/Przed-INC-3-stanowisko-Plastics-Europe.pdf\" type=\"application\/pdf\" style=\"width:100%;height:600px\" aria-label=\"Osadzone z Przed-INC-3-stanowisko-Plastics-Europe.\"><\/object><a id=\"wp-block-file--media-c335c602-8a25-4023-ad4c-a49e4ad64bb4\" href=\"https:\/\/plasticseurope.org\/pl\/wp-content\/uploads\/sites\/7\/2023\/11\/Przed-INC-3-stanowisko-Plastics-Europe.pdf\">Przed-INC-3-stanowisko-Plastics-Europe<\/a><a href=\"https:\/\/plasticseurope.org\/pl\/wp-content\/uploads\/sites\/7\/2023\/11\/Przed-INC-3-stanowisko-Plastics-Europe.pdf\" class=\"wp-block-file__button wp-element-button\" download aria-describedby=\"wp-block-file--media-c335c602-8a25-4023-ad4c-a49e4ad64bb4\">Download<\/a><\/div>\n\n\n\n<div style=\"height:48px\" aria-hidden=\"true\" class=\"wp-block-spacer\"><\/div>\n\n\n","protected":false},"excerpt":{"rendered":"<p>Virginia Janssens, Dyrektor Zarz\u0105dzaj\u0105ca Plastics Europe, przedstawia stanowisko bran\u017cy w zwi\u0105zku z rozpoczynaj\u0105cym si\u0119 trzecim spotkaniem Intergovernmental Negotiating Committee. \u201eJakiekolwiek\u2026<\/p>\n","protected":false},"author":26,"featured_media":10320,"comment_status":"open","ping_status":"open","sticky":false,"template":"","format":"standard","meta":{"footnotes":""},"categories":[8],"tags":[],"class_list":["post-10318","post","type-post","status-publish","format-standard","has-post-thumbnail","hentry","category-aktualnosci"],"acf":[],"yoast_head":"<!-- This site is optimized with the Yoast SEO plugin v21.6 - https:\/\/yoast.com\/wordpress\/plugins\/seo\/ -->\n<title>O\u015bwiadczenie Plastics Europe przed INC-3 - Plastics Europe PL<\/title>\n<meta name=\"robots\" content=\"index, follow, max-snippet:-1, max-image-preview:large, max-video-preview:-1\" \/>\n<link rel=\"canonical\" href=\"https:\/\/plasticseurope.org\/pl\/2023\/11\/10\/oswiadczenie-plastics-europe-przed-inc-3\/\" \/>\n<meta property=\"og:locale\" content=\"pl_PL\" \/>\n<meta property=\"og:type\" content=\"article\" \/>\n<meta property=\"og:title\" content=\"O\u015bwiadczenie Plastics Europe przed INC-3 - Plastics Europe PL\" \/>\n<meta property=\"og:description\" content=\"Virginia Janssens, Dyrektor Zarz\u0105dzaj\u0105ca Plastics Europe, przedstawia stanowisko bran\u017cy w zwi\u0105zku z rozpoczynaj\u0105cym si\u0119 trzecim spotkaniem Intergovernmental Negotiating Committee. \u201eJakiekolwiek\u2026\" \/>\n<meta property=\"og:url\" content=\"https:\/\/plasticseurope.org\/pl\/2023\/11\/10\/oswiadczenie-plastics-europe-przed-inc-3\/\" \/>\n<meta property=\"og:site_name\" content=\"Plastics Europe PL\" \/>\n<meta property=\"article:published_time\" content=\"2023-11-10T09:01:53+00:00\" \/>\n<meta property=\"article:modified_time\" content=\"2023-11-14T09:25:33+00:00\" \/>\n<meta property=\"og:image\" content=\"https:\/\/plasticseurope.org\/pl\/wp-content\/uploads\/sites\/7\/2023\/11\/Sorting_recycling_plastic_bottle_farther_daoghter_shutterstock_1817801891-scaled-1.jpg\" \/>\n\t<meta property=\"og:image:width\" content=\"2560\" \/>\n\t<meta property=\"og:image:height\" content=\"1440\" \/>\n\t<meta property=\"og:image:type\" content=\"image\/jpeg\" \/>\n<meta name=\"author\" content=\"weronikawertelecka\" \/>\n<meta name=\"twitter:card\" content=\"summary_large_image\" \/>\n<meta name=\"twitter:label1\" content=\"Napisane przez\" \/>\n\t<meta name=\"twitter:data1\" content=\"weronikawertelecka\" \/>\n\t<meta name=\"twitter:label2\" content=\"Szacowany czas czytania\" \/>\n\t<meta name=\"twitter:data2\" content=\"4 minuty\" \/>\n<script type=\"application\/ld+json\" class=\"yoast-schema-graph\">{\"@context\":\"https:\/\/schema.org\",\"@graph\":[{\"@type\":\"WebPage\",\"@id\":\"https:\/\/plasticseurope.org\/pl\/2023\/11\/10\/oswiadczenie-plastics-europe-przed-inc-3\/\",\"url\":\"https:\/\/plasticseurope.org\/pl\/2023\/11\/10\/oswiadczenie-plastics-europe-przed-inc-3\/\",\"name\":\"O\u015bwiadczenie Plastics Europe przed INC-3 - Plastics Europe PL\",\"isPartOf\":{\"@id\":\"https:\/\/plasticseurope.org\/pl\/#website\"},\"datePublished\":\"2023-11-10T09:01:53+00:00\",\"dateModified\":\"2023-11-14T09:25:33+00:00\",\"author\":{\"@id\":\"https:\/\/plasticseurope.org\/pl\/#\/schema\/person\/eb8bc49b972c1bf917d75189faf08de2\"},\"breadcrumb\":{\"@id\":\"https:\/\/plasticseurope.org\/pl\/2023\/11\/10\/oswiadczenie-plastics-europe-przed-inc-3\/#breadcrumb\"},\"inLanguage\":\"pl-PL\",\"potentialAction\":[{\"@type\":\"ReadAction\",\"target\":[\"https:\/\/plasticseurope.org\/pl\/2023\/11\/10\/oswiadczenie-plastics-europe-przed-inc-3\/\"]}]},{\"@type\":\"BreadcrumbList\",\"@id\":\"https:\/\/plasticseurope.org\/pl\/2023\/11\/10\/oswiadczenie-plastics-europe-przed-inc-3\/#breadcrumb\",\"itemListElement\":[{\"@type\":\"ListItem\",\"position\":1,\"name\":\"Home\",\"item\":\"https:\/\/plasticseurope.org\/pl\/\"},{\"@type\":\"ListItem\",\"position\":2,\"name\":\"O\u015bwiadczenie Plastics Europe przed INC-3\"}]},{\"@type\":\"WebSite\",\"@id\":\"https:\/\/plasticseurope.org\/pl\/#website\",\"url\":\"https:\/\/plasticseurope.org\/pl\/\",\"name\":\"Plastics Europe PL\",\"description\":\"Enabling a sustainable future\",\"potentialAction\":[{\"@type\":\"SearchAction\",\"target\":{\"@type\":\"EntryPoint\",\"urlTemplate\":\"https:\/\/plasticseurope.org\/pl\/?s={search_term_string}\"},\"query-input\":\"required name=search_term_string\"}],\"inLanguage\":\"pl-PL\"},{\"@type\":\"Person\",\"@id\":\"https:\/\/plasticseurope.org\/pl\/#\/schema\/person\/eb8bc49b972c1bf917d75189faf08de2\",\"name\":\"weronikawertelecka\",\"image\":{\"@type\":\"ImageObject\",\"inLanguage\":\"pl-PL\",\"@id\":\"https:\/\/plasticseurope.org\/pl\/#\/schema\/person\/image\/\",\"url\":\"https:\/\/secure.gravatar.com\/avatar\/b77bd41dca7b0bc15a404ed3905803a55c9ffe3d8ddcbc2b7864ab054167d18a?s=96&d=mm&r=g\",\"contentUrl\":\"https:\/\/secure.gravatar.com\/avatar\/b77bd41dca7b0bc15a404ed3905803a55c9ffe3d8ddcbc2b7864ab054167d18a?s=96&d=mm&r=g\",\"caption\":\"weronikawertelecka\"},\"url\":\"https:\/\/plasticseurope.org\/pl\/author\/weronikawertelecka\/\"}]}<\/script>\n<!-- \/ Yoast SEO plugin. -->","yoast_head_json":{"title":"O\u015bwiadczenie Plastics Europe przed INC-3 - Plastics Europe PL","robots":{"index":"index","follow":"follow","max-snippet":"max-snippet:-1","max-image-preview":"max-image-preview:large","max-video-preview":"max-video-preview:-1"},"canonical":"https:\/\/plasticseurope.org\/pl\/2023\/11\/10\/oswiadczenie-plastics-europe-przed-inc-3\/","og_locale":"pl_PL","og_type":"article","og_title":"O\u015bwiadczenie Plastics Europe przed INC-3 - Plastics Europe PL","og_description":"Virginia Janssens, Dyrektor Zarz\u0105dzaj\u0105ca Plastics Europe, przedstawia stanowisko bran\u017cy w zwi\u0105zku z rozpoczynaj\u0105cym si\u0119 trzecim spotkaniem Intergovernmental Negotiating Committee. \u201eJakiekolwiek\u2026","og_url":"https:\/\/plasticseurope.org\/pl\/2023\/11\/10\/oswiadczenie-plastics-europe-przed-inc-3\/","og_site_name":"Plastics Europe PL","article_published_time":"2023-11-10T09:01:53+00:00","article_modified_time":"2023-11-14T09:25:33+00:00","og_image":[{"width":2560,"height":1440,"url":"https:\/\/plasticseurope.org\/pl\/wp-content\/uploads\/sites\/7\/2023\/11\/Sorting_recycling_plastic_bottle_farther_daoghter_shutterstock_1817801891-scaled-1.jpg","type":"image\/jpeg"}],"author":"weronikawertelecka","twitter_card":"summary_large_image","twitter_misc":{"Napisane przez":"weronikawertelecka","Szacowany czas czytania":"4 minuty"},"schema":{"@context":"https:\/\/schema.org","@graph":[{"@type":"WebPage","@id":"https:\/\/plasticseurope.org\/pl\/2023\/11\/10\/oswiadczenie-plastics-europe-przed-inc-3\/","url":"https:\/\/plasticseurope.org\/pl\/2023\/11\/10\/oswiadczenie-plastics-europe-przed-inc-3\/","name":"O\u015bwiadczenie Plastics Europe przed INC-3 - Plastics Europe PL","isPartOf":{"@id":"https:\/\/plasticseurope.org\/pl\/#website"},"datePublished":"2023-11-10T09:01:53+00:00","dateModified":"2023-11-14T09:25:33+00:00","author":{"@id":"https:\/\/plasticseurope.org\/pl\/#\/schema\/person\/eb8bc49b972c1bf917d75189faf08de2"},"breadcrumb":{"@id":"https:\/\/plasticseurope.org\/pl\/2023\/11\/10\/oswiadczenie-plastics-europe-przed-inc-3\/#breadcrumb"},"inLanguage":"pl-PL","potentialAction":[{"@type":"ReadAction","target":["https:\/\/plasticseurope.org\/pl\/2023\/11\/10\/oswiadczenie-plastics-europe-przed-inc-3\/"]}]},{"@type":"BreadcrumbList","@id":"https:\/\/plasticseurope.org\/pl\/2023\/11\/10\/oswiadczenie-plastics-europe-przed-inc-3\/#breadcrumb","itemListElement":[{"@type":"ListItem","position":1,"name":"Home","item":"https:\/\/plasticseurope.org\/pl\/"},{"@type":"ListItem","position":2,"name":"O\u015bwiadczenie Plastics Europe przed INC-3"}]},{"@type":"WebSite","@id":"https:\/\/plasticseurope.org\/pl\/#website","url":"https:\/\/plasticseurope.org\/pl\/","name":"Plastics Europe PL","description":"Enabling a sustainable future","potentialAction":[{"@type":"SearchAction","target":{"@type":"EntryPoint","urlTemplate":"https:\/\/plasticseurope.org\/pl\/?s={search_term_string}"},"query-input":"required name=search_term_string"}],"inLanguage":"pl-PL"},{"@type":"Person","@id":"https:\/\/plasticseurope.org\/pl\/#\/schema\/person\/eb8bc49b972c1bf917d75189faf08de2","name":"weronikawertelecka","image":{"@type":"ImageObject","inLanguage":"pl-PL","@id":"https:\/\/plasticseurope.org\/pl\/#\/schema\/person\/image\/","url":"https:\/\/secure.gravatar.com\/avatar\/b77bd41dca7b0bc15a404ed3905803a55c9ffe3d8ddcbc2b7864ab054167d18a?s=96&d=mm&r=g","contentUrl":"https:\/\/secure.gravatar.com\/avatar\/b77bd41dca7b0bc15a404ed3905803a55c9ffe3d8ddcbc2b7864ab054167d18a?s=96&d=mm&r=g","caption":"weronikawertelecka"},"url":"https:\/\/plasticseurope.org\/pl\/author\/weronikawertelecka\/"}]}},"_links":{"self":[{"href":"https:\/\/plasticseurope.org\/pl\/wp-json\/wp\/v2\/posts\/10318","targetHints":{"allow":["GET"]}}],"collection":[{"href":"https:\/\/plasticseurope.org\/pl\/wp-json\/wp\/v2\/posts"}],"about":[{"href":"https:\/\/plasticseurope.org\/pl\/wp-json\/wp\/v2\/types\/post"}],"author":[{"embeddable":true,"href":"https:\/\/plasticseurope.org\/pl\/wp-json\/wp\/v2\/users\/26"}],"replies":[{"embeddable":true,"href":"https:\/\/plasticseurope.org\/pl\/wp-json\/wp\/v2\/comments?post=10318"}],"version-history":[{"count":0,"href":"https:\/\/plasticseurope.org\/pl\/wp-json\/wp\/v2\/posts\/10318\/revisions"}],"wp:featuredmedia":[{"embeddable":true,"href":"https:\/\/plasticseurope.org\/pl\/wp-json\/wp\/v2\/media\/10320"}],"wp:attachment":[{"href":"https:\/\/plasticseurope.org\/pl\/wp-json\/wp\/v2\/media?parent=10318"}],"wp:term":[{"taxonomy":"category","embeddable":true,"href":"https:\/\/plasticseurope.org\/pl\/wp-json\/wp\/v2\/categories?post=10318"},{"taxonomy":"post_tag","embeddable":true,"href":"https:\/\/plasticseurope.org\/pl\/wp-json\/wp\/v2\/tags?post=10318"}],"curies":[{"name":"wp","href":"https:\/\/api.w.org\/{rel}","templated":true}]}}