{"id":794,"date":"2022-05-20T12:40:36","date_gmt":"2022-05-20T12:40:36","guid":{"rendered":"https:\/\/plasticseurope.wpenginepowered.com\/fr\/?p=794"},"modified":"2022-05-23T07:38:29","modified_gmt":"2022-05-23T07:38:29","slug":"marco-ten-bruggencate-commercial-vp-emea-de-dow-prend-la-tete-de-plastics-europe-en-tant-que-president","status":"publish","type":"post","link":"https:\/\/plasticseurope.org\/fr\/2022\/05\/20\/marco-ten-bruggencate-commercial-vp-emea-de-dow-prend-la-tete-de-plastics-europe-en-tant-que-president\/","title":{"rendered":"Marco ten Bruggencate, vice-pr\u00e9sident ventes chez Dow pour la zone EMEA,  prend la t\u00eate de Plastics Europe en tant que pr\u00e9sident."},"content":{"rendered":"\n<div class=\"wp-block-media-text alignwide is-stacked-on-mobile\" style=\"grid-template-columns:25% auto\"><figure class=\"wp-block-media-text__media\"><img loading=\"lazy\" decoding=\"async\" width=\"300\" height=\"300\" src=\"https:\/\/plasticseurope.org\/fr\/wp-content\/uploads\/sites\/2\/2022\/05\/Marco_ten_Bruggencate-300x300-2.jpg\" alt=\"\" class=\"wp-image-798 size-full\" srcset=\"https:\/\/plasticseurope.org\/fr\/wp-content\/uploads\/sites\/2\/2022\/05\/Marco_ten_Bruggencate-300x300-2.jpg 300w, https:\/\/plasticseurope.org\/fr\/wp-content\/uploads\/sites\/2\/2022\/05\/Marco_ten_Bruggencate-300x300-2-150x150.jpg 150w\" sizes=\"auto, (max-width: 300px) 100vw, 300px\" \/><\/figure><div class=\"wp-block-media-text__content\">\n<p><\/p>\n\n\n\n<p class=\"has-large-font-size\">Plastics Europe a le plaisir d&rsquo;annoncer aujourd&rsquo;hui la nomination de Marco ten Bruggencate, vice-pr\u00e9sident des ventes chez Dow pour la zone EMEA, en tant que pr\u00e9sident, avec entr\u00e9e en fonction imm\u00e9diate. Il succ\u00e8de au Dr Markus Steilemann, PDG de Covestro.<br> <br>En ligne avec le Pacte Vert et les objectifs de neutralit\u00e9 carbone de l\u2019Union Europ\u00e9enne, Marco ten Bruggencate continuera dans son nouveau r\u00f4le, \u00e0 porter les ambitions de Plastics Europe et de ses membres en mati\u00e8re de d\u00e9veloppement durable.<br><br><a href=\"https:\/\/plasticseurope.org\/fr\/2022\/05\/20\/marco-ten-bruggencate-commercial-vp-emea-de-dow-devient-le-nouveau-president-de-plastics-europe\/\"><strong>Communiqu\u00e9 de presse<\/strong><\/a><\/p>\n\n\n\n<p><\/p>\n\n\n\n<p><\/p>\n<\/div><\/div>\n\n\n\n<p class=\"has-large-font-size\"><br><\/p>\n\n\n\n<p><\/p>\n\n\n\n<p><\/p>\n\n\n\n<div class=\"wp-block-columns is-layout-flex wp-container-core-columns-is-layout-28f84493 wp-block-columns-is-layout-flex\">\n<div class=\"wp-block-column is-layout-flow wp-block-column-is-layout-flow\" style=\"flex-basis:100%\">\n<div style=\"height:16px\" aria-hidden=\"true\" class=\"wp-block-spacer\"><\/div>\n<\/div>\n<\/div>\n\n\n\n<p><\/p>\n\n\n\n<div style=\"height:48px\" aria-hidden=\"true\" class=\"wp-block-spacer\"><\/div>\n","protected":false},"excerpt":{"rendered":"<p>Plastics Europe a le plaisir d&rsquo;annoncer aujourd&rsquo;hui la nomination de Marco ten Bruggencate, vice-pr\u00e9sident des ventes chez Dow pour la\u2026<\/p>\n","protected":false},"author":21,"featured_media":795,"comment_status":"open","ping_status":"open","sticky":false,"template":"","format":"standard","meta":{"footnotes":""},"categories":[6],"tags":[],"class_list":["post-794","post","type-post","status-publish","format-standard","has-post-thumbnail","hentry","category-news"],"acf":[],"yoast_head":"<!-- This site is optimized with the Yoast SEO plugin v21.6 - https:\/\/yoast.com\/wordpress\/plugins\/seo\/ -->\n<title>Marco ten Bruggencate, vice-pr\u00e9sident ventes chez Dow pour la zone EMEA, prend la t\u00eate de Plastics Europe en tant que pr\u00e9sident. - Plastics Europe<\/title>\n<meta name=\"robots\" content=\"index, follow, max-snippet:-1, max-image-preview:large, max-video-preview:-1\" \/>\n<link rel=\"canonical\" href=\"https:\/\/plasticseurope.org\/fr\/2022\/05\/20\/marco-ten-bruggencate-commercial-vp-emea-de-dow-prend-la-tete-de-plastics-europe-en-tant-que-president\/\" \/>\n<meta property=\"og:locale\" content=\"fr_FR\" \/>\n<meta property=\"og:type\" content=\"article\" \/>\n<meta property=\"og:title\" content=\"Marco ten Bruggencate, vice-pr\u00e9sident ventes chez Dow pour la zone EMEA, prend la t\u00eate de Plastics Europe en tant que pr\u00e9sident. - Plastics Europe\" \/>\n<meta property=\"og:description\" content=\"Plastics Europe a le plaisir d&rsquo;annoncer aujourd&rsquo;hui la nomination de Marco ten Bruggencate, vice-pr\u00e9sident des ventes chez Dow pour la\u2026\" \/>\n<meta property=\"og:url\" content=\"https:\/\/plasticseurope.org\/fr\/2022\/05\/20\/marco-ten-bruggencate-commercial-vp-emea-de-dow-prend-la-tete-de-plastics-europe-en-tant-que-president\/\" \/>\n<meta property=\"og:site_name\" content=\"Plastics Europe\" \/>\n<meta property=\"article:published_time\" content=\"2022-05-20T12:40:36+00:00\" \/>\n<meta property=\"article:modified_time\" content=\"2022-05-23T07:38:29+00:00\" \/>\n<meta property=\"og:image\" content=\"https:\/\/plasticseurope.org\/fr\/wp-content\/uploads\/sites\/2\/2022\/05\/Marco_ten_Bruggencate-300x300-1.jpg\" \/>\n\t<meta property=\"og:image:width\" content=\"300\" \/>\n\t<meta property=\"og:image:height\" content=\"300\" \/>\n\t<meta property=\"og:image:type\" content=\"image\/jpeg\" \/>\n<meta name=\"author\" content=\"christinebourget\" \/>\n<meta name=\"twitter:card\" content=\"summary_large_image\" \/>\n<meta name=\"twitter:label1\" content=\"\u00c9crit par\" \/>\n\t<meta name=\"twitter:data1\" content=\"christinebourget\" \/>\n\t<meta name=\"twitter:label2\" content=\"Dur\u00e9e de lecture estim\u00e9e\" \/>\n\t<meta name=\"twitter:data2\" content=\"1 minute\" \/>\n<script type=\"application\/ld+json\" class=\"yoast-schema-graph\">{\"@context\":\"https:\/\/schema.org\",\"@graph\":[{\"@type\":\"WebPage\",\"@id\":\"https:\/\/plasticseurope.org\/fr\/2022\/05\/20\/marco-ten-bruggencate-commercial-vp-emea-de-dow-prend-la-tete-de-plastics-europe-en-tant-que-president\/\",\"url\":\"https:\/\/plasticseurope.org\/fr\/2022\/05\/20\/marco-ten-bruggencate-commercial-vp-emea-de-dow-prend-la-tete-de-plastics-europe-en-tant-que-president\/\",\"name\":\"Marco ten Bruggencate, vice-pr\u00e9sident ventes chez Dow pour la zone EMEA, prend la t\u00eate de Plastics Europe en tant que pr\u00e9sident. - Plastics Europe\",\"isPartOf\":{\"@id\":\"https:\/\/plasticseurope.org\/fr\/#website\"},\"datePublished\":\"2022-05-20T12:40:36+00:00\",\"dateModified\":\"2022-05-23T07:38:29+00:00\",\"author\":{\"@id\":\"https:\/\/plasticseurope.org\/fr\/#\/schema\/person\/6087cf1c4cdd671cab7c00ec8cd9440d\"},\"breadcrumb\":{\"@id\":\"https:\/\/plasticseurope.org\/fr\/2022\/05\/20\/marco-ten-bruggencate-commercial-vp-emea-de-dow-prend-la-tete-de-plastics-europe-en-tant-que-president\/#breadcrumb\"},\"inLanguage\":\"fr-FR\",\"potentialAction\":[{\"@type\":\"ReadAction\",\"target\":[\"https:\/\/plasticseurope.org\/fr\/2022\/05\/20\/marco-ten-bruggencate-commercial-vp-emea-de-dow-prend-la-tete-de-plastics-europe-en-tant-que-president\/\"]}]},{\"@type\":\"BreadcrumbList\",\"@id\":\"https:\/\/plasticseurope.org\/fr\/2022\/05\/20\/marco-ten-bruggencate-commercial-vp-emea-de-dow-prend-la-tete-de-plastics-europe-en-tant-que-president\/#breadcrumb\",\"itemListElement\":[{\"@type\":\"ListItem\",\"position\":1,\"name\":\"Home\",\"item\":\"https:\/\/plasticseurope.org\/fr\/\"},{\"@type\":\"ListItem\",\"position\":2,\"name\":\"Marco ten Bruggencate, vice-pr\u00e9sident ventes chez Dow pour la zone EMEA, prend la t\u00eate de Plastics Europe en tant que pr\u00e9sident.\"}]},{\"@type\":\"WebSite\",\"@id\":\"https:\/\/plasticseurope.org\/fr\/#website\",\"url\":\"https:\/\/plasticseurope.org\/fr\/\",\"name\":\"Plastics Europe\",\"description\":\"Enabling a sustainable future\",\"potentialAction\":[{\"@type\":\"SearchAction\",\"target\":{\"@type\":\"EntryPoint\",\"urlTemplate\":\"https:\/\/plasticseurope.org\/fr\/?s={search_term_string}\"},\"query-input\":\"required name=search_term_string\"}],\"inLanguage\":\"fr-FR\"},{\"@type\":\"Person\",\"@id\":\"https:\/\/plasticseurope.org\/fr\/#\/schema\/person\/6087cf1c4cdd671cab7c00ec8cd9440d\",\"name\":\"christinebourget\",\"image\":{\"@type\":\"ImageObject\",\"inLanguage\":\"fr-FR\",\"@id\":\"https:\/\/plasticseurope.org\/fr\/#\/schema\/person\/image\/\",\"url\":\"https:\/\/secure.gravatar.com\/avatar\/a049d64c34b87ea5ede3e3f8ad0bdd5eaec149fdc4b0ce8c604c704e6d811f2e?s=96&d=mm&r=g\",\"contentUrl\":\"https:\/\/secure.gravatar.com\/avatar\/a049d64c34b87ea5ede3e3f8ad0bdd5eaec149fdc4b0ce8c604c704e6d811f2e?s=96&d=mm&r=g\",\"caption\":\"christinebourget\"},\"url\":\"https:\/\/plasticseurope.org\/fr\/author\/christinebourget\/\"}]}<\/script>\n<!-- \/ Yoast SEO plugin. -->","yoast_head_json":{"title":"Marco ten Bruggencate, vice-pr\u00e9sident ventes chez Dow pour la zone EMEA, prend la t\u00eate de Plastics Europe en tant que pr\u00e9sident. - Plastics Europe","robots":{"index":"index","follow":"follow","max-snippet":"max-snippet:-1","max-image-preview":"max-image-preview:large","max-video-preview":"max-video-preview:-1"},"canonical":"https:\/\/plasticseurope.org\/fr\/2022\/05\/20\/marco-ten-bruggencate-commercial-vp-emea-de-dow-prend-la-tete-de-plastics-europe-en-tant-que-president\/","og_locale":"fr_FR","og_type":"article","og_title":"Marco ten Bruggencate, vice-pr\u00e9sident ventes chez Dow pour la zone EMEA, prend la t\u00eate de Plastics Europe en tant que pr\u00e9sident. - Plastics Europe","og_description":"Plastics Europe a le plaisir d&rsquo;annoncer aujourd&rsquo;hui la nomination de Marco ten Bruggencate, vice-pr\u00e9sident des ventes chez Dow pour la\u2026","og_url":"https:\/\/plasticseurope.org\/fr\/2022\/05\/20\/marco-ten-bruggencate-commercial-vp-emea-de-dow-prend-la-tete-de-plastics-europe-en-tant-que-president\/","og_site_name":"Plastics Europe","article_published_time":"2022-05-20T12:40:36+00:00","article_modified_time":"2022-05-23T07:38:29+00:00","og_image":[{"width":300,"height":300,"url":"https:\/\/plasticseurope.org\/fr\/wp-content\/uploads\/sites\/2\/2022\/05\/Marco_ten_Bruggencate-300x300-1.jpg","type":"image\/jpeg"}],"author":"christinebourget","twitter_card":"summary_large_image","twitter_misc":{"\u00c9crit par":"christinebourget","Dur\u00e9e de lecture estim\u00e9e":"1 minute"},"schema":{"@context":"https:\/\/schema.org","@graph":[{"@type":"WebPage","@id":"https:\/\/plasticseurope.org\/fr\/2022\/05\/20\/marco-ten-bruggencate-commercial-vp-emea-de-dow-prend-la-tete-de-plastics-europe-en-tant-que-president\/","url":"https:\/\/plasticseurope.org\/fr\/2022\/05\/20\/marco-ten-bruggencate-commercial-vp-emea-de-dow-prend-la-tete-de-plastics-europe-en-tant-que-president\/","name":"Marco ten Bruggencate, vice-pr\u00e9sident ventes chez Dow pour la zone EMEA, prend la t\u00eate de Plastics Europe en tant que pr\u00e9sident. - Plastics Europe","isPartOf":{"@id":"https:\/\/plasticseurope.org\/fr\/#website"},"datePublished":"2022-05-20T12:40:36+00:00","dateModified":"2022-05-23T07:38:29+00:00","author":{"@id":"https:\/\/plasticseurope.org\/fr\/#\/schema\/person\/6087cf1c4cdd671cab7c00ec8cd9440d"},"breadcrumb":{"@id":"https:\/\/plasticseurope.org\/fr\/2022\/05\/20\/marco-ten-bruggencate-commercial-vp-emea-de-dow-prend-la-tete-de-plastics-europe-en-tant-que-president\/#breadcrumb"},"inLanguage":"fr-FR","potentialAction":[{"@type":"ReadAction","target":["https:\/\/plasticseurope.org\/fr\/2022\/05\/20\/marco-ten-bruggencate-commercial-vp-emea-de-dow-prend-la-tete-de-plastics-europe-en-tant-que-president\/"]}]},{"@type":"BreadcrumbList","@id":"https:\/\/plasticseurope.org\/fr\/2022\/05\/20\/marco-ten-bruggencate-commercial-vp-emea-de-dow-prend-la-tete-de-plastics-europe-en-tant-que-president\/#breadcrumb","itemListElement":[{"@type":"ListItem","position":1,"name":"Home","item":"https:\/\/plasticseurope.org\/fr\/"},{"@type":"ListItem","position":2,"name":"Marco ten Bruggencate, vice-pr\u00e9sident ventes chez Dow pour la zone EMEA, prend la t\u00eate de Plastics Europe en tant que pr\u00e9sident."}]},{"@type":"WebSite","@id":"https:\/\/plasticseurope.org\/fr\/#website","url":"https:\/\/plasticseurope.org\/fr\/","name":"Plastics Europe","description":"Enabling a sustainable future","potentialAction":[{"@type":"SearchAction","target":{"@type":"EntryPoint","urlTemplate":"https:\/\/plasticseurope.org\/fr\/?s={search_term_string}"},"query-input":"required name=search_term_string"}],"inLanguage":"fr-FR"},{"@type":"Person","@id":"https:\/\/plasticseurope.org\/fr\/#\/schema\/person\/6087cf1c4cdd671cab7c00ec8cd9440d","name":"christinebourget","image":{"@type":"ImageObject","inLanguage":"fr-FR","@id":"https:\/\/plasticseurope.org\/fr\/#\/schema\/person\/image\/","url":"https:\/\/secure.gravatar.com\/avatar\/a049d64c34b87ea5ede3e3f8ad0bdd5eaec149fdc4b0ce8c604c704e6d811f2e?s=96&d=mm&r=g","contentUrl":"https:\/\/secure.gravatar.com\/avatar\/a049d64c34b87ea5ede3e3f8ad0bdd5eaec149fdc4b0ce8c604c704e6d811f2e?s=96&d=mm&r=g","caption":"christinebourget"},"url":"https:\/\/plasticseurope.org\/fr\/author\/christinebourget\/"}]}},"_links":{"self":[{"href":"https:\/\/plasticseurope.org\/fr\/wp-json\/wp\/v2\/posts\/794","targetHints":{"allow":["GET"]}}],"collection":[{"href":"https:\/\/plasticseurope.org\/fr\/wp-json\/wp\/v2\/posts"}],"about":[{"href":"https:\/\/plasticseurope.org\/fr\/wp-json\/wp\/v2\/types\/post"}],"author":[{"embeddable":true,"href":"https:\/\/plasticseurope.org\/fr\/wp-json\/wp\/v2\/users\/21"}],"replies":[{"embeddable":true,"href":"https:\/\/plasticseurope.org\/fr\/wp-json\/wp\/v2\/comments?post=794"}],"version-history":[{"count":0,"href":"https:\/\/plasticseurope.org\/fr\/wp-json\/wp\/v2\/posts\/794\/revisions"}],"wp:featuredmedia":[{"embeddable":true,"href":"https:\/\/plasticseurope.org\/fr\/wp-json\/wp\/v2\/media\/795"}],"wp:attachment":[{"href":"https:\/\/plasticseurope.org\/fr\/wp-json\/wp\/v2\/media?parent=794"}],"wp:term":[{"taxonomy":"category","embeddable":true,"href":"https:\/\/plasticseurope.org\/fr\/wp-json\/wp\/v2\/categories?post=794"},{"taxonomy":"post_tag","embeddable":true,"href":"https:\/\/plasticseurope.org\/fr\/wp-json\/wp\/v2\/tags?post=794"}],"curies":[{"name":"wp","href":"https:\/\/api.w.org\/{rel}","templated":true}]}}