{"id":1288,"date":"2024-11-18T08:31:52","date_gmt":"2024-11-18T08:31:52","guid":{"rendered":"https:\/\/plasticseurope.org\/fr\/?p=1288"},"modified":"2024-11-18T08:37:24","modified_gmt":"2024-11-18T08:37:24","slug":"la-chute-de-la-competitivite-europeenne-menace-la-transition-vers-une-economie-circulaire-des-plastiques","status":"publish","type":"post","link":"https:\/\/plasticseurope.org\/fr\/2024\/11\/18\/la-chute-de-la-competitivite-europeenne-menace-la-transition-vers-une-economie-circulaire-des-plastiques\/","title":{"rendered":"La chute de la comp\u00e9titivit\u00e9 europ\u00e9enne menace la transition vers une \u00e9conomie circulaire des plastiques"},"content":{"rendered":"\n<p class=\"has-large-font-size\"><em>De nouveaux chiffres confirment la poursuite du d\u00e9clin de la production de plastiques en Europe et montrent, pour la premi\u00e8re fois, une baisse de la production de plastiques recycl\u00e9s<\/em><\/p>\n\n\n\n<p><strong>Paris, lundi 18 novembre 2024<\/strong><\/p>\n\n\n\n<p>Les derni\u00e8res donn\u00e9es publi\u00e9es par Plastics Europe sur l\u2019\u00e9tat de l\u2019\u00e9cosyst\u00e8me europ\u00e9en des plastiques mettent en exergue une baisse plus importante que pr\u00e9vue de la production de plastiques et, pour la premi\u00e8re fois, de la production des plastiques issus du recyclage m\u00e9canique en 2023 en Europe.<\/p>\n\n\n\n<p>Compar\u00e9e \u00e0 2022, la production europ\u00e9enne de plastiques tombe \u00e0 54 Mt, soit une chute de 8,3%. Dans le m\u00eame temps, la production de plastiques issue du recyclage m\u00e9canique post-consommation a elle aussi diminu\u00e9 de 7,8%, pour atteindre 7,1 Mt. Ces chiffres contrastent avec la production mondiale qui, de son c\u00f4t\u00e9, a augment\u00e9 de 3,4%, ce qui souligne que la part de l&rsquo;Europe a encore baiss\u00e9 pour n\u2019atteindre plus que 12 % du march\u00e9 mondial [<a id=\"_ftnref1\" href=\"#_ftn1\">[1]<\/a>]. Si elle a maintenu une balance commerciale positive en valeur, l&rsquo;Europe est devenue importatrice nette de r\u00e9sines plastiques en volume en 2022 et de produits finis en plastique d\u00e8s 2021.<br>Entre 2020 et 2023, les exportations de r\u00e9sines plastiques ont chut\u00e9 de 25,4%. <\/p>\n\n\n\n<p><br>L&rsquo;\u00e9rosion de la comp\u00e9titivit\u00e9 europ\u00e9enne menace la transition de notre industrie vers la circularit\u00e9.\u00a0 Parce qu\u2019ils sont utilis\u00e9s dans de nombreuses industries et dans presque tous les secteurs (sant\u00e9, automobile, b\u00e2timent, \u00e9lectronique, \u00e9nergies renouvelables, biens de consommation, emballage, etc.), les plastiques sont indispensables \u00e0 l&rsquo;\u00e9conomie europ\u00e9enne. Cette bascule menace la viabilit\u00e9 de la cha\u00eene de valeur europ\u00e9enne des plastiques, qui aujourd\u2019hui emploie plus de 1,5 million de personnes r\u00e9partis dans 51 700 entreprises et a r\u00e9alis\u00e9 plus de 365 milliards d&rsquo;euros de chiffre d&rsquo;affaires dans l\u2019UE en 2023. Sans un cadre concurrentiel pr\u00e9serv\u00e9, l&rsquo;Europe risque de perdre son leadership dans l\u2019innovation de plastiques durables et les avantages \u00e9conomiques et environnementaux qui en d\u00e9coulent.<\/p>\n\n\n\n<p><strong>Marco ten Bruggencate, pr\u00e9sident de Plastics Europe et pr\u00e9sident de Dow EMEAI a d\u00e9clar\u00e9<\/strong> : <em>\u00ab\u00a0La mutation de l&rsquo;UE vers un \u00e9cosyst\u00e8me circulaire des plastiques est gravement menac\u00e9e par des importations qui ne r\u00e9pondent pas toujours aux normes europ\u00e9ennes. La dure r\u00e9alit\u00e9 est que nous assistons d\u00e9j\u00e0 \u00e0 la fermeture d\u2019unit\u00e9s de production dans l&rsquo;UE, ce qui entra\u00eene la d\u00e9localisation de l&rsquo;industrie, des emplois et des investissements durables. La transition vers la circularit\u00e9 ne sera couronn\u00e9e de succ\u00e8s que si les d\u00e9cideurs politiques mettent en place de toute urgence les conditions-cadres qui permettront de retrouver notre comp\u00e9titivit\u00e9 et de rendre attractifs sur le long terme les investissements dans le domaine de la circularit\u00e9. La fen\u00eatre d&rsquo;opportunit\u00e9 est \u00e9troite et c\u2019est maintenant qu\u2019il faut prendre des mesures fortes \u00bb.<\/em><\/p>\n\n\n\n<p><strong>Virginia Janssens, directrice g\u00e9n\u00e9rale de Plastics Europe, ajoute<\/strong><em> : \u00ab Pour \u00e9viter un ralentissement inqui\u00e9tant de la transition en Europe, nous avons besoin de mesures urgentes pour rendre les investissements dans la production circulaire des plastiques plus attrayants, de r\u00e9duire les lourdeurs administratives, dont des proc\u00e9dures d&rsquo;autorisation excessivement longues et d\u2019instaurer des r\u00e8gles du jeu \u00e9quitables avec nos concurrents internationaux. Malgr\u00e9 ces d\u00e9fis, nous restons fermement d\u00e9termin\u00e9s \u00e0 suivre notre feuille de route \u00ab\u00a0the plastics transition\u00a0\u00bb pour une \u00e9conomie circulaire et z\u00e9ro \u00e9mission nette. Nous attendons maintenant des d\u00e9cideurs politiques et des \u00e9tat membres de l\u2019UE qu\u2019ils envoient sans d\u00e9lai un message clair aux investisseurs et au march\u00e9, leur montrant qu&rsquo;eux-aussi restent engag\u00e9s au service de la production de plastiques en Europe et de sa transition.\u00a0\u00bb<\/em><\/p>\n\n\n\n<p>Les donn\u00e9es et les analyses fournies par les membres de Plastics Europe confirment une hausse brutale des importations de r\u00e9sines plastiques et de produits finis en provenance de r\u00e9gions o\u00f9 les normes environnementales sont moins strictes. Cette augmentation, caus\u00e9e par une surcapacit\u00e9 mondiale de la production de mati\u00e8res plastiques, compromet la rentabilit\u00e9 du recyclage des plastiques en Europe et la transition vers un \u00e9cosyst\u00e8me circulaire. Cela confirme aussi que, comme l\u2019industrie europ\u00e9enne en g\u00e9n\u00e9ral, les fabricants de mati\u00e8res plastiques sont actuellement confront\u00e9s \u00e0 des co\u00fbts de production \u00e9lev\u00e9s, tels que la hausse des prix de l&rsquo;\u00e9nergie et des mati\u00e8res premi\u00e8res, l&rsquo;inflation persistante et la disponibilit\u00e9 limit\u00e9e de mati\u00e8res premi\u00e8res circulaires. Une situation difficile qui co\u00efncide avec une croissance europ\u00e9enne faible et une r\u00e9cession dans certains secteurs et \u00e9conomies cl\u00e9s de l&rsquo;Europe.<\/p>\n\n\n\n<p>L\u2019Europe reste la r\u00e9gion du monde o\u00f9 la part des plastiques circulaires est la plus \u00e9lev\u00e9e, soit 14,8% de la production locale.&nbsp; En progression de 0,7% depuis 2022, cette croissance ralentit et pourrait compromettre les ambitions de la feuille de route \u00ab&nbsp;the Plastics Transition&nbsp;\u00bb.<\/p>\n\n\n\n<p>Outre la baisse de production du recyclage m\u00e9canique, seulement 0,12 Mt de plastiques recycl\u00e9s chimiquement<a href=\"#_ftn1\" id=\"_ftnref1\">[1]<\/a>&nbsp; a \u00e9t\u00e9 produite en Europe en 2023, tandis que la production de plastiques biosourc\u00e9s et bio attribu\u00e9s a l\u00e9g\u00e8rement progress\u00e9 pour atteindre 0,8 Mt.<\/p>\n\n\n\n<div class=\"wp-block-buttons is-layout-flex wp-block-buttons-is-layout-flex\">\n<div class=\"wp-block-button\"><a class=\"wp-block-button__link wp-element-button\" href=\"https:\/\/plasticseurope.org\/knowledge-hub\/plastics-the-fast-facts-2024\/\">Plastics \u2013 the fast Facts 2024<\/a><\/div>\n<\/div>\n\n\n\n<p><\/p>\n\n\n\n<p id=\"https:\/\/plasticseurope.org\/knowledge-hub\/plastics-the-fast-facts-2024\/\"><strong>En compl\u00e9ment<\/strong><\/p>\n\n\n\n<p>Le cadre politique et r\u00e9glementaire de l&rsquo;UE doit inclure par exemple des objectifs ambitieux en mati\u00e8re de contenu recycl\u00e9 obligatoire, la reconnaissance rapide de la mass balance et des technologies de recyclage innovantes telles que le recyclage chimique, des proc\u00e9dures d&rsquo;autorisation simplifi\u00e9es pour les installations industrielles circulaires \u00e0 faible \u00e9mission de carbone, et des syst\u00e8mes de contr\u00f4le et de certification pour s&rsquo;assurer que les importations r\u00e9pondent aux normes de l&rsquo;UE. De plus, il est urgent de reconsid\u00e9rer les instruments fiscaux et \u00e9conomiques de l&rsquo;UE et des \u00e9tats membres afin de rendre comp\u00e9titive la production de plastiques circulaires en Europe.<\/p>\n\n\n\n<p>Plastics Europe se f\u00e9licite du rapport Draghi sur <em>\u00ab L&rsquo;avenir de la comp\u00e9titivit\u00e9 europ\u00e9enne<\/em> \u201c qui reconna\u00eet le \u201dpotentiel inexploit\u00e9 de la circularit\u00e9 \u00bb et sa conclusion selon laquelle \u00ab le recyclage des plastiques ne dispose pas \u00e0 l&rsquo;heure actuelle d\u2019une perspective solide de rentabilit\u00e9 \u00bb. Il reconna\u00eet \u00e9galement que si une r\u00e9glementation efficace est essentielle, elle n&rsquo;est pas la panac\u00e9e. L\u2019Europe doit adopter une approche plus globale pour s&rsquo;attaquer aux probl\u00e8mes de comp\u00e9titivit\u00e9 auxquels sont confront\u00e9es les industries en g\u00e9n\u00e9ral et celle des plastiques en particulier. Nous nous sentons r\u00e9confort\u00e9s par la position d&rsquo;Ursula von der Leyen en faveur d&rsquo;un nouveau Pacte Vert pour l&rsquo;industrie, en r\u00e9ponse \u00e0 la D\u00e9claration d&rsquo;Anvers. <a href=\"#_msocom_1\"><\/a><\/p>\n\n\n\n<hr class=\"wp-block-separator has-alpha-channel-opacity\" \/>\n\n\n\n<p><\/p>\n\n\n\n<p><strong>[1]<\/strong> La part de l&rsquo;Europe dans la production mondiale de mati\u00e8res plastiques est pass\u00e9e de 14 % en 2022 \u00e0 28 % en 2002 : \u00ab<a href=\"https:\/\/plasticseurope.org\/knowledge-hub\/the-circular-economy-for-plastics-a-european-analysis-2024\/\"> The Circular Economy for plastics &#8211; A European Analysis <\/a>\u00bb, rapport Plastics Europe 2024<\/p>\n\n\n\n<p><strong>[2]<\/strong> <a href=\"#_ftnref1\">L\u2019a<\/a>mbition de Plastics Europe est d&rsquo;atteindre une production de 2,8 Mt de plastiques chimiquement recycl\u00e9s d&rsquo;ici 2030.<\/p>\n\n\n\n<p><\/p>\n\n\n\n<p><\/p>\n\n\n\n<div style=\"height:48px\" aria-hidden=\"true\" class=\"wp-block-spacer\"><\/div>\n\n\n","protected":false},"excerpt":{"rendered":"<p>De nouveaux chiffres confirment la poursuite du d\u00e9clin de la production de plastiques en Europe et montrent, pour la premi\u00e8re\u2026<\/p>\n","protected":false},"author":12,"featured_media":1289,"comment_status":"open","ping_status":"open","sticky":false,"template":"","format":"standard","meta":{"footnotes":""},"categories":[7],"tags":[],"class_list":["post-1288","post","type-post","status-publish","format-standard","has-post-thumbnail","hentry","category-communiques-de-presse"],"acf":[],"yoast_head":"<!-- This site is optimized with the Yoast SEO plugin v21.6 - https:\/\/yoast.com\/wordpress\/plugins\/seo\/ -->\n<title>La chute de la comp\u00e9titivit\u00e9 europ\u00e9enne menace la transition vers une \u00e9conomie circulaire des plastiques - Plastics Europe<\/title>\n<meta name=\"robots\" content=\"index, follow, max-snippet:-1, max-image-preview:large, max-video-preview:-1\" \/>\n<link rel=\"canonical\" href=\"https:\/\/plasticseurope.org\/fr\/2024\/11\/18\/la-chute-de-la-competitivite-europeenne-menace-la-transition-vers-une-economie-circulaire-des-plastiques\/\" \/>\n<meta property=\"og:locale\" content=\"fr_FR\" \/>\n<meta property=\"og:type\" content=\"article\" \/>\n<meta property=\"og:title\" content=\"La chute de la comp\u00e9titivit\u00e9 europ\u00e9enne menace la transition vers une \u00e9conomie circulaire des plastiques - Plastics Europe\" \/>\n<meta property=\"og:description\" content=\"De nouveaux chiffres confirment la poursuite du d\u00e9clin de la production de plastiques en Europe et montrent, pour la premi\u00e8re\u2026\" \/>\n<meta property=\"og:url\" content=\"https:\/\/plasticseurope.org\/fr\/2024\/11\/18\/la-chute-de-la-competitivite-europeenne-menace-la-transition-vers-une-economie-circulaire-des-plastiques\/\" \/>\n<meta property=\"og:site_name\" content=\"Plastics Europe\" \/>\n<meta property=\"article:published_time\" content=\"2024-11-18T08:31:52+00:00\" \/>\n<meta property=\"article:modified_time\" content=\"2024-11-18T08:37:24+00:00\" \/>\n<meta property=\"og:image\" content=\"https:\/\/plasticseurope.org\/fr\/wp-content\/uploads\/sites\/2\/2024\/11\/SoMeV3.jpg\" \/>\n\t<meta property=\"og:image:width\" content=\"1200\" \/>\n\t<meta property=\"og:image:height\" content=\"1200\" \/>\n\t<meta property=\"og:image:type\" content=\"image\/jpeg\" \/>\n<meta name=\"author\" content=\"carolepawlowski\" \/>\n<meta name=\"twitter:card\" content=\"summary_large_image\" \/>\n<meta name=\"twitter:label1\" content=\"\u00c9crit par\" \/>\n\t<meta name=\"twitter:data1\" content=\"carolepawlowski\" \/>\n\t<meta name=\"twitter:label2\" content=\"Dur\u00e9e de lecture estim\u00e9e\" \/>\n\t<meta name=\"twitter:data2\" content=\"6 minutes\" \/>\n<script type=\"application\/ld+json\" class=\"yoast-schema-graph\">{\"@context\":\"https:\/\/schema.org\",\"@graph\":[{\"@type\":\"WebPage\",\"@id\":\"https:\/\/plasticseurope.org\/fr\/2024\/11\/18\/la-chute-de-la-competitivite-europeenne-menace-la-transition-vers-une-economie-circulaire-des-plastiques\/\",\"url\":\"https:\/\/plasticseurope.org\/fr\/2024\/11\/18\/la-chute-de-la-competitivite-europeenne-menace-la-transition-vers-une-economie-circulaire-des-plastiques\/\",\"name\":\"La chute de la comp\u00e9titivit\u00e9 europ\u00e9enne menace la transition vers une \u00e9conomie circulaire des plastiques - Plastics Europe\",\"isPartOf\":{\"@id\":\"https:\/\/plasticseurope.org\/fr\/#website\"},\"datePublished\":\"2024-11-18T08:31:52+00:00\",\"dateModified\":\"2024-11-18T08:37:24+00:00\",\"author\":{\"@id\":\"https:\/\/plasticseurope.org\/fr\/#\/schema\/person\/53fc9a81416d0a4aecccfaa77112a628\"},\"breadcrumb\":{\"@id\":\"https:\/\/plasticseurope.org\/fr\/2024\/11\/18\/la-chute-de-la-competitivite-europeenne-menace-la-transition-vers-une-economie-circulaire-des-plastiques\/#breadcrumb\"},\"inLanguage\":\"fr-FR\",\"potentialAction\":[{\"@type\":\"ReadAction\",\"target\":[\"https:\/\/plasticseurope.org\/fr\/2024\/11\/18\/la-chute-de-la-competitivite-europeenne-menace-la-transition-vers-une-economie-circulaire-des-plastiques\/\"]}]},{\"@type\":\"BreadcrumbList\",\"@id\":\"https:\/\/plasticseurope.org\/fr\/2024\/11\/18\/la-chute-de-la-competitivite-europeenne-menace-la-transition-vers-une-economie-circulaire-des-plastiques\/#breadcrumb\",\"itemListElement\":[{\"@type\":\"ListItem\",\"position\":1,\"name\":\"Home\",\"item\":\"https:\/\/plasticseurope.org\/fr\/\"},{\"@type\":\"ListItem\",\"position\":2,\"name\":\"La chute de la comp\u00e9titivit\u00e9 europ\u00e9enne menace la transition vers une \u00e9conomie circulaire des plastiques\"}]},{\"@type\":\"WebSite\",\"@id\":\"https:\/\/plasticseurope.org\/fr\/#website\",\"url\":\"https:\/\/plasticseurope.org\/fr\/\",\"name\":\"Plastics Europe\",\"description\":\"Enabling a sustainable future\",\"potentialAction\":[{\"@type\":\"SearchAction\",\"target\":{\"@type\":\"EntryPoint\",\"urlTemplate\":\"https:\/\/plasticseurope.org\/fr\/?s={search_term_string}\"},\"query-input\":\"required name=search_term_string\"}],\"inLanguage\":\"fr-FR\"},{\"@type\":\"Person\",\"@id\":\"https:\/\/plasticseurope.org\/fr\/#\/schema\/person\/53fc9a81416d0a4aecccfaa77112a628\",\"name\":\"carolepawlowski\",\"image\":{\"@type\":\"ImageObject\",\"inLanguage\":\"fr-FR\",\"@id\":\"https:\/\/plasticseurope.org\/fr\/#\/schema\/person\/image\/\",\"url\":\"https:\/\/secure.gravatar.com\/avatar\/cfae03540d121efbc0cffb78ce1e05dac45eed6f373f452b8034b465bb3e3164?s=96&d=mm&r=g\",\"contentUrl\":\"https:\/\/secure.gravatar.com\/avatar\/cfae03540d121efbc0cffb78ce1e05dac45eed6f373f452b8034b465bb3e3164?s=96&d=mm&r=g\",\"caption\":\"carolepawlowski\"},\"url\":\"https:\/\/plasticseurope.org\/fr\/author\/carolepawlowski\/\"}]}<\/script>\n<!-- \/ Yoast SEO plugin. -->","yoast_head_json":{"title":"La chute de la comp\u00e9titivit\u00e9 europ\u00e9enne menace la transition vers une \u00e9conomie circulaire des plastiques - Plastics Europe","robots":{"index":"index","follow":"follow","max-snippet":"max-snippet:-1","max-image-preview":"max-image-preview:large","max-video-preview":"max-video-preview:-1"},"canonical":"https:\/\/plasticseurope.org\/fr\/2024\/11\/18\/la-chute-de-la-competitivite-europeenne-menace-la-transition-vers-une-economie-circulaire-des-plastiques\/","og_locale":"fr_FR","og_type":"article","og_title":"La chute de la comp\u00e9titivit\u00e9 europ\u00e9enne menace la transition vers une \u00e9conomie circulaire des plastiques - Plastics Europe","og_description":"De nouveaux chiffres confirment la poursuite du d\u00e9clin de la production de plastiques en Europe et montrent, pour la premi\u00e8re\u2026","og_url":"https:\/\/plasticseurope.org\/fr\/2024\/11\/18\/la-chute-de-la-competitivite-europeenne-menace-la-transition-vers-une-economie-circulaire-des-plastiques\/","og_site_name":"Plastics Europe","article_published_time":"2024-11-18T08:31:52+00:00","article_modified_time":"2024-11-18T08:37:24+00:00","og_image":[{"width":1200,"height":1200,"url":"https:\/\/plasticseurope.org\/fr\/wp-content\/uploads\/sites\/2\/2024\/11\/SoMeV3.jpg","type":"image\/jpeg"}],"author":"carolepawlowski","twitter_card":"summary_large_image","twitter_misc":{"\u00c9crit par":"carolepawlowski","Dur\u00e9e de lecture estim\u00e9e":"6 minutes"},"schema":{"@context":"https:\/\/schema.org","@graph":[{"@type":"WebPage","@id":"https:\/\/plasticseurope.org\/fr\/2024\/11\/18\/la-chute-de-la-competitivite-europeenne-menace-la-transition-vers-une-economie-circulaire-des-plastiques\/","url":"https:\/\/plasticseurope.org\/fr\/2024\/11\/18\/la-chute-de-la-competitivite-europeenne-menace-la-transition-vers-une-economie-circulaire-des-plastiques\/","name":"La chute de la comp\u00e9titivit\u00e9 europ\u00e9enne menace la transition vers une \u00e9conomie circulaire des plastiques - Plastics Europe","isPartOf":{"@id":"https:\/\/plasticseurope.org\/fr\/#website"},"datePublished":"2024-11-18T08:31:52+00:00","dateModified":"2024-11-18T08:37:24+00:00","author":{"@id":"https:\/\/plasticseurope.org\/fr\/#\/schema\/person\/53fc9a81416d0a4aecccfaa77112a628"},"breadcrumb":{"@id":"https:\/\/plasticseurope.org\/fr\/2024\/11\/18\/la-chute-de-la-competitivite-europeenne-menace-la-transition-vers-une-economie-circulaire-des-plastiques\/#breadcrumb"},"inLanguage":"fr-FR","potentialAction":[{"@type":"ReadAction","target":["https:\/\/plasticseurope.org\/fr\/2024\/11\/18\/la-chute-de-la-competitivite-europeenne-menace-la-transition-vers-une-economie-circulaire-des-plastiques\/"]}]},{"@type":"BreadcrumbList","@id":"https:\/\/plasticseurope.org\/fr\/2024\/11\/18\/la-chute-de-la-competitivite-europeenne-menace-la-transition-vers-une-economie-circulaire-des-plastiques\/#breadcrumb","itemListElement":[{"@type":"ListItem","position":1,"name":"Home","item":"https:\/\/plasticseurope.org\/fr\/"},{"@type":"ListItem","position":2,"name":"La chute de la comp\u00e9titivit\u00e9 europ\u00e9enne menace la transition vers une \u00e9conomie circulaire des plastiques"}]},{"@type":"WebSite","@id":"https:\/\/plasticseurope.org\/fr\/#website","url":"https:\/\/plasticseurope.org\/fr\/","name":"Plastics Europe","description":"Enabling a sustainable future","potentialAction":[{"@type":"SearchAction","target":{"@type":"EntryPoint","urlTemplate":"https:\/\/plasticseurope.org\/fr\/?s={search_term_string}"},"query-input":"required name=search_term_string"}],"inLanguage":"fr-FR"},{"@type":"Person","@id":"https:\/\/plasticseurope.org\/fr\/#\/schema\/person\/53fc9a81416d0a4aecccfaa77112a628","name":"carolepawlowski","image":{"@type":"ImageObject","inLanguage":"fr-FR","@id":"https:\/\/plasticseurope.org\/fr\/#\/schema\/person\/image\/","url":"https:\/\/secure.gravatar.com\/avatar\/cfae03540d121efbc0cffb78ce1e05dac45eed6f373f452b8034b465bb3e3164?s=96&d=mm&r=g","contentUrl":"https:\/\/secure.gravatar.com\/avatar\/cfae03540d121efbc0cffb78ce1e05dac45eed6f373f452b8034b465bb3e3164?s=96&d=mm&r=g","caption":"carolepawlowski"},"url":"https:\/\/plasticseurope.org\/fr\/author\/carolepawlowski\/"}]}},"_links":{"self":[{"href":"https:\/\/plasticseurope.org\/fr\/wp-json\/wp\/v2\/posts\/1288","targetHints":{"allow":["GET"]}}],"collection":[{"href":"https:\/\/plasticseurope.org\/fr\/wp-json\/wp\/v2\/posts"}],"about":[{"href":"https:\/\/plasticseurope.org\/fr\/wp-json\/wp\/v2\/types\/post"}],"author":[{"embeddable":true,"href":"https:\/\/plasticseurope.org\/fr\/wp-json\/wp\/v2\/users\/12"}],"replies":[{"embeddable":true,"href":"https:\/\/plasticseurope.org\/fr\/wp-json\/wp\/v2\/comments?post=1288"}],"version-history":[{"count":0,"href":"https:\/\/plasticseurope.org\/fr\/wp-json\/wp\/v2\/posts\/1288\/revisions"}],"wp:featuredmedia":[{"embeddable":true,"href":"https:\/\/plasticseurope.org\/fr\/wp-json\/wp\/v2\/media\/1289"}],"wp:attachment":[{"href":"https:\/\/plasticseurope.org\/fr\/wp-json\/wp\/v2\/media?parent=1288"}],"wp:term":[{"taxonomy":"category","embeddable":true,"href":"https:\/\/plasticseurope.org\/fr\/wp-json\/wp\/v2\/categories?post=1288"},{"taxonomy":"post_tag","embeddable":true,"href":"https:\/\/plasticseurope.org\/fr\/wp-json\/wp\/v2\/tags?post=1288"}],"curies":[{"name":"wp","href":"https:\/\/api.w.org\/{rel}","templated":true}]}}