{"id":1246,"date":"2024-05-03T12:31:16","date_gmt":"2024-05-03T12:31:16","guid":{"rendered":"https:\/\/plasticseurope.wpenginepowered.com\/fr\/?p=1246"},"modified":"2024-05-14T09:32:44","modified_gmt":"2024-05-14T09:32:44","slug":"reaction-de-plastics-europe-aux-conclusions-de-la-4eme-session-des-negociations-dottawa-sur-le-traite-mondial-des-plastiques","status":"publish","type":"post","link":"https:\/\/plasticseurope.org\/fr\/2024\/05\/03\/reaction-de-plastics-europe-aux-conclusions-de-la-4eme-session-des-negociations-dottawa-sur-le-traite-mondial-des-plastiques\/","title":{"rendered":"R\u00e9action de Plastics Europe aux conclusions de la 4eme session des n\u00e9gociations internationales (INC4) sur le Trait\u00e9 mondial des plastiques"},"content":{"rendered":"\n<p class=\"has-large-font-size\">Virginia<em> Janssens, Directrice G\u00e9n\u00e9rale de Plastics Europe, a d\u00e9clar\u00e9 :<\/em><\/p>\n\n\n\n<p>\u00ab\u00a0M\u00eame si nous reconnaissons que les n\u00e9gociations sont par essence difficiles et que des progr\u00e8s ont \u00e9t\u00e9 faits \u00e0 Ottawa, la r\u00e9alit\u00e9 est que le tic-tac de l\u2019horloge se fait de plus en plus pressant.<br>Si nous voulons les finaliser \u00e0 temps, il est primordial que toutes les parties prenantes &#8211; gouvernements, industrie et soci\u00e9t\u00e9 civile &#8211; redoublent d&rsquo;efforts pour trouver des compromis viables.<br><\/p>\n\n\n\n<p>Nous sommes donc particuli\u00e8rement confort\u00e9s par le fait que les n\u00e9gociations se poursuivent dans le cadre des travaux intersessions avant la INC5. Nous pensons \u00e9galement que la participation d&rsquo;observateurs est essentielle pour maintenir la transparence et l&rsquo;int\u00e9grit\u00e9 technique du projet d&rsquo;accord.<\/p>\n\n\n\n<p><br>Mobiliser les ressources financi\u00e8res et en faciliter l&rsquo;acc\u00e8s est un d\u00e9fi majeur, en particulier pour les \u00e9conomies \u00e9mergentes. La reconnaissance croissante de l\u2019importance des syst\u00e8mes de Responsabilit\u00e9 \u00e9largie du producteur (REP) comme outils de gestion des produits plastique en fin de vie est une avanc\u00e9e notable.<br>\u2003<br>De m\u00eame consid\u00e9rons-nous comme positif le nombre des propositions formul\u00e9es durant les n\u00e9gociations sur comment caract\u00e9riser et \u00e9viter, les applications plastique qui posent probl\u00e8me et se retrouvent en masse dans l\u2019environnement. Cela inclut les approches par crit\u00e8res de l\u2019Union Europ\u00e9enne et du Royaume-Uni qui sont prometteuses, comme un <a href=\"https:\/\/plasticseurope.org\/wp-content\/uploads\/2024\/04\/2110353_DecisionTreeInfographics_041524.pdf\">arbre de d\u00e9cision<\/a> d\u00e9velopp\u00e9 par l\u2019industrie. Il est maintenant urgent de se mettre au travail pour concr\u00e9tiser ces initiatives.<br><\/p>\n\n\n\n<p>Nous sommes cependant pr\u00e9occup\u00e9s par le peu de progr\u00e8s dans la mise en place de cadres politiques et r\u00e9glementaires indispensables \u00e0 l&rsquo;acc\u00e9l\u00e9ration du d\u00e9veloppement d&rsquo;une \u00e9conomie circulaire des plastiques. La mani\u00e8re la plus efficace d\u2019acc\u00e9l\u00e9rer cette transition, tout en pr\u00e9servant les apports des plastiques \u00e0 la soci\u00e9t\u00e9, est que le trait\u00e9 fasse des d\u00e9chets plastique une ressource dot\u00e9e d\u2019une vraie valeur.<br>L&rsquo;accent doit maintenant \u00eatre mis sur des mesures propres \u00e0 accro\u00eetre la valeur des d\u00e9chets plastiques en tant que ressources circulaires. Il faut pour cela agir sur la demande, y compris par l\u2019introduction, au niveau national, d\u2019objectifs d\u2019int\u00e9gration de contenu recycl\u00e9 pour les secteurs utilisateurs de mati\u00e8res plastiques. \u00bb<\/p>\n\n\n\n<p><\/p>\n\n\n\n<p><\/p>\n\n\n\n<p><strong><em>Pour information<\/em> :<\/strong><em> Plastics Europe est l&rsquo;association paneurop\u00e9enne des producteurs de mati\u00e8res plastiques. Elle dispose de bureaux dans toute l&rsquo;Europe. Depuis plus de 100 ans, la science et l&rsquo;innovation constituent l&rsquo;ADN de notre secteur. Avec pr\u00e8s de 100 membres produisant plus de 90% de tous les polym\u00e8res en Europe, nous sommes le catalyseur de l&rsquo;industrie et nous portons la responsabilit\u00e9 de nous engager ouvertement avec les acteurs concern\u00e9s et de proposer des solutions s\u00fbres, circulaires et durables. Nous nous engageons \u00e0 mettre en \u0153uvre des changements positifs durables.<\/em><\/p>\n\n\n\n<p><\/p>\n\n\n\n<div style=\"height:16px\" aria-hidden=\"true\" class=\"wp-block-spacer\"><\/div>\n\n\n\n<p><\/p>\n\n\n\n<div style=\"height:48px\" aria-hidden=\"true\" class=\"wp-block-spacer\"><\/div>\n\n\n","protected":false},"excerpt":{"rendered":"<p>Virginia Janssens, Directrice G\u00e9n\u00e9rale de Plastics Europe, a d\u00e9clar\u00e9 : \u00ab\u00a0M\u00eame si nous reconnaissons que les n\u00e9gociations sont par essence\u2026<\/p>\n","protected":false},"author":21,"featured_media":1048,"comment_status":"open","ping_status":"open","sticky":false,"template":"","format":"standard","meta":{"footnotes":""},"categories":[6],"tags":[],"class_list":["post-1246","post","type-post","status-publish","format-standard","has-post-thumbnail","hentry","category-news"],"acf":[],"yoast_head":"<!-- This site is optimized with the Yoast SEO plugin v21.6 - https:\/\/yoast.com\/wordpress\/plugins\/seo\/ -->\n<title>R\u00e9action de Plastics Europe aux conclusions de la 4eme session des n\u00e9gociations internationales (INC4) sur le Trait\u00e9 mondial des plastiques - Plastics Europe<\/title>\n<meta name=\"robots\" content=\"index, follow, max-snippet:-1, max-image-preview:large, max-video-preview:-1\" \/>\n<link rel=\"canonical\" href=\"https:\/\/plasticseurope.org\/fr\/2024\/05\/03\/reaction-de-plastics-europe-aux-conclusions-de-la-4eme-session-des-negociations-dottawa-sur-le-traite-mondial-des-plastiques\/\" \/>\n<meta property=\"og:locale\" content=\"fr_FR\" \/>\n<meta property=\"og:type\" content=\"article\" \/>\n<meta property=\"og:title\" content=\"R\u00e9action de Plastics Europe aux conclusions de la 4eme session des n\u00e9gociations internationales (INC4) sur le Trait\u00e9 mondial des plastiques - Plastics Europe\" \/>\n<meta property=\"og:description\" content=\"Virginia Janssens, Directrice G\u00e9n\u00e9rale de Plastics Europe, a d\u00e9clar\u00e9 : \u00ab\u00a0M\u00eame si nous reconnaissons que les n\u00e9gociations sont par essence\u2026\" \/>\n<meta property=\"og:url\" content=\"https:\/\/plasticseurope.org\/fr\/2024\/05\/03\/reaction-de-plastics-europe-aux-conclusions-de-la-4eme-session-des-negociations-dottawa-sur-le-traite-mondial-des-plastiques\/\" \/>\n<meta property=\"og:site_name\" content=\"Plastics Europe\" \/>\n<meta property=\"article:published_time\" content=\"2024-05-03T12:31:16+00:00\" \/>\n<meta property=\"article:modified_time\" content=\"2024-05-14T09:32:44+00:00\" \/>\n<meta property=\"og:image\" content=\"https:\/\/plasticseurope.org\/fr\/wp-content\/uploads\/sites\/2\/2023\/06\/Plastic-waste-1024x651.png\" \/>\n\t<meta property=\"og:image:width\" content=\"1024\" \/>\n\t<meta property=\"og:image:height\" content=\"651\" \/>\n\t<meta property=\"og:image:type\" content=\"image\/png\" \/>\n<meta name=\"author\" content=\"christinebourget\" \/>\n<meta name=\"twitter:card\" content=\"summary_large_image\" \/>\n<meta name=\"twitter:label1\" content=\"\u00c9crit par\" \/>\n\t<meta name=\"twitter:data1\" content=\"christinebourget\" \/>\n\t<meta name=\"twitter:label2\" content=\"Dur\u00e9e de lecture estim\u00e9e\" \/>\n\t<meta name=\"twitter:data2\" content=\"3 minutes\" \/>\n<script type=\"application\/ld+json\" class=\"yoast-schema-graph\">{\"@context\":\"https:\/\/schema.org\",\"@graph\":[{\"@type\":\"WebPage\",\"@id\":\"https:\/\/plasticseurope.org\/fr\/2024\/05\/03\/reaction-de-plastics-europe-aux-conclusions-de-la-4eme-session-des-negociations-dottawa-sur-le-traite-mondial-des-plastiques\/\",\"url\":\"https:\/\/plasticseurope.org\/fr\/2024\/05\/03\/reaction-de-plastics-europe-aux-conclusions-de-la-4eme-session-des-negociations-dottawa-sur-le-traite-mondial-des-plastiques\/\",\"name\":\"R\u00e9action de Plastics Europe aux conclusions de la 4eme session des n\u00e9gociations internationales (INC4) sur le Trait\u00e9 mondial des plastiques - Plastics Europe\",\"isPartOf\":{\"@id\":\"https:\/\/plasticseurope.org\/fr\/#website\"},\"datePublished\":\"2024-05-03T12:31:16+00:00\",\"dateModified\":\"2024-05-14T09:32:44+00:00\",\"author\":{\"@id\":\"https:\/\/plasticseurope.org\/fr\/#\/schema\/person\/6087cf1c4cdd671cab7c00ec8cd9440d\"},\"breadcrumb\":{\"@id\":\"https:\/\/plasticseurope.org\/fr\/2024\/05\/03\/reaction-de-plastics-europe-aux-conclusions-de-la-4eme-session-des-negociations-dottawa-sur-le-traite-mondial-des-plastiques\/#breadcrumb\"},\"inLanguage\":\"fr-FR\",\"potentialAction\":[{\"@type\":\"ReadAction\",\"target\":[\"https:\/\/plasticseurope.org\/fr\/2024\/05\/03\/reaction-de-plastics-europe-aux-conclusions-de-la-4eme-session-des-negociations-dottawa-sur-le-traite-mondial-des-plastiques\/\"]}]},{\"@type\":\"BreadcrumbList\",\"@id\":\"https:\/\/plasticseurope.org\/fr\/2024\/05\/03\/reaction-de-plastics-europe-aux-conclusions-de-la-4eme-session-des-negociations-dottawa-sur-le-traite-mondial-des-plastiques\/#breadcrumb\",\"itemListElement\":[{\"@type\":\"ListItem\",\"position\":1,\"name\":\"Home\",\"item\":\"https:\/\/plasticseurope.org\/fr\/\"},{\"@type\":\"ListItem\",\"position\":2,\"name\":\"R\u00e9action de Plastics Europe aux conclusions de la 4eme session des n\u00e9gociations internationales (INC4) sur le Trait\u00e9 mondial des plastiques\"}]},{\"@type\":\"WebSite\",\"@id\":\"https:\/\/plasticseurope.org\/fr\/#website\",\"url\":\"https:\/\/plasticseurope.org\/fr\/\",\"name\":\"Plastics Europe\",\"description\":\"Enabling a sustainable future\",\"potentialAction\":[{\"@type\":\"SearchAction\",\"target\":{\"@type\":\"EntryPoint\",\"urlTemplate\":\"https:\/\/plasticseurope.org\/fr\/?s={search_term_string}\"},\"query-input\":\"required name=search_term_string\"}],\"inLanguage\":\"fr-FR\"},{\"@type\":\"Person\",\"@id\":\"https:\/\/plasticseurope.org\/fr\/#\/schema\/person\/6087cf1c4cdd671cab7c00ec8cd9440d\",\"name\":\"christinebourget\",\"image\":{\"@type\":\"ImageObject\",\"inLanguage\":\"fr-FR\",\"@id\":\"https:\/\/plasticseurope.org\/fr\/#\/schema\/person\/image\/\",\"url\":\"https:\/\/secure.gravatar.com\/avatar\/a049d64c34b87ea5ede3e3f8ad0bdd5eaec149fdc4b0ce8c604c704e6d811f2e?s=96&d=mm&r=g\",\"contentUrl\":\"https:\/\/secure.gravatar.com\/avatar\/a049d64c34b87ea5ede3e3f8ad0bdd5eaec149fdc4b0ce8c604c704e6d811f2e?s=96&d=mm&r=g\",\"caption\":\"christinebourget\"},\"url\":\"https:\/\/plasticseurope.org\/fr\/author\/christinebourget\/\"}]}<\/script>\n<!-- \/ Yoast SEO plugin. -->","yoast_head_json":{"title":"R\u00e9action de Plastics Europe aux conclusions de la 4eme session des n\u00e9gociations internationales (INC4) sur le Trait\u00e9 mondial des plastiques - Plastics Europe","robots":{"index":"index","follow":"follow","max-snippet":"max-snippet:-1","max-image-preview":"max-image-preview:large","max-video-preview":"max-video-preview:-1"},"canonical":"https:\/\/plasticseurope.org\/fr\/2024\/05\/03\/reaction-de-plastics-europe-aux-conclusions-de-la-4eme-session-des-negociations-dottawa-sur-le-traite-mondial-des-plastiques\/","og_locale":"fr_FR","og_type":"article","og_title":"R\u00e9action de Plastics Europe aux conclusions de la 4eme session des n\u00e9gociations internationales (INC4) sur le Trait\u00e9 mondial des plastiques - Plastics Europe","og_description":"Virginia Janssens, Directrice G\u00e9n\u00e9rale de Plastics Europe, a d\u00e9clar\u00e9 : \u00ab\u00a0M\u00eame si nous reconnaissons que les n\u00e9gociations sont par essence\u2026","og_url":"https:\/\/plasticseurope.org\/fr\/2024\/05\/03\/reaction-de-plastics-europe-aux-conclusions-de-la-4eme-session-des-negociations-dottawa-sur-le-traite-mondial-des-plastiques\/","og_site_name":"Plastics Europe","article_published_time":"2024-05-03T12:31:16+00:00","article_modified_time":"2024-05-14T09:32:44+00:00","og_image":[{"width":1024,"height":651,"url":"https:\/\/plasticseurope.org\/fr\/wp-content\/uploads\/sites\/2\/2023\/06\/Plastic-waste-1024x651.png","type":"image\/png"}],"author":"christinebourget","twitter_card":"summary_large_image","twitter_misc":{"\u00c9crit par":"christinebourget","Dur\u00e9e de lecture estim\u00e9e":"3 minutes"},"schema":{"@context":"https:\/\/schema.org","@graph":[{"@type":"WebPage","@id":"https:\/\/plasticseurope.org\/fr\/2024\/05\/03\/reaction-de-plastics-europe-aux-conclusions-de-la-4eme-session-des-negociations-dottawa-sur-le-traite-mondial-des-plastiques\/","url":"https:\/\/plasticseurope.org\/fr\/2024\/05\/03\/reaction-de-plastics-europe-aux-conclusions-de-la-4eme-session-des-negociations-dottawa-sur-le-traite-mondial-des-plastiques\/","name":"R\u00e9action de Plastics Europe aux conclusions de la 4eme session des n\u00e9gociations internationales (INC4) sur le Trait\u00e9 mondial des plastiques - Plastics Europe","isPartOf":{"@id":"https:\/\/plasticseurope.org\/fr\/#website"},"datePublished":"2024-05-03T12:31:16+00:00","dateModified":"2024-05-14T09:32:44+00:00","author":{"@id":"https:\/\/plasticseurope.org\/fr\/#\/schema\/person\/6087cf1c4cdd671cab7c00ec8cd9440d"},"breadcrumb":{"@id":"https:\/\/plasticseurope.org\/fr\/2024\/05\/03\/reaction-de-plastics-europe-aux-conclusions-de-la-4eme-session-des-negociations-dottawa-sur-le-traite-mondial-des-plastiques\/#breadcrumb"},"inLanguage":"fr-FR","potentialAction":[{"@type":"ReadAction","target":["https:\/\/plasticseurope.org\/fr\/2024\/05\/03\/reaction-de-plastics-europe-aux-conclusions-de-la-4eme-session-des-negociations-dottawa-sur-le-traite-mondial-des-plastiques\/"]}]},{"@type":"BreadcrumbList","@id":"https:\/\/plasticseurope.org\/fr\/2024\/05\/03\/reaction-de-plastics-europe-aux-conclusions-de-la-4eme-session-des-negociations-dottawa-sur-le-traite-mondial-des-plastiques\/#breadcrumb","itemListElement":[{"@type":"ListItem","position":1,"name":"Home","item":"https:\/\/plasticseurope.org\/fr\/"},{"@type":"ListItem","position":2,"name":"R\u00e9action de Plastics Europe aux conclusions de la 4eme session des n\u00e9gociations internationales (INC4) sur le Trait\u00e9 mondial des plastiques"}]},{"@type":"WebSite","@id":"https:\/\/plasticseurope.org\/fr\/#website","url":"https:\/\/plasticseurope.org\/fr\/","name":"Plastics Europe","description":"Enabling a sustainable future","potentialAction":[{"@type":"SearchAction","target":{"@type":"EntryPoint","urlTemplate":"https:\/\/plasticseurope.org\/fr\/?s={search_term_string}"},"query-input":"required name=search_term_string"}],"inLanguage":"fr-FR"},{"@type":"Person","@id":"https:\/\/plasticseurope.org\/fr\/#\/schema\/person\/6087cf1c4cdd671cab7c00ec8cd9440d","name":"christinebourget","image":{"@type":"ImageObject","inLanguage":"fr-FR","@id":"https:\/\/plasticseurope.org\/fr\/#\/schema\/person\/image\/","url":"https:\/\/secure.gravatar.com\/avatar\/a049d64c34b87ea5ede3e3f8ad0bdd5eaec149fdc4b0ce8c604c704e6d811f2e?s=96&d=mm&r=g","contentUrl":"https:\/\/secure.gravatar.com\/avatar\/a049d64c34b87ea5ede3e3f8ad0bdd5eaec149fdc4b0ce8c604c704e6d811f2e?s=96&d=mm&r=g","caption":"christinebourget"},"url":"https:\/\/plasticseurope.org\/fr\/author\/christinebourget\/"}]}},"_links":{"self":[{"href":"https:\/\/plasticseurope.org\/fr\/wp-json\/wp\/v2\/posts\/1246","targetHints":{"allow":["GET"]}}],"collection":[{"href":"https:\/\/plasticseurope.org\/fr\/wp-json\/wp\/v2\/posts"}],"about":[{"href":"https:\/\/plasticseurope.org\/fr\/wp-json\/wp\/v2\/types\/post"}],"author":[{"embeddable":true,"href":"https:\/\/plasticseurope.org\/fr\/wp-json\/wp\/v2\/users\/21"}],"replies":[{"embeddable":true,"href":"https:\/\/plasticseurope.org\/fr\/wp-json\/wp\/v2\/comments?post=1246"}],"version-history":[{"count":0,"href":"https:\/\/plasticseurope.org\/fr\/wp-json\/wp\/v2\/posts\/1246\/revisions"}],"wp:featuredmedia":[{"embeddable":true,"href":"https:\/\/plasticseurope.org\/fr\/wp-json\/wp\/v2\/media\/1048"}],"wp:attachment":[{"href":"https:\/\/plasticseurope.org\/fr\/wp-json\/wp\/v2\/media?parent=1246"}],"wp:term":[{"taxonomy":"category","embeddable":true,"href":"https:\/\/plasticseurope.org\/fr\/wp-json\/wp\/v2\/categories?post=1246"},{"taxonomy":"post_tag","embeddable":true,"href":"https:\/\/plasticseurope.org\/fr\/wp-json\/wp\/v2\/tags?post=1246"}],"curies":[{"name":"wp","href":"https:\/\/api.w.org\/{rel}","templated":true}]}}