{"id":1109,"date":"2023-10-26T10:02:21","date_gmt":"2023-10-26T10:02:21","guid":{"rendered":"https:\/\/plasticseurope.wpenginepowered.com\/fr\/?p=1109"},"modified":"2023-10-26T12:08:23","modified_gmt":"2023-10-26T12:08:23","slug":"les-producteurs-de-matieres-plastiques-sunissent-autour-dune-vision-commune-pour-redessiner-leco-systeme-europeen-des-plastiques","status":"publish","type":"post","link":"https:\/\/plasticseurope.org\/fr\/2023\/10\/26\/les-producteurs-de-matieres-plastiques-sunissent-autour-dune-vision-commune-pour-redessiner-leco-systeme-europeen-des-plastiques\/","title":{"rendered":"LES PRODUCTEURS DE MATIERES PLASTIQUES S&rsquo;UNISSENT AUTOUR D&rsquo;UNE VISION COMMUNE POUR REDESSINER L&rsquo;ECO-SYSTEME EUROPEEN DES PLASTIQUES"},"content":{"rendered":"\n<ul class=\"wp-block-list\">\n<li><strong>La feuille de route <em>The Plastics Transition<\/em> pour des plastiques circulaires et z\u00e9ro \u00e9mission nette souligne la n\u00e9cessit\u00e9 d\u2019un cadre r\u00e9glementaire qui stimule les march\u00e9s et investissements circulaires<\/strong><strong><\/strong><\/li>\n<\/ul>\n\n\n\n<ul class=\"wp-block-list\">\n<li><strong>Plastics Europe encourage la chaine de valeur \u00e0 challenger la feuille de route et \u00e0 identifier les domaines dans lesquels mieux collaborer. L\u2019association appelle la Commission Europ\u00e9enne \u00e0 un dialogue ouvert (Clean Transition Dialogue) avec l\u2019industrie des plastiques sur sa transition.<\/strong><\/li>\n<\/ul>\n\n\n\n<div style=\"height:16px\" aria-hidden=\"true\" class=\"wp-block-spacer\"><\/div>\n\n\n\n<p><strong>Paris, le 26 octobre<\/strong> Les producteurs europ\u00e9ens de mati\u00e8res plastiques se sont, d\u2019un commun accord, dot\u00e9s d\u2019une feuille de route <em>The Plastics Transition<\/em> afin d\u2019acc\u00e9l\u00e9rer la transition vers des plastiques circulaires, atteindre z\u00e9ro \u00e9mission nette au long de leur cycle de vie et am\u00e9liorer leur utilisation durable.<\/p>\n\n\n\n<p>Plastics Europe et ses membres partagent les inqui\u00e9tudes de la soci\u00e9t\u00e9 quant \u00e0 la contribution de notre industrie au changement climatique, \u00e0 la gestion des d\u00e9chets plastique et \u00e0 la s\u00fbret\u00e9 des plastiques. Les plastiques restent irrempla\u00e7ables dans nombre d\u2019applications et jouent un r\u00f4le crucial dans la transition de nombreux secteurs vers un mod\u00e8le durable et dans l\u2019am\u00e9lioration de leur comp\u00e9titivit\u00e9 en Europe. Notre vision est celle d\u2019un \u00e9cosyst\u00e8me des plastiques v\u00e9ritablement durable qui continue de r\u00e9pondre aux besoins des consommateurs et de la soci\u00e9t\u00e9, tout en accompagnant la transition de nombreuses industries aval et en demeurant un actif strat\u00e9gique de l\u2019\u00e9conomie europ\u00e9enne.<\/p>\n\n\n\n<p><strong>Virginia Janssens, Directrice g\u00e9n\u00e9rale de Plastics Europe<\/strong>, a d\u00e9clar\u00e9 : <em>\u201c Pour la premi\u00e8re fois, notre industrie est unie autour d\u2019un plan, tr\u00e8s ambitieux mais r\u00e9aliste, pour redessiner l\u2019\u00e9cosyst\u00e8me europ\u00e9en des plastiques. C\u2019est notre feuille de route The Plastics Transition. Elle est notre boussole pour les ann\u00e9es \u00e0 venir et refl\u00e8te le changement culturel profond \u00e0 l\u2019\u0153uvre dans notre industrie.&nbsp;\u00bb<\/em><br><\/p>\n\n\n\n<p>La feuille de route trace une voie pour r\u00e9duire les \u00e9missions globales de gaz \u00e0 effet de serre de l\u2019\u00e9cosyst\u00e8me des plastiques de 28&nbsp;% d\u2019ici 2030 et atteindre z\u00e9ro \u00e9mission nette d\u2019ici 2050. En parall\u00e8le, elle pr\u00e9voit que la substitution des plastiques d\u2019origine fossile sera progressive avec potentiellement 25&nbsp;% des besoins europ\u00e9ens assur\u00e9s par des plastiques circulaires en 2030 et 65&nbsp;% \u00e0 l\u2019horizon 2050. Les investissements et d\u00e9penses cumul\u00e9es suppl\u00e9mentaires pour atteindre ces ambitions sont estim\u00e9s \u00e0 235 Milliards d\u2019Euros.<\/p>\n\n\n\n<p>Elle identifie les principaux leviers et catalyseurs, et d\u00e9taille pour les producteurs de mati\u00e8res, les actions et \u00e9ch\u00e9ances imm\u00e9diates et celles \u00e0 court et moyen termes. Tout en reconnaissant que notre industrie doit en faire plus pour acc\u00e9l\u00e9rer ce changement de syst\u00e8me, la feuille de route souligne que par nature, la circularit\u00e9 concerne toute la chaine de valeur. Le document contient ainsi une s\u00e9rie de recommandations \u00e0 l\u2019attention des pouvoirs publics et des partenaires de la chaine de valeur, \u00e0 concr\u00e9tiser entre maintenant et 2030.<\/p>\n\n\n\n<p><strong>Virginia Janssens, Directrice g\u00e9n\u00e9rale de Plastics Europe<\/strong>, a \u00e9galement d\u00e9clar\u00e9 : <em>\u00ab&nbsp;Pour r\u00e9ussir, nous avons besoin d\u2019un soutien politique clair, d\u2019une collaboration effective et de mesures fortes. Les d\u00e9cisions qui seront adopt\u00e9es dans les toutes prochaines ann\u00e9es diront si et \u00e0 quelle vitesse nous satisferons aux ambitions de cette feuille de route. Nous avons, de toute urgence, besoin d\u2019une politique incitative et d\u2019un cadre r\u00e9glementaire qui favorisent les march\u00e9s circulaires et les investissements industriels en Europe plut\u00f4t que de freiner la transition du secteur. Nous disposons d\u2019un temps tr\u00e8s court pour prendre ces d\u00e9cisions d\u00e9terminantes.&nbsp;\u00bb<\/em><\/p>\n\n\n\n<p>La feuille de route pointe la n\u00e9cessit\u00e9 de d\u00e9velopper un syst\u00e8me europ\u00e9en de gestion des d\u00e9chets adapt\u00e9 \u00e0 une \u00e9conomie circulaire et z\u00e9ro \u00e9mission nette, de convenir d\u2019objectifs minimaux d\u2019int\u00e9gration de recycl\u00e9 dans des applications cl\u00e9s afin de cr\u00e9er un march\u00e9 qui tire la demande pour les plastiques circulaires et de dynamiser les investissements industriels dans, par exemple, les infrastructures de recyclage chimique n\u00e9cessaires. Les pouvoirs publics devront \u00e9galement faire en sorte que durant sa transition, la fili\u00e8re europ\u00e9enne des plastiques reste comp\u00e9titive au niveau international.<\/p>\n\n\n\n<p><strong>Marco ten Bruggencate, Pr\u00e9sident de Plastics Europe et EMEA Commercial Vice-Pr\u00e9sident Packaging and Specialty Plastics de Dow<\/strong> a ajout\u00e9 <strong><em>: <\/em><\/strong><em>\u00ab&nbsp;Nous sommes enthousiasm\u00e9s par l\u2019opportunit\u00e9 que nous offre le Pacte vert de cr\u00e9er une industrie des plastiques florissante et comp\u00e9titive qui nous permette d\u2019investir et d\u2019innover davantage dans la circularit\u00e9 et la d\u00e9carbonation. Toutefois, cette transition ne sera possible que si des mesures sont prises pour prot\u00e9ger la comp\u00e9titivit\u00e9 de notre industrie et \u00e9viter que l\u2019activit\u00e9 industrielle et les investissements ne se d\u00e9placent hors d\u2019Europe. Sans quoi l\u2019Europe va devenir de plus en plus d\u00e9pendante d\u2019importations de mati\u00e8res plastiques qui ne r\u00e9pondent pas n\u00e9cessairement \u00e0 ses crit\u00e8res de durabilit\u00e9.&nbsp;\u00bb<\/em><\/p>\n\n\n\n<p>Pour Plastics Europe, cette feuille de route contribuera en grande partie \u00e0 structurer et \u00e0 alimenter le dialogue et la collaboration avec les d\u00e9cideurs publics et la chaine de valeur. Relevant d\u2019un processus dynamique, elle sera actualis\u00e9e au fur et \u00e0 mesure, en fonction des perspectives et changements affectant notre environnement industriel, du caract\u00e8re favorable du cadre r\u00e9glementaire, de la contribution de la cha\u00eene de valeur autant que des progr\u00e8s du secteur.<\/p>\n\n\n\n<p><strong>Rob Ingram, Plastics Europe Steering Board Roadmap Task Force Lead<\/strong> <strong>et CEO, INEOS Olefins &amp; Polymers Europe<\/strong> a conclu : <em>\u00ab&nbsp;L\u2019\u00e9cosyst\u00e8me europ\u00e9en des plastiques est trop important, complexe et interconnect\u00e9 pour qu\u2019une de ses composantes r\u00e9ussisse \u00e0 elle seule, \u00e0 le rendre circulaire et z\u00e9ro \u00e9mission nette. Nous devons trouver les moyens de mieux \u00e9couter, \u00e9changer et intensifier nos collaborations. La feuille de route doit \u00eatre vue comme une invitation \u00e0 challenger nos raisonnements et \u00e0 identifier les domaines o\u00f9 nous pouvons conjuguer nos efforts et progresser plus vite ensemble. Pour encourager cette collaboration, Plastics Europe appelle la Commission europ\u00e9enne \u00e0 instaurer un dialogue ouvert (Clean Transition Dialogue) avec l\u2019industrie des plastiques sur sa transition.&nbsp;\u00bb<br><\/em><\/p>\n\n\n\n<p><strong>Plus d\u2019information sur la feuille de route <em>The Plastics Transition<\/em> pour des plastiques circulaires et z\u00e9ro \u00e9mission nette\u00a0:<\/strong><\/p>\n\n\n\n<div class=\"wp-block-buttons is-layout-flex wp-block-buttons-is-layout-flex\">\n<div class=\"wp-block-button\"><a class=\"wp-block-button__link wp-element-button\" href=\"https:\/\/plasticseurope.org\/changingplasticsforgood\/the-plastics-transition\/\"><strong>The Plastics Transition \u2022 Plastics Europe<\/strong><\/a><\/div>\n<\/div>\n\n\n\n<p><\/p>\n\n\n\n<p>La feuille de route <em>The Plastics Transition<\/em> fournit un cadre, des jalons jusqu\u2019en 2030, ainsi que des indicateurs. Ces derniers permettront de suivre son d\u00e9ploiement, d\u2019identifier les points de blocage et de trouver des solutions pour continuer \u00e0 avancer.<\/p>\n\n\n\n<p>Sur la base des r\u00e9sultats agr\u00e9g\u00e9s d\u2019une enqu\u00eate aupr\u00e8s des membres de Plastics Europe, les progr\u00e8s de l\u2019industrie seront \u00e9valu\u00e9s selon ces indicateurs de circularit\u00e9 et d\u2019\u00e9missions de gaz \u00e0 effet de serre (GES) et communiqu\u00e9s en toute transparence. Ils permettront de suivre les avanc\u00e9es, mais aussi de relever les obstacles ou facteurs d\u2019acc\u00e9l\u00e9ration, ceci tous les deux ans.<\/p>\n\n\n\n<p>La feuille de route <em>The plastics transition<\/em> fait \u00e9cho au rapport ind\u00e9pendant <em>ReShaping Plastics: Pathways to a Circular, Climate Neutral Plastics System in Europe<\/em> commandit\u00e9 par Plastics Europe en 2021 et qui a \u00e9tabli les bases des diff\u00e9rentes voies potentielles d\u2019atteindre les objectifs de z\u00e9ro \u00e9mission nette et de circularit\u00e9 de l\u2019Union europ\u00e9enne \u00e0 l\u2019horizon 2050.<\/p>\n\n\n\n<p>Dans son discours sur l\u2019Etat de l\u2019Union du 10 octobre, la Pr\u00e9sidente de la Commission Ursula von der Leyen a soulign\u00e9 la n\u00e9cessit\u00e9 d\u2019accompagner l\u2019industrie europ\u00e9enne durant sa transition. Elle a pr\u00e9cis\u00e9 que la Commission \u00e9tait en train d\u2019\u00e9valuer les risques et besoins que cette transition g\u00e9n\u00e8re pour chaque \u00e9cosyst\u00e8me industriel et qu\u2019elle devrait d\u00e9velopper une approche propre \u00e0 chacun.&nbsp; Dans le cadre de ce processus, la Commission va organiser une s\u00e9rie d\u2019\u00e9changes avec l\u2019industrie (appel\u00e9s Clean Transition Dialogues) dont le principal objectif est d\u2019accompagner chaque secteur dans l\u2019\u00e9laboration de son business mod\u00e8le pour la d\u00e9carbonation de l\u2019industrie.<\/p>\n\n\n\n<p>Plastics Europe demande \u00e0 la Commission d\u2019engager au plus vite un dialogue de ce type (Clean Transition Dialogue) avec l\u2019industrie des plastiques&nbsp;; \u00e0 l\u2019agenda, les facteurs d\u2019acc\u00e9l\u00e9ration, investissements et obstacles pour aboutir \u00e0 un \u00e9cosyst\u00e8me europ\u00e9en des plastiques circulaire, z\u00e9ro \u00e9mission nette et durable et la reconnaissance du r\u00f4le strat\u00e9gique de notre industrie dans l\u2019atteinte les objectifs de l\u2019Europe en mati\u00e8re de transition \u00e9cologique.<\/p>\n\n\n\n<div class=\"wp-block-buttons is-layout-flex wp-block-buttons-is-layout-flex\"><\/div>\n\n\n\n<div style=\"height:48px\" aria-hidden=\"true\" class=\"wp-block-spacer\"><\/div>\n\n\n\n<div data-wp-interactive=\"core\/file\" class=\"wp-block-file\"><object data-wp-bind--hidden=\"!state.hasPdfPreview\" hidden class=\"wp-block-file__embed\" data=\"https:\/\/plasticseurope.org\/fr\/wp-content\/uploads\/sites\/2\/2023\/10\/CP-Feuille-de-route-26-10-23.pdf\" type=\"application\/pdf\" style=\"width:100%;height:600px\" aria-label=\"Contenu embarqu\u00e9 CP-Feuille-de-route-26-10-23.\"><\/object><a id=\"wp-block-file--media-b25071ea-5bdd-4153-9ebe-4d0580276fb5\" href=\"https:\/\/plasticseurope.org\/fr\/wp-content\/uploads\/sites\/2\/2023\/10\/CP-Feuille-de-route-26-10-23.pdf\">CP-Feuille-de-route-26-10-23<\/a><a href=\"https:\/\/plasticseurope.org\/fr\/wp-content\/uploads\/sites\/2\/2023\/10\/CP-Feuille-de-route-26-10-23.pdf\" class=\"wp-block-file__button wp-element-button\" download aria-describedby=\"wp-block-file--media-b25071ea-5bdd-4153-9ebe-4d0580276fb5\">T\u00e9l\u00e9charger<\/a><\/div>\n\n\n\n<p><\/p>\n\n\n","protected":false},"excerpt":{"rendered":"<p>Paris, le 26 octobre Les producteurs europ\u00e9ens de mati\u00e8res plastiques se sont, d\u2019un commun accord, dot\u00e9s d\u2019une feuille de route\u2026<\/p>\n","protected":false},"author":12,"featured_media":1108,"comment_status":"open","ping_status":"open","sticky":false,"template":"","format":"standard","meta":{"footnotes":""},"categories":[7],"tags":[],"class_list":["post-1109","post","type-post","status-publish","format-standard","has-post-thumbnail","hentry","category-communiques-de-presse"],"acf":[],"yoast_head":"<!-- This site is optimized with the Yoast SEO plugin v21.6 - https:\/\/yoast.com\/wordpress\/plugins\/seo\/ -->\n<title>LES PRODUCTEURS DE MATIERES PLASTIQUES S&#039;UNISSENT AUTOUR D&#039;UNE VISION COMMUNE POUR REDESSINER L&#039;ECO-SYSTEME EUROPEEN DES PLASTIQUES - Plastics Europe<\/title>\n<meta name=\"robots\" content=\"index, follow, max-snippet:-1, max-image-preview:large, max-video-preview:-1\" \/>\n<link rel=\"canonical\" href=\"https:\/\/plasticseurope.org\/fr\/2023\/10\/26\/les-producteurs-de-matieres-plastiques-sunissent-autour-dune-vision-commune-pour-redessiner-leco-systeme-europeen-des-plastiques\/\" \/>\n<meta property=\"og:locale\" content=\"fr_FR\" \/>\n<meta property=\"og:type\" content=\"article\" \/>\n<meta property=\"og:title\" content=\"LES PRODUCTEURS DE MATIERES PLASTIQUES S&#039;UNISSENT AUTOUR D&#039;UNE VISION COMMUNE POUR REDESSINER L&#039;ECO-SYSTEME EUROPEEN DES PLASTIQUES - Plastics Europe\" \/>\n<meta property=\"og:description\" content=\"Paris, le 26 octobre Les producteurs europ\u00e9ens de mati\u00e8res plastiques se sont, d\u2019un commun accord, dot\u00e9s d\u2019une feuille de route\u2026\" \/>\n<meta property=\"og:url\" content=\"https:\/\/plasticseurope.org\/fr\/2023\/10\/26\/les-producteurs-de-matieres-plastiques-sunissent-autour-dune-vision-commune-pour-redessiner-leco-systeme-europeen-des-plastiques\/\" \/>\n<meta property=\"og:site_name\" content=\"Plastics Europe\" \/>\n<meta property=\"article:published_time\" content=\"2023-10-26T10:02:21+00:00\" \/>\n<meta property=\"article:modified_time\" content=\"2023-10-26T12:08:23+00:00\" \/>\n<meta property=\"og:image\" content=\"https:\/\/plasticseurope.org\/fr\/wp-content\/uploads\/sites\/2\/2023\/10\/the-plastics-transition-1024x574-1.jpg\" \/>\n\t<meta property=\"og:image:width\" content=\"1024\" \/>\n\t<meta property=\"og:image:height\" content=\"574\" \/>\n\t<meta property=\"og:image:type\" content=\"image\/jpeg\" \/>\n<meta name=\"author\" content=\"carolepawlowski\" \/>\n<meta name=\"twitter:card\" content=\"summary_large_image\" \/>\n<meta name=\"twitter:label1\" content=\"\u00c9crit par\" \/>\n\t<meta name=\"twitter:data1\" content=\"carolepawlowski\" \/>\n\t<meta name=\"twitter:label2\" content=\"Dur\u00e9e de lecture estim\u00e9e\" \/>\n\t<meta name=\"twitter:data2\" content=\"7 minutes\" \/>\n<script type=\"application\/ld+json\" class=\"yoast-schema-graph\">{\"@context\":\"https:\/\/schema.org\",\"@graph\":[{\"@type\":\"WebPage\",\"@id\":\"https:\/\/plasticseurope.org\/fr\/2023\/10\/26\/les-producteurs-de-matieres-plastiques-sunissent-autour-dune-vision-commune-pour-redessiner-leco-systeme-europeen-des-plastiques\/\",\"url\":\"https:\/\/plasticseurope.org\/fr\/2023\/10\/26\/les-producteurs-de-matieres-plastiques-sunissent-autour-dune-vision-commune-pour-redessiner-leco-systeme-europeen-des-plastiques\/\",\"name\":\"LES PRODUCTEURS DE MATIERES PLASTIQUES S'UNISSENT AUTOUR D'UNE VISION COMMUNE POUR REDESSINER L'ECO-SYSTEME EUROPEEN DES PLASTIQUES - Plastics Europe\",\"isPartOf\":{\"@id\":\"https:\/\/plasticseurope.org\/fr\/#website\"},\"datePublished\":\"2023-10-26T10:02:21+00:00\",\"dateModified\":\"2023-10-26T12:08:23+00:00\",\"author\":{\"@id\":\"https:\/\/plasticseurope.org\/fr\/#\/schema\/person\/53fc9a81416d0a4aecccfaa77112a628\"},\"breadcrumb\":{\"@id\":\"https:\/\/plasticseurope.org\/fr\/2023\/10\/26\/les-producteurs-de-matieres-plastiques-sunissent-autour-dune-vision-commune-pour-redessiner-leco-systeme-europeen-des-plastiques\/#breadcrumb\"},\"inLanguage\":\"fr-FR\",\"potentialAction\":[{\"@type\":\"ReadAction\",\"target\":[\"https:\/\/plasticseurope.org\/fr\/2023\/10\/26\/les-producteurs-de-matieres-plastiques-sunissent-autour-dune-vision-commune-pour-redessiner-leco-systeme-europeen-des-plastiques\/\"]}]},{\"@type\":\"BreadcrumbList\",\"@id\":\"https:\/\/plasticseurope.org\/fr\/2023\/10\/26\/les-producteurs-de-matieres-plastiques-sunissent-autour-dune-vision-commune-pour-redessiner-leco-systeme-europeen-des-plastiques\/#breadcrumb\",\"itemListElement\":[{\"@type\":\"ListItem\",\"position\":1,\"name\":\"Home\",\"item\":\"https:\/\/plasticseurope.org\/fr\/\"},{\"@type\":\"ListItem\",\"position\":2,\"name\":\"LES PRODUCTEURS DE MATIERES PLASTIQUES S&rsquo;UNISSENT AUTOUR D&rsquo;UNE VISION COMMUNE POUR REDESSINER L&rsquo;ECO-SYSTEME EUROPEEN DES PLASTIQUES\"}]},{\"@type\":\"WebSite\",\"@id\":\"https:\/\/plasticseurope.org\/fr\/#website\",\"url\":\"https:\/\/plasticseurope.org\/fr\/\",\"name\":\"Plastics Europe\",\"description\":\"Enabling a sustainable future\",\"potentialAction\":[{\"@type\":\"SearchAction\",\"target\":{\"@type\":\"EntryPoint\",\"urlTemplate\":\"https:\/\/plasticseurope.org\/fr\/?s={search_term_string}\"},\"query-input\":\"required name=search_term_string\"}],\"inLanguage\":\"fr-FR\"},{\"@type\":\"Person\",\"@id\":\"https:\/\/plasticseurope.org\/fr\/#\/schema\/person\/53fc9a81416d0a4aecccfaa77112a628\",\"name\":\"carolepawlowski\",\"image\":{\"@type\":\"ImageObject\",\"inLanguage\":\"fr-FR\",\"@id\":\"https:\/\/plasticseurope.org\/fr\/#\/schema\/person\/image\/\",\"url\":\"https:\/\/secure.gravatar.com\/avatar\/cfae03540d121efbc0cffb78ce1e05dac45eed6f373f452b8034b465bb3e3164?s=96&d=mm&r=g\",\"contentUrl\":\"https:\/\/secure.gravatar.com\/avatar\/cfae03540d121efbc0cffb78ce1e05dac45eed6f373f452b8034b465bb3e3164?s=96&d=mm&r=g\",\"caption\":\"carolepawlowski\"},\"url\":\"https:\/\/plasticseurope.org\/fr\/author\/carolepawlowski\/\"}]}<\/script>\n<!-- \/ Yoast SEO plugin. -->","yoast_head_json":{"title":"LES PRODUCTEURS DE MATIERES PLASTIQUES S'UNISSENT AUTOUR D'UNE VISION COMMUNE POUR REDESSINER L'ECO-SYSTEME EUROPEEN DES PLASTIQUES - Plastics Europe","robots":{"index":"index","follow":"follow","max-snippet":"max-snippet:-1","max-image-preview":"max-image-preview:large","max-video-preview":"max-video-preview:-1"},"canonical":"https:\/\/plasticseurope.org\/fr\/2023\/10\/26\/les-producteurs-de-matieres-plastiques-sunissent-autour-dune-vision-commune-pour-redessiner-leco-systeme-europeen-des-plastiques\/","og_locale":"fr_FR","og_type":"article","og_title":"LES PRODUCTEURS DE MATIERES PLASTIQUES S'UNISSENT AUTOUR D'UNE VISION COMMUNE POUR REDESSINER L'ECO-SYSTEME EUROPEEN DES PLASTIQUES - Plastics Europe","og_description":"Paris, le 26 octobre Les producteurs europ\u00e9ens de mati\u00e8res plastiques se sont, d\u2019un commun accord, dot\u00e9s d\u2019une feuille de route\u2026","og_url":"https:\/\/plasticseurope.org\/fr\/2023\/10\/26\/les-producteurs-de-matieres-plastiques-sunissent-autour-dune-vision-commune-pour-redessiner-leco-systeme-europeen-des-plastiques\/","og_site_name":"Plastics Europe","article_published_time":"2023-10-26T10:02:21+00:00","article_modified_time":"2023-10-26T12:08:23+00:00","og_image":[{"width":1024,"height":574,"url":"https:\/\/plasticseurope.org\/fr\/wp-content\/uploads\/sites\/2\/2023\/10\/the-plastics-transition-1024x574-1.jpg","type":"image\/jpeg"}],"author":"carolepawlowski","twitter_card":"summary_large_image","twitter_misc":{"\u00c9crit par":"carolepawlowski","Dur\u00e9e de lecture estim\u00e9e":"7 minutes"},"schema":{"@context":"https:\/\/schema.org","@graph":[{"@type":"WebPage","@id":"https:\/\/plasticseurope.org\/fr\/2023\/10\/26\/les-producteurs-de-matieres-plastiques-sunissent-autour-dune-vision-commune-pour-redessiner-leco-systeme-europeen-des-plastiques\/","url":"https:\/\/plasticseurope.org\/fr\/2023\/10\/26\/les-producteurs-de-matieres-plastiques-sunissent-autour-dune-vision-commune-pour-redessiner-leco-systeme-europeen-des-plastiques\/","name":"LES PRODUCTEURS DE MATIERES PLASTIQUES S'UNISSENT AUTOUR D'UNE VISION COMMUNE POUR REDESSINER L'ECO-SYSTEME EUROPEEN DES PLASTIQUES - Plastics Europe","isPartOf":{"@id":"https:\/\/plasticseurope.org\/fr\/#website"},"datePublished":"2023-10-26T10:02:21+00:00","dateModified":"2023-10-26T12:08:23+00:00","author":{"@id":"https:\/\/plasticseurope.org\/fr\/#\/schema\/person\/53fc9a81416d0a4aecccfaa77112a628"},"breadcrumb":{"@id":"https:\/\/plasticseurope.org\/fr\/2023\/10\/26\/les-producteurs-de-matieres-plastiques-sunissent-autour-dune-vision-commune-pour-redessiner-leco-systeme-europeen-des-plastiques\/#breadcrumb"},"inLanguage":"fr-FR","potentialAction":[{"@type":"ReadAction","target":["https:\/\/plasticseurope.org\/fr\/2023\/10\/26\/les-producteurs-de-matieres-plastiques-sunissent-autour-dune-vision-commune-pour-redessiner-leco-systeme-europeen-des-plastiques\/"]}]},{"@type":"BreadcrumbList","@id":"https:\/\/plasticseurope.org\/fr\/2023\/10\/26\/les-producteurs-de-matieres-plastiques-sunissent-autour-dune-vision-commune-pour-redessiner-leco-systeme-europeen-des-plastiques\/#breadcrumb","itemListElement":[{"@type":"ListItem","position":1,"name":"Home","item":"https:\/\/plasticseurope.org\/fr\/"},{"@type":"ListItem","position":2,"name":"LES PRODUCTEURS DE MATIERES PLASTIQUES S&rsquo;UNISSENT AUTOUR D&rsquo;UNE VISION COMMUNE POUR REDESSINER L&rsquo;ECO-SYSTEME EUROPEEN DES PLASTIQUES"}]},{"@type":"WebSite","@id":"https:\/\/plasticseurope.org\/fr\/#website","url":"https:\/\/plasticseurope.org\/fr\/","name":"Plastics Europe","description":"Enabling a sustainable future","potentialAction":[{"@type":"SearchAction","target":{"@type":"EntryPoint","urlTemplate":"https:\/\/plasticseurope.org\/fr\/?s={search_term_string}"},"query-input":"required name=search_term_string"}],"inLanguage":"fr-FR"},{"@type":"Person","@id":"https:\/\/plasticseurope.org\/fr\/#\/schema\/person\/53fc9a81416d0a4aecccfaa77112a628","name":"carolepawlowski","image":{"@type":"ImageObject","inLanguage":"fr-FR","@id":"https:\/\/plasticseurope.org\/fr\/#\/schema\/person\/image\/","url":"https:\/\/secure.gravatar.com\/avatar\/cfae03540d121efbc0cffb78ce1e05dac45eed6f373f452b8034b465bb3e3164?s=96&d=mm&r=g","contentUrl":"https:\/\/secure.gravatar.com\/avatar\/cfae03540d121efbc0cffb78ce1e05dac45eed6f373f452b8034b465bb3e3164?s=96&d=mm&r=g","caption":"carolepawlowski"},"url":"https:\/\/plasticseurope.org\/fr\/author\/carolepawlowski\/"}]}},"_links":{"self":[{"href":"https:\/\/plasticseurope.org\/fr\/wp-json\/wp\/v2\/posts\/1109","targetHints":{"allow":["GET"]}}],"collection":[{"href":"https:\/\/plasticseurope.org\/fr\/wp-json\/wp\/v2\/posts"}],"about":[{"href":"https:\/\/plasticseurope.org\/fr\/wp-json\/wp\/v2\/types\/post"}],"author":[{"embeddable":true,"href":"https:\/\/plasticseurope.org\/fr\/wp-json\/wp\/v2\/users\/12"}],"replies":[{"embeddable":true,"href":"https:\/\/plasticseurope.org\/fr\/wp-json\/wp\/v2\/comments?post=1109"}],"version-history":[{"count":0,"href":"https:\/\/plasticseurope.org\/fr\/wp-json\/wp\/v2\/posts\/1109\/revisions"}],"wp:featuredmedia":[{"embeddable":true,"href":"https:\/\/plasticseurope.org\/fr\/wp-json\/wp\/v2\/media\/1108"}],"wp:attachment":[{"href":"https:\/\/plasticseurope.org\/fr\/wp-json\/wp\/v2\/media?parent=1109"}],"wp:term":[{"taxonomy":"category","embeddable":true,"href":"https:\/\/plasticseurope.org\/fr\/wp-json\/wp\/v2\/categories?post=1109"},{"taxonomy":"post_tag","embeddable":true,"href":"https:\/\/plasticseurope.org\/fr\/wp-json\/wp\/v2\/tags?post=1109"}],"curies":[{"name":"wp","href":"https:\/\/api.w.org\/{rel}","templated":true}]}}