{"id":749,"date":"2022-03-18T12:24:09","date_gmt":"2022-03-18T12:24:09","guid":{"rendered":"https:\/\/plasticseurope.wpenginepowered.com\/es\/?p=749"},"modified":"2022-03-18T12:32:26","modified_gmt":"2022-03-18T12:32:26","slug":"ayudame3d-y-plastics-europe-ponen-en-marcha-el-proyecto-secondchances-para-personas-con-discapacidad","status":"publish","type":"post","link":"https:\/\/plasticseurope.org\/es\/ayudame3d-y-plastics-europe-ponen-en-marcha-el-proyecto-secondchances-para-personas-con-discapacidad\/","title":{"rendered":"\u00a0Ay\u00fadame3D y Plastics Europe ponen en marcha el proyecto #SecondChances para personas con discapacidad"},"content":{"rendered":"\n<p class=\"has-large-font-size\">Las alianzas para lograr objetivos son fundamentales a la hora de construir un mundo m\u00e1s justo e igual. As\u00ed lo marca la Agenda 2030 y as\u00ed lo demuestran colaboraciones como \u00e9sta entre Ay\u00fadame3D y Plastics Europe.<\/p>\n\n\n\n<div style=\"height:16px\" aria-hidden=\"true\" class=\"wp-block-spacer\"><\/div>\n\n\n\n<p>Gracias a esta acci\u00f3n en conjunto se van a entregar 10 tr\u00e9sdesis, brazos impresos en 3D, a personas con discapacidad de distintos lugares del mundo. Otro uso en positivo de los pl\u00e1sticos. Desde Ay\u00fadame3D se utiliza de forma consciente: el PLA con el que se fabrican muchas tr\u00e9sdesis es recuperado y proviene de recursos vegetales como el almid\u00f3n de ma\u00edz.<br><br>La campa\u00f1a SecondChances by Plastics Europe x Ay\u00fadame3D trata de visibilizar la importancia de unir fuerzas para mejorar la vida de las personas y demostrar que la tecnolog\u00eda tiene valor social y puede cambiar vidas.&nbsp;<\/p>\n\n\n\n<p>Gracias a esta colaboraci\u00f3n,&nbsp; 10 personas de diferentes partes del mundo van a poder tener una mejor calidad de vida y empleabilidad. Adem\u00e1s se va a reducir la desigualdad a la que se enfrentan en su d\u00eda a d\u00eda. Una tr\u00e9sdesis supone una segunda oportunidad para la persona que las recibe y una inmensa ayuda para el correcto desarrollo de su rutina diaria.&nbsp;<\/p>\n\n\n\n<p>Mahjoub es un chico de Marruecos que ha recibido ya sus dos tr\u00e9sdesis gracias a esta colaboraci\u00f3n. Esta ayuda va a permitir que alcance una mayor independencia, que su d\u00eda a d\u00eda y su rutina sean m\u00e1s sencillas y en definitiva, va a suponer una segunda oportunidad adem\u00e1s de mejorar exponencialmente su calidad de vida.&nbsp;<\/p>\n\n\n\n<p>La entrega fue especialmente emocionante ya que se realiz\u00f3 en el d\u00eda de su cumplea\u00f1os. Mahjoub es la primera persona en recibir las tr\u00e9sdesis apadrinadas por Plastics Europe dentro de la campa\u00f1a SecondChances. Si hay algo que nos ense\u00f1an historias como esta, es que realmente <strong>ayudar es demasiado f\u00e1cil como para no hacerlo<\/strong>.<\/p>\n\n\n\n<p><\/p>\n\n\n\n<p><\/p>\n\n\n\n<div style=\"height:48px\" aria-hidden=\"true\" class=\"wp-block-spacer\"><\/div>\n\n\n\n<div class=\"wp-block-image\"><figure class=\"alignleft size-full is-resized\"><img decoding=\"async\" src=\"https:\/\/plasticseurope.org\/es\/wp-content\/uploads\/sites\/4\/2022\/03\/Mahjoub-entrega.jpg\" alt=\"\" class=\"wp-image-750\" width=\"438\" srcset=\"https:\/\/plasticseurope.org\/es\/wp-content\/uploads\/sites\/4\/2022\/03\/Mahjoub-entrega.jpg 597w, https:\/\/plasticseurope.org\/es\/wp-content\/uploads\/sites\/4\/2022\/03\/Mahjoub-entrega-225x300.jpg 225w\" sizes=\"(max-width: 597px) 100vw, 597px\" \/><\/figure><\/div>\n","protected":false},"excerpt":{"rendered":"<p>Las alianzas para lograr objetivos son fundamentales a la hora de construir un mundo m\u00e1s justo e igual. As\u00ed lo\u2026<\/p>\n","protected":false},"author":10,"featured_media":762,"comment_status":"open","ping_status":"open","sticky":false,"template":"","format":"standard","meta":{"footnotes":""},"categories":[7],"tags":[],"class_list":["post-749","post","type-post","status-publish","format-standard","has-post-thumbnail","hentry","category-noticias"],"acf":[],"yoast_head":"<!-- This site is optimized with the Yoast SEO plugin v21.6 - https:\/\/yoast.com\/wordpress\/plugins\/seo\/ -->\n<title>\u00a0Ay\u00fadame3D y Plastics Europe ponen en marcha el proyecto #SecondChances para personas con discapacidad - Plastics Europe ES<\/title>\n<meta name=\"robots\" content=\"index, follow, max-snippet:-1, max-image-preview:large, max-video-preview:-1\" \/>\n<link rel=\"canonical\" href=\"https:\/\/plasticseurope.org\/es\/ayudame3d-y-plastics-europe-ponen-en-marcha-el-proyecto-secondchances-para-personas-con-discapacidad\/\" \/>\n<meta property=\"og:locale\" content=\"es_ES\" \/>\n<meta property=\"og:type\" content=\"article\" \/>\n<meta property=\"og:title\" content=\"\u00a0Ay\u00fadame3D y Plastics Europe ponen en marcha el proyecto #SecondChances para personas con discapacidad - Plastics Europe ES\" \/>\n<meta property=\"og:description\" content=\"Las alianzas para lograr objetivos son fundamentales a la hora de construir un mundo m\u00e1s justo e igual. As\u00ed lo\u2026\" \/>\n<meta property=\"og:url\" content=\"https:\/\/plasticseurope.org\/es\/ayudame3d-y-plastics-europe-ponen-en-marcha-el-proyecto-secondchances-para-personas-con-discapacidad\/\" \/>\n<meta property=\"og:site_name\" content=\"Plastics Europe ES\" \/>\n<meta property=\"article:published_time\" content=\"2022-03-18T12:24:09+00:00\" \/>\n<meta property=\"article:modified_time\" content=\"2022-03-18T12:32:26+00:00\" \/>\n<meta property=\"og:image\" content=\"https:\/\/plasticseurope.org\/es\/wp-content\/uploads\/sites\/4\/2022\/03\/Tresdesis.jpg\" \/>\n\t<meta property=\"og:image:width\" content=\"1600\" \/>\n\t<meta property=\"og:image:height\" content=\"1200\" \/>\n\t<meta property=\"og:image:type\" content=\"image\/jpeg\" \/>\n<meta name=\"author\" content=\"lolaruiz\" \/>\n<meta name=\"twitter:card\" content=\"summary_large_image\" \/>\n<meta name=\"twitter:label1\" content=\"Escrito por\" \/>\n\t<meta name=\"twitter:data1\" content=\"lolaruiz\" \/>\n\t<meta name=\"twitter:label2\" content=\"Tiempo de lectura\" \/>\n\t<meta name=\"twitter:data2\" content=\"2 minutos\" \/>\n<script type=\"application\/ld+json\" class=\"yoast-schema-graph\">{\"@context\":\"https:\/\/schema.org\",\"@graph\":[{\"@type\":\"WebPage\",\"@id\":\"https:\/\/plasticseurope.org\/es\/ayudame3d-y-plastics-europe-ponen-en-marcha-el-proyecto-secondchances-para-personas-con-discapacidad\/\",\"url\":\"https:\/\/plasticseurope.org\/es\/ayudame3d-y-plastics-europe-ponen-en-marcha-el-proyecto-secondchances-para-personas-con-discapacidad\/\",\"name\":\"\u00a0Ay\u00fadame3D y Plastics Europe ponen en marcha el proyecto #SecondChances para personas con discapacidad - Plastics Europe ES\",\"isPartOf\":{\"@id\":\"https:\/\/plasticseurope.org\/es\/#website\"},\"datePublished\":\"2022-03-18T12:24:09+00:00\",\"dateModified\":\"2022-03-18T12:32:26+00:00\",\"author\":{\"@id\":\"https:\/\/plasticseurope.org\/es\/#\/schema\/person\/986e4350a19b391e62efd1023cdb3216\"},\"breadcrumb\":{\"@id\":\"https:\/\/plasticseurope.org\/es\/ayudame3d-y-plastics-europe-ponen-en-marcha-el-proyecto-secondchances-para-personas-con-discapacidad\/#breadcrumb\"},\"inLanguage\":\"es\",\"potentialAction\":[{\"@type\":\"ReadAction\",\"target\":[\"https:\/\/plasticseurope.org\/es\/ayudame3d-y-plastics-europe-ponen-en-marcha-el-proyecto-secondchances-para-personas-con-discapacidad\/\"]}]},{\"@type\":\"BreadcrumbList\",\"@id\":\"https:\/\/plasticseurope.org\/es\/ayudame3d-y-plastics-europe-ponen-en-marcha-el-proyecto-secondchances-para-personas-con-discapacidad\/#breadcrumb\",\"itemListElement\":[{\"@type\":\"ListItem\",\"position\":1,\"name\":\"Home\",\"item\":\"https:\/\/plasticseurope.org\/es\/\"},{\"@type\":\"ListItem\",\"position\":2,\"name\":\"\u00a0Ay\u00fadame3D y Plastics Europe ponen en marcha el proyecto #SecondChances para personas con discapacidad\"}]},{\"@type\":\"WebSite\",\"@id\":\"https:\/\/plasticseurope.org\/es\/#website\",\"url\":\"https:\/\/plasticseurope.org\/es\/\",\"name\":\"Plastics Europe ES\",\"description\":\"Enabling a sustainable future\",\"potentialAction\":[{\"@type\":\"SearchAction\",\"target\":{\"@type\":\"EntryPoint\",\"urlTemplate\":\"https:\/\/plasticseurope.org\/es\/?s={search_term_string}\"},\"query-input\":\"required name=search_term_string\"}],\"inLanguage\":\"es\"},{\"@type\":\"Person\",\"@id\":\"https:\/\/plasticseurope.org\/es\/#\/schema\/person\/986e4350a19b391e62efd1023cdb3216\",\"name\":\"lolaruiz\",\"image\":{\"@type\":\"ImageObject\",\"inLanguage\":\"es\",\"@id\":\"https:\/\/plasticseurope.org\/es\/#\/schema\/person\/image\/\",\"url\":\"https:\/\/secure.gravatar.com\/avatar\/49f6c92194e53f1945eb32315ea65a7257ffbce43813237eda54559f2c10b72c?s=96&d=mm&r=g\",\"contentUrl\":\"https:\/\/secure.gravatar.com\/avatar\/49f6c92194e53f1945eb32315ea65a7257ffbce43813237eda54559f2c10b72c?s=96&d=mm&r=g\",\"caption\":\"lolaruiz\"},\"url\":\"https:\/\/plasticseurope.org\/es\/author\/lolaruiz\/\"}]}<\/script>\n<!-- \/ Yoast SEO plugin. -->","yoast_head_json":{"title":"\u00a0Ay\u00fadame3D y Plastics Europe ponen en marcha el proyecto #SecondChances para personas con discapacidad - Plastics Europe ES","robots":{"index":"index","follow":"follow","max-snippet":"max-snippet:-1","max-image-preview":"max-image-preview:large","max-video-preview":"max-video-preview:-1"},"canonical":"https:\/\/plasticseurope.org\/es\/ayudame3d-y-plastics-europe-ponen-en-marcha-el-proyecto-secondchances-para-personas-con-discapacidad\/","og_locale":"es_ES","og_type":"article","og_title":"\u00a0Ay\u00fadame3D y Plastics Europe ponen en marcha el proyecto #SecondChances para personas con discapacidad - Plastics Europe ES","og_description":"Las alianzas para lograr objetivos son fundamentales a la hora de construir un mundo m\u00e1s justo e igual. As\u00ed lo\u2026","og_url":"https:\/\/plasticseurope.org\/es\/ayudame3d-y-plastics-europe-ponen-en-marcha-el-proyecto-secondchances-para-personas-con-discapacidad\/","og_site_name":"Plastics Europe ES","article_published_time":"2022-03-18T12:24:09+00:00","article_modified_time":"2022-03-18T12:32:26+00:00","og_image":[{"width":1600,"height":1200,"url":"https:\/\/plasticseurope.org\/es\/wp-content\/uploads\/sites\/4\/2022\/03\/Tresdesis.jpg","type":"image\/jpeg"}],"author":"lolaruiz","twitter_card":"summary_large_image","twitter_misc":{"Escrito por":"lolaruiz","Tiempo de lectura":"2 minutos"},"schema":{"@context":"https:\/\/schema.org","@graph":[{"@type":"WebPage","@id":"https:\/\/plasticseurope.org\/es\/ayudame3d-y-plastics-europe-ponen-en-marcha-el-proyecto-secondchances-para-personas-con-discapacidad\/","url":"https:\/\/plasticseurope.org\/es\/ayudame3d-y-plastics-europe-ponen-en-marcha-el-proyecto-secondchances-para-personas-con-discapacidad\/","name":"\u00a0Ay\u00fadame3D y Plastics Europe ponen en marcha el proyecto #SecondChances para personas con discapacidad - Plastics Europe ES","isPartOf":{"@id":"https:\/\/plasticseurope.org\/es\/#website"},"datePublished":"2022-03-18T12:24:09+00:00","dateModified":"2022-03-18T12:32:26+00:00","author":{"@id":"https:\/\/plasticseurope.org\/es\/#\/schema\/person\/986e4350a19b391e62efd1023cdb3216"},"breadcrumb":{"@id":"https:\/\/plasticseurope.org\/es\/ayudame3d-y-plastics-europe-ponen-en-marcha-el-proyecto-secondchances-para-personas-con-discapacidad\/#breadcrumb"},"inLanguage":"es","potentialAction":[{"@type":"ReadAction","target":["https:\/\/plasticseurope.org\/es\/ayudame3d-y-plastics-europe-ponen-en-marcha-el-proyecto-secondchances-para-personas-con-discapacidad\/"]}]},{"@type":"BreadcrumbList","@id":"https:\/\/plasticseurope.org\/es\/ayudame3d-y-plastics-europe-ponen-en-marcha-el-proyecto-secondchances-para-personas-con-discapacidad\/#breadcrumb","itemListElement":[{"@type":"ListItem","position":1,"name":"Home","item":"https:\/\/plasticseurope.org\/es\/"},{"@type":"ListItem","position":2,"name":"\u00a0Ay\u00fadame3D y Plastics Europe ponen en marcha el proyecto #SecondChances para personas con discapacidad"}]},{"@type":"WebSite","@id":"https:\/\/plasticseurope.org\/es\/#website","url":"https:\/\/plasticseurope.org\/es\/","name":"Plastics Europe ES","description":"Enabling a sustainable future","potentialAction":[{"@type":"SearchAction","target":{"@type":"EntryPoint","urlTemplate":"https:\/\/plasticseurope.org\/es\/?s={search_term_string}"},"query-input":"required name=search_term_string"}],"inLanguage":"es"},{"@type":"Person","@id":"https:\/\/plasticseurope.org\/es\/#\/schema\/person\/986e4350a19b391e62efd1023cdb3216","name":"lolaruiz","image":{"@type":"ImageObject","inLanguage":"es","@id":"https:\/\/plasticseurope.org\/es\/#\/schema\/person\/image\/","url":"https:\/\/secure.gravatar.com\/avatar\/49f6c92194e53f1945eb32315ea65a7257ffbce43813237eda54559f2c10b72c?s=96&d=mm&r=g","contentUrl":"https:\/\/secure.gravatar.com\/avatar\/49f6c92194e53f1945eb32315ea65a7257ffbce43813237eda54559f2c10b72c?s=96&d=mm&r=g","caption":"lolaruiz"},"url":"https:\/\/plasticseurope.org\/es\/author\/lolaruiz\/"}]}},"_links":{"self":[{"href":"https:\/\/plasticseurope.org\/es\/wp-json\/wp\/v2\/posts\/749","targetHints":{"allow":["GET"]}}],"collection":[{"href":"https:\/\/plasticseurope.org\/es\/wp-json\/wp\/v2\/posts"}],"about":[{"href":"https:\/\/plasticseurope.org\/es\/wp-json\/wp\/v2\/types\/post"}],"author":[{"embeddable":true,"href":"https:\/\/plasticseurope.org\/es\/wp-json\/wp\/v2\/users\/10"}],"replies":[{"embeddable":true,"href":"https:\/\/plasticseurope.org\/es\/wp-json\/wp\/v2\/comments?post=749"}],"version-history":[{"count":0,"href":"https:\/\/plasticseurope.org\/es\/wp-json\/wp\/v2\/posts\/749\/revisions"}],"wp:featuredmedia":[{"embeddable":true,"href":"https:\/\/plasticseurope.org\/es\/wp-json\/wp\/v2\/media\/762"}],"wp:attachment":[{"href":"https:\/\/plasticseurope.org\/es\/wp-json\/wp\/v2\/media?parent=749"}],"wp:term":[{"taxonomy":"category","embeddable":true,"href":"https:\/\/plasticseurope.org\/es\/wp-json\/wp\/v2\/categories?post=749"},{"taxonomy":"post_tag","embeddable":true,"href":"https:\/\/plasticseurope.org\/es\/wp-json\/wp\/v2\/tags?post=749"}],"curies":[{"name":"wp","href":"https:\/\/api.w.org\/{rel}","templated":true}]}}