{"id":256,"date":"2021-05-19T13:51:00","date_gmt":"2021-05-19T13:51:00","guid":{"rendered":"https:\/\/plasticseurope.wpenginepowered.com\/es\/?p=256"},"modified":"2023-01-10T17:19:25","modified_gmt":"2023-01-10T17:19:25","slug":"the-plastic-museum-ya-desmontado-y-en-camino-de-ser-reciclado","status":"publish","type":"post","link":"https:\/\/plasticseurope.org\/es\/the-plastic-museum-ya-desmontado-y-en-camino-de-ser-reciclado\/","title":{"rendered":"The Plastic Museum, ya desmontado y en camino de ser reciclado"},"content":{"rendered":"\n<p class=\"has-large-font-size\"><\/p>\n\n\n\n<div style=\"height:16px\" aria-hidden=\"true\" class=\"wp-block-spacer\"><\/div>\n\n\n\n<ul class=\"wp-block-list\">\n<li>Durante 9 d\u00edas, sus visitantes han podido conocer con ejemplos el rol vital que los pl\u00e1sticos juegan en nuestra vida, y la importancia que la reutilizaci\u00f3n y el reciclado tienen para sacar el m\u00e1ximo provecho de estos materiales<\/li>\n\n\n\n<li><\/li>\n\n\n\n<li>Visitantes de todas las edades y personalidades de la pol\u00edtica han acudido a conocer el museo en estos d\u00edas<\/li>\n\n\n\n<li><\/li>\n\n\n\n<li>Paredes, suelo y techo se han desmontado para ser reutilizados y reciclados en su totalidad<\/li>\n\n\n\n<li><\/li>\n\n\n\n<li>Con el pl\u00e1stico reciclado se crear\u00e1n las piezas que van a formar parte de la colecci\u00f3n \u201cYo antes era un museo\u201d, que estar\u00e1n disponibles en su web<\/li>\n<\/ul>\n\n\n\n<p>Madrid, 19 de mayo de 2021.&nbsp;<\/p>\n\n\n\n<p>Nueve d\u00edas ha estado abierto al p\u00fablico The Plastic Museum, el museo que fue creado para ser reciclado y que ha permitido a miles de visitantes obtener una nueva percepci\u00f3n del pl\u00e1stico y de la importancia de reutilizar y reciclar. Ubicado en Madrid, en la Plaza de Juan Goytisolo, frente al Reina Sof\u00eda, ha recibido visitantes de todas las edades, que han aprendido el papel esencial que los pl\u00e1sticos tienen en nuestras vidas, a trav\u00e9s de los distintos objetos expuestos en su interior. Adem\u00e1s, distintas personalidades de la cultura y la pol\u00edtica se han acercado estos d\u00edas para conocer en persona esta iniciativa que ha impulsado EsPl\u00e1sticos, la plataforma que a\u00fana a las empresas que trabajan en la fabricaci\u00f3n, reutilizaci\u00f3n y reciclaje del pl\u00e1stico.<\/p>\n\n\n\n<p>The Plastic Museum, el primer museo 100% reciclable del mundo,&nbsp;<strong>naci\u00f3 con la idea de ser desmontado en el Dia Internacional del Reciclaje<\/strong>. Al estar construido \u00edntegramente con pl\u00e1sticos, se ha desmontado para reutilizar y reciclar tanto suelos, como paredes y techos, y crear as\u00ed con estos materiales unos productos que formar\u00e1n parte de la colecci\u00f3n \u201cYo antes era un museo\u201d, y que estar\u00e1n disponibles pr\u00f3ximamente en la tienda online del museo:&nbsp;<a href=\"http:\/\/www.theplasticmuseum.com\/store\">www.theplasticmuseum.com\/store<\/a>.<\/p>\n\n\n\n<p>El objetivo primordial de The Plastic Museum es trasladar la importancia que reutilizar y reciclar tienen a la hora de sacar el m\u00e1ximo provecho de estos materiales. Para demostrar adem\u00e1s que el pl\u00e1stico es esencial, en su interior los visitantes han visto expuestos objetos fundamentales para el cuidado sanitario, la comunicaci\u00f3n, la construcci\u00f3n, la alimentaci\u00f3n y la movilidad sostenible, entre otros sectores. Adem\u00e1s, han podido entender de una forma muy visual que el problema surge cuando no se gestiona bien su residuo o se hace un uso irresponsable de \u00e9l.<\/p>\n\n\n\n<p><strong>Clausura del Museo en el D\u00eda Mundial del Reciclaje<\/strong><\/p>\n\n\n\n<p>The Plastic Museum cerr\u00f3 sus puertas el 17 de mayo coincidiendo con el D\u00eda Mundial del Reciclaje en un acto apadrinado por Mario Vaquerizo. El cantante y colaborador de televisi\u00f3n visit\u00f3 el museo junto a los portavoces de EsPl\u00e1sticos bajo la gu\u00eda de Eloy Mart\u00ednez de la Pera, comisario de la exposici\u00f3n. \u201c<em>Esta iniciativa demuestra no solo que el pl\u00e1stico no es malo, sino que es esencial en nuestras vidas<\/em>\u201d, afirm\u00f3. Y a\u00f1adi\u00f3 que, como se ve\u00eda en la \u00faltima sala del museo, lo m\u00e1s importante es utilizarlo de forma responsable, reutilizarlo y reciclarlo.<\/p>\n\n\n\n<p>\u201c<em>Con este museo hemos transmitido la importancia de los pl\u00e1sticos en muchas aplicaciones y su contribuci\u00f3n a la lucha contra el cambio clim\u00e1tico, ya que gracias a su uso se reducen el consumo energ\u00e9tico y las emisiones de C0<sub>2<\/sub><\/em>\u201d, concluy\u00f3 Luis Cediel, portavoz de EsPl\u00e1sticos, que aprovech\u00f3 tambi\u00e9n para agradecer su esfuerzo a todas las personas y entidades implicadas en el proyecto, as\u00ed como a todos los visitantes.<\/p>\n\n\n\n<p>Han sido muchas las personalidades que han pasado a conocer en estos d\u00edas The Plastic Museum, y han tomado nota de los mensajes que se han transmitido a lo largo de su recorrido. Los senadores Vicente Mart\u00ednez, Miguel Lorenzo y Miguel \u00c1ngel Vigo, as\u00ed como el concejal de innovaci\u00f3n del Ayuntamiento de Madrid, \u00c1ngel Ni\u00f1o, y otros miembros de la Comisi\u00f3n de Transici\u00f3n Ecol\u00f3gica y diputados de distintos partidos pol\u00edticos, han realizado una visita guiada por el museo con algunos de los portavoces de EsPl\u00e1sticos.<\/p>\n\n\n\n<p>Aunque el museo se haya desmontado, todos los interesados que se hayan quedado con las ganas de visitarlo pueden realizar un recorrido virtual en su web (<a href=\"https:\/\/theplasticmuseum.com\/museum\">https:\/\/theplasticmuseum.com\/museum<\/a>), a trav\u00e9s de sus salas y de todas las piezas que se han podido ver expuestas en el museo real. A trav\u00e9s de im\u00e1genes y v\u00eddeos, se puede disfrutar de forma digital de la experiencia, y entender todos los mensajes que el sector del pl\u00e1stico ha querido trasladar con esta iniciativa.<\/p>\n\n\n\n<p><a><strong>V\u00cddeo Youtube:&nbsp;&nbsp;<\/strong><\/a><a href=\"https:\/\/www.youtube.com\/watch?v=1rvv9Xo-eqQ\">https:\/\/www.youtube.com\/watch?v=1rvv9Xo-eqQ<\/a><\/p>\n\n\n\n<p><strong>Acerca de EsPl\u00e1sticos<\/strong><\/p>\n\n\n\n<p>EsPl\u00e1sticos, la plataforma de los pl\u00e1sticos, es un proyecto de uni\u00f3n de los diferentes agentes que forman parte del sector y de la cadena de valor de los pl\u00e1sticos, entre las que est\u00e1n las m\u00e1s de 30 empresas que en Espa\u00f1a han participado en la creaci\u00f3n de The Plastic Museum. Junto con la plataforma, empresas fabricantes de todo tipo de pl\u00e1sticos, y empresas relacionadas con su reutilizaci\u00f3n y reciclaje, han unido sus fuerzas en este proyecto pionero para lanzar este mensaje de apoyo al medioambiente y de fomento de la sostenibilidad en todo el ciclo de vida del pl\u00e1stico.<\/p>\n\n\n\n<p><\/p>\n\n\n\n<div style=\"height:48px\" aria-hidden=\"true\" class=\"wp-block-spacer\"><\/div>\n\n\n","protected":false},"excerpt":{"rendered":"<p>Madrid, 19 de mayo de 2021.&nbsp; Nueve d\u00edas ha estado abierto al p\u00fablico The Plastic Museum, el museo que fue\u2026<\/p>\n","protected":false},"author":3,"featured_media":168,"comment_status":"open","ping_status":"open","sticky":false,"template":"","format":"standard","meta":{"footnotes":""},"categories":[6],"tags":[],"class_list":["post-256","post","type-post","status-publish","format-standard","has-post-thumbnail","hentry","category-notas-de-prensa"],"acf":[],"yoast_head":"<!-- This site is optimized with the Yoast SEO plugin v21.6 - https:\/\/yoast.com\/wordpress\/plugins\/seo\/ -->\n<title>The Plastic Museum, ya desmontado y en camino de ser reciclado - Plastics Europe ES<\/title>\n<meta name=\"robots\" content=\"index, follow, max-snippet:-1, max-image-preview:large, max-video-preview:-1\" \/>\n<link rel=\"canonical\" href=\"https:\/\/plasticseurope.org\/es\/the-plastic-museum-ya-desmontado-y-en-camino-de-ser-reciclado\/\" \/>\n<meta property=\"og:locale\" content=\"es_ES\" \/>\n<meta property=\"og:type\" content=\"article\" \/>\n<meta property=\"og:title\" content=\"The Plastic Museum, ya desmontado y en camino de ser reciclado - Plastics Europe ES\" \/>\n<meta property=\"og:description\" content=\"Madrid, 19 de mayo de 2021.&nbsp; Nueve d\u00edas ha estado abierto al p\u00fablico The Plastic Museum, el museo que fue\u2026\" \/>\n<meta property=\"og:url\" content=\"https:\/\/plasticseurope.org\/es\/the-plastic-museum-ya-desmontado-y-en-camino-de-ser-reciclado\/\" \/>\n<meta property=\"og:site_name\" content=\"Plastics Europe ES\" \/>\n<meta property=\"article:published_time\" content=\"2021-05-19T13:51:00+00:00\" \/>\n<meta property=\"article:modified_time\" content=\"2023-01-10T17:19:25+00:00\" \/>\n<meta property=\"og:image\" content=\"https:\/\/plasticseurope.org\/es\/wp-content\/uploads\/sites\/4\/2021\/10\/DSC_5654-1-scaled.jpeg\" \/>\n\t<meta property=\"og:image:width\" content=\"2560\" \/>\n\t<meta property=\"og:image:height\" content=\"1427\" \/>\n\t<meta property=\"og:image:type\" content=\"image\/jpeg\" \/>\n<meta name=\"author\" content=\"lizzydoyle\" \/>\n<meta name=\"twitter:card\" content=\"summary_large_image\" \/>\n<meta name=\"twitter:label1\" content=\"Escrito por\" \/>\n\t<meta name=\"twitter:data1\" content=\"lizzydoyle\" \/>\n\t<meta name=\"twitter:label2\" content=\"Tiempo de lectura\" \/>\n\t<meta name=\"twitter:data2\" content=\"5 minutos\" \/>\n<script type=\"application\/ld+json\" class=\"yoast-schema-graph\">{\"@context\":\"https:\/\/schema.org\",\"@graph\":[{\"@type\":\"WebPage\",\"@id\":\"https:\/\/plasticseurope.org\/es\/the-plastic-museum-ya-desmontado-y-en-camino-de-ser-reciclado\/\",\"url\":\"https:\/\/plasticseurope.org\/es\/the-plastic-museum-ya-desmontado-y-en-camino-de-ser-reciclado\/\",\"name\":\"The Plastic Museum, ya desmontado y en camino de ser reciclado - Plastics Europe ES\",\"isPartOf\":{\"@id\":\"https:\/\/plasticseurope.org\/es\/#website\"},\"datePublished\":\"2021-05-19T13:51:00+00:00\",\"dateModified\":\"2023-01-10T17:19:25+00:00\",\"author\":{\"@id\":\"https:\/\/plasticseurope.org\/es\/#\/schema\/person\/6288b5ce9afeb8d610beabab15839235\"},\"breadcrumb\":{\"@id\":\"https:\/\/plasticseurope.org\/es\/the-plastic-museum-ya-desmontado-y-en-camino-de-ser-reciclado\/#breadcrumb\"},\"inLanguage\":\"es\",\"potentialAction\":[{\"@type\":\"ReadAction\",\"target\":[\"https:\/\/plasticseurope.org\/es\/the-plastic-museum-ya-desmontado-y-en-camino-de-ser-reciclado\/\"]}]},{\"@type\":\"BreadcrumbList\",\"@id\":\"https:\/\/plasticseurope.org\/es\/the-plastic-museum-ya-desmontado-y-en-camino-de-ser-reciclado\/#breadcrumb\",\"itemListElement\":[{\"@type\":\"ListItem\",\"position\":1,\"name\":\"Home\",\"item\":\"https:\/\/plasticseurope.org\/es\/\"},{\"@type\":\"ListItem\",\"position\":2,\"name\":\"The Plastic Museum, ya desmontado y en camino de ser reciclado\"}]},{\"@type\":\"WebSite\",\"@id\":\"https:\/\/plasticseurope.org\/es\/#website\",\"url\":\"https:\/\/plasticseurope.org\/es\/\",\"name\":\"Plastics Europe ES\",\"description\":\"Enabling a sustainable future\",\"potentialAction\":[{\"@type\":\"SearchAction\",\"target\":{\"@type\":\"EntryPoint\",\"urlTemplate\":\"https:\/\/plasticseurope.org\/es\/?s={search_term_string}\"},\"query-input\":\"required name=search_term_string\"}],\"inLanguage\":\"es\"},{\"@type\":\"Person\",\"@id\":\"https:\/\/plasticseurope.org\/es\/#\/schema\/person\/6288b5ce9afeb8d610beabab15839235\",\"name\":\"lizzydoyle\",\"image\":{\"@type\":\"ImageObject\",\"inLanguage\":\"es\",\"@id\":\"https:\/\/plasticseurope.org\/es\/#\/schema\/person\/image\/\",\"url\":\"https:\/\/secure.gravatar.com\/avatar\/7cb64529e0e4d10122f99b32a8b8eb24832571437c923244e9bcbc266227340d?s=96&d=mm&r=g\",\"contentUrl\":\"https:\/\/secure.gravatar.com\/avatar\/7cb64529e0e4d10122f99b32a8b8eb24832571437c923244e9bcbc266227340d?s=96&d=mm&r=g\",\"caption\":\"lizzydoyle\"},\"url\":\"https:\/\/plasticseurope.org\/es\/author\/lizzydoyle\/\"}]}<\/script>\n<!-- \/ Yoast SEO plugin. -->","yoast_head_json":{"title":"The Plastic Museum, ya desmontado y en camino de ser reciclado - Plastics Europe ES","robots":{"index":"index","follow":"follow","max-snippet":"max-snippet:-1","max-image-preview":"max-image-preview:large","max-video-preview":"max-video-preview:-1"},"canonical":"https:\/\/plasticseurope.org\/es\/the-plastic-museum-ya-desmontado-y-en-camino-de-ser-reciclado\/","og_locale":"es_ES","og_type":"article","og_title":"The Plastic Museum, ya desmontado y en camino de ser reciclado - Plastics Europe ES","og_description":"Madrid, 19 de mayo de 2021.&nbsp; Nueve d\u00edas ha estado abierto al p\u00fablico The Plastic Museum, el museo que fue\u2026","og_url":"https:\/\/plasticseurope.org\/es\/the-plastic-museum-ya-desmontado-y-en-camino-de-ser-reciclado\/","og_site_name":"Plastics Europe ES","article_published_time":"2021-05-19T13:51:00+00:00","article_modified_time":"2023-01-10T17:19:25+00:00","og_image":[{"width":2560,"height":1427,"url":"https:\/\/plasticseurope.org\/es\/wp-content\/uploads\/sites\/4\/2021\/10\/DSC_5654-1-scaled.jpeg","type":"image\/jpeg"}],"author":"lizzydoyle","twitter_card":"summary_large_image","twitter_misc":{"Escrito por":"lizzydoyle","Tiempo de lectura":"5 minutos"},"schema":{"@context":"https:\/\/schema.org","@graph":[{"@type":"WebPage","@id":"https:\/\/plasticseurope.org\/es\/the-plastic-museum-ya-desmontado-y-en-camino-de-ser-reciclado\/","url":"https:\/\/plasticseurope.org\/es\/the-plastic-museum-ya-desmontado-y-en-camino-de-ser-reciclado\/","name":"The Plastic Museum, ya desmontado y en camino de ser reciclado - Plastics Europe ES","isPartOf":{"@id":"https:\/\/plasticseurope.org\/es\/#website"},"datePublished":"2021-05-19T13:51:00+00:00","dateModified":"2023-01-10T17:19:25+00:00","author":{"@id":"https:\/\/plasticseurope.org\/es\/#\/schema\/person\/6288b5ce9afeb8d610beabab15839235"},"breadcrumb":{"@id":"https:\/\/plasticseurope.org\/es\/the-plastic-museum-ya-desmontado-y-en-camino-de-ser-reciclado\/#breadcrumb"},"inLanguage":"es","potentialAction":[{"@type":"ReadAction","target":["https:\/\/plasticseurope.org\/es\/the-plastic-museum-ya-desmontado-y-en-camino-de-ser-reciclado\/"]}]},{"@type":"BreadcrumbList","@id":"https:\/\/plasticseurope.org\/es\/the-plastic-museum-ya-desmontado-y-en-camino-de-ser-reciclado\/#breadcrumb","itemListElement":[{"@type":"ListItem","position":1,"name":"Home","item":"https:\/\/plasticseurope.org\/es\/"},{"@type":"ListItem","position":2,"name":"The Plastic Museum, ya desmontado y en camino de ser reciclado"}]},{"@type":"WebSite","@id":"https:\/\/plasticseurope.org\/es\/#website","url":"https:\/\/plasticseurope.org\/es\/","name":"Plastics Europe ES","description":"Enabling a sustainable future","potentialAction":[{"@type":"SearchAction","target":{"@type":"EntryPoint","urlTemplate":"https:\/\/plasticseurope.org\/es\/?s={search_term_string}"},"query-input":"required name=search_term_string"}],"inLanguage":"es"},{"@type":"Person","@id":"https:\/\/plasticseurope.org\/es\/#\/schema\/person\/6288b5ce9afeb8d610beabab15839235","name":"lizzydoyle","image":{"@type":"ImageObject","inLanguage":"es","@id":"https:\/\/plasticseurope.org\/es\/#\/schema\/person\/image\/","url":"https:\/\/secure.gravatar.com\/avatar\/7cb64529e0e4d10122f99b32a8b8eb24832571437c923244e9bcbc266227340d?s=96&d=mm&r=g","contentUrl":"https:\/\/secure.gravatar.com\/avatar\/7cb64529e0e4d10122f99b32a8b8eb24832571437c923244e9bcbc266227340d?s=96&d=mm&r=g","caption":"lizzydoyle"},"url":"https:\/\/plasticseurope.org\/es\/author\/lizzydoyle\/"}]}},"_links":{"self":[{"href":"https:\/\/plasticseurope.org\/es\/wp-json\/wp\/v2\/posts\/256","targetHints":{"allow":["GET"]}}],"collection":[{"href":"https:\/\/plasticseurope.org\/es\/wp-json\/wp\/v2\/posts"}],"about":[{"href":"https:\/\/plasticseurope.org\/es\/wp-json\/wp\/v2\/types\/post"}],"author":[{"embeddable":true,"href":"https:\/\/plasticseurope.org\/es\/wp-json\/wp\/v2\/users\/3"}],"replies":[{"embeddable":true,"href":"https:\/\/plasticseurope.org\/es\/wp-json\/wp\/v2\/comments?post=256"}],"version-history":[{"count":0,"href":"https:\/\/plasticseurope.org\/es\/wp-json\/wp\/v2\/posts\/256\/revisions"}],"wp:featuredmedia":[{"embeddable":true,"href":"https:\/\/plasticseurope.org\/es\/wp-json\/wp\/v2\/media\/168"}],"wp:attachment":[{"href":"https:\/\/plasticseurope.org\/es\/wp-json\/wp\/v2\/media?parent=256"}],"wp:term":[{"taxonomy":"category","embeddable":true,"href":"https:\/\/plasticseurope.org\/es\/wp-json\/wp\/v2\/categories?post=256"},{"taxonomy":"post_tag","embeddable":true,"href":"https:\/\/plasticseurope.org\/es\/wp-json\/wp\/v2\/tags?post=256"}],"curies":[{"name":"wp","href":"https:\/\/api.w.org\/{rel}","templated":true}]}}