{"id":2077,"date":"2025-04-09T11:57:43","date_gmt":"2025-04-09T11:57:43","guid":{"rendered":"https:\/\/plasticseurope.org\/es\/?p=2077"},"modified":"2025-04-11T11:58:09","modified_gmt":"2025-04-11T11:58:09","slug":"reaccion-de-plastics-europe-al-acuerdo-provisional-sobre-el-reglamento-de-prevencion-de-perdida-de-pellets","status":"publish","type":"post","link":"https:\/\/plasticseurope.org\/es\/reaccion-de-plastics-europe-al-acuerdo-provisional-sobre-el-reglamento-de-prevencion-de-perdida-de-pellets\/","title":{"rendered":"Reacci\u00f3n de Plastics Europe al acuerdo provisional sobre el Reglamento de prevenci\u00f3n de p\u00e9rdida de pellets"},"content":{"rendered":"\n<p><\/p>\n\n\n\n<p>La siguiente declaraci\u00f3n puede atribuirse a Virginia Janssens, Directora General de Plastics Europe:<\/p>\n\n\n\n<hr class=\"wp-block-separator has-alpha-channel-opacity\" \/>\n\n\n\n<p><\/p>\n\n\n\n<p><em>\u00abPlastics Europe acoge con satisfacci\u00f3n la noticia de que anoche se alcanz\u00f3 un acuerdo provisional entre el Parlamento Europeo y el Consejo sobre medidas obligatorias de prevenci\u00f3n de p\u00e9rdidas de pellets. Se trata de un paso fundamental para mejorar la protecci\u00f3n del medio ambiente y propiciar una industria del pl\u00e1stico m\u00e1s sostenible en Europa.<\/em><\/p>\n\n\n\n<p><em>Aunque no hemos tenido la oportunidad de estudiar el acuerdo en detalle, nuestra evaluaci\u00f3n inicial es que se basa en nuestros esfuerzos anteriores y apoya los objetivos de prevenci\u00f3n de p\u00e9rdidas de pellets de nuestra industria. Apreciamos que los responsables pol\u00edticos parezcan haber tenido en cuenta nuestros esfuerzos voluntarios para prevenir las p\u00e9rdidas de pellets de pl\u00e1stico a trav\u00e9s de Operation Clean Sweep\u00ae. Se trata de un enfoque pragm\u00e1tico en la elaboraci\u00f3n de pol\u00edticas, en el que la nueva normativa se basa en las mejores pr\u00e1cticas establecidas, lo que contribuye a minimizar la carga normativa adicional para la industria. Como resultado, las empresas pioneras que ya han invertido en medidas de prevenci\u00f3n de p\u00e9rdidas de pellets in situ est\u00e1n bien posicionados para cumplir los nuevos requisitos normativos a pesar de los continuos retos de competitividad para nuestra industria. Creemos que este acuerdo puede servir de ejemplo de pol\u00edtica inteligente y competitiva.<\/em><\/p>\n\n\n\n<p><em>Las p\u00e9rdidas de pellets pueden producirse en cualquier punto de la cadena de suministro, incluida la producci\u00f3n de pellets, todos los tipos de transporte, el almacenamiento y la transformaci\u00f3n en productos finales. Por lo tanto, nos alienta mucho que el Parlamento Europeo y el Consejo hayan reconocido la importancia de que la prevenci\u00f3n de la p\u00e9rdida de pellets sea obligatoria para todos los agentes de la cadena de suministro. Plastics Europe hace ahora un llamamiento al Parlamento Europeo y al Consejo para que se comprometan sin demora a refrendar el acuerdo de anoche. Es vital que se publique lo antes posible un texto legal definitivo para mejorar la protecci\u00f3n del medio ambiente y aportar seguridad normativa a la cadena de valor europea de los pl\u00e1sticos en un momento de fuerte presi\u00f3n competitiva para nuestra industria en Europa.\u00bb<\/em><\/p>\n\n\n\n<p class=\"has-large-font-size\"><\/p>\n\n\n\n<div style=\"height:16px\" aria-hidden=\"true\" class=\"wp-block-spacer\"><\/div>\n\n\n\n<p><\/p>\n\n\n\n<div style=\"height:48px\" aria-hidden=\"true\" class=\"wp-block-spacer\"><\/div>\n\n\n","protected":false},"excerpt":{"rendered":"<p>La siguiente declaraci\u00f3n puede atribuirse a Virginia Janssens, Directora General de Plastics Europe: \u00abPlastics Europe acoge con satisfacci\u00f3n la noticia\u2026<\/p>\n","protected":false},"author":10,"featured_media":2078,"comment_status":"open","ping_status":"open","sticky":false,"template":"","format":"standard","meta":{"footnotes":""},"categories":[7],"tags":[],"class_list":["post-2077","post","type-post","status-publish","format-standard","has-post-thumbnail","hentry","category-noticias"],"acf":[],"yoast_head":"<!-- This site is optimized with the Yoast SEO plugin v21.6 - https:\/\/yoast.com\/wordpress\/plugins\/seo\/ -->\n<title>Reacci\u00f3n de Plastics Europe al acuerdo provisional sobre el Reglamento de prevenci\u00f3n de p\u00e9rdida de pellets - Plastics Europe ES<\/title>\n<meta name=\"robots\" content=\"index, follow, max-snippet:-1, max-image-preview:large, max-video-preview:-1\" \/>\n<link rel=\"canonical\" href=\"https:\/\/plasticseurope.org\/es\/reaccion-de-plastics-europe-al-acuerdo-provisional-sobre-el-reglamento-de-prevencion-de-perdida-de-pellets\/\" \/>\n<meta property=\"og:locale\" content=\"es_ES\" \/>\n<meta property=\"og:type\" content=\"article\" \/>\n<meta property=\"og:title\" content=\"Reacci\u00f3n de Plastics Europe al acuerdo provisional sobre el Reglamento de prevenci\u00f3n de p\u00e9rdida de pellets - Plastics Europe ES\" \/>\n<meta property=\"og:description\" content=\"La siguiente declaraci\u00f3n puede atribuirse a Virginia Janssens, Directora General de Plastics Europe: \u00abPlastics Europe acoge con satisfacci\u00f3n la noticia\u2026\" \/>\n<meta property=\"og:url\" content=\"https:\/\/plasticseurope.org\/es\/reaccion-de-plastics-europe-al-acuerdo-provisional-sobre-el-reglamento-de-prevencion-de-perdida-de-pellets\/\" \/>\n<meta property=\"og:site_name\" content=\"Plastics Europe ES\" \/>\n<meta property=\"article:published_time\" content=\"2025-04-09T11:57:43+00:00\" \/>\n<meta property=\"article:modified_time\" content=\"2025-04-11T11:58:09+00:00\" \/>\n<meta property=\"og:image\" content=\"https:\/\/plasticseurope.org\/es\/wp-content\/uploads\/sites\/4\/2025\/04\/Pellets_picture.png\" \/>\n\t<meta property=\"og:image:width\" content=\"1592\" \/>\n\t<meta property=\"og:image:height\" content=\"800\" \/>\n\t<meta property=\"og:image:type\" content=\"image\/png\" \/>\n<meta name=\"author\" content=\"lolaruiz\" \/>\n<meta name=\"twitter:card\" content=\"summary_large_image\" \/>\n<meta name=\"twitter:label1\" content=\"Escrito por\" \/>\n\t<meta name=\"twitter:data1\" content=\"lolaruiz\" \/>\n\t<meta name=\"twitter:label2\" content=\"Tiempo de lectura\" \/>\n\t<meta name=\"twitter:data2\" content=\"2 minutos\" \/>\n<script type=\"application\/ld+json\" class=\"yoast-schema-graph\">{\"@context\":\"https:\/\/schema.org\",\"@graph\":[{\"@type\":\"WebPage\",\"@id\":\"https:\/\/plasticseurope.org\/es\/reaccion-de-plastics-europe-al-acuerdo-provisional-sobre-el-reglamento-de-prevencion-de-perdida-de-pellets\/\",\"url\":\"https:\/\/plasticseurope.org\/es\/reaccion-de-plastics-europe-al-acuerdo-provisional-sobre-el-reglamento-de-prevencion-de-perdida-de-pellets\/\",\"name\":\"Reacci\u00f3n de Plastics Europe al acuerdo provisional sobre el Reglamento de prevenci\u00f3n de p\u00e9rdida de pellets - Plastics Europe ES\",\"isPartOf\":{\"@id\":\"https:\/\/plasticseurope.org\/es\/#website\"},\"datePublished\":\"2025-04-09T11:57:43+00:00\",\"dateModified\":\"2025-04-11T11:58:09+00:00\",\"author\":{\"@id\":\"https:\/\/plasticseurope.org\/es\/#\/schema\/person\/986e4350a19b391e62efd1023cdb3216\"},\"breadcrumb\":{\"@id\":\"https:\/\/plasticseurope.org\/es\/reaccion-de-plastics-europe-al-acuerdo-provisional-sobre-el-reglamento-de-prevencion-de-perdida-de-pellets\/#breadcrumb\"},\"inLanguage\":\"es\",\"potentialAction\":[{\"@type\":\"ReadAction\",\"target\":[\"https:\/\/plasticseurope.org\/es\/reaccion-de-plastics-europe-al-acuerdo-provisional-sobre-el-reglamento-de-prevencion-de-perdida-de-pellets\/\"]}]},{\"@type\":\"BreadcrumbList\",\"@id\":\"https:\/\/plasticseurope.org\/es\/reaccion-de-plastics-europe-al-acuerdo-provisional-sobre-el-reglamento-de-prevencion-de-perdida-de-pellets\/#breadcrumb\",\"itemListElement\":[{\"@type\":\"ListItem\",\"position\":1,\"name\":\"Home\",\"item\":\"https:\/\/plasticseurope.org\/es\/\"},{\"@type\":\"ListItem\",\"position\":2,\"name\":\"Reacci\u00f3n de Plastics Europe al acuerdo provisional sobre el Reglamento de prevenci\u00f3n de p\u00e9rdida de pellets\"}]},{\"@type\":\"WebSite\",\"@id\":\"https:\/\/plasticseurope.org\/es\/#website\",\"url\":\"https:\/\/plasticseurope.org\/es\/\",\"name\":\"Plastics Europe ES\",\"description\":\"Enabling a sustainable future\",\"potentialAction\":[{\"@type\":\"SearchAction\",\"target\":{\"@type\":\"EntryPoint\",\"urlTemplate\":\"https:\/\/plasticseurope.org\/es\/?s={search_term_string}\"},\"query-input\":\"required name=search_term_string\"}],\"inLanguage\":\"es\"},{\"@type\":\"Person\",\"@id\":\"https:\/\/plasticseurope.org\/es\/#\/schema\/person\/986e4350a19b391e62efd1023cdb3216\",\"name\":\"lolaruiz\",\"image\":{\"@type\":\"ImageObject\",\"inLanguage\":\"es\",\"@id\":\"https:\/\/plasticseurope.org\/es\/#\/schema\/person\/image\/\",\"url\":\"https:\/\/secure.gravatar.com\/avatar\/49f6c92194e53f1945eb32315ea65a7257ffbce43813237eda54559f2c10b72c?s=96&d=mm&r=g\",\"contentUrl\":\"https:\/\/secure.gravatar.com\/avatar\/49f6c92194e53f1945eb32315ea65a7257ffbce43813237eda54559f2c10b72c?s=96&d=mm&r=g\",\"caption\":\"lolaruiz\"},\"url\":\"https:\/\/plasticseurope.org\/es\/author\/lolaruiz\/\"}]}<\/script>\n<!-- \/ Yoast SEO plugin. -->","yoast_head_json":{"title":"Reacci\u00f3n de Plastics Europe al acuerdo provisional sobre el Reglamento de prevenci\u00f3n de p\u00e9rdida de pellets - Plastics Europe ES","robots":{"index":"index","follow":"follow","max-snippet":"max-snippet:-1","max-image-preview":"max-image-preview:large","max-video-preview":"max-video-preview:-1"},"canonical":"https:\/\/plasticseurope.org\/es\/reaccion-de-plastics-europe-al-acuerdo-provisional-sobre-el-reglamento-de-prevencion-de-perdida-de-pellets\/","og_locale":"es_ES","og_type":"article","og_title":"Reacci\u00f3n de Plastics Europe al acuerdo provisional sobre el Reglamento de prevenci\u00f3n de p\u00e9rdida de pellets - Plastics Europe ES","og_description":"La siguiente declaraci\u00f3n puede atribuirse a Virginia Janssens, Directora General de Plastics Europe: \u00abPlastics Europe acoge con satisfacci\u00f3n la noticia\u2026","og_url":"https:\/\/plasticseurope.org\/es\/reaccion-de-plastics-europe-al-acuerdo-provisional-sobre-el-reglamento-de-prevencion-de-perdida-de-pellets\/","og_site_name":"Plastics Europe ES","article_published_time":"2025-04-09T11:57:43+00:00","article_modified_time":"2025-04-11T11:58:09+00:00","og_image":[{"width":1592,"height":800,"url":"https:\/\/plasticseurope.org\/es\/wp-content\/uploads\/sites\/4\/2025\/04\/Pellets_picture.png","type":"image\/png"}],"author":"lolaruiz","twitter_card":"summary_large_image","twitter_misc":{"Escrito por":"lolaruiz","Tiempo de lectura":"2 minutos"},"schema":{"@context":"https:\/\/schema.org","@graph":[{"@type":"WebPage","@id":"https:\/\/plasticseurope.org\/es\/reaccion-de-plastics-europe-al-acuerdo-provisional-sobre-el-reglamento-de-prevencion-de-perdida-de-pellets\/","url":"https:\/\/plasticseurope.org\/es\/reaccion-de-plastics-europe-al-acuerdo-provisional-sobre-el-reglamento-de-prevencion-de-perdida-de-pellets\/","name":"Reacci\u00f3n de Plastics Europe al acuerdo provisional sobre el Reglamento de prevenci\u00f3n de p\u00e9rdida de pellets - Plastics Europe ES","isPartOf":{"@id":"https:\/\/plasticseurope.org\/es\/#website"},"datePublished":"2025-04-09T11:57:43+00:00","dateModified":"2025-04-11T11:58:09+00:00","author":{"@id":"https:\/\/plasticseurope.org\/es\/#\/schema\/person\/986e4350a19b391e62efd1023cdb3216"},"breadcrumb":{"@id":"https:\/\/plasticseurope.org\/es\/reaccion-de-plastics-europe-al-acuerdo-provisional-sobre-el-reglamento-de-prevencion-de-perdida-de-pellets\/#breadcrumb"},"inLanguage":"es","potentialAction":[{"@type":"ReadAction","target":["https:\/\/plasticseurope.org\/es\/reaccion-de-plastics-europe-al-acuerdo-provisional-sobre-el-reglamento-de-prevencion-de-perdida-de-pellets\/"]}]},{"@type":"BreadcrumbList","@id":"https:\/\/plasticseurope.org\/es\/reaccion-de-plastics-europe-al-acuerdo-provisional-sobre-el-reglamento-de-prevencion-de-perdida-de-pellets\/#breadcrumb","itemListElement":[{"@type":"ListItem","position":1,"name":"Home","item":"https:\/\/plasticseurope.org\/es\/"},{"@type":"ListItem","position":2,"name":"Reacci\u00f3n de Plastics Europe al acuerdo provisional sobre el Reglamento de prevenci\u00f3n de p\u00e9rdida de pellets"}]},{"@type":"WebSite","@id":"https:\/\/plasticseurope.org\/es\/#website","url":"https:\/\/plasticseurope.org\/es\/","name":"Plastics Europe ES","description":"Enabling a sustainable future","potentialAction":[{"@type":"SearchAction","target":{"@type":"EntryPoint","urlTemplate":"https:\/\/plasticseurope.org\/es\/?s={search_term_string}"},"query-input":"required name=search_term_string"}],"inLanguage":"es"},{"@type":"Person","@id":"https:\/\/plasticseurope.org\/es\/#\/schema\/person\/986e4350a19b391e62efd1023cdb3216","name":"lolaruiz","image":{"@type":"ImageObject","inLanguage":"es","@id":"https:\/\/plasticseurope.org\/es\/#\/schema\/person\/image\/","url":"https:\/\/secure.gravatar.com\/avatar\/49f6c92194e53f1945eb32315ea65a7257ffbce43813237eda54559f2c10b72c?s=96&d=mm&r=g","contentUrl":"https:\/\/secure.gravatar.com\/avatar\/49f6c92194e53f1945eb32315ea65a7257ffbce43813237eda54559f2c10b72c?s=96&d=mm&r=g","caption":"lolaruiz"},"url":"https:\/\/plasticseurope.org\/es\/author\/lolaruiz\/"}]}},"_links":{"self":[{"href":"https:\/\/plasticseurope.org\/es\/wp-json\/wp\/v2\/posts\/2077","targetHints":{"allow":["GET"]}}],"collection":[{"href":"https:\/\/plasticseurope.org\/es\/wp-json\/wp\/v2\/posts"}],"about":[{"href":"https:\/\/plasticseurope.org\/es\/wp-json\/wp\/v2\/types\/post"}],"author":[{"embeddable":true,"href":"https:\/\/plasticseurope.org\/es\/wp-json\/wp\/v2\/users\/10"}],"replies":[{"embeddable":true,"href":"https:\/\/plasticseurope.org\/es\/wp-json\/wp\/v2\/comments?post=2077"}],"version-history":[{"count":0,"href":"https:\/\/plasticseurope.org\/es\/wp-json\/wp\/v2\/posts\/2077\/revisions"}],"wp:featuredmedia":[{"embeddable":true,"href":"https:\/\/plasticseurope.org\/es\/wp-json\/wp\/v2\/media\/2078"}],"wp:attachment":[{"href":"https:\/\/plasticseurope.org\/es\/wp-json\/wp\/v2\/media?parent=2077"}],"wp:term":[{"taxonomy":"category","embeddable":true,"href":"https:\/\/plasticseurope.org\/es\/wp-json\/wp\/v2\/categories?post=2077"},{"taxonomy":"post_tag","embeddable":true,"href":"https:\/\/plasticseurope.org\/es\/wp-json\/wp\/v2\/tags?post=2077"}],"curies":[{"name":"wp","href":"https:\/\/api.w.org\/{rel}","templated":true}]}}