{"id":198,"date":"2020-09-23T13:24:00","date_gmt":"2020-09-23T13:24:00","guid":{"rendered":"https:\/\/plasticseurope.wpenginepowered.com\/es\/?p=198"},"modified":"2023-01-10T17:11:37","modified_gmt":"2023-01-10T17:11:37","slug":"resumen-iii-jornadas-innovaplasticos","status":"publish","type":"post","link":"https:\/\/plasticseurope.org\/es\/resumen-iii-jornadas-innovaplasticos\/","title":{"rendered":"Resumen III jornada #InnovaPl\u00e1sticos"},"content":{"rendered":"\n<p class=\"has-large-font-size\">Los d\u00edas 16 y 23 de septiembre, Plastics Europe Espa\u00f1a, junto con SusChem-Espa\u00f1a, la Plataforma Tecnol\u00f3gica y de Innovaci\u00f3n Espa\u00f1ola de Qu\u00edmica Sostenible, han organizado la Jornada #InnovaPl\u00e1sticos, en esta ocasi\u00f3n en dos sesiones virtuales.<\/p>\n\n\n\n<div style=\"height:16px\" aria-hidden=\"true\" class=\"wp-block-spacer\"><\/div>\n\n\n\n<p><strong>Innovaci\u00f3n con Pl\u00e1sticos para una Econom\u00eda Circular<\/strong><\/p>\n\n\n\n<p>La primera sesi\u00f3n estuvo dedicada a la \u00abInnovaci\u00f3n con Pl\u00e1sticos para una Econom\u00eda Circular\u00bb.&nbsp;En el encuentro se presentaron diferentes casos de \u00e9xito de I+D+i del sector industrial para poner en valor la importancia de los pl\u00e1sticos como catalizador fundamental para el impulso de la Econom\u00eda Circular gracias a la continua apuesta de este sector&nbsp;por la innovaci\u00f3n como qued\u00f3 patente en el amplio&nbsp;abanico de expertos de diferentes \u00e1mbitos empresariales, como&nbsp;<strong>M\u00aa Cruz C\u00f3rdoba<\/strong>, Responsable de Desarrollo de Materiales y Compras Operativas del Grupo Pascual;&nbsp;<strong>Miguel \u00c1ngel Prieto<\/strong>, Director Speciality Chemicals de CEFIC;&nbsp;<strong>Zulima Mart\u00edn<\/strong>, Material &amp; Process Engineer de Airbus; y&nbsp;<strong>Edu Uribesalgo,<\/strong>&nbsp;Director de Innovaci\u00f3n y Sostenibilidad de Ternua Group. Todos ellos coincidieron en la necesidad existente de colaboraci\u00f3n de los sectores p\u00fablico y privado e institucional de cara a afrontar los desaf\u00edos a los que nos enfrentamos como sociedad en materia cient\u00edfico-tecnol\u00f3gica. Esta cooperaci\u00f3n resulta clave para poder acelerar la innovaci\u00f3n y la transici\u00f3n de la industria hacia un modelo de producci\u00f3n circular.<\/p>\n\n\n\n<p>Tambi\u00e9n particip\u00f3&nbsp;<strong>Elena Ru\u00edz<\/strong>, Coordinadora del Grupo de Acci\u00f3n de Econom\u00eda Circular de For\u00e9tica, hablando sobre el Liderazgo empresarial responsable para avanzar hacia una nueva econom\u00eda de pl\u00e1sticos, destacando c\u00f3mo la innovaci\u00f3n debe ser un elemento clave en la responsabilidad empresarial a la hora de dise\u00f1ar nuevos productos.<\/p>\n\n\n\n<p>Adem\u00e1s de hablar sobre econom\u00eda circular, un tema que ha suscitado inter\u00e9s es el&nbsp;<strong>reciclaje qu\u00edmico,&nbsp;<\/strong>que permite obtener nuevos productos qu\u00edmicos y pl\u00e1sticos de calidad equivalente a la materia prima virgen. Sobre ello, se profundiz\u00f3 en la II sesi\u00f3n virtual del 23 de septiembre<\/p>\n\n\n\n<p>Para ver de nuevo la sesi\u00f3n sobre Econom\u00eda Circular puedes hacerlo aqu\u00ed.<\/p>\n\n\n\n<div style=\"height:48px\" aria-hidden=\"true\" class=\"wp-block-spacer\"><\/div>\n\n\n\n<figure class=\"wp-block-embed is-type-video is-provider-vimeo wp-block-embed-vimeo wp-embed-aspect-16-9 wp-has-aspect-ratio\"><div class=\"wp-block-embed__wrapper\">\n<iframe loading=\"lazy\" src=\"https:\/\/player.vimeo.com\/video\/461908160?dnt=1&amp;app_id=122963\" width=\"500\" height=\"281\" frameborder=\"0\" allow=\"autoplay; fullscreen; picture-in-picture; clipboard-write\"><\/iframe>\n<\/div><\/figure>\n\n\n\n<div style=\"height:48px\" aria-hidden=\"true\" class=\"wp-block-spacer\"><\/div>\n\n\n\n<p>Descargar las presentaciones aqu\u00ed:<\/p>\n\n\n\n<ul class=\"wp-block-list\">\n<li><a href=\"https:\/\/www.plasticseurope.org\/download_file\/view\/4052\/3016\" target=\"_blank\" rel=\"noreferrer noopener\">Liderazgo empresarial responsable para avanzar hacia una nueva econom\u00eda de pl\u00e1sticos &#8211; For\u00e9tica<\/a><\/li>\n\n\n\n<li><a href=\"https:\/\/www.plasticseurope.org\/download_file\/view\/4053\/3016\" target=\"_blank\" rel=\"noreferrer noopener\">Innovaci\u00f3n con pl\u00e1sticos para una Econom\u00eda Circular Materiales en Contacto con los Alimentos &#8211; Cefic<\/a><\/li>\n\n\n\n<li><a href=\"https:\/\/www.plasticseurope.org\/download_file\/view\/4054\/3016\" target=\"_blank\" rel=\"noreferrer noopener\">Innovaci\u00f3n con pl\u00e1sticos para una Econom\u00eda Circular &#8211; Ternua Group<\/a><\/li>\n<\/ul>\n\n\n\n<p><strong>Reciclado Qu\u00edmico de Pl\u00e1sticos, una soluci\u00f3n innovadora<\/strong><\/p>\n\n\n\n<p>El Reciclado Qu\u00edmico de Pl\u00e1sticos es una novedosa y prometedora tecnolog\u00eda que complementa al tradicional reciclado mec\u00e1nico para reciclar un mayor volumen de residuos pl\u00e1sticos. Esta tecnolog\u00eda tambi\u00e9n ofrece una soluci\u00f3n a aquellos residuos pl\u00e1sticos para los cuales el reciclaje mec\u00e1nico no es una opci\u00f3n viable o sostenible, contribuyendo as\u00ed a cerrar el c\u00edrculo y creando una econom\u00eda circular de los pl\u00e1sticos.<\/p>\n\n\n\n<p>\u00c9ste ha sido el hilo conductor de la segunda sesi\u00f3n virtual de #InnovaPl\u00e1sticos en la que&nbsp;han participado Carlos Monreal (Chemical Recycling Europe), Eva Verdejo (AIMPLAS), Roberto G\u00f3mez (REPSOL), Daniel Campo (BASF Iberia) y Daniel Gamb\u00fas (SABIC), bajo la moderaci\u00f3n de la qu\u00edmica y divulgadora cient\u00edfica D\u00e9borah Garc\u00eda Bello.<\/p>\n\n\n\n<p>Carlos Monreal, presidente de Chemical Recycling Europe, augur\u00f3&nbsp;un futuro prometedor al desaf\u00edo de los residuos pl\u00e1sticos gracias al reciclado qu\u00edmico. Por su parte,&nbsp;Eva Verdejo, Chemical Recycling Group Leader del Instituto Tecnol\u00f3gico del Pl\u00e1stico &#8211; AIMPLAS, destac\u00f3 que, paralelamente al desarrollo de t\u00e9cnicas punteras de reciclado qu\u00edmico de pl\u00e1sticos, se har\u00e1 necesaria la utilizaci\u00f3n de nuevas herramientas como el Balance de Masas.<\/p>\n\n\n\n<p>Para finalizar, la mesa redonda, moderada por la comunicadora cient\u00edfica D\u00e9borah Garc\u00eda Bello, cont\u00f3&nbsp;con la participaci\u00f3n de Roberto G\u00f3mez (Jefe de Econom\u00eda Circular de REPSOL), Daniel Campo (Director Comercial de BASF Iberia) y Daniel Gamb\u00fas (Senior Specialist Corporate Sustainability Europe de SABIC), quienes presentaron&nbsp;casos de \u00e9xito industrial en el \u00e1mbito del reciclado qu\u00edmico. Todos ellos coincidieron en que el reciclaje qu\u00edmico supone una oportunidad sin precedentes para potenciar la circularidad de los pl\u00e1sticos como as\u00ed lo demuestran los distintos proyectos concretos que sus organizaciones est\u00e1n desarrollando en la actualidad.&nbsp;<\/p>\n\n\n\n<p>Para ver de nuevo la sesi\u00f3n sobre Reciclado Qu\u00edmico&nbsp;puedes hacerlo&nbsp;<a href=\"https:\/\/innovaplasticos.agoranews.es\/\">aqu\u00ed<\/a><\/p>\n\n\n\n<p><\/p>\n","protected":false},"excerpt":{"rendered":"<p>Los d\u00edas 16 y 23 de septiembre, Plastics Europe Espa\u00f1a, junto con SusChem-Espa\u00f1a, la Plataforma Tecnol\u00f3gica y de Innovaci\u00f3n Espa\u00f1ola\u2026<\/p>\n","protected":false},"author":3,"featured_media":199,"comment_status":"open","ping_status":"open","sticky":false,"template":"","format":"standard","meta":{"footnotes":""},"categories":[7],"tags":[],"class_list":["post-198","post","type-post","status-publish","format-standard","has-post-thumbnail","hentry","category-noticias"],"acf":[],"yoast_head":"<!-- This site is optimized with the Yoast SEO plugin v21.6 - https:\/\/yoast.com\/wordpress\/plugins\/seo\/ -->\n<title>Resumen III jornada #InnovaPl\u00e1sticos - Plastics Europe ES<\/title>\n<meta name=\"robots\" content=\"index, follow, max-snippet:-1, max-image-preview:large, max-video-preview:-1\" \/>\n<link rel=\"canonical\" href=\"https:\/\/plasticseurope.org\/es\/resumen-iii-jornadas-innovaplasticos\/\" \/>\n<meta property=\"og:locale\" content=\"es_ES\" \/>\n<meta property=\"og:type\" content=\"article\" \/>\n<meta property=\"og:title\" content=\"Resumen III jornada #InnovaPl\u00e1sticos - Plastics Europe ES\" \/>\n<meta property=\"og:description\" content=\"Los d\u00edas 16 y 23 de septiembre, Plastics Europe Espa\u00f1a, junto con SusChem-Espa\u00f1a, la Plataforma Tecnol\u00f3gica y de Innovaci\u00f3n Espa\u00f1ola\u2026\" \/>\n<meta property=\"og:url\" content=\"https:\/\/plasticseurope.org\/es\/resumen-iii-jornadas-innovaplasticos\/\" \/>\n<meta property=\"og:site_name\" content=\"Plastics Europe ES\" \/>\n<meta property=\"article:published_time\" content=\"2020-09-23T13:24:00+00:00\" \/>\n<meta property=\"article:modified_time\" content=\"2023-01-10T17:11:37+00:00\" \/>\n<meta property=\"og:image\" content=\"https:\/\/plasticseurope.org\/es\/wp-content\/uploads\/sites\/4\/2021\/10\/1200x400px_Innova_Plasticos_2020.jpg\" \/>\n\t<meta property=\"og:image:width\" content=\"1599\" \/>\n\t<meta property=\"og:image:height\" content=\"533\" \/>\n\t<meta property=\"og:image:type\" content=\"image\/jpeg\" \/>\n<meta name=\"author\" content=\"lizzydoyle\" \/>\n<meta name=\"twitter:card\" content=\"summary_large_image\" \/>\n<meta name=\"twitter:label1\" content=\"Escrito por\" \/>\n\t<meta name=\"twitter:data1\" content=\"lizzydoyle\" \/>\n\t<meta name=\"twitter:label2\" content=\"Tiempo de lectura\" \/>\n\t<meta name=\"twitter:data2\" content=\"3 minutos\" \/>\n<script type=\"application\/ld+json\" class=\"yoast-schema-graph\">{\"@context\":\"https:\/\/schema.org\",\"@graph\":[{\"@type\":\"WebPage\",\"@id\":\"https:\/\/plasticseurope.org\/es\/resumen-iii-jornadas-innovaplasticos\/\",\"url\":\"https:\/\/plasticseurope.org\/es\/resumen-iii-jornadas-innovaplasticos\/\",\"name\":\"Resumen III jornada #InnovaPl\u00e1sticos - Plastics Europe ES\",\"isPartOf\":{\"@id\":\"https:\/\/plasticseurope.org\/es\/#website\"},\"datePublished\":\"2020-09-23T13:24:00+00:00\",\"dateModified\":\"2023-01-10T17:11:37+00:00\",\"author\":{\"@id\":\"https:\/\/plasticseurope.org\/es\/#\/schema\/person\/6288b5ce9afeb8d610beabab15839235\"},\"breadcrumb\":{\"@id\":\"https:\/\/plasticseurope.org\/es\/resumen-iii-jornadas-innovaplasticos\/#breadcrumb\"},\"inLanguage\":\"es\",\"potentialAction\":[{\"@type\":\"ReadAction\",\"target\":[\"https:\/\/plasticseurope.org\/es\/resumen-iii-jornadas-innovaplasticos\/\"]}]},{\"@type\":\"BreadcrumbList\",\"@id\":\"https:\/\/plasticseurope.org\/es\/resumen-iii-jornadas-innovaplasticos\/#breadcrumb\",\"itemListElement\":[{\"@type\":\"ListItem\",\"position\":1,\"name\":\"Home\",\"item\":\"https:\/\/plasticseurope.org\/es\/\"},{\"@type\":\"ListItem\",\"position\":2,\"name\":\"Resumen III jornada #InnovaPl\u00e1sticos\"}]},{\"@type\":\"WebSite\",\"@id\":\"https:\/\/plasticseurope.org\/es\/#website\",\"url\":\"https:\/\/plasticseurope.org\/es\/\",\"name\":\"Plastics Europe ES\",\"description\":\"Enabling a sustainable future\",\"potentialAction\":[{\"@type\":\"SearchAction\",\"target\":{\"@type\":\"EntryPoint\",\"urlTemplate\":\"https:\/\/plasticseurope.org\/es\/?s={search_term_string}\"},\"query-input\":\"required name=search_term_string\"}],\"inLanguage\":\"es\"},{\"@type\":\"Person\",\"@id\":\"https:\/\/plasticseurope.org\/es\/#\/schema\/person\/6288b5ce9afeb8d610beabab15839235\",\"name\":\"lizzydoyle\",\"image\":{\"@type\":\"ImageObject\",\"inLanguage\":\"es\",\"@id\":\"https:\/\/plasticseurope.org\/es\/#\/schema\/person\/image\/\",\"url\":\"https:\/\/secure.gravatar.com\/avatar\/7cb64529e0e4d10122f99b32a8b8eb24832571437c923244e9bcbc266227340d?s=96&d=mm&r=g\",\"contentUrl\":\"https:\/\/secure.gravatar.com\/avatar\/7cb64529e0e4d10122f99b32a8b8eb24832571437c923244e9bcbc266227340d?s=96&d=mm&r=g\",\"caption\":\"lizzydoyle\"},\"url\":\"https:\/\/plasticseurope.org\/es\/author\/lizzydoyle\/\"}]}<\/script>\n<!-- \/ Yoast SEO plugin. -->","yoast_head_json":{"title":"Resumen III jornada #InnovaPl\u00e1sticos - Plastics Europe ES","robots":{"index":"index","follow":"follow","max-snippet":"max-snippet:-1","max-image-preview":"max-image-preview:large","max-video-preview":"max-video-preview:-1"},"canonical":"https:\/\/plasticseurope.org\/es\/resumen-iii-jornadas-innovaplasticos\/","og_locale":"es_ES","og_type":"article","og_title":"Resumen III jornada #InnovaPl\u00e1sticos - Plastics Europe ES","og_description":"Los d\u00edas 16 y 23 de septiembre, Plastics Europe Espa\u00f1a, junto con SusChem-Espa\u00f1a, la Plataforma Tecnol\u00f3gica y de Innovaci\u00f3n Espa\u00f1ola\u2026","og_url":"https:\/\/plasticseurope.org\/es\/resumen-iii-jornadas-innovaplasticos\/","og_site_name":"Plastics Europe ES","article_published_time":"2020-09-23T13:24:00+00:00","article_modified_time":"2023-01-10T17:11:37+00:00","og_image":[{"width":1599,"height":533,"url":"https:\/\/plasticseurope.org\/es\/wp-content\/uploads\/sites\/4\/2021\/10\/1200x400px_Innova_Plasticos_2020.jpg","type":"image\/jpeg"}],"author":"lizzydoyle","twitter_card":"summary_large_image","twitter_misc":{"Escrito por":"lizzydoyle","Tiempo de lectura":"3 minutos"},"schema":{"@context":"https:\/\/schema.org","@graph":[{"@type":"WebPage","@id":"https:\/\/plasticseurope.org\/es\/resumen-iii-jornadas-innovaplasticos\/","url":"https:\/\/plasticseurope.org\/es\/resumen-iii-jornadas-innovaplasticos\/","name":"Resumen III jornada #InnovaPl\u00e1sticos - Plastics Europe ES","isPartOf":{"@id":"https:\/\/plasticseurope.org\/es\/#website"},"datePublished":"2020-09-23T13:24:00+00:00","dateModified":"2023-01-10T17:11:37+00:00","author":{"@id":"https:\/\/plasticseurope.org\/es\/#\/schema\/person\/6288b5ce9afeb8d610beabab15839235"},"breadcrumb":{"@id":"https:\/\/plasticseurope.org\/es\/resumen-iii-jornadas-innovaplasticos\/#breadcrumb"},"inLanguage":"es","potentialAction":[{"@type":"ReadAction","target":["https:\/\/plasticseurope.org\/es\/resumen-iii-jornadas-innovaplasticos\/"]}]},{"@type":"BreadcrumbList","@id":"https:\/\/plasticseurope.org\/es\/resumen-iii-jornadas-innovaplasticos\/#breadcrumb","itemListElement":[{"@type":"ListItem","position":1,"name":"Home","item":"https:\/\/plasticseurope.org\/es\/"},{"@type":"ListItem","position":2,"name":"Resumen III jornada #InnovaPl\u00e1sticos"}]},{"@type":"WebSite","@id":"https:\/\/plasticseurope.org\/es\/#website","url":"https:\/\/plasticseurope.org\/es\/","name":"Plastics Europe ES","description":"Enabling a sustainable future","potentialAction":[{"@type":"SearchAction","target":{"@type":"EntryPoint","urlTemplate":"https:\/\/plasticseurope.org\/es\/?s={search_term_string}"},"query-input":"required name=search_term_string"}],"inLanguage":"es"},{"@type":"Person","@id":"https:\/\/plasticseurope.org\/es\/#\/schema\/person\/6288b5ce9afeb8d610beabab15839235","name":"lizzydoyle","image":{"@type":"ImageObject","inLanguage":"es","@id":"https:\/\/plasticseurope.org\/es\/#\/schema\/person\/image\/","url":"https:\/\/secure.gravatar.com\/avatar\/7cb64529e0e4d10122f99b32a8b8eb24832571437c923244e9bcbc266227340d?s=96&d=mm&r=g","contentUrl":"https:\/\/secure.gravatar.com\/avatar\/7cb64529e0e4d10122f99b32a8b8eb24832571437c923244e9bcbc266227340d?s=96&d=mm&r=g","caption":"lizzydoyle"},"url":"https:\/\/plasticseurope.org\/es\/author\/lizzydoyle\/"}]}},"_links":{"self":[{"href":"https:\/\/plasticseurope.org\/es\/wp-json\/wp\/v2\/posts\/198","targetHints":{"allow":["GET"]}}],"collection":[{"href":"https:\/\/plasticseurope.org\/es\/wp-json\/wp\/v2\/posts"}],"about":[{"href":"https:\/\/plasticseurope.org\/es\/wp-json\/wp\/v2\/types\/post"}],"author":[{"embeddable":true,"href":"https:\/\/plasticseurope.org\/es\/wp-json\/wp\/v2\/users\/3"}],"replies":[{"embeddable":true,"href":"https:\/\/plasticseurope.org\/es\/wp-json\/wp\/v2\/comments?post=198"}],"version-history":[{"count":0,"href":"https:\/\/plasticseurope.org\/es\/wp-json\/wp\/v2\/posts\/198\/revisions"}],"wp:featuredmedia":[{"embeddable":true,"href":"https:\/\/plasticseurope.org\/es\/wp-json\/wp\/v2\/media\/199"}],"wp:attachment":[{"href":"https:\/\/plasticseurope.org\/es\/wp-json\/wp\/v2\/media?parent=198"}],"wp:term":[{"taxonomy":"category","embeddable":true,"href":"https:\/\/plasticseurope.org\/es\/wp-json\/wp\/v2\/categories?post=198"},{"taxonomy":"post_tag","embeddable":true,"href":"https:\/\/plasticseurope.org\/es\/wp-json\/wp\/v2\/tags?post=198"}],"curies":[{"name":"wp","href":"https:\/\/api.w.org\/{rel}","templated":true}]}}