{"id":167,"date":"2021-05-19T13:10:00","date_gmt":"2021-05-19T13:10:00","guid":{"rendered":"https:\/\/plasticseurope.wpenginepowered.com\/es\/?p=167"},"modified":"2023-01-10T17:19:03","modified_gmt":"2023-01-10T17:19:03","slug":"the-plastic-museum-ya-desmontado-y-en-camino-de-ser-reciclado-2","status":"publish","type":"post","link":"https:\/\/plasticseurope.org\/es\/the-plastic-museum-ya-desmontado-y-en-camino-de-ser-reciclado-2\/","title":{"rendered":"The Plastic Museum, ya desmontado y en camino de ser reciclado"},"content":{"rendered":"\n<p class=\"has-large-font-size\">Madrid, 19 de mayo de 2021.- Nueve d\u00edas ha estado abierto al p\u00fablico The Plastic Museum, el museo que fue creado para ser reciclado y que ha permitido a miles de visitantes obtener una nueva percepci\u00f3n del pl\u00e1stico y de la importancia de reutilizar y reciclar.<\/p>\n\n\n\n<div style=\"height:16px\" aria-hidden=\"true\" class=\"wp-block-spacer\"><\/div>\n\n\n\n<p>Ubicado en Madrid, en la Plaza de Juan Goytisolo, frente al Reina Sof\u00eda, ha recibido visitantes de todas las edades, que han aprendido el papel esencial que los pl\u00e1sticos tienen en nuestras vidas, a trav\u00e9s de los distintos objetos expuestos en su interior. Adem\u00e1s, distintas personalidades de la cultura y la pol\u00edtica se han acercado estos d\u00edas para conocer en persona esta iniciativa que ha impulsado EsPl\u00e1sticos, la plataforma que a\u00fana a las empresas que trabajan en la fabricaci\u00f3n, reutilizaci\u00f3n y reciclaje del pl\u00e1stico.<\/p>\n\n\n\n<p>The Plastic Museum, el primer museo 100% reciclable del mundo,&nbsp;<strong>naci\u00f3 con la idea de ser desmontado en el Dia Internacional del Reciclaje<\/strong>. Al estar construido \u00edntegramente con pl\u00e1sticos, se ha desmontado para reutilizar y reciclar tanto suelos, como paredes y techos, y crear as\u00ed con estos materiales unos productos que formar\u00e1n parte de la colecci\u00f3n \u201cYo antes era un museo\u201d, y que estar\u00e1n disponibles pr\u00f3ximamente en la tienda online del museo:&nbsp;<a href=\"http:\/\/www.theplasticmuseum.com\/store\">www.theplasticmuseum.com\/store<\/a>.<\/p>\n\n\n\n<p><\/p>\n\n\n\n<div style=\"height:48px\" aria-hidden=\"true\" class=\"wp-block-spacer\"><\/div>\n\n\n","protected":false},"excerpt":{"rendered":"<p>Madrid, 19 de mayo de 2021.- Nueve d\u00edas ha estado abierto al p\u00fablico The Plastic Museum, el museo que fue\u2026<\/p>\n","protected":false},"author":3,"featured_media":168,"comment_status":"open","ping_status":"open","sticky":false,"template":"","format":"standard","meta":{"footnotes":""},"categories":[7],"tags":[],"class_list":["post-167","post","type-post","status-publish","format-standard","has-post-thumbnail","hentry","category-noticias"],"acf":[],"yoast_head":"<!-- This site is optimized with the Yoast SEO plugin v21.6 - https:\/\/yoast.com\/wordpress\/plugins\/seo\/ -->\n<title>The Plastic Museum, ya desmontado y en camino de ser reciclado - Plastics Europe ES<\/title>\n<meta name=\"robots\" content=\"index, follow, max-snippet:-1, max-image-preview:large, max-video-preview:-1\" \/>\n<link rel=\"canonical\" href=\"https:\/\/plasticseurope.org\/es\/the-plastic-museum-ya-desmontado-y-en-camino-de-ser-reciclado-2\/\" \/>\n<meta property=\"og:locale\" content=\"es_ES\" \/>\n<meta property=\"og:type\" content=\"article\" \/>\n<meta property=\"og:title\" content=\"The Plastic Museum, ya desmontado y en camino de ser reciclado - Plastics Europe ES\" \/>\n<meta property=\"og:description\" content=\"Madrid, 19 de mayo de 2021.- Nueve d\u00edas ha estado abierto al p\u00fablico The Plastic Museum, el museo que fue\u2026\" \/>\n<meta property=\"og:url\" content=\"https:\/\/plasticseurope.org\/es\/the-plastic-museum-ya-desmontado-y-en-camino-de-ser-reciclado-2\/\" \/>\n<meta property=\"og:site_name\" content=\"Plastics Europe ES\" \/>\n<meta property=\"article:published_time\" content=\"2021-05-19T13:10:00+00:00\" \/>\n<meta property=\"article:modified_time\" content=\"2023-01-10T17:19:03+00:00\" \/>\n<meta property=\"og:image\" content=\"https:\/\/plasticseurope.org\/es\/wp-content\/uploads\/sites\/4\/2021\/10\/DSC_5654-1-scaled.jpeg\" \/>\n\t<meta property=\"og:image:width\" content=\"2560\" \/>\n\t<meta property=\"og:image:height\" content=\"1427\" \/>\n\t<meta property=\"og:image:type\" content=\"image\/jpeg\" \/>\n<meta name=\"author\" content=\"lizzydoyle\" \/>\n<meta name=\"twitter:card\" content=\"summary_large_image\" \/>\n<meta name=\"twitter:label1\" content=\"Escrito por\" \/>\n\t<meta name=\"twitter:data1\" content=\"lizzydoyle\" \/>\n\t<meta name=\"twitter:label2\" content=\"Tiempo de lectura\" \/>\n\t<meta name=\"twitter:data2\" content=\"2 minutos\" \/>\n<script type=\"application\/ld+json\" class=\"yoast-schema-graph\">{\"@context\":\"https:\/\/schema.org\",\"@graph\":[{\"@type\":\"WebPage\",\"@id\":\"https:\/\/plasticseurope.org\/es\/the-plastic-museum-ya-desmontado-y-en-camino-de-ser-reciclado-2\/\",\"url\":\"https:\/\/plasticseurope.org\/es\/the-plastic-museum-ya-desmontado-y-en-camino-de-ser-reciclado-2\/\",\"name\":\"The Plastic Museum, ya desmontado y en camino de ser reciclado - Plastics Europe ES\",\"isPartOf\":{\"@id\":\"https:\/\/plasticseurope.org\/es\/#website\"},\"datePublished\":\"2021-05-19T13:10:00+00:00\",\"dateModified\":\"2023-01-10T17:19:03+00:00\",\"author\":{\"@id\":\"https:\/\/plasticseurope.org\/es\/#\/schema\/person\/6288b5ce9afeb8d610beabab15839235\"},\"breadcrumb\":{\"@id\":\"https:\/\/plasticseurope.org\/es\/the-plastic-museum-ya-desmontado-y-en-camino-de-ser-reciclado-2\/#breadcrumb\"},\"inLanguage\":\"es\",\"potentialAction\":[{\"@type\":\"ReadAction\",\"target\":[\"https:\/\/plasticseurope.org\/es\/the-plastic-museum-ya-desmontado-y-en-camino-de-ser-reciclado-2\/\"]}]},{\"@type\":\"BreadcrumbList\",\"@id\":\"https:\/\/plasticseurope.org\/es\/the-plastic-museum-ya-desmontado-y-en-camino-de-ser-reciclado-2\/#breadcrumb\",\"itemListElement\":[{\"@type\":\"ListItem\",\"position\":1,\"name\":\"Home\",\"item\":\"https:\/\/plasticseurope.org\/es\/\"},{\"@type\":\"ListItem\",\"position\":2,\"name\":\"The Plastic Museum, ya desmontado y en camino de ser reciclado\"}]},{\"@type\":\"WebSite\",\"@id\":\"https:\/\/plasticseurope.org\/es\/#website\",\"url\":\"https:\/\/plasticseurope.org\/es\/\",\"name\":\"Plastics Europe ES\",\"description\":\"Enabling a sustainable future\",\"potentialAction\":[{\"@type\":\"SearchAction\",\"target\":{\"@type\":\"EntryPoint\",\"urlTemplate\":\"https:\/\/plasticseurope.org\/es\/?s={search_term_string}\"},\"query-input\":\"required name=search_term_string\"}],\"inLanguage\":\"es\"},{\"@type\":\"Person\",\"@id\":\"https:\/\/plasticseurope.org\/es\/#\/schema\/person\/6288b5ce9afeb8d610beabab15839235\",\"name\":\"lizzydoyle\",\"image\":{\"@type\":\"ImageObject\",\"inLanguage\":\"es\",\"@id\":\"https:\/\/plasticseurope.org\/es\/#\/schema\/person\/image\/\",\"url\":\"https:\/\/secure.gravatar.com\/avatar\/7cb64529e0e4d10122f99b32a8b8eb24832571437c923244e9bcbc266227340d?s=96&d=mm&r=g\",\"contentUrl\":\"https:\/\/secure.gravatar.com\/avatar\/7cb64529e0e4d10122f99b32a8b8eb24832571437c923244e9bcbc266227340d?s=96&d=mm&r=g\",\"caption\":\"lizzydoyle\"},\"url\":\"https:\/\/plasticseurope.org\/es\/author\/lizzydoyle\/\"}]}<\/script>\n<!-- \/ Yoast SEO plugin. -->","yoast_head_json":{"title":"The Plastic Museum, ya desmontado y en camino de ser reciclado - Plastics Europe ES","robots":{"index":"index","follow":"follow","max-snippet":"max-snippet:-1","max-image-preview":"max-image-preview:large","max-video-preview":"max-video-preview:-1"},"canonical":"https:\/\/plasticseurope.org\/es\/the-plastic-museum-ya-desmontado-y-en-camino-de-ser-reciclado-2\/","og_locale":"es_ES","og_type":"article","og_title":"The Plastic Museum, ya desmontado y en camino de ser reciclado - Plastics Europe ES","og_description":"Madrid, 19 de mayo de 2021.- Nueve d\u00edas ha estado abierto al p\u00fablico The Plastic Museum, el museo que fue\u2026","og_url":"https:\/\/plasticseurope.org\/es\/the-plastic-museum-ya-desmontado-y-en-camino-de-ser-reciclado-2\/","og_site_name":"Plastics Europe ES","article_published_time":"2021-05-19T13:10:00+00:00","article_modified_time":"2023-01-10T17:19:03+00:00","og_image":[{"width":2560,"height":1427,"url":"https:\/\/plasticseurope.org\/es\/wp-content\/uploads\/sites\/4\/2021\/10\/DSC_5654-1-scaled.jpeg","type":"image\/jpeg"}],"author":"lizzydoyle","twitter_card":"summary_large_image","twitter_misc":{"Escrito por":"lizzydoyle","Tiempo de lectura":"2 minutos"},"schema":{"@context":"https:\/\/schema.org","@graph":[{"@type":"WebPage","@id":"https:\/\/plasticseurope.org\/es\/the-plastic-museum-ya-desmontado-y-en-camino-de-ser-reciclado-2\/","url":"https:\/\/plasticseurope.org\/es\/the-plastic-museum-ya-desmontado-y-en-camino-de-ser-reciclado-2\/","name":"The Plastic Museum, ya desmontado y en camino de ser reciclado - Plastics Europe ES","isPartOf":{"@id":"https:\/\/plasticseurope.org\/es\/#website"},"datePublished":"2021-05-19T13:10:00+00:00","dateModified":"2023-01-10T17:19:03+00:00","author":{"@id":"https:\/\/plasticseurope.org\/es\/#\/schema\/person\/6288b5ce9afeb8d610beabab15839235"},"breadcrumb":{"@id":"https:\/\/plasticseurope.org\/es\/the-plastic-museum-ya-desmontado-y-en-camino-de-ser-reciclado-2\/#breadcrumb"},"inLanguage":"es","potentialAction":[{"@type":"ReadAction","target":["https:\/\/plasticseurope.org\/es\/the-plastic-museum-ya-desmontado-y-en-camino-de-ser-reciclado-2\/"]}]},{"@type":"BreadcrumbList","@id":"https:\/\/plasticseurope.org\/es\/the-plastic-museum-ya-desmontado-y-en-camino-de-ser-reciclado-2\/#breadcrumb","itemListElement":[{"@type":"ListItem","position":1,"name":"Home","item":"https:\/\/plasticseurope.org\/es\/"},{"@type":"ListItem","position":2,"name":"The Plastic Museum, ya desmontado y en camino de ser reciclado"}]},{"@type":"WebSite","@id":"https:\/\/plasticseurope.org\/es\/#website","url":"https:\/\/plasticseurope.org\/es\/","name":"Plastics Europe ES","description":"Enabling a sustainable future","potentialAction":[{"@type":"SearchAction","target":{"@type":"EntryPoint","urlTemplate":"https:\/\/plasticseurope.org\/es\/?s={search_term_string}"},"query-input":"required name=search_term_string"}],"inLanguage":"es"},{"@type":"Person","@id":"https:\/\/plasticseurope.org\/es\/#\/schema\/person\/6288b5ce9afeb8d610beabab15839235","name":"lizzydoyle","image":{"@type":"ImageObject","inLanguage":"es","@id":"https:\/\/plasticseurope.org\/es\/#\/schema\/person\/image\/","url":"https:\/\/secure.gravatar.com\/avatar\/7cb64529e0e4d10122f99b32a8b8eb24832571437c923244e9bcbc266227340d?s=96&d=mm&r=g","contentUrl":"https:\/\/secure.gravatar.com\/avatar\/7cb64529e0e4d10122f99b32a8b8eb24832571437c923244e9bcbc266227340d?s=96&d=mm&r=g","caption":"lizzydoyle"},"url":"https:\/\/plasticseurope.org\/es\/author\/lizzydoyle\/"}]}},"_links":{"self":[{"href":"https:\/\/plasticseurope.org\/es\/wp-json\/wp\/v2\/posts\/167","targetHints":{"allow":["GET"]}}],"collection":[{"href":"https:\/\/plasticseurope.org\/es\/wp-json\/wp\/v2\/posts"}],"about":[{"href":"https:\/\/plasticseurope.org\/es\/wp-json\/wp\/v2\/types\/post"}],"author":[{"embeddable":true,"href":"https:\/\/plasticseurope.org\/es\/wp-json\/wp\/v2\/users\/3"}],"replies":[{"embeddable":true,"href":"https:\/\/plasticseurope.org\/es\/wp-json\/wp\/v2\/comments?post=167"}],"version-history":[{"count":0,"href":"https:\/\/plasticseurope.org\/es\/wp-json\/wp\/v2\/posts\/167\/revisions"}],"wp:featuredmedia":[{"embeddable":true,"href":"https:\/\/plasticseurope.org\/es\/wp-json\/wp\/v2\/media\/168"}],"wp:attachment":[{"href":"https:\/\/plasticseurope.org\/es\/wp-json\/wp\/v2\/media?parent=167"}],"wp:term":[{"taxonomy":"category","embeddable":true,"href":"https:\/\/plasticseurope.org\/es\/wp-json\/wp\/v2\/categories?post=167"},{"taxonomy":"post_tag","embeddable":true,"href":"https:\/\/plasticseurope.org\/es\/wp-json\/wp\/v2\/tags?post=167"}],"curies":[{"name":"wp","href":"https:\/\/api.w.org\/{rel}","templated":true}]}}