{"id":1473,"date":"2023-11-30T09:24:15","date_gmt":"2023-11-30T09:24:15","guid":{"rendered":"https:\/\/plasticseurope.wpenginepowered.com\/es\/?p=1473"},"modified":"2023-11-30T09:27:15","modified_gmt":"2023-11-30T09:27:15","slug":"plastics-europe-reune-a-instituciones-y-expertos-para-analizar-la-nueva-era-del-plastico","status":"publish","type":"post","link":"https:\/\/plasticseurope.org\/es\/plastics-europe-reune-a-instituciones-y-expertos-para-analizar-la-nueva-era-del-plastico\/","title":{"rendered":"Plastics Europe re\u00fane a instituciones y expertos para analizar la nueva era del pl\u00e1stico"},"content":{"rendered":"\n<p><\/p>\n\n\n\n<p><strong>El encuentro \u201cLa Nueva Era del Pl\u00e1stico\u201d ha puesto en com\u00fan las distintas palancas<\/strong> <strong>de la industria de los pl\u00e1sticos en su proceso de circularidad y descarbonizaci\u00f3n, abordando la necesidad de fomentar la transici\u00f3n m\u00e1s all\u00e1 de las fronteras europeas, y de aprovechar el reto como una oportunidad para desarrollar nuevos negocios<\/strong>.<\/p>\n\n\n\n<p><strong>El evento, que ha congregado a m\u00e1s de 120 asistentes, se enmarca en el lanzamiento de la hoja de ruta \u201cThe Plastics Transition\u201d, que pretende alcanzar un ecosistema circular de los pl\u00e1sticos con cero emisiones netas para 2050<\/strong>.<\/p>\n\n\n\n<p>La relaci\u00f3n de la sociedad con los pl\u00e1sticos es complicada. Plastics Europe y su industria comparten y se toman muy en serio las preocupaciones de la sociedad acerca de la contribuci\u00f3n de nuestra industria al cambio clim\u00e1tico. A la vez, es importante reconocer que los pl\u00e1sticos son materiales esenciales en muchas aplicaciones y clave para facilitar la transici\u00f3n hacia la sostenibilidad de otros sectores, como la movilidad el\u00e9ctrica, la agricultura y alimentaci\u00f3n, la medicina moderna o el impulso de las energ\u00edas renovables. Desde hace varios a\u00f1os, la industria europea, que <strong>en 2022 emple\u00f3 a m\u00e1s de 1,5 millones de personas a trav\u00e9s de 53.000 empresas<\/strong>, ha dedicado importantes recursos a fomentar su transici\u00f3n hacia una nueva era del pl\u00e1stico.<\/p>\n\n\n\n<p>Con el objetivo de redise\u00f1ar el sistema europeo de pl\u00e1sticos, Plastics Europe y sus miembros han lanzado recientemente <strong><a href=\"https:\/\/plasticseurope.org\/changingplasticsforgood\/the-plastics-transition\/\" target=\"_blank\" rel=\"noreferrer noopener\">\u201cThe Plastics Transition\u201d<\/a>, una hoja de ruta<\/strong> que incluye pilares, hitos y acciones para lograr que los pl\u00e1sticos en Europa sean circulares y con cero emisiones netas en 2050. Y para fomentar el di\u00e1logo en torno a la nueva era del pl\u00e1stico, Plastics Europe, de la mano de <a href=\"https:\/\/ethic.es\/\" target=\"_blank\" rel=\"noreferrer noopener\">Ethic<\/a>, han celebrado, en el C\u00edrculo de Bellas Artes de Madrid, un di\u00e1logo con distintos expertos de la industria europea, la administraci\u00f3n p\u00fablica y el tercer sector, bajo el lema \u201cLa Nueva Era del Pl\u00e1stico\u201d, que ha congregado a m\u00e1s de 120 personas.<\/p>\n\n\n\n<p><strong>Alicia Mart\u00edn,<\/strong> <strong>directora general de Plastics Europe en la regi\u00f3n ib\u00e9rica<\/strong>, ha dado inicio al evento contextualizando el cambio de paradigma que supone \u201cThe Plastics Transition\u201d para lograr un ecosistema de los pl\u00e1sticos sostenible. \u201c<em>Esta hoja marca un punto de inflexi\u00f3n, pues por primera vez la industria de los pl\u00e1sticos se une en torno a un plan tremendamente ambicioso pero realista para redise\u00f1ar el sistema europeo de pl\u00e1sticos, marcando el camino a seguir en los a\u00f1os venideros y reflejando el profundo cambio cultural de nuestra industria.\u201d<\/em><\/p>\n\n\n\n<p>Al mismo tiempo, la directora ha remarcado que el \u00e9xito de esta transici\u00f3n depender\u00e1 de una colaboraci\u00f3n efectiva y un apoyo pol\u00edtico expl\u00edcito: \u201c<em>Las administraciones p\u00fablicas son un partner esencial en este ambicioso camino. A ellos les pedimos que conf\u00eden en la capacidad de nuestro sector para ofrecer soluciones sostenibles a la sociedad, y <strong>que fomenten un marco regulatorio armonizado y estable, tanto en Espa\u00f1a como en la Uni\u00f3n Europea<\/strong>, que facilite una transici\u00f3n justa de la industria en lugar de dificultarla<\/em>\u201d.<\/p>\n\n\n\n<p>La necesidad de la industria europea de <strong>mantener su competitividad al tiempo que abandera una transici\u00f3n indispensable<\/strong> es una de las ideas que ha vertebrado el encuentro entre instituciones, empresas y expertos. Sobre ello, Alicia Mart\u00edn ha destacado que \u201c<em>necesitamos avanzar en la aplicaci\u00f3n de pol\u00edticas que fomenten el uso de materias primas de origen sostenible y de alta calidad, que apoyen una mejora masiva de la recogida, clasificaci\u00f3n y reciclaje, que brinden acceso a un mix variado de energ\u00edas renovables asequibles y abundantes; y sobre todo que desarrolle legislaciones desde la neutralidad tecnol\u00f3gica y de materiales y se base en la evidencia cient\u00edfica para proponer medidas y objetivos<\/em>\u201d.<\/p>\n\n\n\n<p><strong>El desaf\u00edo de la circularidad en el sector pl\u00e1stico europeo<\/strong><\/p>\n\n\n\n<p>El fomento de la circularidad ha sido la tem\u00e1tica en torno a la que ha girado la primera mesa del evento. La circularidad es una de las medidas m\u00e1s r\u00e1pidas, asequibles, eficaces y probadas para reducir las emisiones de GEI del ecosistema de los pl\u00e1sticos. Bajo esta premisa, <strong>Marta G\u00f3mez Palenque, directora general de <a href=\"https:\/\/www.miteco.gob.es\/es\/calidad-y-evaluacion-ambiental\/temas.html\" target=\"_blank\" rel=\"noreferrer noopener\">Calidad y Evaluaci\u00f3n Ambiental<\/a> del Ministerio para la Transici\u00f3n Ecol\u00f3gica y el Reto Demogr\u00e1fico, Rafael Jim\u00e9nez, director de <a href=\"https:\/\/www.repsol.com\/es\/productos-y-servicios\/quimica\/quimica-news\/lanzamos-mercado-nuestras-primeras-poliolefinas-circulares-certificadas\/index.cshtml\" target=\"_blank\" rel=\"noreferrer noopener\">Poliolefinas de Repsol<\/a>, Jose Luis Rom\u00e1n, director general de <a href=\"https:\/\/www.ineos.com\/businesses\/inovyn\/\" target=\"_blank\" rel=\"noreferrer noopener\">Specialty Vinyls de INEOS-Inovyn<\/a>, y Germ\u00e1n Granda, director general de <a href=\"https:\/\/foretica.org\/\" target=\"_blank\" rel=\"noreferrer noopener\">For\u00e9tica<\/a><\/strong>, han hablado de los factores que favorecer\u00e1n la circularidad y de la necesidad de fomentar la colaboraci\u00f3n p\u00fablico-privada, as\u00ed como de las acciones e inversiones necesarias para fomentar productos y modelos de negocio circulares.<\/p>\n\n\n\n<p>Para alcanzar en 2050 un 65% de pl\u00e1sticos circulares en Europa, <strong>la colaboraci\u00f3n p\u00fablico-privada se antoja clave<\/strong>, a trav\u00e9s de una adaptaci\u00f3n constante del marco regulatorio que garantice la estabilidad y fomente al mismo tiempo el ecodise\u00f1o, la reutilizaci\u00f3n y el reciclaje tanto mec\u00e1nico como qu\u00edmico, as\u00ed como la producci\u00f3n de pl\u00e1sticos a partir de biomasa y de la captura de CO<sub>2<\/sub>.<\/p>\n\n\n\n<p>Seg\u00fan los participantes en el coloquio, es igualmente indispensable el establecimiento de unos <strong>objetivos m\u00ednimos de contenido en pl\u00e1stico reciclado en aplicaciones clave<\/strong>, y el desbloqueo de inversiones vitales para la transici\u00f3n de la industria, como las relacionadas con el reciclaje qu\u00edmico. Todo ello mientras garantizamos una transici\u00f3n justa tambi\u00e9n con los consumidores, pues en ning\u00fan caso las grandes inversiones requeridas deben acabar traslad\u00e1ndose en su totalidad a estos \u00faltimos.<\/p>\n\n\n\n<p>Finalmente, esta primera mesa concluy\u00f3 con una idea clave: <strong>la transici\u00f3n de los pl\u00e1sticos es una oportunidad para Europa<\/strong> de situarse al frente de una revoluci\u00f3n que est\u00e1 creando nuevos modelos de negocio y aplicaciones que pueden suponer una importante reindustrializaci\u00f3n. Pero, al mismo tiempo, debemos implicar al resto del mundo en esta tarea, con el fin de operar en igualdad de condiciones en el mercado y de conseguir verdaderamente una industria sostenible de los pl\u00e1sticos a nivel global.<\/p>\n\n\n\n<p><strong>Emisiones cero: c\u00f3mo tangibilidad el futuro de la industria<\/strong><\/p>\n\n\n\n<p>La segunda mesa redonda ha abordado la necesidad de reducir las emisiones GEI dentro del ecosistema de los pl\u00e1sticos. \u201cThe Plastics Transition\u201d contempla una reducci\u00f3n de emisiones del 28% para 2030, como paso previo al alcance de las cero emisiones netas en 2050. <strong>Eduardo Gonz\u00e1lez Fern\u00e1ndez, subdirector general de <a href=\"https:\/\/administracion.gob.es\/pagFront\/espanaAdmon\/directorioOrganigramas\/fichaUnidadOrganica.htm?idUnidOrganica=134056&amp;origenUO=gobiernoEstado&amp;volver=volverFicha\" target=\"_blank\" rel=\"noreferrer noopener\">Coordinaci\u00f3n de Acciones frente al Cambio Clim\u00e1tico del Ministerio para la Transici\u00f3n Ecol\u00f3gica y el Reto Demogr\u00e1fico<\/a>, Iv\u00e1n Albertos, Public Affairs &amp; Sustainability Manager en <a href=\"https:\/\/www.basf.com\/es\/es.html\" target=\"_blank\" rel=\"noreferrer noopener\">BASF<\/a>, Julia Echevarr\u00eda, Senior Production director, Tarragona Hydrocarbons en <a href=\"https:\/\/es.dow.com\/es-es.html\" target=\"_blank\" rel=\"noreferrer noopener\">Dow Ib\u00e9rica,<\/a> y Diego Gago, director de Estrategia Pol\u00edtica de <a href=\"https:\/\/bebartlet.com\/\" target=\"_blank\" rel=\"noreferrer noopener\">beBartlet<\/a><\/strong>, han tratado aquellas medidas complementarias y de alto impacto que requieren de la participaci\u00f3n de toda la cadena de valor.<\/p>\n\n\n\n<p>Para lograr el net-zero en 2050, <strong>toda la cadena de valor del sector de los pl\u00e1sticos ha de movilizarse.<\/strong> Por ejemplo, aguas arriba, incrementando el uso de materias primas circulares de alta calidad. Y aguas abajo, en las etapas de transformaci\u00f3n y de gesti\u00f3n de fin de vida de los productos pl\u00e1sticos. En esa l\u00ednea, es importante destacar que el impulso de soluciones circulares reducir\u00e1 notablemente la cantidad de pl\u00e1sticos que acaban en plantas de incineraci\u00f3n, las cuales representan una fuente importante de emisiones de CO<sub>2<\/sub>.<\/p>\n\n\n\n<p>Durante el debate, se ha recordado como la sociedad ha demostrado en multitud de ocasiones su capacidad de adaptaci\u00f3n a los cambios, cuando estos se hacen bien. En ese sentido, <strong>la digitalizaci\u00f3n<\/strong> es otro aliado de la sostenibilidad, que facilitar\u00e1 tambi\u00e9n una buena respuesta de consumidores y empresas.<\/p>\n\n\n\n<p>Adem\u00e1s de la reutilizaci\u00f3n y los modelos de negocio circulares, que se prev\u00e9n que reduzcan un 55% las emisiones de GEI anuales totales para 2050, la industria plantea otras medidas igualmente importantes, relacionadas con la eficiencia energ\u00e9tica, el uso de combustibles renovables y con bajas emisiones de carbono, la electrificaci\u00f3n de los procesos de producci\u00f3n o la ya mencionada captura y almacenamiento de carbono. <strong>Palancas que ser\u00e1n claves para alcanzar las cero emisiones netas a mediados de siglo.<\/strong><\/p>\n\n\n\n<p><strong>El coste de no actuar<\/strong><\/p>\n\n\n\n<p>La economista Elena Pisonero ha cerrado el encuentro destacando que nos encontramos ante un cambio sist\u00e9mico, que a\u00f1ade mucha complejidad a cada paso del camino, al incrementar el n\u00famero de stakeholders que debemos implicar.<\/p>\n\n\n\n<p>Tambi\u00e9n ha destacado los avances ya logrados a trav\u00e9s de hitos como los Acuerdos de Paris de 2015 o la Agenda 2030, <strong>cuya consecuci\u00f3n supusieron una toma de conciencia a nivel global.<\/strong> Pero la revoluci\u00f3n sostenible, ha recordado Pisonero, es tambi\u00e9n una enorme oportunidad de construir el futuro que queremos, a trav\u00e9s de una revisi\u00f3n constante de nuestros procesos.<\/p>\n\n\n\n<p>Finalmente, la economista ha destacado que, en transiciones como la que compete a los pl\u00e1sticos, todos tenemos una cuota de responsabilidad de la que tomar conciencia. Algo m\u00e1s importante todav\u00eda si tenemos en cuenta que, a pesar de atravesar uno de los cambios globales m\u00e1s relevantes de nuestra historia, no existe una serie de reglas comunes que apliquen de la misma manera para todos.<\/p>\n\n\n\n<p><strong>Mas informaci\u00f3n acerca de la hoja de ruta \u201cThe Plastics Transition\u201d para la transici\u00f3n de la industria hacia la circularidad y las cero emisiones netas<\/strong><\/p>\n\n\n\n<p><em>Puede acceder a todos los contenidos sobre \u201cThe Plastics Transition\u201d <\/em><a href=\"https:\/\/plasticseurope.org\/changingplasticsforgood\/the-plastics-transition\/\" target=\"_blank\" rel=\"noreferrer noopener\"><em>aqu\u00ed<\/em><\/a><\/p>\n\n\n\n<p><em>Puede acceder al resumen ejecutivo en castellano <\/em><a href=\"https:\/\/plasticseurope.org\/es\/knowledge-hub\/los-productores-de-materias-primas-plasticas-se-unen-en-torno-a-una-vision-comun-para-redisenar-el-ecosistema-europeo-de-los-plasticos\/\" target=\"_blank\" rel=\"noreferrer noopener\"><em>aqu\u00ed<\/em><\/a><\/p>\n\n\n\n<p>La hoja de ruta \u201cThe Plastics Transition\u201d proporciona un marco de trabajo, hitos para 2030 e indicadores a fin de controlar el progreso, identificar cuellos de botella y buscar soluciones para seguir avanzando. El progreso de la industria frente a estos indicadores de circularidad y de emisiones de gases de efecto invernadero (GEI) se medir\u00e1 sobre la base de los resultados agregados de una encuesta hecha a los miembros de Plastics Europe. Cada dos a\u00f1os, se informar\u00e1 sobre dicho progreso de forma transparente, y se indicar\u00e1 cualquier cuello de botella o elemento acelerador de la transici\u00f3n que se identifique.<\/p>\n\n\n\n<p>La hoja de ruta es una respuesta al informe independiente \u201cReShaping Plastics: Rutas hacia una econom\u00eda europea de los pl\u00e1sticos circular y clim\u00e1ticamente neutra\u201d encargado por Plastics Europe en 2021. Dicho informe, estableci\u00f3 una base para diferentes caminos potenciales hacia los objetivos de cero emisiones netas y circularidad en 2050.<\/p>\n\n\n\n<p>En su discurso sobre el estado de la Uni\u00f3n del 10 de octubre, la presidenta de la Comisi\u00f3n Europea, \u00darsula von der Leyen, habl\u00f3 de la necesidad de apoyar a la industria europea en su transici\u00f3n. Afirm\u00f3 que la Comisi\u00f3n Europea est\u00e1 analizando los riesgos y las necesidades que esta transici\u00f3n genera para cada ecosistema y que deber\u00eda desarrollarse un enfoque para cada uno de ellos. Como parte de este proceso, la Comisi\u00f3n Europea celebrar\u00e1 una serie de di\u00e1logos abiertos (llamados \u201cClean Transition Dialogues\u201d) con la industria, cuyo objetivo principal es apoyar a todos los sectores en la construcci\u00f3n de su modelo de negocio para la descarbonizaci\u00f3n de la industria. En este sentido, Plastics Europe pide a la Comisi\u00f3n Europea que establezca cuanto antes un di\u00e1logo similar (\u201cClean Transition Dialogue\u201d) con la industria de los pl\u00e1sticos para analizar los elementos catalizadores, las inversiones y las barreras para alcanzar un sistema de los pl\u00e1sticos circular, con cero emisiones netas y sostenible en Europa y reconocer el rol estrat\u00e9gico de esta industria para alcanzar los objetivos de Europa en materia de transici\u00f3n verde.<\/p>\n\n\n\n<figure class=\"wp-block-image size-large is-resized\"><img decoding=\"async\" src=\"https:\/\/plasticseurope.org\/es\/wp-content\/uploads\/sites\/4\/2023\/07\/Imagen-espacio-1-1024x243.png\" alt=\"\" class=\"wp-image-1144\" style=\"width:157px;height:auto\" \/><\/figure>\n\n\n\n<figure class=\"wp-block-image size-large\"><img loading=\"lazy\" decoding=\"async\" width=\"1024\" height=\"681\" src=\"https:\/\/plasticseurope.org\/es\/wp-content\/uploads\/sites\/4\/2023\/11\/Plastics-Europe_Foto-grupal-1024x681.jpg\" alt=\"\" class=\"wp-image-1474\" srcset=\"https:\/\/plasticseurope.org\/es\/wp-content\/uploads\/sites\/4\/2023\/11\/Plastics-Europe_Foto-grupal-1024x681.jpg 1024w, https:\/\/plasticseurope.org\/es\/wp-content\/uploads\/sites\/4\/2023\/11\/Plastics-Europe_Foto-grupal-300x200.jpg 300w, https:\/\/plasticseurope.org\/es\/wp-content\/uploads\/sites\/4\/2023\/11\/Plastics-Europe_Foto-grupal-768x511.jpg 768w, https:\/\/plasticseurope.org\/es\/wp-content\/uploads\/sites\/4\/2023\/11\/Plastics-Europe_Foto-grupal-1536x1022.jpg 1536w, https:\/\/plasticseurope.org\/es\/wp-content\/uploads\/sites\/4\/2023\/11\/Plastics-Europe_Foto-grupal-2048x1363.jpg 2048w, https:\/\/plasticseurope.org\/es\/wp-content\/uploads\/sites\/4\/2023\/11\/Plastics-Europe_Foto-grupal-1980x1317.jpg 1980w, https:\/\/plasticseurope.org\/es\/wp-content\/uploads\/sites\/4\/2023\/11\/Plastics-Europe_Foto-grupal-1263x840.jpg 1263w\" sizes=\"auto, (max-width: 1024px) 100vw, 1024px\" \/><\/figure>\n\n\n\n<figure class=\"wp-block-image size-large is-resized\"><img decoding=\"async\" src=\"https:\/\/plasticseurope.org\/es\/wp-content\/uploads\/sites\/4\/2023\/07\/Imagen-espacio-1-1024x243.png\" alt=\"\" class=\"wp-image-1144\" style=\"width:148px;height:auto\" \/><\/figure>\n\n\n\n<p>De izquierda a derecha: Rafael Jim\u00e9nez, Jos\u00e9 Luis. Rom\u00e1n, Diego Gago, Julia Echevarr\u00eda, Germ\u00e1n Granda, Alicia Mart\u00edn, Elena Pisonero, Marta G\u00f3mez Palenque, Cristina Monje, Iv\u00e1n Albertos, Eduardo Gonz\u00e1lez Fern\u00e1ndez<\/p>\n\n\n\n<p class=\"has-large-font-size\"><\/p>\n\n\n\n<div style=\"height:16px\" aria-hidden=\"true\" class=\"wp-block-spacer\"><\/div>\n\n\n\n<p><\/p>\n\n\n\n<div style=\"height:48px\" aria-hidden=\"true\" class=\"wp-block-spacer\"><\/div>\n\n\n","protected":false},"excerpt":{"rendered":"<p>El encuentro \u201cLa Nueva Era del Pl\u00e1stico\u201d ha puesto en com\u00fan las distintas palancas de la industria de los pl\u00e1sticos\u2026<\/p>\n","protected":false},"author":10,"featured_media":1474,"comment_status":"open","ping_status":"open","sticky":false,"template":"","format":"standard","meta":{"footnotes":""},"categories":[6],"tags":[],"class_list":["post-1473","post","type-post","status-publish","format-standard","has-post-thumbnail","hentry","category-notas-de-prensa"],"acf":[],"yoast_head":"<!-- This site is optimized with the Yoast SEO plugin v21.6 - https:\/\/yoast.com\/wordpress\/plugins\/seo\/ -->\n<title>Plastics Europe re\u00fane a instituciones y expertos para analizar la nueva era del pl\u00e1stico - Plastics Europe ES<\/title>\n<meta name=\"robots\" content=\"index, follow, max-snippet:-1, max-image-preview:large, max-video-preview:-1\" \/>\n<link rel=\"canonical\" href=\"https:\/\/plasticseurope.org\/es\/plastics-europe-reune-a-instituciones-y-expertos-para-analizar-la-nueva-era-del-plastico\/\" \/>\n<meta property=\"og:locale\" content=\"es_ES\" \/>\n<meta property=\"og:type\" content=\"article\" \/>\n<meta property=\"og:title\" content=\"Plastics Europe re\u00fane a instituciones y expertos para analizar la nueva era del pl\u00e1stico - Plastics Europe ES\" \/>\n<meta property=\"og:description\" content=\"El encuentro \u201cLa Nueva Era del Pl\u00e1stico\u201d ha puesto en com\u00fan las distintas palancas de la industria de los pl\u00e1sticos\u2026\" \/>\n<meta property=\"og:url\" content=\"https:\/\/plasticseurope.org\/es\/plastics-europe-reune-a-instituciones-y-expertos-para-analizar-la-nueva-era-del-plastico\/\" \/>\n<meta property=\"og:site_name\" content=\"Plastics Europe ES\" \/>\n<meta property=\"article:published_time\" content=\"2023-11-30T09:24:15+00:00\" \/>\n<meta property=\"article:modified_time\" content=\"2023-11-30T09:27:15+00:00\" \/>\n<meta property=\"og:image\" content=\"https:\/\/plasticseurope.org\/es\/wp-content\/uploads\/sites\/4\/2023\/11\/Plastics-Europe_Foto-grupal-scaled.jpg\" \/>\n\t<meta property=\"og:image:width\" content=\"2560\" \/>\n\t<meta property=\"og:image:height\" content=\"1703\" \/>\n\t<meta property=\"og:image:type\" content=\"image\/jpeg\" \/>\n<meta name=\"author\" content=\"lolaruiz\" \/>\n<meta name=\"twitter:card\" content=\"summary_large_image\" \/>\n<meta name=\"twitter:label1\" content=\"Escrito por\" \/>\n\t<meta name=\"twitter:data1\" content=\"lolaruiz\" \/>\n\t<meta name=\"twitter:label2\" content=\"Tiempo de lectura\" \/>\n\t<meta name=\"twitter:data2\" content=\"10 minutos\" \/>\n<script type=\"application\/ld+json\" class=\"yoast-schema-graph\">{\"@context\":\"https:\/\/schema.org\",\"@graph\":[{\"@type\":\"WebPage\",\"@id\":\"https:\/\/plasticseurope.org\/es\/plastics-europe-reune-a-instituciones-y-expertos-para-analizar-la-nueva-era-del-plastico\/\",\"url\":\"https:\/\/plasticseurope.org\/es\/plastics-europe-reune-a-instituciones-y-expertos-para-analizar-la-nueva-era-del-plastico\/\",\"name\":\"Plastics Europe re\u00fane a instituciones y expertos para analizar la nueva era del pl\u00e1stico - Plastics Europe ES\",\"isPartOf\":{\"@id\":\"https:\/\/plasticseurope.org\/es\/#website\"},\"datePublished\":\"2023-11-30T09:24:15+00:00\",\"dateModified\":\"2023-11-30T09:27:15+00:00\",\"author\":{\"@id\":\"https:\/\/plasticseurope.org\/es\/#\/schema\/person\/986e4350a19b391e62efd1023cdb3216\"},\"breadcrumb\":{\"@id\":\"https:\/\/plasticseurope.org\/es\/plastics-europe-reune-a-instituciones-y-expertos-para-analizar-la-nueva-era-del-plastico\/#breadcrumb\"},\"inLanguage\":\"es\",\"potentialAction\":[{\"@type\":\"ReadAction\",\"target\":[\"https:\/\/plasticseurope.org\/es\/plastics-europe-reune-a-instituciones-y-expertos-para-analizar-la-nueva-era-del-plastico\/\"]}]},{\"@type\":\"BreadcrumbList\",\"@id\":\"https:\/\/plasticseurope.org\/es\/plastics-europe-reune-a-instituciones-y-expertos-para-analizar-la-nueva-era-del-plastico\/#breadcrumb\",\"itemListElement\":[{\"@type\":\"ListItem\",\"position\":1,\"name\":\"Home\",\"item\":\"https:\/\/plasticseurope.org\/es\/\"},{\"@type\":\"ListItem\",\"position\":2,\"name\":\"Plastics Europe re\u00fane a instituciones y expertos para analizar la nueva era del pl\u00e1stico\"}]},{\"@type\":\"WebSite\",\"@id\":\"https:\/\/plasticseurope.org\/es\/#website\",\"url\":\"https:\/\/plasticseurope.org\/es\/\",\"name\":\"Plastics Europe ES\",\"description\":\"Enabling a sustainable future\",\"potentialAction\":[{\"@type\":\"SearchAction\",\"target\":{\"@type\":\"EntryPoint\",\"urlTemplate\":\"https:\/\/plasticseurope.org\/es\/?s={search_term_string}\"},\"query-input\":\"required name=search_term_string\"}],\"inLanguage\":\"es\"},{\"@type\":\"Person\",\"@id\":\"https:\/\/plasticseurope.org\/es\/#\/schema\/person\/986e4350a19b391e62efd1023cdb3216\",\"name\":\"lolaruiz\",\"image\":{\"@type\":\"ImageObject\",\"inLanguage\":\"es\",\"@id\":\"https:\/\/plasticseurope.org\/es\/#\/schema\/person\/image\/\",\"url\":\"https:\/\/secure.gravatar.com\/avatar\/49f6c92194e53f1945eb32315ea65a7257ffbce43813237eda54559f2c10b72c?s=96&d=mm&r=g\",\"contentUrl\":\"https:\/\/secure.gravatar.com\/avatar\/49f6c92194e53f1945eb32315ea65a7257ffbce43813237eda54559f2c10b72c?s=96&d=mm&r=g\",\"caption\":\"lolaruiz\"},\"url\":\"https:\/\/plasticseurope.org\/es\/author\/lolaruiz\/\"}]}<\/script>\n<!-- \/ Yoast SEO plugin. -->","yoast_head_json":{"title":"Plastics Europe re\u00fane a instituciones y expertos para analizar la nueva era del pl\u00e1stico - Plastics Europe ES","robots":{"index":"index","follow":"follow","max-snippet":"max-snippet:-1","max-image-preview":"max-image-preview:large","max-video-preview":"max-video-preview:-1"},"canonical":"https:\/\/plasticseurope.org\/es\/plastics-europe-reune-a-instituciones-y-expertos-para-analizar-la-nueva-era-del-plastico\/","og_locale":"es_ES","og_type":"article","og_title":"Plastics Europe re\u00fane a instituciones y expertos para analizar la nueva era del pl\u00e1stico - Plastics Europe ES","og_description":"El encuentro \u201cLa Nueva Era del Pl\u00e1stico\u201d ha puesto en com\u00fan las distintas palancas de la industria de los pl\u00e1sticos\u2026","og_url":"https:\/\/plasticseurope.org\/es\/plastics-europe-reune-a-instituciones-y-expertos-para-analizar-la-nueva-era-del-plastico\/","og_site_name":"Plastics Europe ES","article_published_time":"2023-11-30T09:24:15+00:00","article_modified_time":"2023-11-30T09:27:15+00:00","og_image":[{"width":2560,"height":1703,"url":"https:\/\/plasticseurope.org\/es\/wp-content\/uploads\/sites\/4\/2023\/11\/Plastics-Europe_Foto-grupal-scaled.jpg","type":"image\/jpeg"}],"author":"lolaruiz","twitter_card":"summary_large_image","twitter_misc":{"Escrito por":"lolaruiz","Tiempo de lectura":"10 minutos"},"schema":{"@context":"https:\/\/schema.org","@graph":[{"@type":"WebPage","@id":"https:\/\/plasticseurope.org\/es\/plastics-europe-reune-a-instituciones-y-expertos-para-analizar-la-nueva-era-del-plastico\/","url":"https:\/\/plasticseurope.org\/es\/plastics-europe-reune-a-instituciones-y-expertos-para-analizar-la-nueva-era-del-plastico\/","name":"Plastics Europe re\u00fane a instituciones y expertos para analizar la nueva era del pl\u00e1stico - Plastics Europe ES","isPartOf":{"@id":"https:\/\/plasticseurope.org\/es\/#website"},"datePublished":"2023-11-30T09:24:15+00:00","dateModified":"2023-11-30T09:27:15+00:00","author":{"@id":"https:\/\/plasticseurope.org\/es\/#\/schema\/person\/986e4350a19b391e62efd1023cdb3216"},"breadcrumb":{"@id":"https:\/\/plasticseurope.org\/es\/plastics-europe-reune-a-instituciones-y-expertos-para-analizar-la-nueva-era-del-plastico\/#breadcrumb"},"inLanguage":"es","potentialAction":[{"@type":"ReadAction","target":["https:\/\/plasticseurope.org\/es\/plastics-europe-reune-a-instituciones-y-expertos-para-analizar-la-nueva-era-del-plastico\/"]}]},{"@type":"BreadcrumbList","@id":"https:\/\/plasticseurope.org\/es\/plastics-europe-reune-a-instituciones-y-expertos-para-analizar-la-nueva-era-del-plastico\/#breadcrumb","itemListElement":[{"@type":"ListItem","position":1,"name":"Home","item":"https:\/\/plasticseurope.org\/es\/"},{"@type":"ListItem","position":2,"name":"Plastics Europe re\u00fane a instituciones y expertos para analizar la nueva era del pl\u00e1stico"}]},{"@type":"WebSite","@id":"https:\/\/plasticseurope.org\/es\/#website","url":"https:\/\/plasticseurope.org\/es\/","name":"Plastics Europe ES","description":"Enabling a sustainable future","potentialAction":[{"@type":"SearchAction","target":{"@type":"EntryPoint","urlTemplate":"https:\/\/plasticseurope.org\/es\/?s={search_term_string}"},"query-input":"required name=search_term_string"}],"inLanguage":"es"},{"@type":"Person","@id":"https:\/\/plasticseurope.org\/es\/#\/schema\/person\/986e4350a19b391e62efd1023cdb3216","name":"lolaruiz","image":{"@type":"ImageObject","inLanguage":"es","@id":"https:\/\/plasticseurope.org\/es\/#\/schema\/person\/image\/","url":"https:\/\/secure.gravatar.com\/avatar\/49f6c92194e53f1945eb32315ea65a7257ffbce43813237eda54559f2c10b72c?s=96&d=mm&r=g","contentUrl":"https:\/\/secure.gravatar.com\/avatar\/49f6c92194e53f1945eb32315ea65a7257ffbce43813237eda54559f2c10b72c?s=96&d=mm&r=g","caption":"lolaruiz"},"url":"https:\/\/plasticseurope.org\/es\/author\/lolaruiz\/"}]}},"_links":{"self":[{"href":"https:\/\/plasticseurope.org\/es\/wp-json\/wp\/v2\/posts\/1473","targetHints":{"allow":["GET"]}}],"collection":[{"href":"https:\/\/plasticseurope.org\/es\/wp-json\/wp\/v2\/posts"}],"about":[{"href":"https:\/\/plasticseurope.org\/es\/wp-json\/wp\/v2\/types\/post"}],"author":[{"embeddable":true,"href":"https:\/\/plasticseurope.org\/es\/wp-json\/wp\/v2\/users\/10"}],"replies":[{"embeddable":true,"href":"https:\/\/plasticseurope.org\/es\/wp-json\/wp\/v2\/comments?post=1473"}],"version-history":[{"count":0,"href":"https:\/\/plasticseurope.org\/es\/wp-json\/wp\/v2\/posts\/1473\/revisions"}],"wp:featuredmedia":[{"embeddable":true,"href":"https:\/\/plasticseurope.org\/es\/wp-json\/wp\/v2\/media\/1474"}],"wp:attachment":[{"href":"https:\/\/plasticseurope.org\/es\/wp-json\/wp\/v2\/media?parent=1473"}],"wp:term":[{"taxonomy":"category","embeddable":true,"href":"https:\/\/plasticseurope.org\/es\/wp-json\/wp\/v2\/categories?post=1473"},{"taxonomy":"post_tag","embeddable":true,"href":"https:\/\/plasticseurope.org\/es\/wp-json\/wp\/v2\/tags?post=1473"}],"curies":[{"name":"wp","href":"https:\/\/api.w.org\/{rel}","templated":true}]}}