{"id":1424,"date":"2023-11-08T12:24:27","date_gmt":"2023-11-08T12:24:27","guid":{"rendered":"https:\/\/plasticseurope.wpenginepowered.com\/es\/?p=1424"},"modified":"2023-11-08T13:06:03","modified_gmt":"2023-11-08T13:06:03","slug":"second-chances-con-plastics-europe","status":"publish","type":"post","link":"https:\/\/plasticseurope.org\/es\/second-chances-con-plastics-europe\/","title":{"rendered":"Second Chances con Ay\u00fadame 3D y Plastics Europe"},"content":{"rendered":"\n<p>Por segunda ocasi\u00f3n, Plastics Europe en la regi\u00f3n ib\u00e9rica, colabora con <a href=\"https:\/\/ayudame3d.org\/\" target=\"_blank\" rel=\"noreferrer noopener\">Ay\u00fadame 3D<\/a>, entidad espa\u00f1ola que fomenta el valor social de la tecnolog\u00eda a trav\u00e9s de programas de concienciaci\u00f3n tecnol\u00f3gico-social con el fin de ayudar a colectivos vulnerables de todo el mundo. Ay\u00fadame 3d crea y entrega&nbsp;<strong>brazos impresos en 3D, tr\u00e9sdesis<\/strong>, de manera gratuita a personas con discapacidad. A trav\u00e9s de esta nueva colaboraci\u00f3n lograremos poner en valor el uso de la econom\u00eda circular para generar impacto social y ayudaremos a tres personas de Tanzania a mejorar su calidad de vida y empleabilidad adem\u00e1s de reducir la desigualdad a la que se enfrentan en su d\u00eda a d\u00eda.<\/p>\n\n\n\n<p>Estas tr\u00e9sdesis ser\u00e1n una segunda oportunidad para las personas que las reciben y una inmensa ayuda para el correcto desarrollo de su rutina diaria. La entrega de las tr\u00e9sdesis no solo supone mejorar la vida de 3 personas de forma directa. Tambi\u00e9n muestra la importancia de aplicar el valor social a la tecnolog\u00eda y de darle un uso positivo al pl\u00e1stico, recuperado en este caso, para imprimir las tr\u00e9sdesis y hacer uso de la econom\u00eda circular para generar impacto social.<\/p>\n\n\n\n<p>Como dice Ay\u00fadame 3D, \u00abAyudar es demasiado f\u00e1cil como para no hacerlo\u00bb.<\/p>\n\n\n\n<figure class=\"wp-block-image size-large is-resized\"><img decoding=\"async\" src=\"https:\/\/plasticseurope.org\/es\/wp-content\/uploads\/sites\/4\/2023\/07\/Imagen-espacio-1-1024x243.png\" alt=\"\" class=\"wp-image-1144\" style=\"aspect-ratio:4.2139917695473255;width:153px;height:auto\" \/><\/figure>\n\n\n\n<p class=\"has-large-font-size\"><\/p>\n\n\n\n<p><\/p>\n\n\n\n<figure class=\"wp-block-image size-large is-resized\"><img loading=\"lazy\" decoding=\"async\" width=\"1024\" height=\"768\" src=\"https:\/\/plasticseurope.org\/es\/wp-content\/uploads\/sites\/4\/2023\/11\/image-1-1024x768.png\" alt=\"\" class=\"wp-image-1428\" style=\"aspect-ratio:1.3333333333333333;width:623px;height:auto\" srcset=\"https:\/\/plasticseurope.org\/es\/wp-content\/uploads\/sites\/4\/2023\/11\/image-1-1024x768.png 1024w, https:\/\/plasticseurope.org\/es\/wp-content\/uploads\/sites\/4\/2023\/11\/image-1-300x225.png 300w, https:\/\/plasticseurope.org\/es\/wp-content\/uploads\/sites\/4\/2023\/11\/image-1-768x576.png 768w, https:\/\/plasticseurope.org\/es\/wp-content\/uploads\/sites\/4\/2023\/11\/image-1-1120x840.png 1120w, https:\/\/plasticseurope.org\/es\/wp-content\/uploads\/sites\/4\/2023\/11\/image-1.png 1181w\" sizes=\"auto, (max-width: 1024px) 100vw, 1024px\" \/><\/figure>\n","protected":false},"excerpt":{"rendered":"<p>Por segunda ocasi\u00f3n, Plastics Europe en la regi\u00f3n ib\u00e9rica, colabora con Ay\u00fadame 3D, entidad espa\u00f1ola que fomenta el valor social\u2026<\/p>\n","protected":false},"author":10,"featured_media":1427,"comment_status":"open","ping_status":"open","sticky":false,"template":"","format":"standard","meta":{"footnotes":""},"categories":[7],"tags":[],"class_list":["post-1424","post","type-post","status-publish","format-standard","has-post-thumbnail","hentry","category-noticias"],"acf":[],"yoast_head":"<!-- This site is optimized with the Yoast SEO plugin v21.6 - https:\/\/yoast.com\/wordpress\/plugins\/seo\/ -->\n<title>Second Chances con Ay\u00fadame 3D y Plastics Europe - Plastics Europe ES<\/title>\n<meta name=\"robots\" content=\"index, follow, max-snippet:-1, max-image-preview:large, max-video-preview:-1\" \/>\n<link rel=\"canonical\" href=\"https:\/\/plasticseurope.org\/es\/second-chances-con-plastics-europe\/\" \/>\n<meta property=\"og:locale\" content=\"es_ES\" \/>\n<meta property=\"og:type\" content=\"article\" \/>\n<meta property=\"og:title\" content=\"Second Chances con Ay\u00fadame 3D y Plastics Europe - Plastics Europe ES\" \/>\n<meta property=\"og:description\" content=\"Por segunda ocasi\u00f3n, Plastics Europe en la regi\u00f3n ib\u00e9rica, colabora con Ay\u00fadame 3D, entidad espa\u00f1ola que fomenta el valor social\u2026\" \/>\n<meta property=\"og:url\" content=\"https:\/\/plasticseurope.org\/es\/second-chances-con-plastics-europe\/\" \/>\n<meta property=\"og:site_name\" content=\"Plastics Europe ES\" \/>\n<meta property=\"article:published_time\" content=\"2023-11-08T12:24:27+00:00\" \/>\n<meta property=\"article:modified_time\" content=\"2023-11-08T13:06:03+00:00\" \/>\n<meta property=\"og:image\" content=\"https:\/\/plasticseurope.org\/es\/wp-content\/uploads\/sites\/4\/2023\/11\/Notiweb-Ayudame-3D.png\" \/>\n\t<meta property=\"og:image:width\" content=\"486\" \/>\n\t<meta property=\"og:image:height\" content=\"518\" \/>\n\t<meta property=\"og:image:type\" content=\"image\/png\" \/>\n<meta name=\"author\" content=\"lolaruiz\" \/>\n<meta name=\"twitter:card\" content=\"summary_large_image\" \/>\n<meta name=\"twitter:label1\" content=\"Escrito por\" \/>\n\t<meta name=\"twitter:data1\" content=\"lolaruiz\" \/>\n\t<meta name=\"twitter:label2\" content=\"Tiempo de lectura\" \/>\n\t<meta name=\"twitter:data2\" content=\"2 minutos\" \/>\n<script type=\"application\/ld+json\" class=\"yoast-schema-graph\">{\"@context\":\"https:\/\/schema.org\",\"@graph\":[{\"@type\":\"WebPage\",\"@id\":\"https:\/\/plasticseurope.org\/es\/second-chances-con-plastics-europe\/\",\"url\":\"https:\/\/plasticseurope.org\/es\/second-chances-con-plastics-europe\/\",\"name\":\"Second Chances con Ay\u00fadame 3D y Plastics Europe - Plastics Europe ES\",\"isPartOf\":{\"@id\":\"https:\/\/plasticseurope.org\/es\/#website\"},\"datePublished\":\"2023-11-08T12:24:27+00:00\",\"dateModified\":\"2023-11-08T13:06:03+00:00\",\"author\":{\"@id\":\"https:\/\/plasticseurope.org\/es\/#\/schema\/person\/986e4350a19b391e62efd1023cdb3216\"},\"breadcrumb\":{\"@id\":\"https:\/\/plasticseurope.org\/es\/second-chances-con-plastics-europe\/#breadcrumb\"},\"inLanguage\":\"es\",\"potentialAction\":[{\"@type\":\"ReadAction\",\"target\":[\"https:\/\/plasticseurope.org\/es\/second-chances-con-plastics-europe\/\"]}]},{\"@type\":\"BreadcrumbList\",\"@id\":\"https:\/\/plasticseurope.org\/es\/second-chances-con-plastics-europe\/#breadcrumb\",\"itemListElement\":[{\"@type\":\"ListItem\",\"position\":1,\"name\":\"Home\",\"item\":\"https:\/\/plasticseurope.org\/es\/\"},{\"@type\":\"ListItem\",\"position\":2,\"name\":\"Second Chances con Ay\u00fadame 3D y Plastics Europe\"}]},{\"@type\":\"WebSite\",\"@id\":\"https:\/\/plasticseurope.org\/es\/#website\",\"url\":\"https:\/\/plasticseurope.org\/es\/\",\"name\":\"Plastics Europe ES\",\"description\":\"Enabling a sustainable future\",\"potentialAction\":[{\"@type\":\"SearchAction\",\"target\":{\"@type\":\"EntryPoint\",\"urlTemplate\":\"https:\/\/plasticseurope.org\/es\/?s={search_term_string}\"},\"query-input\":\"required name=search_term_string\"}],\"inLanguage\":\"es\"},{\"@type\":\"Person\",\"@id\":\"https:\/\/plasticseurope.org\/es\/#\/schema\/person\/986e4350a19b391e62efd1023cdb3216\",\"name\":\"lolaruiz\",\"image\":{\"@type\":\"ImageObject\",\"inLanguage\":\"es\",\"@id\":\"https:\/\/plasticseurope.org\/es\/#\/schema\/person\/image\/\",\"url\":\"https:\/\/secure.gravatar.com\/avatar\/49f6c92194e53f1945eb32315ea65a7257ffbce43813237eda54559f2c10b72c?s=96&d=mm&r=g\",\"contentUrl\":\"https:\/\/secure.gravatar.com\/avatar\/49f6c92194e53f1945eb32315ea65a7257ffbce43813237eda54559f2c10b72c?s=96&d=mm&r=g\",\"caption\":\"lolaruiz\"},\"url\":\"https:\/\/plasticseurope.org\/es\/author\/lolaruiz\/\"}]}<\/script>\n<!-- \/ Yoast SEO plugin. -->","yoast_head_json":{"title":"Second Chances con Ay\u00fadame 3D y Plastics Europe - Plastics Europe ES","robots":{"index":"index","follow":"follow","max-snippet":"max-snippet:-1","max-image-preview":"max-image-preview:large","max-video-preview":"max-video-preview:-1"},"canonical":"https:\/\/plasticseurope.org\/es\/second-chances-con-plastics-europe\/","og_locale":"es_ES","og_type":"article","og_title":"Second Chances con Ay\u00fadame 3D y Plastics Europe - Plastics Europe ES","og_description":"Por segunda ocasi\u00f3n, Plastics Europe en la regi\u00f3n ib\u00e9rica, colabora con Ay\u00fadame 3D, entidad espa\u00f1ola que fomenta el valor social\u2026","og_url":"https:\/\/plasticseurope.org\/es\/second-chances-con-plastics-europe\/","og_site_name":"Plastics Europe ES","article_published_time":"2023-11-08T12:24:27+00:00","article_modified_time":"2023-11-08T13:06:03+00:00","og_image":[{"width":486,"height":518,"url":"https:\/\/plasticseurope.org\/es\/wp-content\/uploads\/sites\/4\/2023\/11\/Notiweb-Ayudame-3D.png","type":"image\/png"}],"author":"lolaruiz","twitter_card":"summary_large_image","twitter_misc":{"Escrito por":"lolaruiz","Tiempo de lectura":"2 minutos"},"schema":{"@context":"https:\/\/schema.org","@graph":[{"@type":"WebPage","@id":"https:\/\/plasticseurope.org\/es\/second-chances-con-plastics-europe\/","url":"https:\/\/plasticseurope.org\/es\/second-chances-con-plastics-europe\/","name":"Second Chances con Ay\u00fadame 3D y Plastics Europe - Plastics Europe ES","isPartOf":{"@id":"https:\/\/plasticseurope.org\/es\/#website"},"datePublished":"2023-11-08T12:24:27+00:00","dateModified":"2023-11-08T13:06:03+00:00","author":{"@id":"https:\/\/plasticseurope.org\/es\/#\/schema\/person\/986e4350a19b391e62efd1023cdb3216"},"breadcrumb":{"@id":"https:\/\/plasticseurope.org\/es\/second-chances-con-plastics-europe\/#breadcrumb"},"inLanguage":"es","potentialAction":[{"@type":"ReadAction","target":["https:\/\/plasticseurope.org\/es\/second-chances-con-plastics-europe\/"]}]},{"@type":"BreadcrumbList","@id":"https:\/\/plasticseurope.org\/es\/second-chances-con-plastics-europe\/#breadcrumb","itemListElement":[{"@type":"ListItem","position":1,"name":"Home","item":"https:\/\/plasticseurope.org\/es\/"},{"@type":"ListItem","position":2,"name":"Second Chances con Ay\u00fadame 3D y Plastics Europe"}]},{"@type":"WebSite","@id":"https:\/\/plasticseurope.org\/es\/#website","url":"https:\/\/plasticseurope.org\/es\/","name":"Plastics Europe ES","description":"Enabling a sustainable future","potentialAction":[{"@type":"SearchAction","target":{"@type":"EntryPoint","urlTemplate":"https:\/\/plasticseurope.org\/es\/?s={search_term_string}"},"query-input":"required name=search_term_string"}],"inLanguage":"es"},{"@type":"Person","@id":"https:\/\/plasticseurope.org\/es\/#\/schema\/person\/986e4350a19b391e62efd1023cdb3216","name":"lolaruiz","image":{"@type":"ImageObject","inLanguage":"es","@id":"https:\/\/plasticseurope.org\/es\/#\/schema\/person\/image\/","url":"https:\/\/secure.gravatar.com\/avatar\/49f6c92194e53f1945eb32315ea65a7257ffbce43813237eda54559f2c10b72c?s=96&d=mm&r=g","contentUrl":"https:\/\/secure.gravatar.com\/avatar\/49f6c92194e53f1945eb32315ea65a7257ffbce43813237eda54559f2c10b72c?s=96&d=mm&r=g","caption":"lolaruiz"},"url":"https:\/\/plasticseurope.org\/es\/author\/lolaruiz\/"}]}},"_links":{"self":[{"href":"https:\/\/plasticseurope.org\/es\/wp-json\/wp\/v2\/posts\/1424","targetHints":{"allow":["GET"]}}],"collection":[{"href":"https:\/\/plasticseurope.org\/es\/wp-json\/wp\/v2\/posts"}],"about":[{"href":"https:\/\/plasticseurope.org\/es\/wp-json\/wp\/v2\/types\/post"}],"author":[{"embeddable":true,"href":"https:\/\/plasticseurope.org\/es\/wp-json\/wp\/v2\/users\/10"}],"replies":[{"embeddable":true,"href":"https:\/\/plasticseurope.org\/es\/wp-json\/wp\/v2\/comments?post=1424"}],"version-history":[{"count":0,"href":"https:\/\/plasticseurope.org\/es\/wp-json\/wp\/v2\/posts\/1424\/revisions"}],"wp:featuredmedia":[{"embeddable":true,"href":"https:\/\/plasticseurope.org\/es\/wp-json\/wp\/v2\/media\/1427"}],"wp:attachment":[{"href":"https:\/\/plasticseurope.org\/es\/wp-json\/wp\/v2\/media?parent=1424"}],"wp:term":[{"taxonomy":"category","embeddable":true,"href":"https:\/\/plasticseurope.org\/es\/wp-json\/wp\/v2\/categories?post=1424"},{"taxonomy":"post_tag","embeddable":true,"href":"https:\/\/plasticseurope.org\/es\/wp-json\/wp\/v2\/tags?post=1424"}],"curies":[{"name":"wp","href":"https:\/\/api.w.org\/{rel}","templated":true}]}}