{"id":1363,"date":"2023-10-19T08:59:09","date_gmt":"2023-10-19T08:59:09","guid":{"rendered":"https:\/\/plasticseurope.wpenginepowered.com\/es\/?p=1363"},"modified":"2024-02-27T14:23:35","modified_gmt":"2024-02-27T14:23:35","slug":"plastics-europe-publica-plastics-the-fast-facts-2023","status":"publish","type":"post","link":"https:\/\/plasticseurope.org\/es\/plastics-europe-publica-plastics-the-fast-facts-2023\/","title":{"rendered":"Plastics Europe publica \u201cPlastics \u2013 the fast Facts 2023\u201d"},"content":{"rendered":"\n<p>Plastics Europe publica el nuevo documento <a href=\"https:\/\/plasticseurope.org\/es\/wp-content\/uploads\/sites\/4\/2023\/10\/Plastics-the-fast-Facts-2023.pdf\" target=\"_blank\" rel=\"noreferrer noopener\">&#8216;Pl\u00e1stics \u2013 the <em>fast<\/em> Facts\u201d<\/a>, una infograf\u00eda muy visual sobre los datos preliminares de producci\u00f3n de pl\u00e1sticos, comercio internacional, y otros datos clave del sector a nivel mundial y europeo. A principios de 2024, se publicar\u00e1n datos definitivos y m\u00e1s completos con el informe \u201cLa Econom\u00eda Circular de los Pl\u00e1sticos: una visi\u00f3n general europea\u201d.<\/p>\n\n\n\n<p>Los datos preliminares de \u201cPlastics \u2013 the <em>fast<\/em> Facts\u201d arrojan una serie de tendencias y desarrollos clave.<\/p>\n\n\n\n<figure class=\"wp-block-image size-large is-resized\"><img loading=\"lazy\" decoding=\"async\" width=\"1024\" height=\"243\" src=\"https:\/\/plasticseurope.org\/es\/wp-content\/uploads\/sites\/4\/2023\/07\/Imagen-espacio-1024x243.png\" alt=\"\" class=\"wp-image-1137\" style=\"aspect-ratio:4.2139917695473255;width:84px;height:auto\" srcset=\"https:\/\/plasticseurope.org\/es\/wp-content\/uploads\/sites\/4\/2023\/07\/Imagen-espacio-1024x243.png 1024w, https:\/\/plasticseurope.org\/es\/wp-content\/uploads\/sites\/4\/2023\/07\/Imagen-espacio-300x71.png 300w, https:\/\/plasticseurope.org\/es\/wp-content\/uploads\/sites\/4\/2023\/07\/Imagen-espacio-768x182.png 768w, https:\/\/plasticseurope.org\/es\/wp-content\/uploads\/sites\/4\/2023\/07\/Imagen-espacio-1536x364.png 1536w, https:\/\/plasticseurope.org\/es\/wp-content\/uploads\/sites\/4\/2023\/07\/Imagen-espacio-1280x303.png 1280w, https:\/\/plasticseurope.org\/es\/wp-content\/uploads\/sites\/4\/2023\/07\/Imagen-espacio.png 1600w\" sizes=\"auto, (max-width: 1024px) 100vw, 1024px\" \/><\/figure>\n\n\n\n<p><strong>Crecimiento m\u00e1s r\u00e1pido de los pl\u00e1sticos circulares<\/strong><\/p>\n\n\n\n<p>La producci\u00f3n mundial de pl\u00e1sticos alcanz\u00f3 los 400,3 millones de toneladas en 2022, lo que supone un ligero aumento respecto al a\u00f1o anterior.<\/p>\n\n\n\n<p>Sin embargo, lo m\u00e1s notable es que, proporcionalmente, la producci\u00f3n de pl\u00e1sticos circulares creci\u00f3 16 veces m\u00e1s que la de pl\u00e1sticos de origen f\u00f3sil, alcanzando casi el 10% de la producci\u00f3n mundial. Se espera que el crecimiento de los pl\u00e1sticos circulares aumente a un ritmo a\u00fan m\u00e1s r\u00e1pido en los pr\u00f3ximos a\u00f1os.<\/p>\n\n\n\n<p>El panorama de la circularidad en Europa es a\u00fan m\u00e1s positivo. La producci\u00f3n de pl\u00e1sticos de origen f\u00f3sil disminuy\u00f3 mientras que las de los pl\u00e1sticos circulares aument\u00f3 un 29,2% comparado con 2018, alcanzando una cuota de mercado del 19,7% de la producci\u00f3n total europea de pl\u00e1sticos en 2022.<\/p>\n\n\n\n<p>Acelerar esta tendencia, necesaria para hacer realidad el Pacto Verde de la Uni\u00f3n Europea y las ambiciones de circularidad, requerir\u00e1 un aumento muy significativo de la recogida, clasificaci\u00f3n y reciclaje, as\u00ed como un mayor acceso a materias primas circulares de alta calidad y a energ\u00edas renovables abundantes y asequibles.<\/p>\n\n\n\n<figure class=\"wp-block-image size-large is-resized\"><img loading=\"lazy\" decoding=\"async\" width=\"1024\" height=\"243\" src=\"https:\/\/plasticseurope.org\/es\/wp-content\/uploads\/sites\/4\/2023\/07\/Imagen-espacio-1024x243.png\" alt=\"\" class=\"wp-image-1137\" style=\"aspect-ratio:4.2139917695473255;width:84px;height:auto\" srcset=\"https:\/\/plasticseurope.org\/es\/wp-content\/uploads\/sites\/4\/2023\/07\/Imagen-espacio-1024x243.png 1024w, https:\/\/plasticseurope.org\/es\/wp-content\/uploads\/sites\/4\/2023\/07\/Imagen-espacio-300x71.png 300w, https:\/\/plasticseurope.org\/es\/wp-content\/uploads\/sites\/4\/2023\/07\/Imagen-espacio-768x182.png 768w, https:\/\/plasticseurope.org\/es\/wp-content\/uploads\/sites\/4\/2023\/07\/Imagen-espacio-1536x364.png 1536w, https:\/\/plasticseurope.org\/es\/wp-content\/uploads\/sites\/4\/2023\/07\/Imagen-espacio-1280x303.png 1280w, https:\/\/plasticseurope.org\/es\/wp-content\/uploads\/sites\/4\/2023\/07\/Imagen-espacio.png 1600w\" sizes=\"auto, (max-width: 1024px) 100vw, 1024px\" \/><\/figure>\n\n\n\n<p><strong>Mayor presi\u00f3n sobre la competitividad de los fabricantes europeos<\/strong><\/p>\n\n\n\n<p>En t\u00e9rminos de competitividad, sin embargo, la situaci\u00f3n es m\u00e1s preocupante desde una perspectiva europea. De hecho, los datos confirman la creciente brecha de competitividad entre Europa y el resto del mundo.<\/p>\n\n\n\n<p>En 2002, Europa representaba un 28% la producci\u00f3n mundial de pl\u00e1sticos, en 2022 esa cuota ha ca\u00eddo 14% en 2022, frente a Norteam\u00e9rica y China con cuotas del 17% y del 32% respectivamente. Adem\u00e1s, si bien la producci\u00f3n europea de pl\u00e1sticos tambi\u00e9n ha disminuido en t\u00e9rminos absolutos, la demanda de los transformadores y el consumo de productos pl\u00e1sticos por parte de los consumidores finales europeos se mantiene estable.<\/p>\n\n\n\n<p>Los productores europeos est\u00e1n bajo importantes presiones de competitividad por varias razones, incluidos los altos precios de la energ\u00eda, marcos regulatorios cada vez m\u00e1s estrictos y el acceso las materias primas.<\/p>\n\n\n\n<p>Si esto contin\u00faa, Europa se volver\u00e1 cada vez m\u00e1s dependiente de las importaciones, que no necesariamente cumplen con los est\u00e1ndares de sostenibilidad de la UE, para satisfacer la demanda de pl\u00e1sticos y lograr nuestros objetivos legales. Tambi\u00e9n se ver\u00e1 socavada la capacidad de los productores europeos de pl\u00e1stico para invertir en su transici\u00f3n hacia la circularidad y las cero emisiones netas, y en las transiciones de muchos otros sectores transformadores que dependen de los pl\u00e1sticos. Esto tambi\u00e9n tendr\u00e1 un impacto negativo en la competitividad de estos sectores y aumentar\u00e1 su exposici\u00f3n a las crisis internacionales.<\/p>\n\n\n\n<p>Los datos de \u201cthe <em>fast <\/em>Facts\u201d tambi\u00e9n confirman que China, es el l\u00edder mundial en relaci\u00f3n con la producci\u00f3n y el reciclaje de pl\u00e1sticos de origen biol\u00f3gico, Europa le sigue en segundo lugar.<\/p>\n\n\n\n<p>Para salvaguardar y restablecer la competitividad europea, los fabricantes de pl\u00e1sticos necesitan un marco pol\u00edtico propicio que incentive las inversiones y cree igualdad de condiciones mediante, con medidas como, por ejemplo, la adopci\u00f3n de un mecanismo equivalente a la Ley de Reducci\u00f3n de la Inflaci\u00f3n de EE. UU. en la U.E. y la creaci\u00f3n de un marco regulatorio armonizado y consistente en el mercado \u00fanico.<\/p>\n\n\n\n<figure class=\"wp-block-image size-large is-resized\"><img loading=\"lazy\" decoding=\"async\" width=\"1024\" height=\"243\" src=\"https:\/\/plasticseurope.org\/es\/wp-content\/uploads\/sites\/4\/2023\/07\/Imagen-espacio-1024x243.png\" alt=\"\" class=\"wp-image-1137\" style=\"aspect-ratio:4.2139917695473255;width:84px;height:auto\" srcset=\"https:\/\/plasticseurope.org\/es\/wp-content\/uploads\/sites\/4\/2023\/07\/Imagen-espacio-1024x243.png 1024w, https:\/\/plasticseurope.org\/es\/wp-content\/uploads\/sites\/4\/2023\/07\/Imagen-espacio-300x71.png 300w, https:\/\/plasticseurope.org\/es\/wp-content\/uploads\/sites\/4\/2023\/07\/Imagen-espacio-768x182.png 768w, https:\/\/plasticseurope.org\/es\/wp-content\/uploads\/sites\/4\/2023\/07\/Imagen-espacio-1536x364.png 1536w, https:\/\/plasticseurope.org\/es\/wp-content\/uploads\/sites\/4\/2023\/07\/Imagen-espacio-1280x303.png 1280w, https:\/\/plasticseurope.org\/es\/wp-content\/uploads\/sites\/4\/2023\/07\/Imagen-espacio.png 1600w\" sizes=\"auto, (max-width: 1024px) 100vw, 1024px\" \/><\/figure>\n\n\n\n<p><strong>Liberar el potencial del reciclaje qu\u00edmico<\/strong><\/p>\n\n\n\n<p>La producci\u00f3n mundial de pl\u00e1sticos reciclados sigui\u00f3 aumentando en 2022, alcanzando los 35,5 millones de toneladas, lo que equivale al 8,9% de la producci\u00f3n mundial de pl\u00e1sticos. Cabe destacar que Europa representa el 21% de la producci\u00f3n mundial de pl\u00e1sticos reciclados.<\/p>\n\n\n\n<p>El reciclaje qu\u00edmico es esencial para producir suficientes pl\u00e1sticos reciclados de alta calidad para aplicaciones complejas o con altos requisitos de seguridad, como las de contacto con alimentos, o las destinadas a los sectores de la automoci\u00f3n y de la construcci\u00f3n-edificaci\u00f3n. En 2022, Europa produjo m\u00e1s del 50% de todos los pl\u00e1sticos reciclados por reciclaje qu\u00edmico que se produjeron en el mundo.<\/p>\n\n\n\n<p>La industria ya ha anunciado inversiones de m\u00e1s de 8 mil millones de euros en tecnolog\u00edas de reciclaje qu\u00edmico. As\u00ed, la cantidad de pl\u00e1sticos reciclados v\u00eda estas tecnolog\u00edas deber\u00eda aumentar significativamente en los pr\u00f3ximos a\u00f1os, siempre y cuando los decisores pol\u00edticos aprueben la aceptaci\u00f3n legislativa de estas tecnolog\u00edas con car\u00e1cter urgente.<\/p>\n\n\n\n<p>Puede encontrar m\u00e1s informaci\u00f3n sobre las inversiones anunciadas en reciclaje qu\u00edmico y el marco regulatorio necesario para su r\u00e1pida expansi\u00f3n en Europa, en la p\u00e1gina web espec\u00edfica de Plastics Europe (<a href=\"https:\/\/plasticseurope.org\/sustainability\/circularity\/recycling\/chemical-recycling\/\" target=\"_blank\" rel=\"noreferrer noopener\">aqu\u00ed<\/a>).<\/p>\n\n\n\n<p>Tambi\u00e9n puede acceder al documento \u201c<em>El reciclado qu\u00edmico y la importancia del balance de masas<\/em>\u201d a trav\u00e9s de <a href=\"https:\/\/plasticseurope.org\/es\/knowledge-hub\/el-reciclado-quimico-y-la-importancia-del-balance-de-masas\/\" target=\"_blank\" rel=\"noreferrer noopener\">este enlace<\/a>.<\/p>\n\n\n\n<p>Adem\u00e1s, est\u00e9 atento a la publicaci\u00f3n de la hoja de ruta de nuestra industria hacia la circularidad y las cero emisiones netas en 2050 el pr\u00f3ximo 26 de octubre. \u00c9sta Incluye hitos para 2030, acciones e indicadores clave y datos adicionales de la industria.<\/p>\n\n\n\n<p>&#8212;&#8212;&#8212;<\/p>\n\n\n\n<p>Para un an\u00e1lisis m\u00e1s completo y profundo de la econom\u00eda circular de los pl\u00e1sticos en Europa, consulte los informes bienales \u00ab<a href=\"https:\/\/plasticseurope.org\/es\/knowledge-hub\/la-economia-circular-de-los-plasticos-una-vision-europea-2\/\" target=\"_blank\" rel=\"noreferrer noopener\">La econom\u00eda circular de los pl\u00e1sticos: una visi\u00f3n general europea<\/a>\u00bb de Plastics Europe.<\/p>\n\n\n\n<p>Nota: Plastics Europe adapta sus conjuntos de datos de forma continua con el fin de ofrecer los mejores datos disponibles para evaluar y seguir el progreso hacia la sostenibilidad. Esto significa que a veces es necesario adaptar los datos hist\u00f3ricos retrospectivamente, seg\u00fan los cambios de \u00e1mbito de aplicaci\u00f3n, de definiciones y de disponibilidad de nuevos datos.<\/p>\n\n\n\n<p><\/p>\n\n\n\n<p>\u2b07\ufe0fDescargar <a href=\"https:\/\/plasticseurope.org\/es\/wp-content\/uploads\/sites\/4\/2023\/10\/Plastics-the-fast-Facts-2023.pdf\" target=\"_blank\" rel=\"noreferrer noopener\">Plastics the fast Facts 2023<\/a><\/p>\n\n\n\n<p class=\"has-large-font-size\"><\/p>\n\n\n\n<div style=\"height:16px\" aria-hidden=\"true\" class=\"wp-block-spacer\"><\/div>\n\n\n\n<p><\/p>\n\n\n\n<div style=\"height:48px\" aria-hidden=\"true\" class=\"wp-block-spacer\"><\/div>\n\n\n","protected":false},"excerpt":{"rendered":"<p>Plastics Europe publica el nuevo documento &#8216;Pl\u00e1stics \u2013 the fast Facts\u201d, una infograf\u00eda muy visual sobre los datos preliminares de\u2026<\/p>\n","protected":false},"author":10,"featured_media":1362,"comment_status":"open","ping_status":"open","sticky":false,"template":"","format":"standard","meta":{"footnotes":""},"categories":[7],"tags":[],"class_list":["post-1363","post","type-post","status-publish","format-standard","has-post-thumbnail","hentry","category-noticias"],"acf":[],"yoast_head":"<!-- This site is optimized with the Yoast SEO plugin v21.6 - https:\/\/yoast.com\/wordpress\/plugins\/seo\/ -->\n<title>Plastics Europe publica \u201cPlastics \u2013 the fast Facts 2023\u201d - Plastics Europe ES<\/title>\n<meta name=\"robots\" content=\"index, follow, max-snippet:-1, max-image-preview:large, max-video-preview:-1\" \/>\n<link rel=\"canonical\" href=\"https:\/\/plasticseurope.org\/es\/plastics-europe-publica-plastics-the-fast-facts-2023\/\" \/>\n<meta property=\"og:locale\" content=\"es_ES\" \/>\n<meta property=\"og:type\" content=\"article\" \/>\n<meta property=\"og:title\" content=\"Plastics Europe publica \u201cPlastics \u2013 the fast Facts 2023\u201d - Plastics Europe ES\" \/>\n<meta property=\"og:description\" content=\"Plastics Europe publica el nuevo documento &#8216;Pl\u00e1stics \u2013 the fast Facts\u201d, una infograf\u00eda muy visual sobre los datos preliminares de\u2026\" \/>\n<meta property=\"og:url\" content=\"https:\/\/plasticseurope.org\/es\/plastics-europe-publica-plastics-the-fast-facts-2023\/\" \/>\n<meta property=\"og:site_name\" content=\"Plastics Europe ES\" \/>\n<meta property=\"article:published_time\" content=\"2023-10-19T08:59:09+00:00\" \/>\n<meta property=\"article:modified_time\" content=\"2024-02-27T14:23:35+00:00\" \/>\n<meta property=\"og:image\" content=\"https:\/\/plasticseurope.org\/es\/wp-content\/uploads\/sites\/4\/2023\/10\/News-Plastics-the-Fast-Facts-2023-scaled.jpeg\" \/>\n\t<meta property=\"og:image:width\" content=\"2560\" \/>\n\t<meta property=\"og:image:height\" content=\"1707\" \/>\n\t<meta property=\"og:image:type\" content=\"image\/jpeg\" \/>\n<meta name=\"author\" content=\"lolaruiz\" \/>\n<meta name=\"twitter:card\" content=\"summary_large_image\" \/>\n<meta name=\"twitter:label1\" content=\"Escrito por\" \/>\n\t<meta name=\"twitter:data1\" content=\"lolaruiz\" \/>\n\t<meta name=\"twitter:label2\" content=\"Tiempo de lectura\" \/>\n\t<meta name=\"twitter:data2\" content=\"6 minutos\" \/>\n<script type=\"application\/ld+json\" class=\"yoast-schema-graph\">{\"@context\":\"https:\/\/schema.org\",\"@graph\":[{\"@type\":\"WebPage\",\"@id\":\"https:\/\/plasticseurope.org\/es\/plastics-europe-publica-plastics-the-fast-facts-2023\/\",\"url\":\"https:\/\/plasticseurope.org\/es\/plastics-europe-publica-plastics-the-fast-facts-2023\/\",\"name\":\"Plastics Europe publica \u201cPlastics \u2013 the fast Facts 2023\u201d - Plastics Europe ES\",\"isPartOf\":{\"@id\":\"https:\/\/plasticseurope.org\/es\/#website\"},\"datePublished\":\"2023-10-19T08:59:09+00:00\",\"dateModified\":\"2024-02-27T14:23:35+00:00\",\"author\":{\"@id\":\"https:\/\/plasticseurope.org\/es\/#\/schema\/person\/986e4350a19b391e62efd1023cdb3216\"},\"breadcrumb\":{\"@id\":\"https:\/\/plasticseurope.org\/es\/plastics-europe-publica-plastics-the-fast-facts-2023\/#breadcrumb\"},\"inLanguage\":\"es\",\"potentialAction\":[{\"@type\":\"ReadAction\",\"target\":[\"https:\/\/plasticseurope.org\/es\/plastics-europe-publica-plastics-the-fast-facts-2023\/\"]}]},{\"@type\":\"BreadcrumbList\",\"@id\":\"https:\/\/plasticseurope.org\/es\/plastics-europe-publica-plastics-the-fast-facts-2023\/#breadcrumb\",\"itemListElement\":[{\"@type\":\"ListItem\",\"position\":1,\"name\":\"Home\",\"item\":\"https:\/\/plasticseurope.org\/es\/\"},{\"@type\":\"ListItem\",\"position\":2,\"name\":\"Plastics Europe publica \u201cPlastics \u2013 the fast Facts 2023\u201d\"}]},{\"@type\":\"WebSite\",\"@id\":\"https:\/\/plasticseurope.org\/es\/#website\",\"url\":\"https:\/\/plasticseurope.org\/es\/\",\"name\":\"Plastics Europe ES\",\"description\":\"Enabling a sustainable future\",\"potentialAction\":[{\"@type\":\"SearchAction\",\"target\":{\"@type\":\"EntryPoint\",\"urlTemplate\":\"https:\/\/plasticseurope.org\/es\/?s={search_term_string}\"},\"query-input\":\"required name=search_term_string\"}],\"inLanguage\":\"es\"},{\"@type\":\"Person\",\"@id\":\"https:\/\/plasticseurope.org\/es\/#\/schema\/person\/986e4350a19b391e62efd1023cdb3216\",\"name\":\"lolaruiz\",\"image\":{\"@type\":\"ImageObject\",\"inLanguage\":\"es\",\"@id\":\"https:\/\/plasticseurope.org\/es\/#\/schema\/person\/image\/\",\"url\":\"https:\/\/secure.gravatar.com\/avatar\/49f6c92194e53f1945eb32315ea65a7257ffbce43813237eda54559f2c10b72c?s=96&d=mm&r=g\",\"contentUrl\":\"https:\/\/secure.gravatar.com\/avatar\/49f6c92194e53f1945eb32315ea65a7257ffbce43813237eda54559f2c10b72c?s=96&d=mm&r=g\",\"caption\":\"lolaruiz\"},\"url\":\"https:\/\/plasticseurope.org\/es\/author\/lolaruiz\/\"}]}<\/script>\n<!-- \/ Yoast SEO plugin. -->","yoast_head_json":{"title":"Plastics Europe publica \u201cPlastics \u2013 the fast Facts 2023\u201d - Plastics Europe ES","robots":{"index":"index","follow":"follow","max-snippet":"max-snippet:-1","max-image-preview":"max-image-preview:large","max-video-preview":"max-video-preview:-1"},"canonical":"https:\/\/plasticseurope.org\/es\/plastics-europe-publica-plastics-the-fast-facts-2023\/","og_locale":"es_ES","og_type":"article","og_title":"Plastics Europe publica \u201cPlastics \u2013 the fast Facts 2023\u201d - Plastics Europe ES","og_description":"Plastics Europe publica el nuevo documento &#8216;Pl\u00e1stics \u2013 the fast Facts\u201d, una infograf\u00eda muy visual sobre los datos preliminares de\u2026","og_url":"https:\/\/plasticseurope.org\/es\/plastics-europe-publica-plastics-the-fast-facts-2023\/","og_site_name":"Plastics Europe ES","article_published_time":"2023-10-19T08:59:09+00:00","article_modified_time":"2024-02-27T14:23:35+00:00","og_image":[{"width":2560,"height":1707,"url":"https:\/\/plasticseurope.org\/es\/wp-content\/uploads\/sites\/4\/2023\/10\/News-Plastics-the-Fast-Facts-2023-scaled.jpeg","type":"image\/jpeg"}],"author":"lolaruiz","twitter_card":"summary_large_image","twitter_misc":{"Escrito por":"lolaruiz","Tiempo de lectura":"6 minutos"},"schema":{"@context":"https:\/\/schema.org","@graph":[{"@type":"WebPage","@id":"https:\/\/plasticseurope.org\/es\/plastics-europe-publica-plastics-the-fast-facts-2023\/","url":"https:\/\/plasticseurope.org\/es\/plastics-europe-publica-plastics-the-fast-facts-2023\/","name":"Plastics Europe publica \u201cPlastics \u2013 the fast Facts 2023\u201d - Plastics Europe ES","isPartOf":{"@id":"https:\/\/plasticseurope.org\/es\/#website"},"datePublished":"2023-10-19T08:59:09+00:00","dateModified":"2024-02-27T14:23:35+00:00","author":{"@id":"https:\/\/plasticseurope.org\/es\/#\/schema\/person\/986e4350a19b391e62efd1023cdb3216"},"breadcrumb":{"@id":"https:\/\/plasticseurope.org\/es\/plastics-europe-publica-plastics-the-fast-facts-2023\/#breadcrumb"},"inLanguage":"es","potentialAction":[{"@type":"ReadAction","target":["https:\/\/plasticseurope.org\/es\/plastics-europe-publica-plastics-the-fast-facts-2023\/"]}]},{"@type":"BreadcrumbList","@id":"https:\/\/plasticseurope.org\/es\/plastics-europe-publica-plastics-the-fast-facts-2023\/#breadcrumb","itemListElement":[{"@type":"ListItem","position":1,"name":"Home","item":"https:\/\/plasticseurope.org\/es\/"},{"@type":"ListItem","position":2,"name":"Plastics Europe publica \u201cPlastics \u2013 the fast Facts 2023\u201d"}]},{"@type":"WebSite","@id":"https:\/\/plasticseurope.org\/es\/#website","url":"https:\/\/plasticseurope.org\/es\/","name":"Plastics Europe ES","description":"Enabling a sustainable future","potentialAction":[{"@type":"SearchAction","target":{"@type":"EntryPoint","urlTemplate":"https:\/\/plasticseurope.org\/es\/?s={search_term_string}"},"query-input":"required name=search_term_string"}],"inLanguage":"es"},{"@type":"Person","@id":"https:\/\/plasticseurope.org\/es\/#\/schema\/person\/986e4350a19b391e62efd1023cdb3216","name":"lolaruiz","image":{"@type":"ImageObject","inLanguage":"es","@id":"https:\/\/plasticseurope.org\/es\/#\/schema\/person\/image\/","url":"https:\/\/secure.gravatar.com\/avatar\/49f6c92194e53f1945eb32315ea65a7257ffbce43813237eda54559f2c10b72c?s=96&d=mm&r=g","contentUrl":"https:\/\/secure.gravatar.com\/avatar\/49f6c92194e53f1945eb32315ea65a7257ffbce43813237eda54559f2c10b72c?s=96&d=mm&r=g","caption":"lolaruiz"},"url":"https:\/\/plasticseurope.org\/es\/author\/lolaruiz\/"}]}},"_links":{"self":[{"href":"https:\/\/plasticseurope.org\/es\/wp-json\/wp\/v2\/posts\/1363","targetHints":{"allow":["GET"]}}],"collection":[{"href":"https:\/\/plasticseurope.org\/es\/wp-json\/wp\/v2\/posts"}],"about":[{"href":"https:\/\/plasticseurope.org\/es\/wp-json\/wp\/v2\/types\/post"}],"author":[{"embeddable":true,"href":"https:\/\/plasticseurope.org\/es\/wp-json\/wp\/v2\/users\/10"}],"replies":[{"embeddable":true,"href":"https:\/\/plasticseurope.org\/es\/wp-json\/wp\/v2\/comments?post=1363"}],"version-history":[{"count":0,"href":"https:\/\/plasticseurope.org\/es\/wp-json\/wp\/v2\/posts\/1363\/revisions"}],"wp:featuredmedia":[{"embeddable":true,"href":"https:\/\/plasticseurope.org\/es\/wp-json\/wp\/v2\/media\/1362"}],"wp:attachment":[{"href":"https:\/\/plasticseurope.org\/es\/wp-json\/wp\/v2\/media?parent=1363"}],"wp:term":[{"taxonomy":"category","embeddable":true,"href":"https:\/\/plasticseurope.org\/es\/wp-json\/wp\/v2\/categories?post=1363"},{"taxonomy":"post_tag","embeddable":true,"href":"https:\/\/plasticseurope.org\/es\/wp-json\/wp\/v2\/tags?post=1363"}],"curies":[{"name":"wp","href":"https:\/\/api.w.org\/{rel}","templated":true}]}}