{"id":12763,"date":"2026-03-12T12:59:03","date_gmt":"2026-03-12T12:59:03","guid":{"rendered":"https:\/\/plasticseurope.org\/es\/?p=12763"},"modified":"2026-03-16T11:15:18","modified_gmt":"2026-03-16T11:15:18","slug":"plastics-europe-urge-a-crear-un-marco-competitivo-para-revertir-el-declive-de-la-industria-en-plastics-rubber-2026","status":"publish","type":"post","link":"https:\/\/plasticseurope.org\/es\/plastics-europe-urge-a-crear-un-marco-competitivo-para-revertir-el-declive-de-la-industria-en-plastics-rubber-2026\/","title":{"rendered":"Plastics Europe urge a crear un marco competitivo para revertir el declive de la industria en Plastics &amp; Rubber 2026"},"content":{"rendered":"\n<p class=\"has-large-font-size\"><strong>Plastics Europe organiz\u00f3 la sesi\u00f3n \u00abPl\u00e1sticos en Europa: Competitividad en Riesgo, Claves para Revertir la Tendencia\u00bb, donde se analizaron los factores que han reducido la cuota de producci\u00f3n europea del 22% al 12% en menos de dos d\u00e9cadas.<\/strong><\/p>\n\n\n\n<p class=\"has-large-font-size\"><strong>Expertos de la industria y la administraci\u00f3n p\u00fablica coincidieron en la necesidad de medidas urgentes para garantizar la transici\u00f3n del sector hacia un ecosistema circular y clim\u00e1ticamente neutro.<\/strong><\/p>\n\n\n\n<p style=\"line-height:1.4\">Plastics Europe, la asociaci\u00f3n paneuropea de productores de pl\u00e1sticos, ha reunido hoy a l\u00edderes de la industria y de la administraci\u00f3n en el marco de la feria Plastics &amp; Rubber 2026 para lanzar una advertencia clara: sin un marco regulatorio y estrat\u00e9gico que fomente la competitividad, la industria europea de los pl\u00e1sticos corre un grave riesgo de m\u00e1s deslocalizaci\u00f3n, p\u00e9rdida de empleo y debilitamiento de su capacidad para liderar la transici\u00f3n ecol\u00f3gica.<\/p>\n\n\n\n<p style=\"line-height:1.4\">Durante la sesi\u00f3n \u00abPl\u00e1sticos en Europa: Competitividad en Riesgo, Claves para Revertir la Tendencia\u00bb, la asociaci\u00f3n y los expertos invitados han desgranado las causas de la profunda crisis que atraviesa el sector y han puesto sobre la mesa las v\u00edas de actuaci\u00f3n, tanto industriales como legislativas, para crear el primer ecosistema circular del mundo sin dejar atr\u00e1s a su industria.<\/p>\n\n\n\n<p style=\"line-height:1.4\"><br>La jornada comenz\u00f3 con la intervenci\u00f3n de Carlos Rubio, Intermediate Chemicals Technical Advisor en Repsol, quien, bajo el t\u00edtulo \u00abEl partido que la industria del pl\u00e1stico ha perdido, y el que nos queda por jugar\u00bb, realiz\u00f3 un diagn\u00f3stico sincero de la situaci\u00f3n. Rubio expuso c\u00f3mo la industria Europea ha perdido terreno frente a otras regiones, pero destac\u00f3 que el sector a\u00fan tiene la oportunidad de liderar el futuro. Los puede hacer si apuesta decididamente y con iniciativa, por nuevos modelos de alianzas estructurales, high-tech a bajo coste, as\u00ed como la circularidad y la IA como ejes estrat\u00e9gicos.<\/p>\n\n\n\n<p style=\"line-height:1.4\"><br>A continuaci\u00f3n, Beatriz Meunier, Directora de Comunicaci\u00f3n de Plastics Europe en la regi\u00f3n ib\u00e9rica, puso cifras a esta realidad en su ponencia sobre la competitividad de la industria. Bas\u00e1ndose en los datos del informe Plastics the Fast Facts 2025, Meunier analiz\u00f3 la grave p\u00e9rdida de competitividad de la industria, pero remarc\u00f3 que a\u00fan se puede revertir la tendencia. Con medidas regulatorias urgentes, Europa puede desarrollar el primer ecosistema circular de los pl\u00e1sticos del mundo y proteger a los sectores que se benefician de un suministro local y seguro en la UE.<\/p>\n\n\n\n<p style=\"line-height:1.4\"><br>El acto continu\u00f3 con la mesa redonda \u00abClaves para revertir la tendencia\u00bb, moderada por Alicia Mart\u00edn, Directora General de Plastics Europe en la regi\u00f3n ib\u00e9rica. En ella se debati\u00f3 sobre las palancas necesarias para transformar el actual contexto en una oportunidad. Alicia abri\u00f3 el debate insistiendo en que \u201cRecuperar la competitividad no es una opci\u00f3n, sino una condici\u00f3n indispensable para poder sostener la transici\u00f3n hacia un ecosistema circular y clim\u00e1ticamente neutro.\u201d A continuaci\u00f3n, los ponentes ofrecieron sus perspectivas. <\/p>\n\n\n\n<p style=\"line-height:1.4\"><br>Alejandro Tortosa Serrano, Consejero T\u00e9cnico en el Ministerio de Industria y Turismo, se\u00f1al\u00f3 que \u201cLa pol\u00edtica industrial debe concebirse con un car\u00e1cter transversal, capaz de integrarse e influir en otras pol\u00edticas sectoriales, un principio que cobra especial relevancia en el sector de los pl\u00e1sticos. No debemos adoptar una perspectiva exclusivamente medioambiental, ya que existen otros elementos fundamentales, como la competitividad o la autonom\u00eda estrat\u00e9gica, que han de ser considerados en la definici\u00f3n de estas pol\u00edticas. Si logramos este equilibrio, el sector de los pl\u00e1sticos podr\u00e1 recuperar su posici\u00f3n en Europa, consolid\u00e1ndose como un sector competitivo y preparado para afrontar los desaf\u00edos presentes y futuros, entre los que se incluye, por supuesto, la sostenibilidad\u201d.<\/p>\n\n\n\n<p style=\"line-height:1.4\"><br>Por su parte, Eduardo \u00c1lvarez, Associate R&amp;D\/TS&amp;D Director de Dow, habl\u00f3 sobre el papel que debe jugar la industria europea: \u201cEuropa puede liderar la innovaci\u00f3n y la circularidad de los pl\u00e1sticos, pero debe crear las condiciones para producir y reciclar aqu\u00ed. Proteger la competitividad industrial europea es proteger la transici\u00f3n hacia una econom\u00eda circular, el talento y la autonom\u00eda estrat\u00e9gica de Europa\u201d.<\/p>\n\n\n\n<p style=\"line-height:1.4\"><br>El \u00faltimo en intervenir fue Juan Luis Mi\u00f1ano, C6 BU Senior Manager de UBE; quien se\u00f1al\u00f3 algunas claves: \u201cla competitividad del sector qu\u00edmico y pl\u00e1stico europeo depende de una mayor coordinaci\u00f3n a nivel de la UE, con decisiones m\u00e1s \u00e1giles, energ\u00eda competitiva y un marco regulatorio m\u00e1s simple y predecible que permita el desarrollo de la industria europea.\u201d<\/p>\n\n\n\n<p style=\"line-height:1.4\"><br>La principal conclusi\u00f3n de la jornada fue la urgencia de una colaboraci\u00f3n p\u00fablico-privada s\u00f3lida para establecer una hoja de ruta clara que permita a la industria europea competir en igualdad de condiciones y liderar, desde la innovaci\u00f3n y la sostenibilidad, la nueva econom\u00eda del pl\u00e1stico.<\/p>\n\n\n\n<figure class=\"wp-block-image size-full is-resized\"><img loading=\"lazy\" decoding=\"async\" width=\"835\" height=\"134\" src=\"https:\/\/plasticseurope.org\/es\/wp-content\/uploads\/sites\/4\/2024\/07\/blanco.jpg\" alt=\"\" class=\"wp-image-1846\" style=\"aspect-ratio:5.982312772864659;width:120px;height:auto\" srcset=\"https:\/\/plasticseurope.org\/es\/wp-content\/uploads\/sites\/4\/2024\/07\/blanco.jpg 835w, https:\/\/plasticseurope.org\/es\/wp-content\/uploads\/sites\/4\/2024\/07\/blanco-300x48.jpg 300w, https:\/\/plasticseurope.org\/es\/wp-content\/uploads\/sites\/4\/2024\/07\/blanco-768x123.jpg 768w\" sizes=\"auto, (max-width: 835px) 100vw, 835px\" \/><\/figure>\n\n\n\n<p style=\"line-height:1.4\"><\/p>\n\n\n\n<figure class=\"wp-block-image size-large is-resized\"><img loading=\"lazy\" decoding=\"async\" width=\"1024\" height=\"768\" src=\"https:\/\/plasticseurope.org\/es\/wp-content\/uploads\/sites\/4\/2026\/03\/Plastics-rubber-mesa-redonda-2-1024x768.jpeg\" alt=\"\" class=\"wp-image-12764\" style=\"aspect-ratio:1.3307342430149447;width:682px;height:auto\" srcset=\"https:\/\/plasticseurope.org\/es\/wp-content\/uploads\/sites\/4\/2026\/03\/Plastics-rubber-mesa-redonda-2-1024x768.jpeg 1024w, https:\/\/plasticseurope.org\/es\/wp-content\/uploads\/sites\/4\/2026\/03\/Plastics-rubber-mesa-redonda-2-300x225.jpeg 300w, https:\/\/plasticseurope.org\/es\/wp-content\/uploads\/sites\/4\/2026\/03\/Plastics-rubber-mesa-redonda-2-768x576.jpeg 768w, https:\/\/plasticseurope.org\/es\/wp-content\/uploads\/sites\/4\/2026\/03\/Plastics-rubber-mesa-redonda-2-1536x1152.jpeg 1536w, https:\/\/plasticseurope.org\/es\/wp-content\/uploads\/sites\/4\/2026\/03\/Plastics-rubber-mesa-redonda-2-1120x840.jpeg 1120w, https:\/\/plasticseurope.org\/es\/wp-content\/uploads\/sites\/4\/2026\/03\/Plastics-rubber-mesa-redonda-2.jpeg 1600w\" sizes=\"auto, (max-width: 1024px) 100vw, 1024px\" \/><\/figure>\n\n\n\n<figure class=\"wp-block-image size-full is-resized\"><img loading=\"lazy\" decoding=\"async\" width=\"835\" height=\"134\" src=\"https:\/\/plasticseurope.org\/es\/wp-content\/uploads\/sites\/4\/2024\/07\/blanco.jpg\" alt=\"\" class=\"wp-image-1846\" style=\"aspect-ratio:5.982312772864659;width:120px;height:auto\" srcset=\"https:\/\/plasticseurope.org\/es\/wp-content\/uploads\/sites\/4\/2024\/07\/blanco.jpg 835w, https:\/\/plasticseurope.org\/es\/wp-content\/uploads\/sites\/4\/2024\/07\/blanco-300x48.jpg 300w, https:\/\/plasticseurope.org\/es\/wp-content\/uploads\/sites\/4\/2024\/07\/blanco-768x123.jpg 768w\" sizes=\"auto, (max-width: 835px) 100vw, 835px\" \/><\/figure>\n\n\n\n<p class=\"has-small-font-size\">De izquierda a derecha: Juan Luis Mi\u00f1ano,<em> C6 BU Senior Manager de UBE<\/em>; Eduardo \u00c1lvarez, <em>Associate R&amp;D\/TS&amp;D Director de Dow<\/em>;<br>Alejandro Tortosa, <em>Consejero T\u00e9cnico en el Ministerio de Industria y Turismo<\/em>, y  Alicia Mart\u00edn, <em>Directora de Plastics Europe en la Regi\u00f3n Ib\u00e9rica<\/em>.<\/p>\n\n\n\n<p><\/p>\n","protected":false},"excerpt":{"rendered":"<p>Plastics Europe organiz\u00f3 la sesi\u00f3n \u00abPl\u00e1sticos en Europa: Competitividad en Riesgo, Claves para Revertir la Tendencia\u00bb, donde se analizaron los\u2026<\/p>\n","protected":false},"author":10,"featured_media":12764,"comment_status":"open","ping_status":"open","sticky":false,"template":"","format":"standard","meta":{"footnotes":""},"categories":[6],"tags":[],"class_list":["post-12763","post","type-post","status-publish","format-standard","has-post-thumbnail","hentry","category-notas-de-prensa"],"acf":[],"yoast_head":"<!-- This site is optimized with the Yoast SEO plugin v21.6 - https:\/\/yoast.com\/wordpress\/plugins\/seo\/ -->\n<title>Plastics Europe urge a crear un marco competitivo para revertir el declive de la industria en Plastics &amp; Rubber 2026 - Plastics Europe ES<\/title>\n<meta name=\"robots\" content=\"index, follow, max-snippet:-1, max-image-preview:large, max-video-preview:-1\" \/>\n<link rel=\"canonical\" href=\"https:\/\/plasticseurope.org\/es\/plastics-europe-urge-a-crear-un-marco-competitivo-para-revertir-el-declive-de-la-industria-en-plastics-rubber-2026\/\" \/>\n<meta property=\"og:locale\" content=\"es_ES\" \/>\n<meta property=\"og:type\" content=\"article\" \/>\n<meta property=\"og:title\" content=\"Plastics Europe urge a crear un marco competitivo para revertir el declive de la industria en Plastics &amp; Rubber 2026 - Plastics Europe ES\" \/>\n<meta property=\"og:description\" content=\"Plastics Europe organiz\u00f3 la sesi\u00f3n \u00abPl\u00e1sticos en Europa: Competitividad en Riesgo, Claves para Revertir la Tendencia\u00bb, donde se analizaron los\u2026\" \/>\n<meta property=\"og:url\" content=\"https:\/\/plasticseurope.org\/es\/plastics-europe-urge-a-crear-un-marco-competitivo-para-revertir-el-declive-de-la-industria-en-plastics-rubber-2026\/\" \/>\n<meta property=\"og:site_name\" content=\"Plastics Europe ES\" \/>\n<meta property=\"article:published_time\" content=\"2026-03-12T12:59:03+00:00\" \/>\n<meta property=\"article:modified_time\" content=\"2026-03-16T11:15:18+00:00\" \/>\n<meta property=\"og:image\" content=\"https:\/\/plasticseurope.org\/es\/wp-content\/uploads\/sites\/4\/2026\/03\/Plastics-rubber-mesa-redonda-2.jpeg\" \/>\n\t<meta property=\"og:image:width\" content=\"1600\" \/>\n\t<meta property=\"og:image:height\" content=\"1200\" \/>\n\t<meta property=\"og:image:type\" content=\"image\/jpeg\" \/>\n<meta name=\"author\" content=\"lolaruiz\" \/>\n<meta name=\"twitter:card\" content=\"summary_large_image\" \/>\n<meta name=\"twitter:label1\" content=\"Escrito por\" \/>\n\t<meta name=\"twitter:data1\" content=\"lolaruiz\" \/>\n\t<meta name=\"twitter:label2\" content=\"Tiempo de lectura\" \/>\n\t<meta name=\"twitter:data2\" content=\"5 minutos\" \/>\n<script type=\"application\/ld+json\" class=\"yoast-schema-graph\">{\"@context\":\"https:\/\/schema.org\",\"@graph\":[{\"@type\":\"WebPage\",\"@id\":\"https:\/\/plasticseurope.org\/es\/plastics-europe-urge-a-crear-un-marco-competitivo-para-revertir-el-declive-de-la-industria-en-plastics-rubber-2026\/\",\"url\":\"https:\/\/plasticseurope.org\/es\/plastics-europe-urge-a-crear-un-marco-competitivo-para-revertir-el-declive-de-la-industria-en-plastics-rubber-2026\/\",\"name\":\"Plastics Europe urge a crear un marco competitivo para revertir el declive de la industria en Plastics &amp; Rubber 2026 - Plastics Europe ES\",\"isPartOf\":{\"@id\":\"https:\/\/plasticseurope.org\/es\/#website\"},\"datePublished\":\"2026-03-12T12:59:03+00:00\",\"dateModified\":\"2026-03-16T11:15:18+00:00\",\"author\":{\"@id\":\"https:\/\/plasticseurope.org\/es\/#\/schema\/person\/986e4350a19b391e62efd1023cdb3216\"},\"breadcrumb\":{\"@id\":\"https:\/\/plasticseurope.org\/es\/plastics-europe-urge-a-crear-un-marco-competitivo-para-revertir-el-declive-de-la-industria-en-plastics-rubber-2026\/#breadcrumb\"},\"inLanguage\":\"es\",\"potentialAction\":[{\"@type\":\"ReadAction\",\"target\":[\"https:\/\/plasticseurope.org\/es\/plastics-europe-urge-a-crear-un-marco-competitivo-para-revertir-el-declive-de-la-industria-en-plastics-rubber-2026\/\"]}]},{\"@type\":\"BreadcrumbList\",\"@id\":\"https:\/\/plasticseurope.org\/es\/plastics-europe-urge-a-crear-un-marco-competitivo-para-revertir-el-declive-de-la-industria-en-plastics-rubber-2026\/#breadcrumb\",\"itemListElement\":[{\"@type\":\"ListItem\",\"position\":1,\"name\":\"Home\",\"item\":\"https:\/\/plasticseurope.org\/es\/\"},{\"@type\":\"ListItem\",\"position\":2,\"name\":\"Plastics Europe urge a crear un marco competitivo para revertir el declive de la industria en Plastics &amp; Rubber 2026\"}]},{\"@type\":\"WebSite\",\"@id\":\"https:\/\/plasticseurope.org\/es\/#website\",\"url\":\"https:\/\/plasticseurope.org\/es\/\",\"name\":\"Plastics Europe ES\",\"description\":\"Enabling a sustainable future\",\"potentialAction\":[{\"@type\":\"SearchAction\",\"target\":{\"@type\":\"EntryPoint\",\"urlTemplate\":\"https:\/\/plasticseurope.org\/es\/?s={search_term_string}\"},\"query-input\":\"required name=search_term_string\"}],\"inLanguage\":\"es\"},{\"@type\":\"Person\",\"@id\":\"https:\/\/plasticseurope.org\/es\/#\/schema\/person\/986e4350a19b391e62efd1023cdb3216\",\"name\":\"lolaruiz\",\"image\":{\"@type\":\"ImageObject\",\"inLanguage\":\"es\",\"@id\":\"https:\/\/plasticseurope.org\/es\/#\/schema\/person\/image\/\",\"url\":\"https:\/\/secure.gravatar.com\/avatar\/49f6c92194e53f1945eb32315ea65a7257ffbce43813237eda54559f2c10b72c?s=96&d=mm&r=g\",\"contentUrl\":\"https:\/\/secure.gravatar.com\/avatar\/49f6c92194e53f1945eb32315ea65a7257ffbce43813237eda54559f2c10b72c?s=96&d=mm&r=g\",\"caption\":\"lolaruiz\"},\"url\":\"https:\/\/plasticseurope.org\/es\/author\/lolaruiz\/\"}]}<\/script>\n<!-- \/ Yoast SEO plugin. -->","yoast_head_json":{"title":"Plastics Europe urge a crear un marco competitivo para revertir el declive de la industria en Plastics &amp; Rubber 2026 - Plastics Europe ES","robots":{"index":"index","follow":"follow","max-snippet":"max-snippet:-1","max-image-preview":"max-image-preview:large","max-video-preview":"max-video-preview:-1"},"canonical":"https:\/\/plasticseurope.org\/es\/plastics-europe-urge-a-crear-un-marco-competitivo-para-revertir-el-declive-de-la-industria-en-plastics-rubber-2026\/","og_locale":"es_ES","og_type":"article","og_title":"Plastics Europe urge a crear un marco competitivo para revertir el declive de la industria en Plastics &amp; Rubber 2026 - Plastics Europe ES","og_description":"Plastics Europe organiz\u00f3 la sesi\u00f3n \u00abPl\u00e1sticos en Europa: Competitividad en Riesgo, Claves para Revertir la Tendencia\u00bb, donde se analizaron los\u2026","og_url":"https:\/\/plasticseurope.org\/es\/plastics-europe-urge-a-crear-un-marco-competitivo-para-revertir-el-declive-de-la-industria-en-plastics-rubber-2026\/","og_site_name":"Plastics Europe ES","article_published_time":"2026-03-12T12:59:03+00:00","article_modified_time":"2026-03-16T11:15:18+00:00","og_image":[{"width":1600,"height":1200,"url":"https:\/\/plasticseurope.org\/es\/wp-content\/uploads\/sites\/4\/2026\/03\/Plastics-rubber-mesa-redonda-2.jpeg","type":"image\/jpeg"}],"author":"lolaruiz","twitter_card":"summary_large_image","twitter_misc":{"Escrito por":"lolaruiz","Tiempo de lectura":"5 minutos"},"schema":{"@context":"https:\/\/schema.org","@graph":[{"@type":"WebPage","@id":"https:\/\/plasticseurope.org\/es\/plastics-europe-urge-a-crear-un-marco-competitivo-para-revertir-el-declive-de-la-industria-en-plastics-rubber-2026\/","url":"https:\/\/plasticseurope.org\/es\/plastics-europe-urge-a-crear-un-marco-competitivo-para-revertir-el-declive-de-la-industria-en-plastics-rubber-2026\/","name":"Plastics Europe urge a crear un marco competitivo para revertir el declive de la industria en Plastics &amp; Rubber 2026 - Plastics Europe ES","isPartOf":{"@id":"https:\/\/plasticseurope.org\/es\/#website"},"datePublished":"2026-03-12T12:59:03+00:00","dateModified":"2026-03-16T11:15:18+00:00","author":{"@id":"https:\/\/plasticseurope.org\/es\/#\/schema\/person\/986e4350a19b391e62efd1023cdb3216"},"breadcrumb":{"@id":"https:\/\/plasticseurope.org\/es\/plastics-europe-urge-a-crear-un-marco-competitivo-para-revertir-el-declive-de-la-industria-en-plastics-rubber-2026\/#breadcrumb"},"inLanguage":"es","potentialAction":[{"@type":"ReadAction","target":["https:\/\/plasticseurope.org\/es\/plastics-europe-urge-a-crear-un-marco-competitivo-para-revertir-el-declive-de-la-industria-en-plastics-rubber-2026\/"]}]},{"@type":"BreadcrumbList","@id":"https:\/\/plasticseurope.org\/es\/plastics-europe-urge-a-crear-un-marco-competitivo-para-revertir-el-declive-de-la-industria-en-plastics-rubber-2026\/#breadcrumb","itemListElement":[{"@type":"ListItem","position":1,"name":"Home","item":"https:\/\/plasticseurope.org\/es\/"},{"@type":"ListItem","position":2,"name":"Plastics Europe urge a crear un marco competitivo para revertir el declive de la industria en Plastics &amp; Rubber 2026"}]},{"@type":"WebSite","@id":"https:\/\/plasticseurope.org\/es\/#website","url":"https:\/\/plasticseurope.org\/es\/","name":"Plastics Europe ES","description":"Enabling a sustainable future","potentialAction":[{"@type":"SearchAction","target":{"@type":"EntryPoint","urlTemplate":"https:\/\/plasticseurope.org\/es\/?s={search_term_string}"},"query-input":"required name=search_term_string"}],"inLanguage":"es"},{"@type":"Person","@id":"https:\/\/plasticseurope.org\/es\/#\/schema\/person\/986e4350a19b391e62efd1023cdb3216","name":"lolaruiz","image":{"@type":"ImageObject","inLanguage":"es","@id":"https:\/\/plasticseurope.org\/es\/#\/schema\/person\/image\/","url":"https:\/\/secure.gravatar.com\/avatar\/49f6c92194e53f1945eb32315ea65a7257ffbce43813237eda54559f2c10b72c?s=96&d=mm&r=g","contentUrl":"https:\/\/secure.gravatar.com\/avatar\/49f6c92194e53f1945eb32315ea65a7257ffbce43813237eda54559f2c10b72c?s=96&d=mm&r=g","caption":"lolaruiz"},"url":"https:\/\/plasticseurope.org\/es\/author\/lolaruiz\/"}]}},"_links":{"self":[{"href":"https:\/\/plasticseurope.org\/es\/wp-json\/wp\/v2\/posts\/12763","targetHints":{"allow":["GET"]}}],"collection":[{"href":"https:\/\/plasticseurope.org\/es\/wp-json\/wp\/v2\/posts"}],"about":[{"href":"https:\/\/plasticseurope.org\/es\/wp-json\/wp\/v2\/types\/post"}],"author":[{"embeddable":true,"href":"https:\/\/plasticseurope.org\/es\/wp-json\/wp\/v2\/users\/10"}],"replies":[{"embeddable":true,"href":"https:\/\/plasticseurope.org\/es\/wp-json\/wp\/v2\/comments?post=12763"}],"version-history":[{"count":0,"href":"https:\/\/plasticseurope.org\/es\/wp-json\/wp\/v2\/posts\/12763\/revisions"}],"wp:featuredmedia":[{"embeddable":true,"href":"https:\/\/plasticseurope.org\/es\/wp-json\/wp\/v2\/media\/12764"}],"wp:attachment":[{"href":"https:\/\/plasticseurope.org\/es\/wp-json\/wp\/v2\/media?parent=12763"}],"wp:term":[{"taxonomy":"category","embeddable":true,"href":"https:\/\/plasticseurope.org\/es\/wp-json\/wp\/v2\/categories?post=12763"},{"taxonomy":"post_tag","embeddable":true,"href":"https:\/\/plasticseurope.org\/es\/wp-json\/wp\/v2\/tags?post=12763"}],"curies":[{"name":"wp","href":"https:\/\/api.w.org\/{rel}","templated":true}]}}