{"id":1245,"date":"2023-09-07T08:56:48","date_gmt":"2023-09-07T08:56:48","guid":{"rendered":"https:\/\/plasticseurope.wpenginepowered.com\/es\/?p=1245"},"modified":"2023-09-26T10:20:46","modified_gmt":"2023-09-26T10:20:46","slug":"inteligencia-artificial-plasticos-y-quimica-protagonistas-de-la-vi-edicion-de-innovaplasticos","status":"publish","type":"post","link":"https:\/\/plasticseurope.org\/es\/inteligencia-artificial-plasticos-y-quimica-protagonistas-de-la-vi-edicion-de-innovaplasticos\/","title":{"rendered":"Inteligencia Artificial, pl\u00e1sticos y qu\u00edmica, protagonistas de la VI edici\u00f3n de #InnovaPl\u00e1sticos"},"content":{"rendered":"\n<p><strong>El evento virtual se celebrar\u00e1 el 28 de septiembre bajo el lema \u201cInteligencia Artificial: Dise\u00f1ando los Pl\u00e1sticos del Futuro\u201d.<\/strong><\/p>\n\n\n\n<p><strong>La industria de los pl\u00e1sticos y la qu\u00edmica pueden aprovechar el enorme potencial de la Inteligencia Artificial para acelerar su transici\u00f3n hacia los objetivos de circularidad y de cero emisiones netas de carbono de la Uni\u00f3n Europea para 2050.<\/strong><\/p>\n\n\n\n<p>\u27a1\ufe0f <strong><a href=\"https:\/\/plasticseurope.org\/es\/ya-disponible-la-iv-edicion-de-innovaplasticos\/\" target=\"_blank\" rel=\"noreferrer noopener\"><mark style=\"background-color:#0693e3\" class=\"has-inline-color has-white-color\">Programa completo y registro gratuito<\/mark><\/a><mark style=\"background-color:#0693e3\" class=\"has-inline-color has-white-color\"> <\/mark><\/strong><\/p>\n\n\n\n<p><\/p>\n\n\n\n<p><a href=\"https:\/\/plasticseurope.org\/es\">Plastics Europe<\/a> en la regi\u00f3n ib\u00e9rica, la asociaci\u00f3n paneuropea de productores de pl\u00e1sticos, junto con <a href=\"https:\/\/www.suschem-es.org\/\">SusChem-Espa\u00f1a<\/a>, la Plataforma Tecnol\u00f3gica y de Innovaci\u00f3n de Qu\u00edmica Sostenible gestionada por Feique, celebran la VI edici\u00f3n de #InnovaPl\u00e1sticos el pr\u00f3ximo 28 de septiembre bajo el lema \u201cInteligencia Artificial: Dise\u00f1ando los Pl\u00e1sticos del Futuro\u201d.<\/p>\n\n\n\n<p>El evento, que tendr\u00e1 lugar de forma virtual, contar\u00e1 con la presencia de empresas internacionales de la talla de <a href=\"https:\/\/research.ibm.com\/\" target=\"_blank\" rel=\"noreferrer noopener\">IBM Research<\/a>, <a href=\"https:\/\/www.nextmol.com\/\" target=\"_blank\" rel=\"noreferrer noopener\">NEXTMOL<\/a>, <a href=\"https:\/\/www.odiseia.org\/\" target=\"_blank\" rel=\"noreferrer noopener\">OdiseIA <\/a>y <a href=\"https:\/\/www.afiniti.com\/\" target=\"_blank\" rel=\"noreferrer noopener\">Afiniti<\/a>, todas ellas l\u00edderes en innovaci\u00f3n e IA y que compartir\u00e1n su visi\u00f3n de c\u00f3mo la <strong>Inteligencia Artificial<\/strong> abre un horizonte de posibilidades sin precedentes en una infinidad de sectores y aplicaciones, incluido el dise\u00f1o de <strong>nuevos materiales pl\u00e1sticos<\/strong>.<\/p>\n\n\n\n<p>Esta tecnolog\u00eda no s\u00f3lo puede llegar a transformar las operaciones, brindando beneficios significativos en t\u00e9rminos de seguridad, calidad, productividad, rentabilidad y crecimiento, sino que adem\u00e1s, representa una gran oportunidad para contribuir a los objetivos de sostenibilidad y circularidad a largo plazo de la industria.<\/p>\n\n\n\n<p>La aceleraci\u00f3n del proceso de innovaci\u00f3n, gracias a la posibilidad de explorar un amplio espectro de combinaciones de materiales y estructuras a una velocidad sin igual, o la personalizaci\u00f3n de estos materiales, gracias a la optimizaci\u00f3n de las propiedades de los mismos, son s\u00f3lo algunos de los beneficios que la IA puede proveer cuando es aplicada al desarrollo de nuevos materiales pl\u00e1sticos, faceta que se abordar\u00e1 durante esta nueva edici\u00f3n de la jornada #InnovaPl\u00e1sticos.<\/p>\n\n\n\n<p>El evento, que comenzar\u00e1 a las 10:00h y finalizar\u00e1 a las 11:30h, estar\u00e1 moderado por V\u00edctor Calvo \u2013 Sotelo, director general de <a href=\"https:\/\/www.digitales.es\/\" target=\"_blank\" rel=\"noreferrer noopener\">DIGITALES<\/a>, la Asociaci\u00f3n Espa\u00f1ola para la Digitalizaci\u00f3n que re\u00fane a las principales empresas del sector de la transformaci\u00f3n digital. Alicia Mart\u00edn, directora general de Plastics Europe en la regi\u00f3n Ib\u00e9rica y Adriana Orejas, presidenta de SusChem &#8211; Espa\u00f1a y de la Comisi\u00f3n de Innovaci\u00f3n de Feique, ser\u00e1n las encargadas de presentar la jornada en la que tendr\u00e1 lugar una mesa redonda con la participaci\u00f3n de Mikel D\u00edez Parra, Quantum Global Enablement Lead en IBM Research; Alicia Richard, directora general de Espa\u00f1a y Portugal de Afiniti; M\u00f3nica de Mier, CEO de NEXTMOL; y Juan Manuel Bellota, director general de OdiseIA.<\/p>\n\n\n\n<p class=\"has-large-font-size\"><\/p>\n\n\n\n<p><\/p>\n\n\n\n<figure class=\"wp-block-image alignleft size-large\"><img loading=\"lazy\" decoding=\"async\" width=\"1024\" height=\"537\" src=\"https:\/\/plasticseurope.org\/es\/wp-content\/uploads\/sites\/4\/2023\/09\/Programa-Innova-Plasticos-2023-4-1024x537.jpg\" alt=\"\" class=\"wp-image-1250\" srcset=\"https:\/\/plasticseurope.org\/es\/wp-content\/uploads\/sites\/4\/2023\/09\/Programa-Innova-Plasticos-2023-4-1024x537.jpg 1024w, https:\/\/plasticseurope.org\/es\/wp-content\/uploads\/sites\/4\/2023\/09\/Programa-Innova-Plasticos-2023-4-300x157.jpg 300w, https:\/\/plasticseurope.org\/es\/wp-content\/uploads\/sites\/4\/2023\/09\/Programa-Innova-Plasticos-2023-4-768x403.jpg 768w, https:\/\/plasticseurope.org\/es\/wp-content\/uploads\/sites\/4\/2023\/09\/Programa-Innova-Plasticos-2023-4-1536x805.jpg 1536w, https:\/\/plasticseurope.org\/es\/wp-content\/uploads\/sites\/4\/2023\/09\/Programa-Innova-Plasticos-2023-4-1280x671.jpg 1280w, https:\/\/plasticseurope.org\/es\/wp-content\/uploads\/sites\/4\/2023\/09\/Programa-Innova-Plasticos-2023-4.jpg 1919w\" sizes=\"auto, (max-width: 1024px) 100vw, 1024px\" \/><\/figure>\n","protected":false},"excerpt":{"rendered":"<p>El evento virtual se celebrar\u00e1 el 28 de septiembre bajo el lema \u201cInteligencia Artificial: Dise\u00f1ando los Pl\u00e1sticos del Futuro\u201d. La\u2026<\/p>\n","protected":false},"author":10,"featured_media":1240,"comment_status":"open","ping_status":"open","sticky":false,"template":"","format":"standard","meta":{"footnotes":""},"categories":[6],"tags":[],"class_list":["post-1245","post","type-post","status-publish","format-standard","has-post-thumbnail","hentry","category-notas-de-prensa"],"acf":[],"yoast_head":"<!-- This site is optimized with the Yoast SEO plugin v21.6 - https:\/\/yoast.com\/wordpress\/plugins\/seo\/ -->\n<title>Inteligencia Artificial, pl\u00e1sticos y qu\u00edmica, protagonistas de la VI edici\u00f3n de #InnovaPl\u00e1sticos - Plastics Europe ES<\/title>\n<meta name=\"robots\" content=\"index, follow, max-snippet:-1, max-image-preview:large, max-video-preview:-1\" \/>\n<link rel=\"canonical\" href=\"https:\/\/plasticseurope.org\/es\/inteligencia-artificial-plasticos-y-quimica-protagonistas-de-la-vi-edicion-de-innovaplasticos\/\" \/>\n<meta property=\"og:locale\" content=\"es_ES\" \/>\n<meta property=\"og:type\" content=\"article\" \/>\n<meta property=\"og:title\" content=\"Inteligencia Artificial, pl\u00e1sticos y qu\u00edmica, protagonistas de la VI edici\u00f3n de #InnovaPl\u00e1sticos - Plastics Europe ES\" \/>\n<meta property=\"og:description\" content=\"El evento virtual se celebrar\u00e1 el 28 de septiembre bajo el lema \u201cInteligencia Artificial: Dise\u00f1ando los Pl\u00e1sticos del Futuro\u201d. La\u2026\" \/>\n<meta property=\"og:url\" content=\"https:\/\/plasticseurope.org\/es\/inteligencia-artificial-plasticos-y-quimica-protagonistas-de-la-vi-edicion-de-innovaplasticos\/\" \/>\n<meta property=\"og:site_name\" content=\"Plastics Europe ES\" \/>\n<meta property=\"article:published_time\" content=\"2023-09-07T08:56:48+00:00\" \/>\n<meta property=\"article:modified_time\" content=\"2023-09-26T10:20:46+00:00\" \/>\n<meta property=\"og:image\" content=\"https:\/\/plasticseurope.org\/es\/wp-content\/uploads\/sites\/4\/2023\/09\/Programa-Innova-MESA-REDONDA.jpg\" \/>\n\t<meta property=\"og:image:width\" content=\"1919\" \/>\n\t<meta property=\"og:image:height\" content=\"1006\" \/>\n\t<meta property=\"og:image:type\" content=\"image\/jpeg\" \/>\n<meta name=\"author\" content=\"lolaruiz\" \/>\n<meta name=\"twitter:card\" content=\"summary_large_image\" \/>\n<meta name=\"twitter:label1\" content=\"Escrito por\" \/>\n\t<meta name=\"twitter:data1\" content=\"lolaruiz\" \/>\n\t<meta name=\"twitter:label2\" content=\"Tiempo de lectura\" \/>\n\t<meta name=\"twitter:data2\" content=\"3 minutos\" \/>\n<script type=\"application\/ld+json\" class=\"yoast-schema-graph\">{\"@context\":\"https:\/\/schema.org\",\"@graph\":[{\"@type\":\"WebPage\",\"@id\":\"https:\/\/plasticseurope.org\/es\/inteligencia-artificial-plasticos-y-quimica-protagonistas-de-la-vi-edicion-de-innovaplasticos\/\",\"url\":\"https:\/\/plasticseurope.org\/es\/inteligencia-artificial-plasticos-y-quimica-protagonistas-de-la-vi-edicion-de-innovaplasticos\/\",\"name\":\"Inteligencia Artificial, pl\u00e1sticos y qu\u00edmica, protagonistas de la VI edici\u00f3n de #InnovaPl\u00e1sticos - Plastics Europe ES\",\"isPartOf\":{\"@id\":\"https:\/\/plasticseurope.org\/es\/#website\"},\"datePublished\":\"2023-09-07T08:56:48+00:00\",\"dateModified\":\"2023-09-26T10:20:46+00:00\",\"author\":{\"@id\":\"https:\/\/plasticseurope.org\/es\/#\/schema\/person\/986e4350a19b391e62efd1023cdb3216\"},\"breadcrumb\":{\"@id\":\"https:\/\/plasticseurope.org\/es\/inteligencia-artificial-plasticos-y-quimica-protagonistas-de-la-vi-edicion-de-innovaplasticos\/#breadcrumb\"},\"inLanguage\":\"es\",\"potentialAction\":[{\"@type\":\"ReadAction\",\"target\":[\"https:\/\/plasticseurope.org\/es\/inteligencia-artificial-plasticos-y-quimica-protagonistas-de-la-vi-edicion-de-innovaplasticos\/\"]}]},{\"@type\":\"BreadcrumbList\",\"@id\":\"https:\/\/plasticseurope.org\/es\/inteligencia-artificial-plasticos-y-quimica-protagonistas-de-la-vi-edicion-de-innovaplasticos\/#breadcrumb\",\"itemListElement\":[{\"@type\":\"ListItem\",\"position\":1,\"name\":\"Home\",\"item\":\"https:\/\/plasticseurope.org\/es\/\"},{\"@type\":\"ListItem\",\"position\":2,\"name\":\"Inteligencia Artificial, pl\u00e1sticos y qu\u00edmica, protagonistas de la VI edici\u00f3n de #InnovaPl\u00e1sticos\"}]},{\"@type\":\"WebSite\",\"@id\":\"https:\/\/plasticseurope.org\/es\/#website\",\"url\":\"https:\/\/plasticseurope.org\/es\/\",\"name\":\"Plastics Europe ES\",\"description\":\"Enabling a sustainable future\",\"potentialAction\":[{\"@type\":\"SearchAction\",\"target\":{\"@type\":\"EntryPoint\",\"urlTemplate\":\"https:\/\/plasticseurope.org\/es\/?s={search_term_string}\"},\"query-input\":\"required name=search_term_string\"}],\"inLanguage\":\"es\"},{\"@type\":\"Person\",\"@id\":\"https:\/\/plasticseurope.org\/es\/#\/schema\/person\/986e4350a19b391e62efd1023cdb3216\",\"name\":\"lolaruiz\",\"image\":{\"@type\":\"ImageObject\",\"inLanguage\":\"es\",\"@id\":\"https:\/\/plasticseurope.org\/es\/#\/schema\/person\/image\/\",\"url\":\"https:\/\/secure.gravatar.com\/avatar\/49f6c92194e53f1945eb32315ea65a7257ffbce43813237eda54559f2c10b72c?s=96&d=mm&r=g\",\"contentUrl\":\"https:\/\/secure.gravatar.com\/avatar\/49f6c92194e53f1945eb32315ea65a7257ffbce43813237eda54559f2c10b72c?s=96&d=mm&r=g\",\"caption\":\"lolaruiz\"},\"url\":\"https:\/\/plasticseurope.org\/es\/author\/lolaruiz\/\"}]}<\/script>\n<!-- \/ Yoast SEO plugin. -->","yoast_head_json":{"title":"Inteligencia Artificial, pl\u00e1sticos y qu\u00edmica, protagonistas de la VI edici\u00f3n de #InnovaPl\u00e1sticos - Plastics Europe ES","robots":{"index":"index","follow":"follow","max-snippet":"max-snippet:-1","max-image-preview":"max-image-preview:large","max-video-preview":"max-video-preview:-1"},"canonical":"https:\/\/plasticseurope.org\/es\/inteligencia-artificial-plasticos-y-quimica-protagonistas-de-la-vi-edicion-de-innovaplasticos\/","og_locale":"es_ES","og_type":"article","og_title":"Inteligencia Artificial, pl\u00e1sticos y qu\u00edmica, protagonistas de la VI edici\u00f3n de #InnovaPl\u00e1sticos - Plastics Europe ES","og_description":"El evento virtual se celebrar\u00e1 el 28 de septiembre bajo el lema \u201cInteligencia Artificial: Dise\u00f1ando los Pl\u00e1sticos del Futuro\u201d. La\u2026","og_url":"https:\/\/plasticseurope.org\/es\/inteligencia-artificial-plasticos-y-quimica-protagonistas-de-la-vi-edicion-de-innovaplasticos\/","og_site_name":"Plastics Europe ES","article_published_time":"2023-09-07T08:56:48+00:00","article_modified_time":"2023-09-26T10:20:46+00:00","og_image":[{"width":1919,"height":1006,"url":"https:\/\/plasticseurope.org\/es\/wp-content\/uploads\/sites\/4\/2023\/09\/Programa-Innova-MESA-REDONDA.jpg","type":"image\/jpeg"}],"author":"lolaruiz","twitter_card":"summary_large_image","twitter_misc":{"Escrito por":"lolaruiz","Tiempo de lectura":"3 minutos"},"schema":{"@context":"https:\/\/schema.org","@graph":[{"@type":"WebPage","@id":"https:\/\/plasticseurope.org\/es\/inteligencia-artificial-plasticos-y-quimica-protagonistas-de-la-vi-edicion-de-innovaplasticos\/","url":"https:\/\/plasticseurope.org\/es\/inteligencia-artificial-plasticos-y-quimica-protagonistas-de-la-vi-edicion-de-innovaplasticos\/","name":"Inteligencia Artificial, pl\u00e1sticos y qu\u00edmica, protagonistas de la VI edici\u00f3n de #InnovaPl\u00e1sticos - Plastics Europe ES","isPartOf":{"@id":"https:\/\/plasticseurope.org\/es\/#website"},"datePublished":"2023-09-07T08:56:48+00:00","dateModified":"2023-09-26T10:20:46+00:00","author":{"@id":"https:\/\/plasticseurope.org\/es\/#\/schema\/person\/986e4350a19b391e62efd1023cdb3216"},"breadcrumb":{"@id":"https:\/\/plasticseurope.org\/es\/inteligencia-artificial-plasticos-y-quimica-protagonistas-de-la-vi-edicion-de-innovaplasticos\/#breadcrumb"},"inLanguage":"es","potentialAction":[{"@type":"ReadAction","target":["https:\/\/plasticseurope.org\/es\/inteligencia-artificial-plasticos-y-quimica-protagonistas-de-la-vi-edicion-de-innovaplasticos\/"]}]},{"@type":"BreadcrumbList","@id":"https:\/\/plasticseurope.org\/es\/inteligencia-artificial-plasticos-y-quimica-protagonistas-de-la-vi-edicion-de-innovaplasticos\/#breadcrumb","itemListElement":[{"@type":"ListItem","position":1,"name":"Home","item":"https:\/\/plasticseurope.org\/es\/"},{"@type":"ListItem","position":2,"name":"Inteligencia Artificial, pl\u00e1sticos y qu\u00edmica, protagonistas de la VI edici\u00f3n de #InnovaPl\u00e1sticos"}]},{"@type":"WebSite","@id":"https:\/\/plasticseurope.org\/es\/#website","url":"https:\/\/plasticseurope.org\/es\/","name":"Plastics Europe ES","description":"Enabling a sustainable future","potentialAction":[{"@type":"SearchAction","target":{"@type":"EntryPoint","urlTemplate":"https:\/\/plasticseurope.org\/es\/?s={search_term_string}"},"query-input":"required name=search_term_string"}],"inLanguage":"es"},{"@type":"Person","@id":"https:\/\/plasticseurope.org\/es\/#\/schema\/person\/986e4350a19b391e62efd1023cdb3216","name":"lolaruiz","image":{"@type":"ImageObject","inLanguage":"es","@id":"https:\/\/plasticseurope.org\/es\/#\/schema\/person\/image\/","url":"https:\/\/secure.gravatar.com\/avatar\/49f6c92194e53f1945eb32315ea65a7257ffbce43813237eda54559f2c10b72c?s=96&d=mm&r=g","contentUrl":"https:\/\/secure.gravatar.com\/avatar\/49f6c92194e53f1945eb32315ea65a7257ffbce43813237eda54559f2c10b72c?s=96&d=mm&r=g","caption":"lolaruiz"},"url":"https:\/\/plasticseurope.org\/es\/author\/lolaruiz\/"}]}},"_links":{"self":[{"href":"https:\/\/plasticseurope.org\/es\/wp-json\/wp\/v2\/posts\/1245","targetHints":{"allow":["GET"]}}],"collection":[{"href":"https:\/\/plasticseurope.org\/es\/wp-json\/wp\/v2\/posts"}],"about":[{"href":"https:\/\/plasticseurope.org\/es\/wp-json\/wp\/v2\/types\/post"}],"author":[{"embeddable":true,"href":"https:\/\/plasticseurope.org\/es\/wp-json\/wp\/v2\/users\/10"}],"replies":[{"embeddable":true,"href":"https:\/\/plasticseurope.org\/es\/wp-json\/wp\/v2\/comments?post=1245"}],"version-history":[{"count":0,"href":"https:\/\/plasticseurope.org\/es\/wp-json\/wp\/v2\/posts\/1245\/revisions"}],"wp:featuredmedia":[{"embeddable":true,"href":"https:\/\/plasticseurope.org\/es\/wp-json\/wp\/v2\/media\/1240"}],"wp:attachment":[{"href":"https:\/\/plasticseurope.org\/es\/wp-json\/wp\/v2\/media?parent=1245"}],"wp:term":[{"taxonomy":"category","embeddable":true,"href":"https:\/\/plasticseurope.org\/es\/wp-json\/wp\/v2\/categories?post=1245"},{"taxonomy":"post_tag","embeddable":true,"href":"https:\/\/plasticseurope.org\/es\/wp-json\/wp\/v2\/tags?post=1245"}],"curies":[{"name":"wp","href":"https:\/\/api.w.org\/{rel}","templated":true}]}}