{"id":1223,"date":"2023-09-07T07:20:34","date_gmt":"2023-09-07T07:20:34","guid":{"rendered":"https:\/\/plasticseurope.wpenginepowered.com\/es\/?p=1223"},"modified":"2023-09-07T07:39:34","modified_gmt":"2023-09-07T07:39:34","slug":"ya-disponible-la-iv-edicion-de-innovaplasticos","status":"publish","type":"post","link":"https:\/\/plasticseurope.org\/es\/ya-disponible-la-iv-edicion-de-innovaplasticos\/","title":{"rendered":"Ya disponible el programa de la VI edici\u00f3n de #InnovaPl\u00e1sticos"},"content":{"rendered":"\n<p>Inteligencia Artificial, pl\u00e1sticos y qu\u00edmica, protagonistas de la VI edici\u00f3n de #InnovaPl\u00e1sticos.<\/p>\n\n\n\n<p>El evento, que tendr\u00e1 lugar el pr\u00f3ximo 28 de septiembre de forma virtual, contar\u00e1 con la presencia de empresas internacionales de la talla de <a href=\"https:\/\/research.ibm.com\/\">IBM Research<\/a>, <a href=\"https:\/\/www.nextmol.com\/\">NEXTMOL<\/a>, <a href=\"https:\/\/www.odiseia.org\/\">OdiseIA<\/a> y <a href=\"https:\/\/www.afiniti.com\/\">Afiniti<\/a>, todas ellas l\u00edderes en innovaci\u00f3n e IA y que compartir\u00e1n su visi\u00f3n de c\u00f3mo la <strong>Inteligencia Artificial<\/strong> abre un horizonte de posibilidades sin precedentes en una infinidad de sectores y aplicaciones, incluido el dise\u00f1o de <strong>nuevos materiales pl\u00e1sticos<\/strong>. La jornada ser\u00e1 moderada por Victor Calvo-Sotelo, Director General de <a href=\"https:\/\/www.digitales.es\/\" target=\"_blank\" rel=\"noreferrer noopener\">Digitales<\/a>, (Asociaci\u00f3n Espa\u00f1ola para la Digitalizaci\u00f3n).<\/p>\n\n\n\n<p>La industria de los pl\u00e1sticos y la qu\u00edmica pueden aprovechar el enorme potencial de la Inteligencia Artificial para acelerar su transici\u00f3n hacia los objetivos de circularidad y de cero emisiones netas de carbono de la Uni\u00f3n Europea para 2050. Conoceremos de primera mano los beneficios de la IA para la industria: personalizaci\u00f3n de los materiales, optimizaci\u00f3n de sus propiedades, aceleraci\u00f3n del proceso de innovaci\u00f3n\u2026<\/p>\n\n\n\n<p>Te invitamos a participar en VI edici\u00f3n de #InnovaPl\u00e1sticos, que organizamos conjuntamente con <a href=\"https:\/\/www.suschem-es.org\/index.asp\">SusChem Espa\u00f1a<\/a>. \u00a1No te la pierdas!<\/p>\n\n\n\n<p>\u27a1\ufe0f <a href=\"https:\/\/www.suschem-es.org\/registro\/innovaplasticos2023.asp\"><mark style=\"background-color:#0693e3\" class=\"has-inline-color has-white-color\">Registro gratuito<\/mark><\/a><\/p>\n\n\n\n<figure class=\"wp-block-image size-large\"><img loading=\"lazy\" decoding=\"async\" width=\"1024\" height=\"537\" src=\"https:\/\/plasticseurope.org\/es\/wp-content\/uploads\/sites\/4\/2023\/09\/Programa-Innova-Plasticos-2023-1024x537.jpg\" alt=\"\" class=\"wp-image-1213\" srcset=\"https:\/\/plasticseurope.org\/es\/wp-content\/uploads\/sites\/4\/2023\/09\/Programa-Innova-Plasticos-2023-1024x537.jpg 1024w, https:\/\/plasticseurope.org\/es\/wp-content\/uploads\/sites\/4\/2023\/09\/Programa-Innova-Plasticos-2023-300x157.jpg 300w, https:\/\/plasticseurope.org\/es\/wp-content\/uploads\/sites\/4\/2023\/09\/Programa-Innova-Plasticos-2023-768x403.jpg 768w, https:\/\/plasticseurope.org\/es\/wp-content\/uploads\/sites\/4\/2023\/09\/Programa-Innova-Plasticos-2023-1536x805.jpg 1536w, https:\/\/plasticseurope.org\/es\/wp-content\/uploads\/sites\/4\/2023\/09\/Programa-Innova-Plasticos-2023-1280x671.jpg 1280w, https:\/\/plasticseurope.org\/es\/wp-content\/uploads\/sites\/4\/2023\/09\/Programa-Innova-Plasticos-2023.jpg 1919w\" sizes=\"auto, (max-width: 1024px) 100vw, 1024px\" \/><\/figure>\n\n\n\n<div style=\"height:100px\" aria-hidden=\"true\" class=\"wp-block-spacer\"><\/div>\n\n\n\n<p><\/p>\n\n\n\n<div style=\"height:100px\" aria-hidden=\"true\" class=\"wp-block-spacer\"><\/div>\n\n\n","protected":false},"excerpt":{"rendered":"<p>Inteligencia Artificial, pl\u00e1sticos y qu\u00edmica, protagonistas de la VI edici\u00f3n de #InnovaPl\u00e1sticos. El evento, que tendr\u00e1 lugar el pr\u00f3ximo 28\u2026<\/p>\n","protected":false},"author":10,"featured_media":1213,"comment_status":"open","ping_status":"open","sticky":false,"template":"","format":"standard","meta":{"footnotes":""},"categories":[7],"tags":[],"class_list":["post-1223","post","type-post","status-publish","format-standard","has-post-thumbnail","hentry","category-noticias"],"acf":[],"yoast_head":"<!-- This site is optimized with the Yoast SEO plugin v21.6 - https:\/\/yoast.com\/wordpress\/plugins\/seo\/ -->\n<title>Ya disponible el programa de la VI edici\u00f3n de #InnovaPl\u00e1sticos - Plastics Europe ES<\/title>\n<meta name=\"robots\" content=\"index, follow, max-snippet:-1, max-image-preview:large, max-video-preview:-1\" \/>\n<link rel=\"canonical\" href=\"https:\/\/plasticseurope.org\/es\/ya-disponible-la-iv-edicion-de-innovaplasticos\/\" \/>\n<meta property=\"og:locale\" content=\"es_ES\" \/>\n<meta property=\"og:type\" content=\"article\" \/>\n<meta property=\"og:title\" content=\"Ya disponible el programa de la VI edici\u00f3n de #InnovaPl\u00e1sticos - Plastics Europe ES\" \/>\n<meta property=\"og:description\" content=\"Inteligencia Artificial, pl\u00e1sticos y qu\u00edmica, protagonistas de la VI edici\u00f3n de #InnovaPl\u00e1sticos. El evento, que tendr\u00e1 lugar el pr\u00f3ximo 28\u2026\" \/>\n<meta property=\"og:url\" content=\"https:\/\/plasticseurope.org\/es\/ya-disponible-la-iv-edicion-de-innovaplasticos\/\" \/>\n<meta property=\"og:site_name\" content=\"Plastics Europe ES\" \/>\n<meta property=\"article:published_time\" content=\"2023-09-07T07:20:34+00:00\" \/>\n<meta property=\"article:modified_time\" content=\"2023-09-07T07:39:34+00:00\" \/>\n<meta property=\"og:image\" content=\"https:\/\/plasticseurope.org\/es\/wp-content\/uploads\/sites\/4\/2023\/09\/Programa-Innova-Plasticos-2023.jpg\" \/>\n\t<meta property=\"og:image:width\" content=\"1919\" \/>\n\t<meta property=\"og:image:height\" content=\"1006\" \/>\n\t<meta property=\"og:image:type\" content=\"image\/jpeg\" \/>\n<meta name=\"author\" content=\"lolaruiz\" \/>\n<meta name=\"twitter:card\" content=\"summary_large_image\" \/>\n<meta name=\"twitter:label1\" content=\"Escrito por\" \/>\n\t<meta name=\"twitter:data1\" content=\"lolaruiz\" \/>\n\t<meta name=\"twitter:label2\" content=\"Tiempo de lectura\" \/>\n\t<meta name=\"twitter:data2\" content=\"2 minutos\" \/>\n<script type=\"application\/ld+json\" class=\"yoast-schema-graph\">{\"@context\":\"https:\/\/schema.org\",\"@graph\":[{\"@type\":\"WebPage\",\"@id\":\"https:\/\/plasticseurope.org\/es\/ya-disponible-la-iv-edicion-de-innovaplasticos\/\",\"url\":\"https:\/\/plasticseurope.org\/es\/ya-disponible-la-iv-edicion-de-innovaplasticos\/\",\"name\":\"Ya disponible el programa de la VI edici\u00f3n de #InnovaPl\u00e1sticos - Plastics Europe ES\",\"isPartOf\":{\"@id\":\"https:\/\/plasticseurope.org\/es\/#website\"},\"datePublished\":\"2023-09-07T07:20:34+00:00\",\"dateModified\":\"2023-09-07T07:39:34+00:00\",\"author\":{\"@id\":\"https:\/\/plasticseurope.org\/es\/#\/schema\/person\/986e4350a19b391e62efd1023cdb3216\"},\"breadcrumb\":{\"@id\":\"https:\/\/plasticseurope.org\/es\/ya-disponible-la-iv-edicion-de-innovaplasticos\/#breadcrumb\"},\"inLanguage\":\"es\",\"potentialAction\":[{\"@type\":\"ReadAction\",\"target\":[\"https:\/\/plasticseurope.org\/es\/ya-disponible-la-iv-edicion-de-innovaplasticos\/\"]}]},{\"@type\":\"BreadcrumbList\",\"@id\":\"https:\/\/plasticseurope.org\/es\/ya-disponible-la-iv-edicion-de-innovaplasticos\/#breadcrumb\",\"itemListElement\":[{\"@type\":\"ListItem\",\"position\":1,\"name\":\"Home\",\"item\":\"https:\/\/plasticseurope.org\/es\/\"},{\"@type\":\"ListItem\",\"position\":2,\"name\":\"Ya disponible el programa de la VI edici\u00f3n de #InnovaPl\u00e1sticos\"}]},{\"@type\":\"WebSite\",\"@id\":\"https:\/\/plasticseurope.org\/es\/#website\",\"url\":\"https:\/\/plasticseurope.org\/es\/\",\"name\":\"Plastics Europe ES\",\"description\":\"Enabling a sustainable future\",\"potentialAction\":[{\"@type\":\"SearchAction\",\"target\":{\"@type\":\"EntryPoint\",\"urlTemplate\":\"https:\/\/plasticseurope.org\/es\/?s={search_term_string}\"},\"query-input\":\"required name=search_term_string\"}],\"inLanguage\":\"es\"},{\"@type\":\"Person\",\"@id\":\"https:\/\/plasticseurope.org\/es\/#\/schema\/person\/986e4350a19b391e62efd1023cdb3216\",\"name\":\"lolaruiz\",\"image\":{\"@type\":\"ImageObject\",\"inLanguage\":\"es\",\"@id\":\"https:\/\/plasticseurope.org\/es\/#\/schema\/person\/image\/\",\"url\":\"https:\/\/secure.gravatar.com\/avatar\/49f6c92194e53f1945eb32315ea65a7257ffbce43813237eda54559f2c10b72c?s=96&d=mm&r=g\",\"contentUrl\":\"https:\/\/secure.gravatar.com\/avatar\/49f6c92194e53f1945eb32315ea65a7257ffbce43813237eda54559f2c10b72c?s=96&d=mm&r=g\",\"caption\":\"lolaruiz\"},\"url\":\"https:\/\/plasticseurope.org\/es\/author\/lolaruiz\/\"}]}<\/script>\n<!-- \/ Yoast SEO plugin. -->","yoast_head_json":{"title":"Ya disponible el programa de la VI edici\u00f3n de #InnovaPl\u00e1sticos - Plastics Europe ES","robots":{"index":"index","follow":"follow","max-snippet":"max-snippet:-1","max-image-preview":"max-image-preview:large","max-video-preview":"max-video-preview:-1"},"canonical":"https:\/\/plasticseurope.org\/es\/ya-disponible-la-iv-edicion-de-innovaplasticos\/","og_locale":"es_ES","og_type":"article","og_title":"Ya disponible el programa de la VI edici\u00f3n de #InnovaPl\u00e1sticos - Plastics Europe ES","og_description":"Inteligencia Artificial, pl\u00e1sticos y qu\u00edmica, protagonistas de la VI edici\u00f3n de #InnovaPl\u00e1sticos. El evento, que tendr\u00e1 lugar el pr\u00f3ximo 28\u2026","og_url":"https:\/\/plasticseurope.org\/es\/ya-disponible-la-iv-edicion-de-innovaplasticos\/","og_site_name":"Plastics Europe ES","article_published_time":"2023-09-07T07:20:34+00:00","article_modified_time":"2023-09-07T07:39:34+00:00","og_image":[{"width":1919,"height":1006,"url":"https:\/\/plasticseurope.org\/es\/wp-content\/uploads\/sites\/4\/2023\/09\/Programa-Innova-Plasticos-2023.jpg","type":"image\/jpeg"}],"author":"lolaruiz","twitter_card":"summary_large_image","twitter_misc":{"Escrito por":"lolaruiz","Tiempo de lectura":"2 minutos"},"schema":{"@context":"https:\/\/schema.org","@graph":[{"@type":"WebPage","@id":"https:\/\/plasticseurope.org\/es\/ya-disponible-la-iv-edicion-de-innovaplasticos\/","url":"https:\/\/plasticseurope.org\/es\/ya-disponible-la-iv-edicion-de-innovaplasticos\/","name":"Ya disponible el programa de la VI edici\u00f3n de #InnovaPl\u00e1sticos - Plastics Europe ES","isPartOf":{"@id":"https:\/\/plasticseurope.org\/es\/#website"},"datePublished":"2023-09-07T07:20:34+00:00","dateModified":"2023-09-07T07:39:34+00:00","author":{"@id":"https:\/\/plasticseurope.org\/es\/#\/schema\/person\/986e4350a19b391e62efd1023cdb3216"},"breadcrumb":{"@id":"https:\/\/plasticseurope.org\/es\/ya-disponible-la-iv-edicion-de-innovaplasticos\/#breadcrumb"},"inLanguage":"es","potentialAction":[{"@type":"ReadAction","target":["https:\/\/plasticseurope.org\/es\/ya-disponible-la-iv-edicion-de-innovaplasticos\/"]}]},{"@type":"BreadcrumbList","@id":"https:\/\/plasticseurope.org\/es\/ya-disponible-la-iv-edicion-de-innovaplasticos\/#breadcrumb","itemListElement":[{"@type":"ListItem","position":1,"name":"Home","item":"https:\/\/plasticseurope.org\/es\/"},{"@type":"ListItem","position":2,"name":"Ya disponible el programa de la VI edici\u00f3n de #InnovaPl\u00e1sticos"}]},{"@type":"WebSite","@id":"https:\/\/plasticseurope.org\/es\/#website","url":"https:\/\/plasticseurope.org\/es\/","name":"Plastics Europe ES","description":"Enabling a sustainable future","potentialAction":[{"@type":"SearchAction","target":{"@type":"EntryPoint","urlTemplate":"https:\/\/plasticseurope.org\/es\/?s={search_term_string}"},"query-input":"required name=search_term_string"}],"inLanguage":"es"},{"@type":"Person","@id":"https:\/\/plasticseurope.org\/es\/#\/schema\/person\/986e4350a19b391e62efd1023cdb3216","name":"lolaruiz","image":{"@type":"ImageObject","inLanguage":"es","@id":"https:\/\/plasticseurope.org\/es\/#\/schema\/person\/image\/","url":"https:\/\/secure.gravatar.com\/avatar\/49f6c92194e53f1945eb32315ea65a7257ffbce43813237eda54559f2c10b72c?s=96&d=mm&r=g","contentUrl":"https:\/\/secure.gravatar.com\/avatar\/49f6c92194e53f1945eb32315ea65a7257ffbce43813237eda54559f2c10b72c?s=96&d=mm&r=g","caption":"lolaruiz"},"url":"https:\/\/plasticseurope.org\/es\/author\/lolaruiz\/"}]}},"_links":{"self":[{"href":"https:\/\/plasticseurope.org\/es\/wp-json\/wp\/v2\/posts\/1223","targetHints":{"allow":["GET"]}}],"collection":[{"href":"https:\/\/plasticseurope.org\/es\/wp-json\/wp\/v2\/posts"}],"about":[{"href":"https:\/\/plasticseurope.org\/es\/wp-json\/wp\/v2\/types\/post"}],"author":[{"embeddable":true,"href":"https:\/\/plasticseurope.org\/es\/wp-json\/wp\/v2\/users\/10"}],"replies":[{"embeddable":true,"href":"https:\/\/plasticseurope.org\/es\/wp-json\/wp\/v2\/comments?post=1223"}],"version-history":[{"count":0,"href":"https:\/\/plasticseurope.org\/es\/wp-json\/wp\/v2\/posts\/1223\/revisions"}],"wp:featuredmedia":[{"embeddable":true,"href":"https:\/\/plasticseurope.org\/es\/wp-json\/wp\/v2\/media\/1213"}],"wp:attachment":[{"href":"https:\/\/plasticseurope.org\/es\/wp-json\/wp\/v2\/media?parent=1223"}],"wp:term":[{"taxonomy":"category","embeddable":true,"href":"https:\/\/plasticseurope.org\/es\/wp-json\/wp\/v2\/categories?post=1223"},{"taxonomy":"post_tag","embeddable":true,"href":"https:\/\/plasticseurope.org\/es\/wp-json\/wp\/v2\/tags?post=1223"}],"curies":[{"name":"wp","href":"https:\/\/api.w.org\/{rel}","templated":true}]}}