{"id":1102,"date":"2023-06-01T08:30:29","date_gmt":"2023-06-01T08:30:29","guid":{"rendered":"https:\/\/plasticseurope.wpenginepowered.com\/es\/?p=1102"},"modified":"2023-06-01T08:30:32","modified_gmt":"2023-06-01T08:30:32","slug":"la-industria-quimica-y-de-los-plasticos-pone-en-valor-el-gran-potencial-en-id-de-las-pioneras-tecnologias-de-reciclaje-quimico-para-descarbonizar-la-industria","status":"publish","type":"post","link":"https:\/\/plasticseurope.org\/es\/la-industria-quimica-y-de-los-plasticos-pone-en-valor-el-gran-potencial-en-id-de-las-pioneras-tecnologias-de-reciclaje-quimico-para-descarbonizar-la-industria\/","title":{"rendered":"La industria qu\u00edmica y de los pl\u00e1sticos pone en valor el gran potencial en I+D de las pioneras tecnolog\u00edas de reciclaje qu\u00edmico para descarbonizar la industria"},"content":{"rendered":"\n<p><strong>El evento <em>Innovaci\u00f3n en<\/em> <em>Reciclado Qu\u00edmico: Apostando por un futuro circular<\/em>, celebrado en el marco de Equiplast, ha puesto de relieve la gran capacidad de Espa\u00f1a para convertirse en referente a nivel europeo en tecnolog\u00edas de reciclaje qu\u00edmico.<\/strong><\/p>\n\n\n\n<p><strong>El reconocimiento del balance de masas en el marco legislativo es imprescindible para la trazabilidad del reciclado qu\u00edmico.<\/strong><\/p>\n\n\n\n<div style=\"height:16px\" aria-hidden=\"true\" class=\"wp-block-spacer\"><\/div>\n\n\n\n<p>Plastics Europe, Feique y SusChem \u2013 Espa\u00f1a y Aimplas han organizado la jornada \u201cInnovaci\u00f3n en Reciclado Qu\u00edmico en Espa\u00f1a: Apostando por un futuro circular\u201d, celebrada en el marco del Sal\u00f3n Equiplast en Fira de Barcelona, para dar conocer los nuevos desarrollos en I+D+i en reciclado qu\u00edmico en Espa\u00f1a, una tecnolog\u00eda con gran potencial, que permite descomponer los residuos pl\u00e1sticos en sus elementos b\u00e1sicos y transformarlos en nuevas materias primas circulares.<\/p>\n\n\n\n<p>El evento ha sido inaugurado por Alicia Mart\u00edn, directora general de Plastics Europe en la Regi\u00f3n Ib\u00e9rica, quien ha querido destacar la importancia de la colaboraci\u00f3n entre todos los agentes para impulsar soluciones sostenibles para la transici\u00f3n del sector: \u201c<em>la circularidad es la palanca m\u00e1s eficaz para la descarbonizaci\u00f3n de los pl\u00e1sticos. Espa\u00f1a ya es referente europeo en reciclaje mec\u00e1nico, y tenemos el potencial para serlo tambi\u00e9n en reciclaje qu\u00edmico. Sigamos apostando por la colaboraci\u00f3n dentro del sector y con las administraciones p\u00fablicas para crear las condiciones necesarias para acelerar la transici\u00f3n hac\u00eda una econom\u00eda de los pl\u00e1sticos circular y clim\u00e1ticamente neutra<\/em>\u201d.<\/p>\n\n\n\n<p>En esta jornada, se ha incidido en los retos y oportunidades para el reciclado qu\u00edmico, tanto en Europa como en Espa\u00f1a, y se han presentado las conclusiones del informe recientemente publicado por el <a href=\"https:\/\/joint-research-centre.ec.europa.eu\/index_en\" target=\"_blank\" rel=\"noreferrer noopener\">Joint Research Centre<\/a> (JRC) sobre la evaluaci\u00f3n ambiental y econ\u00f3mica de los procesos de reciclaje de pl\u00e1stico y de las tecnolog\u00edas de recuperaci\u00f3n de energ\u00eda. Seg\u00fan recoge el estudio, la industria debe apostar por todas las tecnolog\u00edas de reciclaje, como palancas clave para alcanzar los objetivos del Pacto Verde Europeo en materia de circularidad y neutralidad clim\u00e1tica. Como ha recordado Eva Verdejo, responsable de Reciclado Qu\u00edmico de Aimplas: \u201c<em>el estudio refleja la diferente situaci\u00f3n de las tecnolog\u00edas tanto en relaci\u00f3n con su implementaci\u00f3n en el mercado como con la necesidad de inversi\u00f3n o apoyo financiero de cada una de ellas. La gran variedad de opciones del tratamiento de residuos pl\u00e1sticos y la necesidad de tener en cuenta todas ellas es una necesidad para conseguir los objetivos perseguidos de transformaci\u00f3n de residuos en recursos<\/em>\u201d.<\/p>\n\n\n\n<p>Espa\u00f1a cuenta con el ecosistema industrial y de I+D+i para convertirse en referente mundial en reciclaje qu\u00edmico. Nuestro pa\u00eds tambi\u00e9n ha sido pionero en materia legislativa, puesto que es el primero de la Uni\u00f3n Europea en incluir este innovador proceso de reciclaje en un documento legislativo con la entrada en vigor de la Ley de Residuos y Suelos Contaminados para una Econom\u00eda Circular. Sin embargo, como se ha recordado hoy en el coloquio \u201cPotencial del ecosistema espa\u00f1ol de I+D+i en tecnolog\u00edas de Reciclado Qu\u00edmico\u201d, a\u00fan queda un largo camino por recorrer y es necesario que se reconozca, a nivel legal, el balance de masas como metodolog\u00eda para certificar el contenido en material reciclado proveniente del reciclaje qu\u00edmico. En palabras de Irene Mora, responsable de Sostenibilidad y Asuntos P\u00fablicos de Plastics Europe en la Regi\u00f3n Ib\u00e9rica, y moderadora de la mesa redonda: \u201c<em>este reconocimiento es imprescindible para poder establecer una trazabilidad del reciclado qu\u00edmico, y poder contribuir a los objetivos de contenido en reciclado marcados en la legislaci\u00f3n, tanto a nivel nacional como europeo<\/em>\u201d.<\/p>\n\n\n\n<p>Los ponentes Rebeca Yuste, Pyrolysis &amp; Oils Technical Advisor de <a href=\"https:\/\/www.repsol.com\/es\/sostenibilidad\/estrategia-sostenibilidad\/objetivos-sostenibilidad\/index.cshtml\" target=\"_blank\" rel=\"noreferrer noopener\">Repsol<\/a>; Lidia Garc\u00eda, Head of Advanced Materials en <a href=\"https:\/\/www.aitiip.com\/\" target=\"_blank\" rel=\"noreferrer noopener\">AITIIP Centro Tecnol\u00f3gico<\/a>; Ram\u00f3n Pericet, jefe de Unidad I+D-Medio Ambiente en el Centro Tecnol\u00f3gico Jos\u00e9 Llad\u00f3 de <a href=\"https:\/\/www.tecnicasreunidas.es\/es\/mercados\/economia-circular\/\" target=\"_blank\" rel=\"noreferrer noopener\">T\u00e9cnicas Reunidas<\/a>; Ram\u00f3n Murillo Villuendas, profesor de Investigaci\u00f3n del <a href=\"https:\/\/www.csic.es\/es\" target=\"_blank\" rel=\"noreferrer noopener\">CSIC<\/a>; y \u00c1ngel Mart\u00ednez-Le\u00f3n, director de Reciclado de <a href=\"https:\/\/www.acteco.es\/\" target=\"_blank\" rel=\"noreferrer noopener\">Acteco<\/a>; han destacado tambi\u00e9n la importancia que puede llegar a desempe\u00f1ar el reciclaje qu\u00edmico para lograr un futuro m\u00e1s sostenible de la industria, as\u00ed como los retos que a\u00fan han de superarse para poder desplegar todo el potencial de estas tecnolog\u00edas.<\/p>\n\n\n\n<p>Tras la mesa de debate, el acto ha sido clausurado por Cristina Gonz\u00e1lez, directora de innovaci\u00f3n de Feique y secretaria t\u00e9cnica de SusChem-Espa\u00f1a, quien ha concluido: \u201c<em>Nuestro compromiso con la econom\u00eda circular, la eficiencia energ\u00e9tica y de recursos y la neutralidad clim\u00e1tica es firme. Crear nuevos productos y materiales gracias al reciclado qu\u00edmico que den respuesta a los ambiciosos objetivos del <a href=\"https:\/\/commission.europa.eu\/strategy-and-policy\/priorities-2019-2024\/european-green-deal_es\" target=\"_blank\" rel=\"noreferrer noopener\">Green Deal<\/a> depende, en buena parte, de las soluciones innovadoras que proporciona la qu\u00edmica y que son posibles gracias a los m\u00e1s de 1.721 millones de euros que invertimos en actividades relacionadas\u00a0con\u00a0la\u00a0I+D+i<\/em>.\u201d<\/p>\n\n\n\n<p>Con esta jornada, celebrada en <a href=\"https:\/\/www.equiplast.com\/\" target=\"_blank\" rel=\"noreferrer noopener\">Equiplast<\/a>, PlasticsEurope, <a href=\"https:\/\/www.feique.org\/\">Feique<\/a>, <a href=\"https:\/\/www.suschem-es.org\/quienes_somos.asp\" target=\"_blank\" rel=\"noreferrer noopener\">SusChem-Espa\u00f1a<\/a> y <a href=\"https:\/\/www.aimplas.es\/\" target=\"_blank\" rel=\"noreferrer noopener\">Aimplas<\/a>, dan continuidad al informe \u201c<a href=\"https:\/\/plasticseurope.org\/es\/knowledge-hub\/reciclado-quimico-en-espana-apostando-por-un-futuro-circular\/\">Reciclado Qu\u00edmico en Espa\u00f1a: Apostando por un futuro circular<\/a>\u201d presentado hace un a\u00f1o, poniendo de manifiesto que estas tecnolog\u00edas son ya una realidad.<\/p>\n\n\n\n<p><strong>M\u00e1s informaci\u00f3n:<\/strong><\/p>\n\n\n\n<p>Acceso al <a href=\"https:\/\/plasticseurope.org\/es\/knowledge-hub\/reciclado-quimico-en-espana-apostando-por-un-futuro-circular\/\">informe <\/a>\u201cReciclado Qu\u00edmico en Espa\u00f1a: Apostando por un futuro circular\u201d<\/p>\n\n\n\n<div style=\"height:48px\" aria-hidden=\"true\" class=\"wp-block-spacer\"><\/div>\n\n\n\n<figure class=\"wp-block-image alignleft size-large\"><img loading=\"lazy\" decoding=\"async\" width=\"1024\" height=\"811\" src=\"https:\/\/plasticseurope.org\/es\/wp-content\/uploads\/sites\/4\/2023\/06\/IMG-0584-1024x811.jpg\" alt=\"\" class=\"wp-image-1104\" srcset=\"https:\/\/plasticseurope.org\/es\/wp-content\/uploads\/sites\/4\/2023\/06\/IMG-0584-1024x811.jpg 1024w, https:\/\/plasticseurope.org\/es\/wp-content\/uploads\/sites\/4\/2023\/06\/IMG-0584-300x238.jpg 300w, https:\/\/plasticseurope.org\/es\/wp-content\/uploads\/sites\/4\/2023\/06\/IMG-0584-768x609.jpg 768w, https:\/\/plasticseurope.org\/es\/wp-content\/uploads\/sites\/4\/2023\/06\/IMG-0584-1536x1217.jpg 1536w, https:\/\/plasticseurope.org\/es\/wp-content\/uploads\/sites\/4\/2023\/06\/IMG-0584-2048x1623.jpg 2048w, https:\/\/plasticseurope.org\/es\/wp-content\/uploads\/sites\/4\/2023\/06\/IMG-0584-1980x1569.jpg 1980w, https:\/\/plasticseurope.org\/es\/wp-content\/uploads\/sites\/4\/2023\/06\/IMG-0584-1060x840.jpg 1060w\" sizes=\"auto, (max-width: 1024px) 100vw, 1024px\" \/><\/figure>\n","protected":false},"excerpt":{"rendered":"<p>El evento Innovaci\u00f3n en Reciclado Qu\u00edmico: Apostando por un futuro circular, celebrado en el marco de Equiplast, ha puesto de\u2026<\/p>\n","protected":false},"author":10,"featured_media":1103,"comment_status":"open","ping_status":"open","sticky":false,"template":"","format":"standard","meta":{"footnotes":""},"categories":[6],"tags":[],"class_list":["post-1102","post","type-post","status-publish","format-standard","has-post-thumbnail","hentry","category-notas-de-prensa"],"acf":[],"yoast_head":"<!-- This site is optimized with the Yoast SEO plugin v21.6 - https:\/\/yoast.com\/wordpress\/plugins\/seo\/ -->\n<title>La industria qu\u00edmica y de los pl\u00e1sticos pone en valor el gran potencial en I+D de las pioneras tecnolog\u00edas de reciclaje qu\u00edmico para descarbonizar la industria - Plastics Europe ES<\/title>\n<meta name=\"robots\" content=\"index, follow, max-snippet:-1, max-image-preview:large, max-video-preview:-1\" \/>\n<link rel=\"canonical\" href=\"https:\/\/plasticseurope.org\/es\/la-industria-quimica-y-de-los-plasticos-pone-en-valor-el-gran-potencial-en-id-de-las-pioneras-tecnologias-de-reciclaje-quimico-para-descarbonizar-la-industria\/\" \/>\n<meta property=\"og:locale\" content=\"es_ES\" \/>\n<meta property=\"og:type\" content=\"article\" \/>\n<meta property=\"og:title\" content=\"La industria qu\u00edmica y de los pl\u00e1sticos pone en valor el gran potencial en I+D de las pioneras tecnolog\u00edas de reciclaje qu\u00edmico para descarbonizar la industria - Plastics Europe ES\" \/>\n<meta property=\"og:description\" content=\"El evento Innovaci\u00f3n en Reciclado Qu\u00edmico: Apostando por un futuro circular, celebrado en el marco de Equiplast, ha puesto de\u2026\" \/>\n<meta property=\"og:url\" content=\"https:\/\/plasticseurope.org\/es\/la-industria-quimica-y-de-los-plasticos-pone-en-valor-el-gran-potencial-en-id-de-las-pioneras-tecnologias-de-reciclaje-quimico-para-descarbonizar-la-industria\/\" \/>\n<meta property=\"og:site_name\" content=\"Plastics Europe ES\" \/>\n<meta property=\"article:published_time\" content=\"2023-06-01T08:30:29+00:00\" \/>\n<meta property=\"article:modified_time\" content=\"2023-06-01T08:30:32+00:00\" \/>\n<meta property=\"og:image\" content=\"https:\/\/plasticseurope.org\/es\/wp-content\/uploads\/sites\/4\/2023\/06\/IMG-0574-scaled.jpg\" \/>\n\t<meta property=\"og:image:width\" content=\"2560\" \/>\n\t<meta property=\"og:image:height\" content=\"1717\" \/>\n\t<meta property=\"og:image:type\" content=\"image\/jpeg\" \/>\n<meta name=\"author\" content=\"lolaruiz\" \/>\n<meta name=\"twitter:card\" content=\"summary_large_image\" \/>\n<meta name=\"twitter:label1\" content=\"Escrito por\" \/>\n\t<meta name=\"twitter:data1\" content=\"lolaruiz\" \/>\n\t<meta name=\"twitter:label2\" content=\"Tiempo de lectura\" \/>\n\t<meta name=\"twitter:data2\" content=\"4 minutos\" \/>\n<script type=\"application\/ld+json\" class=\"yoast-schema-graph\">{\"@context\":\"https:\/\/schema.org\",\"@graph\":[{\"@type\":\"WebPage\",\"@id\":\"https:\/\/plasticseurope.org\/es\/la-industria-quimica-y-de-los-plasticos-pone-en-valor-el-gran-potencial-en-id-de-las-pioneras-tecnologias-de-reciclaje-quimico-para-descarbonizar-la-industria\/\",\"url\":\"https:\/\/plasticseurope.org\/es\/la-industria-quimica-y-de-los-plasticos-pone-en-valor-el-gran-potencial-en-id-de-las-pioneras-tecnologias-de-reciclaje-quimico-para-descarbonizar-la-industria\/\",\"name\":\"La industria qu\u00edmica y de los pl\u00e1sticos pone en valor el gran potencial en I+D de las pioneras tecnolog\u00edas de reciclaje qu\u00edmico para descarbonizar la industria - Plastics Europe ES\",\"isPartOf\":{\"@id\":\"https:\/\/plasticseurope.org\/es\/#website\"},\"datePublished\":\"2023-06-01T08:30:29+00:00\",\"dateModified\":\"2023-06-01T08:30:32+00:00\",\"author\":{\"@id\":\"https:\/\/plasticseurope.org\/es\/#\/schema\/person\/986e4350a19b391e62efd1023cdb3216\"},\"breadcrumb\":{\"@id\":\"https:\/\/plasticseurope.org\/es\/la-industria-quimica-y-de-los-plasticos-pone-en-valor-el-gran-potencial-en-id-de-las-pioneras-tecnologias-de-reciclaje-quimico-para-descarbonizar-la-industria\/#breadcrumb\"},\"inLanguage\":\"es\",\"potentialAction\":[{\"@type\":\"ReadAction\",\"target\":[\"https:\/\/plasticseurope.org\/es\/la-industria-quimica-y-de-los-plasticos-pone-en-valor-el-gran-potencial-en-id-de-las-pioneras-tecnologias-de-reciclaje-quimico-para-descarbonizar-la-industria\/\"]}]},{\"@type\":\"BreadcrumbList\",\"@id\":\"https:\/\/plasticseurope.org\/es\/la-industria-quimica-y-de-los-plasticos-pone-en-valor-el-gran-potencial-en-id-de-las-pioneras-tecnologias-de-reciclaje-quimico-para-descarbonizar-la-industria\/#breadcrumb\",\"itemListElement\":[{\"@type\":\"ListItem\",\"position\":1,\"name\":\"Home\",\"item\":\"https:\/\/plasticseurope.org\/es\/\"},{\"@type\":\"ListItem\",\"position\":2,\"name\":\"La industria qu\u00edmica y de los pl\u00e1sticos pone en valor el gran potencial en I+D de las pioneras tecnolog\u00edas de reciclaje qu\u00edmico para descarbonizar la industria\"}]},{\"@type\":\"WebSite\",\"@id\":\"https:\/\/plasticseurope.org\/es\/#website\",\"url\":\"https:\/\/plasticseurope.org\/es\/\",\"name\":\"Plastics Europe ES\",\"description\":\"Enabling a sustainable future\",\"potentialAction\":[{\"@type\":\"SearchAction\",\"target\":{\"@type\":\"EntryPoint\",\"urlTemplate\":\"https:\/\/plasticseurope.org\/es\/?s={search_term_string}\"},\"query-input\":\"required name=search_term_string\"}],\"inLanguage\":\"es\"},{\"@type\":\"Person\",\"@id\":\"https:\/\/plasticseurope.org\/es\/#\/schema\/person\/986e4350a19b391e62efd1023cdb3216\",\"name\":\"lolaruiz\",\"image\":{\"@type\":\"ImageObject\",\"inLanguage\":\"es\",\"@id\":\"https:\/\/plasticseurope.org\/es\/#\/schema\/person\/image\/\",\"url\":\"https:\/\/secure.gravatar.com\/avatar\/49f6c92194e53f1945eb32315ea65a7257ffbce43813237eda54559f2c10b72c?s=96&d=mm&r=g\",\"contentUrl\":\"https:\/\/secure.gravatar.com\/avatar\/49f6c92194e53f1945eb32315ea65a7257ffbce43813237eda54559f2c10b72c?s=96&d=mm&r=g\",\"caption\":\"lolaruiz\"},\"url\":\"https:\/\/plasticseurope.org\/es\/author\/lolaruiz\/\"}]}<\/script>\n<!-- \/ Yoast SEO plugin. -->","yoast_head_json":{"title":"La industria qu\u00edmica y de los pl\u00e1sticos pone en valor el gran potencial en I+D de las pioneras tecnolog\u00edas de reciclaje qu\u00edmico para descarbonizar la industria - Plastics Europe ES","robots":{"index":"index","follow":"follow","max-snippet":"max-snippet:-1","max-image-preview":"max-image-preview:large","max-video-preview":"max-video-preview:-1"},"canonical":"https:\/\/plasticseurope.org\/es\/la-industria-quimica-y-de-los-plasticos-pone-en-valor-el-gran-potencial-en-id-de-las-pioneras-tecnologias-de-reciclaje-quimico-para-descarbonizar-la-industria\/","og_locale":"es_ES","og_type":"article","og_title":"La industria qu\u00edmica y de los pl\u00e1sticos pone en valor el gran potencial en I+D de las pioneras tecnolog\u00edas de reciclaje qu\u00edmico para descarbonizar la industria - Plastics Europe ES","og_description":"El evento Innovaci\u00f3n en Reciclado Qu\u00edmico: Apostando por un futuro circular, celebrado en el marco de Equiplast, ha puesto de\u2026","og_url":"https:\/\/plasticseurope.org\/es\/la-industria-quimica-y-de-los-plasticos-pone-en-valor-el-gran-potencial-en-id-de-las-pioneras-tecnologias-de-reciclaje-quimico-para-descarbonizar-la-industria\/","og_site_name":"Plastics Europe ES","article_published_time":"2023-06-01T08:30:29+00:00","article_modified_time":"2023-06-01T08:30:32+00:00","og_image":[{"width":2560,"height":1717,"url":"https:\/\/plasticseurope.org\/es\/wp-content\/uploads\/sites\/4\/2023\/06\/IMG-0574-scaled.jpg","type":"image\/jpeg"}],"author":"lolaruiz","twitter_card":"summary_large_image","twitter_misc":{"Escrito por":"lolaruiz","Tiempo de lectura":"4 minutos"},"schema":{"@context":"https:\/\/schema.org","@graph":[{"@type":"WebPage","@id":"https:\/\/plasticseurope.org\/es\/la-industria-quimica-y-de-los-plasticos-pone-en-valor-el-gran-potencial-en-id-de-las-pioneras-tecnologias-de-reciclaje-quimico-para-descarbonizar-la-industria\/","url":"https:\/\/plasticseurope.org\/es\/la-industria-quimica-y-de-los-plasticos-pone-en-valor-el-gran-potencial-en-id-de-las-pioneras-tecnologias-de-reciclaje-quimico-para-descarbonizar-la-industria\/","name":"La industria qu\u00edmica y de los pl\u00e1sticos pone en valor el gran potencial en I+D de las pioneras tecnolog\u00edas de reciclaje qu\u00edmico para descarbonizar la industria - Plastics Europe ES","isPartOf":{"@id":"https:\/\/plasticseurope.org\/es\/#website"},"datePublished":"2023-06-01T08:30:29+00:00","dateModified":"2023-06-01T08:30:32+00:00","author":{"@id":"https:\/\/plasticseurope.org\/es\/#\/schema\/person\/986e4350a19b391e62efd1023cdb3216"},"breadcrumb":{"@id":"https:\/\/plasticseurope.org\/es\/la-industria-quimica-y-de-los-plasticos-pone-en-valor-el-gran-potencial-en-id-de-las-pioneras-tecnologias-de-reciclaje-quimico-para-descarbonizar-la-industria\/#breadcrumb"},"inLanguage":"es","potentialAction":[{"@type":"ReadAction","target":["https:\/\/plasticseurope.org\/es\/la-industria-quimica-y-de-los-plasticos-pone-en-valor-el-gran-potencial-en-id-de-las-pioneras-tecnologias-de-reciclaje-quimico-para-descarbonizar-la-industria\/"]}]},{"@type":"BreadcrumbList","@id":"https:\/\/plasticseurope.org\/es\/la-industria-quimica-y-de-los-plasticos-pone-en-valor-el-gran-potencial-en-id-de-las-pioneras-tecnologias-de-reciclaje-quimico-para-descarbonizar-la-industria\/#breadcrumb","itemListElement":[{"@type":"ListItem","position":1,"name":"Home","item":"https:\/\/plasticseurope.org\/es\/"},{"@type":"ListItem","position":2,"name":"La industria qu\u00edmica y de los pl\u00e1sticos pone en valor el gran potencial en I+D de las pioneras tecnolog\u00edas de reciclaje qu\u00edmico para descarbonizar la industria"}]},{"@type":"WebSite","@id":"https:\/\/plasticseurope.org\/es\/#website","url":"https:\/\/plasticseurope.org\/es\/","name":"Plastics Europe ES","description":"Enabling a sustainable future","potentialAction":[{"@type":"SearchAction","target":{"@type":"EntryPoint","urlTemplate":"https:\/\/plasticseurope.org\/es\/?s={search_term_string}"},"query-input":"required name=search_term_string"}],"inLanguage":"es"},{"@type":"Person","@id":"https:\/\/plasticseurope.org\/es\/#\/schema\/person\/986e4350a19b391e62efd1023cdb3216","name":"lolaruiz","image":{"@type":"ImageObject","inLanguage":"es","@id":"https:\/\/plasticseurope.org\/es\/#\/schema\/person\/image\/","url":"https:\/\/secure.gravatar.com\/avatar\/49f6c92194e53f1945eb32315ea65a7257ffbce43813237eda54559f2c10b72c?s=96&d=mm&r=g","contentUrl":"https:\/\/secure.gravatar.com\/avatar\/49f6c92194e53f1945eb32315ea65a7257ffbce43813237eda54559f2c10b72c?s=96&d=mm&r=g","caption":"lolaruiz"},"url":"https:\/\/plasticseurope.org\/es\/author\/lolaruiz\/"}]}},"_links":{"self":[{"href":"https:\/\/plasticseurope.org\/es\/wp-json\/wp\/v2\/posts\/1102","targetHints":{"allow":["GET"]}}],"collection":[{"href":"https:\/\/plasticseurope.org\/es\/wp-json\/wp\/v2\/posts"}],"about":[{"href":"https:\/\/plasticseurope.org\/es\/wp-json\/wp\/v2\/types\/post"}],"author":[{"embeddable":true,"href":"https:\/\/plasticseurope.org\/es\/wp-json\/wp\/v2\/users\/10"}],"replies":[{"embeddable":true,"href":"https:\/\/plasticseurope.org\/es\/wp-json\/wp\/v2\/comments?post=1102"}],"version-history":[{"count":0,"href":"https:\/\/plasticseurope.org\/es\/wp-json\/wp\/v2\/posts\/1102\/revisions"}],"wp:featuredmedia":[{"embeddable":true,"href":"https:\/\/plasticseurope.org\/es\/wp-json\/wp\/v2\/media\/1103"}],"wp:attachment":[{"href":"https:\/\/plasticseurope.org\/es\/wp-json\/wp\/v2\/media?parent=1102"}],"wp:term":[{"taxonomy":"category","embeddable":true,"href":"https:\/\/plasticseurope.org\/es\/wp-json\/wp\/v2\/categories?post=1102"},{"taxonomy":"post_tag","embeddable":true,"href":"https:\/\/plasticseurope.org\/es\/wp-json\/wp\/v2\/tags?post=1102"}],"curies":[{"name":"wp","href":"https:\/\/api.w.org\/{rel}","templated":true}]}}