{"id":1088,"date":"2023-05-31T15:13:13","date_gmt":"2023-05-31T15:13:13","guid":{"rendered":"https:\/\/plasticseurope.wpenginepowered.com\/es\/?p=1088"},"modified":"2023-06-01T08:00:38","modified_gmt":"2023-06-01T08:00:38","slug":"plastics-europe-anaip-y-aeqt-firman-en-equiplast-un-acuerdo-para-impulsar-el-programa-ocs","status":"publish","type":"post","link":"https:\/\/plasticseurope.org\/es\/plastics-europe-anaip-y-aeqt-firman-en-equiplast-un-acuerdo-para-impulsar-el-programa-ocs\/","title":{"rendered":"Plastics Europe, ANAIP y AEQT firman en Equiplast un acuerdo para impulsar el programa OCS"},"content":{"rendered":"\n<p><strong>Las tres organizaciones consolidan su alianza para evitar que los pellets acaben en el medioambiente<\/strong><\/p>\n\n\n\n<p><strong>Tras la firma del acuerdo se celebr\u00f3 una jornada sobre buenas pr\u00e1cticas de OCS en la que se mostraron los avances del sector en la implementaci\u00f3n de medidas para evitar las fugas de pellets<\/strong><\/p>\n\n\n\n<p><strong>El programa OCS es una iniciativa que cuenta con el apoyo oficial del Ministerio de Transici\u00f3n Ecol\u00f3gica y el Reto Demogr\u00e1fico<\/strong><\/p>\n\n\n\n<p>Esta ma\u00f1ana, las asociaciones <a href=\"https:\/\/plasticseurope.org\/sustainability\/circularity\/waste-management-prevention\/pellet-loss-prevention\/\" target=\"_blank\" rel=\"noreferrer noopener\">Plastics Europe<\/a>, <a href=\"https:\/\/www.anaip.es\/\">ANAIP <\/a>y <a href=\"https:\/\/www.aeqtonline.com\/es\/\" target=\"_blank\" rel=\"noreferrer noopener\">AEQT<\/a> han elegido el marco de la feria de <a href=\"https:\/\/www.equiplast.com\/\" target=\"_blank\" rel=\"noreferrer noopener\">Equiplast<\/a> para firmar un acuerdo de colaboraci\u00f3n para fomentar la implementaci\u00f3n del programa <a href=\"https:\/\/anaip.es\/ocs\/\" target=\"_blank\" rel=\"noreferrer noopener\">Operation Clean Sweep\u00ae (OCS)<\/a> con especial \u00e9nfasis en el \u00e1rea de Tarragona. Esta alianza refuerza las actividades de colaboraci\u00f3n que las entidades ya ven\u00edan llevando a cabo con el fin de promover la iniciativa destinada a evitar la p\u00e9rdida de granza o pellets en el medioambiente.<\/p>\n\n\n\n<p>Con la firma de este acuerdo, Alicia Mart\u00edn, directora general de Plastics Europe en la regi\u00f3n ib\u00e9rica; Luis Cediel, director general de ANAIP e Ignasi Ca\u00f1agueral, Presidente de AEQT se han comprometido a promover acciones conjuntas para concienciar a empresas y trabajadores de la cadena de valor de los pl\u00e1sticos sobre los impactos negativos que la p\u00e9rdida de granza puede tener en el medioambiente; para fomentar la implementaci\u00f3n de medidas espec\u00edficas de control y contenci\u00f3n en sus instalaciones; para impulsar la certificaci\u00f3n OCS por entidades independientes; y para reforzar la colaboraci\u00f3n con las administraciones p\u00fablicas.<\/p>\n\n\n\n<p>Tras la firma del acuerdo, tuvo lugar la jornada \u201c<em>OCS Act\u00faa: s\u00famate al compromiso cero p\u00e9rdidas de pellets<\/em>\u201d, donde las novedades regulatorias en materia de pellets, la certificaci\u00f3n europea de OCS y la implementaci\u00f3n de buenas pr\u00e1cticas para el control de granza en toda la cadena de valor han sido protagonistas. &nbsp;El evento, coorganizado por las entidades firmantes, tambi\u00e9n cont\u00f3 con la participaci\u00f3n del <a href=\"https:\/\/www.miteco.gob.es\/es\/\" target=\"_blank\" rel=\"noreferrer noopener\">Ministerio de Transici\u00f3n Ecol\u00f3gica y el Reto Demogr\u00e1fico<\/a> cuyo apoyo institucional al programa OCS ha sido y sigue siendo clave para lograr la adhesi\u00f3n de cada vez m\u00e1s empresas.<\/p>\n\n\n\n<p>Alicia Mart\u00edn, directora general de Plastics Europe en la regi\u00f3n ib\u00e9rica, inaugur\u00f3 el evento poniendo en valor el compromiso de la industria para evitar que los pellets acaben en el entorno: \u201c<em>el sector est\u00e1 muy comprometido con la lucha contra la p\u00e9rdida de pellets, prueba de ello son las casi 400 empresas adheridas OCS en Espa\u00f1a. Con el nuevo esquema de certificaci\u00f3n europeo queremos incrementar la transparencia de las empresas y la confianza de la sociedad en esta iniciativa. Estamos convencidos de que gracias a esta certificaci\u00f3n pronto veremos resultados reales en cuanto a contenci\u00f3n de pellets.<\/em>\u201d<\/p>\n\n\n\n<p>Seguidamente, Beatriz S\u00e1nchez Fern\u00e1ndez, jefa de \u00e1rea de actividades humanas y contaminaci\u00f3n de la Subdirecci\u00f3n General para la Protecci\u00f3n del Mar del Ministerio de Transici\u00f3n Ecol\u00f3gica y Reto Demogr\u00e1fico, present\u00f3 el seguimiento que hace la administraci\u00f3n a los micropl\u00e1sticos en playas y costas de Espa\u00f1a, as\u00ed como el ejemplo del programa OCS como soluci\u00f3n para evitar las perdidas pellets. En su exposici\u00f3n la representante del Ministerio indic\u00f3: \u201c<em>atajar el problema de las p\u00e9rdidas de pellets es un reto que necesita de la colaboraci\u00f3n de todos los agentes implicados, por ello desde el Ministerio de Transici\u00f3n Ecol\u00f3gica y Reto Demogr\u00e1fico apoyamos la iniciativa OCS y pedimos a la cadena de valor de los pl\u00e1sticos que redoble esfuerzos para que m\u00e1s empresas se sumen al programa<\/em>.\u201d<\/p>\n\n\n\n<p>A continuaci\u00f3n, Juan Ruiz, responsable de Asuntos P\u00fablicos y Sostenibilidad de Plastics Europe en la Regi\u00f3n Ib\u00e9rica y M\u00f3nica de la Cruz, directora de la Divisi\u00f3n de Construcci\u00f3n y de Calidad de ANAIP, actualizaron sobre el marco regulatorio sobre pellets y el nuevo certificado OCS europeo.<\/p>\n\n\n\n<p>Posteriormente, Joan Ram\u00f3n Balcells, en representaci\u00f3n de <a href=\"https:\/\/www.aeqtonline.com\/es\/medio-ambiente\/#ocs\" target=\"_blank\" rel=\"noreferrer noopener\">AEQT<\/a> present\u00f3 la nueva Plataforma Zero Pellet Loss de la asociaci\u00f3n, una plataforma en la que participa la industria, la administraci\u00f3n local y ONGs.<\/p>\n\n\n\n<p>Finalmente, en la jornada se cont\u00f3 con los testimonios de \u00c9vora del Estal, gestora de medioambiente de <a href=\"https:\/\/www.repsol.com\/es\/sostenibilidad\/estrategia-sostenibilidad\/objetivos-sostenibilidad\/index.cshtml\" target=\"_blank\" rel=\"noreferrer noopener\">REPSOL<\/a>; Ignacio Arnau, director de calidad de <a href=\"https:\/\/panalon.com\/\" target=\"_blank\" rel=\"noreferrer noopener\">Pa\u00f1al\u00f3n<\/a>; Luis Artola, director general de <a href=\"https:\/\/www.plastigaur.com\/sostenibilidad\/\" target=\"_blank\" rel=\"noreferrer noopener\">Plastigaur <\/a>y Marc Balcells, responsable de medioambiente de <a href=\"https:\/\/gcrplasticsolutions.com\/sustainability\/\" target=\"_blank\" rel=\"noreferrer noopener\">GCR<\/a>, que compartieron sus buenas pr\u00e1cticas y casos de \u00e9xito en la implementaci\u00f3n del programa OCS.<\/p>\n\n\n\n<p>Tras la mesa de debate, Luis Cediel, director general de ANAIP, clausur\u00f3 el evento, indicando que \u201c<em>este es un compromiso que debe adquirir toda la cadena de valor y de suministro de los pl\u00e1sticos, solo as\u00ed se conseguir\u00e1 alcanzar el objetivo y generar confianza en el sector. Hay que destacar que Espa\u00f1a es pionera en el desarrollo de la certificaci\u00f3n de OCS gracias al esquema de certificaci\u00f3n desarrollado conjuntamente\u202fcon <a href=\"https:\/\/www.aenor.com\/\" target=\"_blank\" rel=\"noreferrer noopener\">AENOR<\/a> y que ha servido como base para el desarrollo a nivel europeo. A d\u00eda de hoy, podemos decir que ya hay 31 empresas espa\u00f1olas certificadas y esperamos llegar a 100 a finales de este a\u00f1o<\/em>\u201d.<\/p>\n\n\n\n<p>Para m\u00e1s informaci\u00f3n sobre el programa OCS y el certificado OCS europeo:<\/p>\n\n\n\n<p><a href=\"http:\/\/www.anaip.es\/ocs\">www.anaip.es\/ocs<\/a><\/p>\n\n\n\n<p><a href=\"https:\/\/www.opcleansweep.eu\/\">https:\/\/www.opcleansweep.eu\/<\/a><\/p>\n\n\n\n<p><\/p>\n\n\n\n<div style=\"height:16px\" aria-hidden=\"true\" class=\"wp-block-spacer\"><\/div>\n\n\n\n<p><\/p>\n\n\n\n<div style=\"height:48px\" aria-hidden=\"true\" class=\"wp-block-spacer\"><\/div>\n\n\n\n<figure class=\"wp-block-image alignleft size-large\"><img loading=\"lazy\" decoding=\"async\" width=\"1024\" height=\"844\" src=\"https:\/\/plasticseurope.org\/es\/wp-content\/uploads\/sites\/4\/2023\/05\/IMG-0540-1024x844.jpg\" alt=\"\" class=\"wp-image-1098\" srcset=\"https:\/\/plasticseurope.org\/es\/wp-content\/uploads\/sites\/4\/2023\/05\/IMG-0540-1024x844.jpg 1024w, https:\/\/plasticseurope.org\/es\/wp-content\/uploads\/sites\/4\/2023\/05\/IMG-0540-300x247.jpg 300w, https:\/\/plasticseurope.org\/es\/wp-content\/uploads\/sites\/4\/2023\/05\/IMG-0540-768x633.jpg 768w, https:\/\/plasticseurope.org\/es\/wp-content\/uploads\/sites\/4\/2023\/05\/IMG-0540-1536x1265.jpg 1536w, https:\/\/plasticseurope.org\/es\/wp-content\/uploads\/sites\/4\/2023\/05\/IMG-0540-2048x1687.jpg 2048w, https:\/\/plasticseurope.org\/es\/wp-content\/uploads\/sites\/4\/2023\/05\/IMG-0540-1980x1631.jpg 1980w, https:\/\/plasticseurope.org\/es\/wp-content\/uploads\/sites\/4\/2023\/05\/IMG-0540-1020x840.jpg 1020w\" sizes=\"auto, (max-width: 1024px) 100vw, 1024px\" \/><\/figure>\n","protected":false},"excerpt":{"rendered":"<p>Las tres organizaciones consolidan su alianza para evitar que los pellets acaben en el medioambiente Tras la firma del acuerdo\u2026<\/p>\n","protected":false},"author":10,"featured_media":1094,"comment_status":"open","ping_status":"open","sticky":false,"template":"","format":"standard","meta":{"footnotes":""},"categories":[6],"tags":[],"class_list":["post-1088","post","type-post","status-publish","format-standard","has-post-thumbnail","hentry","category-notas-de-prensa"],"acf":[],"yoast_head":"<!-- This site is optimized with the Yoast SEO plugin v21.6 - https:\/\/yoast.com\/wordpress\/plugins\/seo\/ -->\n<title>Plastics Europe, ANAIP y AEQT firman en Equiplast un acuerdo para impulsar el programa OCS - Plastics Europe ES<\/title>\n<meta name=\"robots\" content=\"index, follow, max-snippet:-1, max-image-preview:large, max-video-preview:-1\" \/>\n<link rel=\"canonical\" href=\"https:\/\/plasticseurope.org\/es\/plastics-europe-anaip-y-aeqt-firman-en-equiplast-un-acuerdo-para-impulsar-el-programa-ocs\/\" \/>\n<meta property=\"og:locale\" content=\"es_ES\" \/>\n<meta property=\"og:type\" content=\"article\" \/>\n<meta property=\"og:title\" content=\"Plastics Europe, ANAIP y AEQT firman en Equiplast un acuerdo para impulsar el programa OCS - Plastics Europe ES\" \/>\n<meta property=\"og:description\" content=\"Las tres organizaciones consolidan su alianza para evitar que los pellets acaben en el medioambiente Tras la firma del acuerdo\u2026\" \/>\n<meta property=\"og:url\" content=\"https:\/\/plasticseurope.org\/es\/plastics-europe-anaip-y-aeqt-firman-en-equiplast-un-acuerdo-para-impulsar-el-programa-ocs\/\" \/>\n<meta property=\"og:site_name\" content=\"Plastics Europe ES\" \/>\n<meta property=\"article:published_time\" content=\"2023-05-31T15:13:13+00:00\" \/>\n<meta property=\"article:modified_time\" content=\"2023-06-01T08:00:38+00:00\" \/>\n<meta property=\"og:image\" content=\"https:\/\/plasticseurope.org\/es\/wp-content\/uploads\/sites\/4\/2023\/05\/Imagen-1.-Firma-Acuerdo-OCS-scaled.jpg\" \/>\n\t<meta property=\"og:image:width\" content=\"1920\" \/>\n\t<meta property=\"og:image:height\" content=\"2560\" \/>\n\t<meta property=\"og:image:type\" content=\"image\/jpeg\" \/>\n<meta name=\"author\" content=\"lolaruiz\" \/>\n<meta name=\"twitter:card\" content=\"summary_large_image\" \/>\n<meta name=\"twitter:label1\" content=\"Escrito por\" \/>\n\t<meta name=\"twitter:data1\" content=\"lolaruiz\" \/>\n\t<meta name=\"twitter:label2\" content=\"Tiempo de lectura\" \/>\n\t<meta name=\"twitter:data2\" content=\"4 minutos\" \/>\n<script type=\"application\/ld+json\" class=\"yoast-schema-graph\">{\"@context\":\"https:\/\/schema.org\",\"@graph\":[{\"@type\":\"WebPage\",\"@id\":\"https:\/\/plasticseurope.org\/es\/plastics-europe-anaip-y-aeqt-firman-en-equiplast-un-acuerdo-para-impulsar-el-programa-ocs\/\",\"url\":\"https:\/\/plasticseurope.org\/es\/plastics-europe-anaip-y-aeqt-firman-en-equiplast-un-acuerdo-para-impulsar-el-programa-ocs\/\",\"name\":\"Plastics Europe, ANAIP y AEQT firman en Equiplast un acuerdo para impulsar el programa OCS - Plastics Europe ES\",\"isPartOf\":{\"@id\":\"https:\/\/plasticseurope.org\/es\/#website\"},\"datePublished\":\"2023-05-31T15:13:13+00:00\",\"dateModified\":\"2023-06-01T08:00:38+00:00\",\"author\":{\"@id\":\"https:\/\/plasticseurope.org\/es\/#\/schema\/person\/986e4350a19b391e62efd1023cdb3216\"},\"breadcrumb\":{\"@id\":\"https:\/\/plasticseurope.org\/es\/plastics-europe-anaip-y-aeqt-firman-en-equiplast-un-acuerdo-para-impulsar-el-programa-ocs\/#breadcrumb\"},\"inLanguage\":\"es\",\"potentialAction\":[{\"@type\":\"ReadAction\",\"target\":[\"https:\/\/plasticseurope.org\/es\/plastics-europe-anaip-y-aeqt-firman-en-equiplast-un-acuerdo-para-impulsar-el-programa-ocs\/\"]}]},{\"@type\":\"BreadcrumbList\",\"@id\":\"https:\/\/plasticseurope.org\/es\/plastics-europe-anaip-y-aeqt-firman-en-equiplast-un-acuerdo-para-impulsar-el-programa-ocs\/#breadcrumb\",\"itemListElement\":[{\"@type\":\"ListItem\",\"position\":1,\"name\":\"Home\",\"item\":\"https:\/\/plasticseurope.org\/es\/\"},{\"@type\":\"ListItem\",\"position\":2,\"name\":\"Plastics Europe, ANAIP y AEQT firman en Equiplast un acuerdo para impulsar el programa OCS\"}]},{\"@type\":\"WebSite\",\"@id\":\"https:\/\/plasticseurope.org\/es\/#website\",\"url\":\"https:\/\/plasticseurope.org\/es\/\",\"name\":\"Plastics Europe ES\",\"description\":\"Enabling a sustainable future\",\"potentialAction\":[{\"@type\":\"SearchAction\",\"target\":{\"@type\":\"EntryPoint\",\"urlTemplate\":\"https:\/\/plasticseurope.org\/es\/?s={search_term_string}\"},\"query-input\":\"required name=search_term_string\"}],\"inLanguage\":\"es\"},{\"@type\":\"Person\",\"@id\":\"https:\/\/plasticseurope.org\/es\/#\/schema\/person\/986e4350a19b391e62efd1023cdb3216\",\"name\":\"lolaruiz\",\"image\":{\"@type\":\"ImageObject\",\"inLanguage\":\"es\",\"@id\":\"https:\/\/plasticseurope.org\/es\/#\/schema\/person\/image\/\",\"url\":\"https:\/\/secure.gravatar.com\/avatar\/49f6c92194e53f1945eb32315ea65a7257ffbce43813237eda54559f2c10b72c?s=96&d=mm&r=g\",\"contentUrl\":\"https:\/\/secure.gravatar.com\/avatar\/49f6c92194e53f1945eb32315ea65a7257ffbce43813237eda54559f2c10b72c?s=96&d=mm&r=g\",\"caption\":\"lolaruiz\"},\"url\":\"https:\/\/plasticseurope.org\/es\/author\/lolaruiz\/\"}]}<\/script>\n<!-- \/ Yoast SEO plugin. -->","yoast_head_json":{"title":"Plastics Europe, ANAIP y AEQT firman en Equiplast un acuerdo para impulsar el programa OCS - Plastics Europe ES","robots":{"index":"index","follow":"follow","max-snippet":"max-snippet:-1","max-image-preview":"max-image-preview:large","max-video-preview":"max-video-preview:-1"},"canonical":"https:\/\/plasticseurope.org\/es\/plastics-europe-anaip-y-aeqt-firman-en-equiplast-un-acuerdo-para-impulsar-el-programa-ocs\/","og_locale":"es_ES","og_type":"article","og_title":"Plastics Europe, ANAIP y AEQT firman en Equiplast un acuerdo para impulsar el programa OCS - Plastics Europe ES","og_description":"Las tres organizaciones consolidan su alianza para evitar que los pellets acaben en el medioambiente Tras la firma del acuerdo\u2026","og_url":"https:\/\/plasticseurope.org\/es\/plastics-europe-anaip-y-aeqt-firman-en-equiplast-un-acuerdo-para-impulsar-el-programa-ocs\/","og_site_name":"Plastics Europe ES","article_published_time":"2023-05-31T15:13:13+00:00","article_modified_time":"2023-06-01T08:00:38+00:00","og_image":[{"width":1920,"height":2560,"url":"https:\/\/plasticseurope.org\/es\/wp-content\/uploads\/sites\/4\/2023\/05\/Imagen-1.-Firma-Acuerdo-OCS-scaled.jpg","type":"image\/jpeg"}],"author":"lolaruiz","twitter_card":"summary_large_image","twitter_misc":{"Escrito por":"lolaruiz","Tiempo de lectura":"4 minutos"},"schema":{"@context":"https:\/\/schema.org","@graph":[{"@type":"WebPage","@id":"https:\/\/plasticseurope.org\/es\/plastics-europe-anaip-y-aeqt-firman-en-equiplast-un-acuerdo-para-impulsar-el-programa-ocs\/","url":"https:\/\/plasticseurope.org\/es\/plastics-europe-anaip-y-aeqt-firman-en-equiplast-un-acuerdo-para-impulsar-el-programa-ocs\/","name":"Plastics Europe, ANAIP y AEQT firman en Equiplast un acuerdo para impulsar el programa OCS - Plastics Europe ES","isPartOf":{"@id":"https:\/\/plasticseurope.org\/es\/#website"},"datePublished":"2023-05-31T15:13:13+00:00","dateModified":"2023-06-01T08:00:38+00:00","author":{"@id":"https:\/\/plasticseurope.org\/es\/#\/schema\/person\/986e4350a19b391e62efd1023cdb3216"},"breadcrumb":{"@id":"https:\/\/plasticseurope.org\/es\/plastics-europe-anaip-y-aeqt-firman-en-equiplast-un-acuerdo-para-impulsar-el-programa-ocs\/#breadcrumb"},"inLanguage":"es","potentialAction":[{"@type":"ReadAction","target":["https:\/\/plasticseurope.org\/es\/plastics-europe-anaip-y-aeqt-firman-en-equiplast-un-acuerdo-para-impulsar-el-programa-ocs\/"]}]},{"@type":"BreadcrumbList","@id":"https:\/\/plasticseurope.org\/es\/plastics-europe-anaip-y-aeqt-firman-en-equiplast-un-acuerdo-para-impulsar-el-programa-ocs\/#breadcrumb","itemListElement":[{"@type":"ListItem","position":1,"name":"Home","item":"https:\/\/plasticseurope.org\/es\/"},{"@type":"ListItem","position":2,"name":"Plastics Europe, ANAIP y AEQT firman en Equiplast un acuerdo para impulsar el programa OCS"}]},{"@type":"WebSite","@id":"https:\/\/plasticseurope.org\/es\/#website","url":"https:\/\/plasticseurope.org\/es\/","name":"Plastics Europe ES","description":"Enabling a sustainable future","potentialAction":[{"@type":"SearchAction","target":{"@type":"EntryPoint","urlTemplate":"https:\/\/plasticseurope.org\/es\/?s={search_term_string}"},"query-input":"required name=search_term_string"}],"inLanguage":"es"},{"@type":"Person","@id":"https:\/\/plasticseurope.org\/es\/#\/schema\/person\/986e4350a19b391e62efd1023cdb3216","name":"lolaruiz","image":{"@type":"ImageObject","inLanguage":"es","@id":"https:\/\/plasticseurope.org\/es\/#\/schema\/person\/image\/","url":"https:\/\/secure.gravatar.com\/avatar\/49f6c92194e53f1945eb32315ea65a7257ffbce43813237eda54559f2c10b72c?s=96&d=mm&r=g","contentUrl":"https:\/\/secure.gravatar.com\/avatar\/49f6c92194e53f1945eb32315ea65a7257ffbce43813237eda54559f2c10b72c?s=96&d=mm&r=g","caption":"lolaruiz"},"url":"https:\/\/plasticseurope.org\/es\/author\/lolaruiz\/"}]}},"_links":{"self":[{"href":"https:\/\/plasticseurope.org\/es\/wp-json\/wp\/v2\/posts\/1088","targetHints":{"allow":["GET"]}}],"collection":[{"href":"https:\/\/plasticseurope.org\/es\/wp-json\/wp\/v2\/posts"}],"about":[{"href":"https:\/\/plasticseurope.org\/es\/wp-json\/wp\/v2\/types\/post"}],"author":[{"embeddable":true,"href":"https:\/\/plasticseurope.org\/es\/wp-json\/wp\/v2\/users\/10"}],"replies":[{"embeddable":true,"href":"https:\/\/plasticseurope.org\/es\/wp-json\/wp\/v2\/comments?post=1088"}],"version-history":[{"count":0,"href":"https:\/\/plasticseurope.org\/es\/wp-json\/wp\/v2\/posts\/1088\/revisions"}],"wp:featuredmedia":[{"embeddable":true,"href":"https:\/\/plasticseurope.org\/es\/wp-json\/wp\/v2\/media\/1094"}],"wp:attachment":[{"href":"https:\/\/plasticseurope.org\/es\/wp-json\/wp\/v2\/media?parent=1088"}],"wp:term":[{"taxonomy":"category","embeddable":true,"href":"https:\/\/plasticseurope.org\/es\/wp-json\/wp\/v2\/categories?post=1088"},{"taxonomy":"post_tag","embeddable":true,"href":"https:\/\/plasticseurope.org\/es\/wp-json\/wp\/v2\/tags?post=1088"}],"curies":[{"name":"wp","href":"https:\/\/api.w.org\/{rel}","templated":true}]}}