{"id":1026,"date":"2023-03-24T12:31:13","date_gmt":"2023-03-24T12:31:13","guid":{"rendered":"https:\/\/plasticseurope.wpenginepowered.com\/es\/?p=1026"},"modified":"2023-03-24T13:08:46","modified_gmt":"2023-03-24T13:08:46","slug":"31-asociaciones-europeas-hacen-un-llamamiento-a-la-union-europea-para-que-se-adopten-reglas-de-calculo-harmonizadas-para-medir-el-contenido-en-reciclado-quimico-de-los-plasticos","status":"publish","type":"post","link":"https:\/\/plasticseurope.org\/es\/31-asociaciones-europeas-hacen-un-llamamiento-a-la-union-europea-para-que-se-adopten-reglas-de-calculo-harmonizadas-para-medir-el-contenido-en-reciclado-quimico-de-los-plasticos\/","title":{"rendered":"31 asociaciones europeas hacen un llamamiento a la Uni\u00f3n Europea, para que se adopten reglas de c\u00e1lculo harmonizadas para medir el contenido en reciclado qu\u00edmico de los pl\u00e1sticos."},"content":{"rendered":"\n<p>Los fabricantes, transformadores y usuarios de productos y envases pl\u00e1sticos en todos los sectores est\u00e1n especialmente interesados en aumentar, de forma significativa, la disponibilidad y el uso de pl\u00e1sticos reciclados.<\/p>\n\n\n\n<p>Si bien el reciclaje mec\u00e1nico debe seguir siendo la opci\u00f3n preferida, se necesitan m\u00e1s inversiones en todas las tecnolog\u00edas para seguir avanzando en la circularidad de los pl\u00e1sticos. Esto incluye el reciclaje qu\u00edmico, que permite el uso de residuos pl\u00e1sticos, especialmente materia prima no apta para el reciclaje mec\u00e1nico, para producir nuevos productos y pl\u00e1sticos.<\/p>\n\n\n\n<p>Para que el reciclaje qu\u00edmico sea una realidad y est\u00e9 disponible a gran escala, necesitamos intensificar urgentemente las inversiones en estas tecnolog\u00edas. Es por eso que un grupo de 31 asociaciones, que representan a los principales sectores del mercado a lo largo de la cadena de valor de los pl\u00e1sticos europeos, hacen un <a href=\"https:\/\/plasticseurope.org\/es\/wp-content\/uploads\/sites\/4\/2023\/03\/Mass-Balance-Value-Chain-paper-ESPANOL-Final-con-logos-firmantes.pdf\" target=\"_blank\" rel=\"noreferrer noopener\">llamamiento conjunto<\/a> a la Comisi\u00f3n Europea y a los Estados miembros para que, en este a\u00f1o 2023, adopten reglas de c\u00e1lculo armonizadas en la UE para medir el contenido en reciclado qu\u00edmico, mediante balance de masas.<\/p>\n\n\n\n<p><\/p>\n\n\n\n<p><\/p>\n\n\n\n<p><\/p>\n\n\n\n<div style=\"height:46px\" aria-hidden=\"true\" class=\"wp-block-spacer\"><\/div>\n\n\n\n<p><\/p>\n\n\n\n<p><strong>Informaci\u00f3n adicional<\/strong><\/p>\n\n\n\n<p><a href=\"https:\/\/plasticseurope.org\/es\/wp-content\/uploads\/sites\/4\/2023\/03\/Mass-Balance-Value-Chain-paper-ESPANOL-Final-con-logos-firmantes.pdf\">Llamamiento conjunto de la cadena de valor<\/a><\/p>\n\n\n\n<p><a href=\"https:\/\/plasticlemag.es\/Convertir-un-plastico-viejo-en-uno-virgen\">Reciclaje qu\u00edmico: los pl\u00e1sticos vuelven a nacer<\/a><\/p>\n\n\n\n<p><a href=\"https:\/\/plasticseurope.org\/wp-content\/uploads\/2022\/04\/ReShapingPlastics-ES-SPANISH-v1.1.pdf\">Resumen ejecutivo Reshaping Plastics<\/a><\/p>\n\n\n\n<p><a href=\"https:\/\/plasticseurope.org\/knowledge-hub\/plastics-europe-position-on-complementarity-of-chemical-and-mechanical-recycling\/\">Posici\u00f3n de Plastics Europe sobre la complementariedad del reciclaje qu\u00edmico y mec\u00e1nico (EN)<\/a><\/p>\n\n\n\n<div style=\"height:48px\" aria-hidden=\"true\" class=\"wp-block-spacer\"><\/div>\n\n\n","protected":false},"excerpt":{"rendered":"<p>Los fabricantes, transformadores y usuarios de productos y envases pl\u00e1sticos en todos los sectores est\u00e1n especialmente interesados en aumentar, de\u2026<\/p>\n","protected":false},"author":10,"featured_media":1027,"comment_status":"open","ping_status":"open","sticky":false,"template":"","format":"standard","meta":{"footnotes":""},"categories":[7],"tags":[],"class_list":["post-1026","post","type-post","status-publish","format-standard","has-post-thumbnail","hentry","category-noticias"],"acf":[],"yoast_head":"<!-- This site is optimized with the Yoast SEO plugin v21.6 - https:\/\/yoast.com\/wordpress\/plugins\/seo\/ -->\n<title>31 asociaciones europeas hacen un llamamiento a la Uni\u00f3n Europea, para que se adopten reglas de c\u00e1lculo harmonizadas para medir el contenido en reciclado qu\u00edmico de los pl\u00e1sticos. - Plastics Europe ES<\/title>\n<meta name=\"robots\" content=\"index, follow, max-snippet:-1, max-image-preview:large, max-video-preview:-1\" \/>\n<link rel=\"canonical\" href=\"https:\/\/plasticseurope.org\/es\/31-asociaciones-europeas-hacen-un-llamamiento-a-la-union-europea-para-que-se-adopten-reglas-de-calculo-harmonizadas-para-medir-el-contenido-en-reciclado-quimico-de-los-plasticos\/\" \/>\n<meta property=\"og:locale\" content=\"es_ES\" \/>\n<meta property=\"og:type\" content=\"article\" \/>\n<meta property=\"og:title\" content=\"31 asociaciones europeas hacen un llamamiento a la Uni\u00f3n Europea, para que se adopten reglas de c\u00e1lculo harmonizadas para medir el contenido en reciclado qu\u00edmico de los pl\u00e1sticos. - Plastics Europe ES\" \/>\n<meta property=\"og:description\" content=\"Los fabricantes, transformadores y usuarios de productos y envases pl\u00e1sticos en todos los sectores est\u00e1n especialmente interesados en aumentar, de\u2026\" \/>\n<meta property=\"og:url\" content=\"https:\/\/plasticseurope.org\/es\/31-asociaciones-europeas-hacen-un-llamamiento-a-la-union-europea-para-que-se-adopten-reglas-de-calculo-harmonizadas-para-medir-el-contenido-en-reciclado-quimico-de-los-plasticos\/\" \/>\n<meta property=\"og:site_name\" content=\"Plastics Europe ES\" \/>\n<meta property=\"article:published_time\" content=\"2023-03-24T12:31:13+00:00\" \/>\n<meta property=\"article:modified_time\" content=\"2023-03-24T13:08:46+00:00\" \/>\n<meta property=\"og:image\" content=\"https:\/\/plasticseurope.org\/es\/wp-content\/uploads\/sites\/4\/2023\/03\/Visual-mass-balance-reciclado-quimico.png\" \/>\n\t<meta property=\"og:image:width\" content=\"940\" \/>\n\t<meta property=\"og:image:height\" content=\"600\" \/>\n\t<meta property=\"og:image:type\" content=\"image\/png\" \/>\n<meta name=\"author\" content=\"lolaruiz\" \/>\n<meta name=\"twitter:card\" content=\"summary_large_image\" \/>\n<meta name=\"twitter:label1\" content=\"Escrito por\" \/>\n\t<meta name=\"twitter:data1\" content=\"lolaruiz\" \/>\n\t<meta name=\"twitter:label2\" content=\"Tiempo de lectura\" \/>\n\t<meta name=\"twitter:data2\" content=\"2 minutos\" \/>\n<script type=\"application\/ld+json\" class=\"yoast-schema-graph\">{\"@context\":\"https:\/\/schema.org\",\"@graph\":[{\"@type\":\"WebPage\",\"@id\":\"https:\/\/plasticseurope.org\/es\/31-asociaciones-europeas-hacen-un-llamamiento-a-la-union-europea-para-que-se-adopten-reglas-de-calculo-harmonizadas-para-medir-el-contenido-en-reciclado-quimico-de-los-plasticos\/\",\"url\":\"https:\/\/plasticseurope.org\/es\/31-asociaciones-europeas-hacen-un-llamamiento-a-la-union-europea-para-que-se-adopten-reglas-de-calculo-harmonizadas-para-medir-el-contenido-en-reciclado-quimico-de-los-plasticos\/\",\"name\":\"31 asociaciones europeas hacen un llamamiento a la Uni\u00f3n Europea, para que se adopten reglas de c\u00e1lculo harmonizadas para medir el contenido en reciclado qu\u00edmico de los pl\u00e1sticos. - Plastics Europe ES\",\"isPartOf\":{\"@id\":\"https:\/\/plasticseurope.org\/es\/#website\"},\"datePublished\":\"2023-03-24T12:31:13+00:00\",\"dateModified\":\"2023-03-24T13:08:46+00:00\",\"author\":{\"@id\":\"https:\/\/plasticseurope.org\/es\/#\/schema\/person\/986e4350a19b391e62efd1023cdb3216\"},\"breadcrumb\":{\"@id\":\"https:\/\/plasticseurope.org\/es\/31-asociaciones-europeas-hacen-un-llamamiento-a-la-union-europea-para-que-se-adopten-reglas-de-calculo-harmonizadas-para-medir-el-contenido-en-reciclado-quimico-de-los-plasticos\/#breadcrumb\"},\"inLanguage\":\"es\",\"potentialAction\":[{\"@type\":\"ReadAction\",\"target\":[\"https:\/\/plasticseurope.org\/es\/31-asociaciones-europeas-hacen-un-llamamiento-a-la-union-europea-para-que-se-adopten-reglas-de-calculo-harmonizadas-para-medir-el-contenido-en-reciclado-quimico-de-los-plasticos\/\"]}]},{\"@type\":\"BreadcrumbList\",\"@id\":\"https:\/\/plasticseurope.org\/es\/31-asociaciones-europeas-hacen-un-llamamiento-a-la-union-europea-para-que-se-adopten-reglas-de-calculo-harmonizadas-para-medir-el-contenido-en-reciclado-quimico-de-los-plasticos\/#breadcrumb\",\"itemListElement\":[{\"@type\":\"ListItem\",\"position\":1,\"name\":\"Home\",\"item\":\"https:\/\/plasticseurope.org\/es\/\"},{\"@type\":\"ListItem\",\"position\":2,\"name\":\"31 asociaciones europeas hacen un llamamiento a la Uni\u00f3n Europea, para que se adopten reglas de c\u00e1lculo harmonizadas para medir el contenido en reciclado qu\u00edmico de los pl\u00e1sticos.\"}]},{\"@type\":\"WebSite\",\"@id\":\"https:\/\/plasticseurope.org\/es\/#website\",\"url\":\"https:\/\/plasticseurope.org\/es\/\",\"name\":\"Plastics Europe ES\",\"description\":\"Enabling a sustainable future\",\"potentialAction\":[{\"@type\":\"SearchAction\",\"target\":{\"@type\":\"EntryPoint\",\"urlTemplate\":\"https:\/\/plasticseurope.org\/es\/?s={search_term_string}\"},\"query-input\":\"required name=search_term_string\"}],\"inLanguage\":\"es\"},{\"@type\":\"Person\",\"@id\":\"https:\/\/plasticseurope.org\/es\/#\/schema\/person\/986e4350a19b391e62efd1023cdb3216\",\"name\":\"lolaruiz\",\"image\":{\"@type\":\"ImageObject\",\"inLanguage\":\"es\",\"@id\":\"https:\/\/plasticseurope.org\/es\/#\/schema\/person\/image\/\",\"url\":\"https:\/\/secure.gravatar.com\/avatar\/49f6c92194e53f1945eb32315ea65a7257ffbce43813237eda54559f2c10b72c?s=96&d=mm&r=g\",\"contentUrl\":\"https:\/\/secure.gravatar.com\/avatar\/49f6c92194e53f1945eb32315ea65a7257ffbce43813237eda54559f2c10b72c?s=96&d=mm&r=g\",\"caption\":\"lolaruiz\"},\"url\":\"https:\/\/plasticseurope.org\/es\/author\/lolaruiz\/\"}]}<\/script>\n<!-- \/ Yoast SEO plugin. -->","yoast_head_json":{"title":"31 asociaciones europeas hacen un llamamiento a la Uni\u00f3n Europea, para que se adopten reglas de c\u00e1lculo harmonizadas para medir el contenido en reciclado qu\u00edmico de los pl\u00e1sticos. - Plastics Europe ES","robots":{"index":"index","follow":"follow","max-snippet":"max-snippet:-1","max-image-preview":"max-image-preview:large","max-video-preview":"max-video-preview:-1"},"canonical":"https:\/\/plasticseurope.org\/es\/31-asociaciones-europeas-hacen-un-llamamiento-a-la-union-europea-para-que-se-adopten-reglas-de-calculo-harmonizadas-para-medir-el-contenido-en-reciclado-quimico-de-los-plasticos\/","og_locale":"es_ES","og_type":"article","og_title":"31 asociaciones europeas hacen un llamamiento a la Uni\u00f3n Europea, para que se adopten reglas de c\u00e1lculo harmonizadas para medir el contenido en reciclado qu\u00edmico de los pl\u00e1sticos. - Plastics Europe ES","og_description":"Los fabricantes, transformadores y usuarios de productos y envases pl\u00e1sticos en todos los sectores est\u00e1n especialmente interesados en aumentar, de\u2026","og_url":"https:\/\/plasticseurope.org\/es\/31-asociaciones-europeas-hacen-un-llamamiento-a-la-union-europea-para-que-se-adopten-reglas-de-calculo-harmonizadas-para-medir-el-contenido-en-reciclado-quimico-de-los-plasticos\/","og_site_name":"Plastics Europe ES","article_published_time":"2023-03-24T12:31:13+00:00","article_modified_time":"2023-03-24T13:08:46+00:00","og_image":[{"width":940,"height":600,"url":"https:\/\/plasticseurope.org\/es\/wp-content\/uploads\/sites\/4\/2023\/03\/Visual-mass-balance-reciclado-quimico.png","type":"image\/png"}],"author":"lolaruiz","twitter_card":"summary_large_image","twitter_misc":{"Escrito por":"lolaruiz","Tiempo de lectura":"2 minutos"},"schema":{"@context":"https:\/\/schema.org","@graph":[{"@type":"WebPage","@id":"https:\/\/plasticseurope.org\/es\/31-asociaciones-europeas-hacen-un-llamamiento-a-la-union-europea-para-que-se-adopten-reglas-de-calculo-harmonizadas-para-medir-el-contenido-en-reciclado-quimico-de-los-plasticos\/","url":"https:\/\/plasticseurope.org\/es\/31-asociaciones-europeas-hacen-un-llamamiento-a-la-union-europea-para-que-se-adopten-reglas-de-calculo-harmonizadas-para-medir-el-contenido-en-reciclado-quimico-de-los-plasticos\/","name":"31 asociaciones europeas hacen un llamamiento a la Uni\u00f3n Europea, para que se adopten reglas de c\u00e1lculo harmonizadas para medir el contenido en reciclado qu\u00edmico de los pl\u00e1sticos. - Plastics Europe ES","isPartOf":{"@id":"https:\/\/plasticseurope.org\/es\/#website"},"datePublished":"2023-03-24T12:31:13+00:00","dateModified":"2023-03-24T13:08:46+00:00","author":{"@id":"https:\/\/plasticseurope.org\/es\/#\/schema\/person\/986e4350a19b391e62efd1023cdb3216"},"breadcrumb":{"@id":"https:\/\/plasticseurope.org\/es\/31-asociaciones-europeas-hacen-un-llamamiento-a-la-union-europea-para-que-se-adopten-reglas-de-calculo-harmonizadas-para-medir-el-contenido-en-reciclado-quimico-de-los-plasticos\/#breadcrumb"},"inLanguage":"es","potentialAction":[{"@type":"ReadAction","target":["https:\/\/plasticseurope.org\/es\/31-asociaciones-europeas-hacen-un-llamamiento-a-la-union-europea-para-que-se-adopten-reglas-de-calculo-harmonizadas-para-medir-el-contenido-en-reciclado-quimico-de-los-plasticos\/"]}]},{"@type":"BreadcrumbList","@id":"https:\/\/plasticseurope.org\/es\/31-asociaciones-europeas-hacen-un-llamamiento-a-la-union-europea-para-que-se-adopten-reglas-de-calculo-harmonizadas-para-medir-el-contenido-en-reciclado-quimico-de-los-plasticos\/#breadcrumb","itemListElement":[{"@type":"ListItem","position":1,"name":"Home","item":"https:\/\/plasticseurope.org\/es\/"},{"@type":"ListItem","position":2,"name":"31 asociaciones europeas hacen un llamamiento a la Uni\u00f3n Europea, para que se adopten reglas de c\u00e1lculo harmonizadas para medir el contenido en reciclado qu\u00edmico de los pl\u00e1sticos."}]},{"@type":"WebSite","@id":"https:\/\/plasticseurope.org\/es\/#website","url":"https:\/\/plasticseurope.org\/es\/","name":"Plastics Europe ES","description":"Enabling a sustainable future","potentialAction":[{"@type":"SearchAction","target":{"@type":"EntryPoint","urlTemplate":"https:\/\/plasticseurope.org\/es\/?s={search_term_string}"},"query-input":"required name=search_term_string"}],"inLanguage":"es"},{"@type":"Person","@id":"https:\/\/plasticseurope.org\/es\/#\/schema\/person\/986e4350a19b391e62efd1023cdb3216","name":"lolaruiz","image":{"@type":"ImageObject","inLanguage":"es","@id":"https:\/\/plasticseurope.org\/es\/#\/schema\/person\/image\/","url":"https:\/\/secure.gravatar.com\/avatar\/49f6c92194e53f1945eb32315ea65a7257ffbce43813237eda54559f2c10b72c?s=96&d=mm&r=g","contentUrl":"https:\/\/secure.gravatar.com\/avatar\/49f6c92194e53f1945eb32315ea65a7257ffbce43813237eda54559f2c10b72c?s=96&d=mm&r=g","caption":"lolaruiz"},"url":"https:\/\/plasticseurope.org\/es\/author\/lolaruiz\/"}]}},"_links":{"self":[{"href":"https:\/\/plasticseurope.org\/es\/wp-json\/wp\/v2\/posts\/1026","targetHints":{"allow":["GET"]}}],"collection":[{"href":"https:\/\/plasticseurope.org\/es\/wp-json\/wp\/v2\/posts"}],"about":[{"href":"https:\/\/plasticseurope.org\/es\/wp-json\/wp\/v2\/types\/post"}],"author":[{"embeddable":true,"href":"https:\/\/plasticseurope.org\/es\/wp-json\/wp\/v2\/users\/10"}],"replies":[{"embeddable":true,"href":"https:\/\/plasticseurope.org\/es\/wp-json\/wp\/v2\/comments?post=1026"}],"version-history":[{"count":0,"href":"https:\/\/plasticseurope.org\/es\/wp-json\/wp\/v2\/posts\/1026\/revisions"}],"wp:featuredmedia":[{"embeddable":true,"href":"https:\/\/plasticseurope.org\/es\/wp-json\/wp\/v2\/media\/1027"}],"wp:attachment":[{"href":"https:\/\/plasticseurope.org\/es\/wp-json\/wp\/v2\/media?parent=1026"}],"wp:term":[{"taxonomy":"category","embeddable":true,"href":"https:\/\/plasticseurope.org\/es\/wp-json\/wp\/v2\/categories?post=1026"},{"taxonomy":"post_tag","embeddable":true,"href":"https:\/\/plasticseurope.org\/es\/wp-json\/wp\/v2\/tags?post=1026"}],"curies":[{"name":"wp","href":"https:\/\/api.w.org\/{rel}","templated":true}]}}