{"id":9215,"date":"2024-02-02T10:24:02","date_gmt":"2024-02-02T10:24:02","guid":{"rendered":"https:\/\/plasticseurope.wpenginepowered.com\/de\/?p=9215"},"modified":"2026-04-14T12:19:09","modified_gmt":"2026-04-14T12:19:09","slug":"die-eu-verpackungsverordnung-verliert-die-kreislaufwirtschaft-aus-dem-blick","status":"publish","type":"post","link":"https:\/\/plasticseurope.org\/de\/2024\/02\/02\/die-eu-verpackungsverordnung-verliert-die-kreislaufwirtschaft-aus-dem-blick\/","title":{"rendered":"Die EU-Verpackungsverordnung verliert die Kreislaufwirtschaft aus dem Blick"},"content":{"rendered":"\n<p><strong>Frankfurt am Main, 02.02.2024<\/strong> \u2013 Am Montag, den 05. Februar 2024 verhandeln die EU-Kommission, das EU-Parlament und die Repr\u00e4sentanten der Mitgliedsstaaten im Rahmen des Trilogs nun die Details der neuen Verpackungsverordnung, die bereits 2024 in Kraft treten soll. Ob es jedoch noch vor der Europawahl, am 09. Juni 2024, zu einer Einigung kommt, ist noch offen.<br><br>Ingemar B\u00fchler, Hauptgesch\u00e4ftsf\u00fchrer von Plastics Europe Deutschland, dem Verband der Kunststoffhersteller, hat geringe Erwartungen an den Ausgang der Verhandlungen. \u201eZuletzt hat man sich in den Institutionen noch dar\u00fcber gestritten, ob Einweg-Zuckert\u00fctchen verboten werden sollten oder nicht. Die Kreislaufwirtschaft und die wirklich wichtigen Themen, wurden dabei weitestgehend aus dem Blick verloren, je weiter die Debatte vorangeschritten ist.\u201c<\/p>\n\n\n\n<p>B\u00fchler erg\u00e4nzt: \u201eDie EU hat mit der EU-Verpackungsverordnung ein Instrument in der Hand, das tats\u00e4chlich dazu beitragen kann, den Anteil von nicht-fossilen Materialien in Verpackungen deutlich zu steigern. Daf\u00fcr braucht es jetzt ambitionierte Rezyklat-Einsatzquoten und eine separate Zielvorgabe f\u00fcr den Einsatz von biobasierten Kunststoffen. Willk\u00fcrliche Reduktionsziele, die nur auf Plastik abzielen, sind hingegen nicht zielf\u00fchrend. Das f\u00fchrt lediglich dazu, dass Kunststoffe in Verpackungen durch andere Materialien ersetzt werden, ohne, dass daraus ein nachweisbarer Nutzen f\u00fcr die Umwelt entsteht oder dadurch weniger M\u00fcll produziert wird. Ich hoffe daher sehr, dass die Verhandlungsf\u00fchrer in ihren vielen Nacht-Sitzungen das gro\u00dfe Ganze im Blick behalten.\u201c<\/p>\n\n\n\n<p>Sehen Sie auch: <a href=\"https:\/\/plasticseurope.org\/de\/knowledge-hub\/ppwr\/\">Sechs Handlungsempfehlungen zur EU-Verpackungsverordnung (PPWR)<\/a>.<\/p>\n\n\n\n<div style=\"height:16px\" aria-hidden=\"true\" class=\"wp-block-spacer is-style-medium\"><\/div>\n\n\n\n<h2 class=\"wp-block-heading\">\u00dcber den Verband<\/h2>\n\n\n\n<p>Plastics Europe ist der paneurop\u00e4ische Verband der Kunststofferzeuger mit B\u00fcros in mehreren Wirtschaftszentren Europas. Mit fast 100 Mitgliedsunternehmen, die f\u00fcr mehr als 90 Prozent der Kunststoffproduktion in Europa stehen, sind wir ein bedeutender Akteur der Kunststoffindustrie, mit der Verantwortung, offen und eng mit den verschiedensten Interessengruppen zusammenzuarbeiten &#8211; um sichere, kreislauff\u00e4hige und ressourcenschonende Ideen und Produkte zu entwickeln. Unser Ziel ist es, den Wandel der Branche hin zu mehr Nachhaltigkeit intensiv voranzutreiben.<\/p>\n\n\n\n<div style=\"height:16px\" aria-hidden=\"true\" class=\"wp-block-spacer is-style-medium\"><\/div>\n\n\n\n<hr class=\"wp-block-separator has-text-color has-jade-color has-alpha-channel-opacity has-jade-background-color has-background\" \/>\n\n\n\n<div style=\"height:16px\" aria-hidden=\"true\" class=\"wp-block-spacer is-style-medium\"><\/div>\n\n\n\n<div class=\"wp-block-columns is-layout-flex wp-container-core-columns-is-layout-28f84493 wp-block-columns-is-layout-flex\">\n<div class=\"wp-block-column is-layout-flow wp-block-column-is-layout-flow\" style=\"flex-basis:63%\">\n<div class=\"wp-block-group is-layout-flow wp-block-group-is-layout-flow\">\n<figure class=\"wp-block-image size-full rounded-md overflow-hidden\"><img loading=\"lazy\" decoding=\"async\" width=\"540\" height=\"540\" src=\"https:\/\/plasticseurope.org\/de\/wp-content\/uploads\/sites\/3\/2023\/07\/Portrait_Bettina-Dempewolf_c_PlasticsEurope_540x540.png\" alt=\"Bettina Dempewolf: Sechs Ma\u00dfnahmen, die langfristig gegen das M\u00fcllproblem helfen\" class=\"wp-image-3107\" srcset=\"https:\/\/plasticseurope.org\/de\/wp-content\/uploads\/sites\/3\/2023\/07\/Portrait_Bettina-Dempewolf_c_PlasticsEurope_540x540.png 540w, https:\/\/plasticseurope.org\/de\/wp-content\/uploads\/sites\/3\/2023\/07\/Portrait_Bettina-Dempewolf_c_PlasticsEurope_540x540-300x300.png 300w, https:\/\/plasticseurope.org\/de\/wp-content\/uploads\/sites\/3\/2023\/07\/Portrait_Bettina-Dempewolf_c_PlasticsEurope_540x540-150x150.png 150w\" sizes=\"auto, (max-width: 540px) 100vw, 540px\" \/><\/figure>\n<\/div>\n<\/div>\n\n\n\n<div class=\"wp-block-column is-layout-flow wp-block-column-is-layout-flow\" style=\"flex-basis:250%\">\n<p>Ihre Ansprechpartnerin bei Plastics Europe:<\/p>\n\n\n\n<p><strong>Bettina Dempewolf<\/strong><br>Leiterin Kommunikation<br>Telefon: +49 (69) 2556-1307<br>Mobil: +49 (171) 9713962<\/p>\n\n\n\n<div class=\"wp-block-buttons is-layout-flex wp-block-buttons-is-layout-flex\">\n<div class=\"wp-block-button\"><a class=\"wp-block-button__link has-white-color has-jade-background-color has-text-color has-background wp-element-button\" href=\"https:\/\/plasticseurope.org\/de\/pressemitteilungen\/\">Zum Presseportal<\/a><\/div>\n<\/div>\n\n\n\n<div style=\"height:100px\" aria-hidden=\"true\" class=\"wp-block-spacer is-style-small\"><\/div>\n\n\n\n<p><\/p>\n<\/div>\n<\/div>\n\n\n\n<hr class=\"wp-block-separator has-text-color has-jade-color has-alpha-channel-opacity has-jade-background-color has-background\" \/>\n","protected":false},"excerpt":{"rendered":"<p>Am Montag, dem 05. Februar 2024 starten die Trilog-Verhandlungen zur EU-Verpackungsverordnung, zwischen EU-Kommission, EU-Parlament und Rat.<\/p>\n","protected":false},"author":30,"featured_media":9212,"comment_status":"closed","ping_status":"closed","sticky":false,"template":"","format":"standard","meta":{"footnotes":""},"categories":[6,7],"tags":[154,99,156,97,49,88,51,44,85,40,130,50],"class_list":["post-9215","post","type-post","status-publish","format-standard","has-post-thumbnail","hentry","category-news","category-pressemitteilungen","tag-biobasierte-kunststoffe","tag-eu-kommission","tag-eu-parlament","tag-eu-verpackungsverordnung","tag-ingemar-buehler","tag-kunststoff","tag-plastik","tag-ppwr","tag-recycling","tag-rezyklat","tag-trilog","tag-verpackungen"],"acf":[],"yoast_head":"<!-- This site is optimized with the Yoast SEO plugin v21.6 - https:\/\/yoast.com\/wordpress\/plugins\/seo\/ -->\n<title>Die EU-Verpackungsverordnung verliert die Kreislaufwirtschaft aus dem Blick<\/title>\n<meta name=\"description\" content=\"Am Montag, dem 05. Februar 2024 starten die Trilog-Verhandlungen zur EU-Verpackungsverordnung, zwischen EU-Kommission, EU-Parlament und Rat.\" \/>\n<meta name=\"robots\" content=\"index, follow, max-snippet:-1, max-image-preview:large, max-video-preview:-1\" \/>\n<link rel=\"canonical\" href=\"https:\/\/plasticseurope.org\/de\/2024\/02\/02\/die-eu-verpackungsverordnung-verliert-die-kreislaufwirtschaft-aus-dem-blick\/\" \/>\n<meta property=\"og:locale\" content=\"de_DE\" \/>\n<meta property=\"og:type\" content=\"article\" \/>\n<meta property=\"og:title\" content=\"Nachhaltigkeit wird bei Spielzeug zum Mainstream\" \/>\n<meta property=\"og:description\" content=\"Am Montag, dem 05. Februar 2024 starten die Trilog-Verhandlungen zur EU-Verpackungsverordnung, zwischen EU-Kommission, EU-Parlament und Rat.\" \/>\n<meta property=\"og:url\" content=\"https:\/\/plasticseurope.org\/de\/2024\/02\/02\/die-eu-verpackungsverordnung-verliert-die-kreislaufwirtschaft-aus-dem-blick\/\" \/>\n<meta property=\"og:site_name\" content=\"Plastics Europe DE\" \/>\n<meta property=\"article:published_time\" content=\"2024-02-02T10:24:02+00:00\" \/>\n<meta property=\"article:modified_time\" content=\"2026-04-14T12:19:09+00:00\" \/>\n<meta property=\"og:image\" content=\"https:\/\/plasticseurope.org\/de\/wp-content\/uploads\/sites\/3\/2024\/02\/Plastic-Fantastic-1.png\" \/>\n\t<meta property=\"og:image:width\" content=\"1024\" \/>\n\t<meta property=\"og:image:height\" content=\"768\" \/>\n\t<meta property=\"og:image:type\" content=\"image\/png\" \/>\n<meta name=\"author\" content=\"tanjaruehl\" \/>\n<meta name=\"twitter:card\" content=\"summary_large_image\" \/>\n<meta name=\"twitter:title\" content=\"Nachhaltigkeit wird bei Spielzeug zum Mainstream\" \/>\n<meta name=\"twitter:description\" content=\"Am Montag, dem 05. Februar 2024 starten die Trilog-Verhandlungen zur EU-Verpackungsverordnung, zwischen EU-Kommission, EU-Parlament und Rat.\" \/>\n<meta name=\"twitter:image\" content=\"https:\/\/plasticseurope.org\/de\/wp-content\/uploads\/sites\/3\/2024\/02\/Plastic-Fantastic-1.png\" \/>\n<meta name=\"twitter:label1\" content=\"Verfasst von\" \/>\n\t<meta name=\"twitter:data1\" content=\"tanjaruehl\" \/>\n\t<meta name=\"twitter:label2\" content=\"Gesch\u00e4tzte Lesezeit\" \/>\n\t<meta name=\"twitter:data2\" content=\"2 Minuten\" \/>\n<script type=\"application\/ld+json\" class=\"yoast-schema-graph\">{\"@context\":\"https:\/\/schema.org\",\"@graph\":[{\"@type\":\"WebPage\",\"@id\":\"https:\/\/plasticseurope.org\/de\/2024\/02\/02\/die-eu-verpackungsverordnung-verliert-die-kreislaufwirtschaft-aus-dem-blick\/\",\"url\":\"https:\/\/plasticseurope.org\/de\/2024\/02\/02\/die-eu-verpackungsverordnung-verliert-die-kreislaufwirtschaft-aus-dem-blick\/\",\"name\":\"Die EU-Verpackungsverordnung verliert die Kreislaufwirtschaft aus dem Blick\",\"isPartOf\":{\"@id\":\"https:\/\/plasticseurope.org\/de\/#website\"},\"datePublished\":\"2024-02-02T10:24:02+00:00\",\"dateModified\":\"2026-04-14T12:19:09+00:00\",\"author\":{\"@id\":\"https:\/\/plasticseurope.org\/de\/#\/schema\/person\/55e4bc6d67cca31b44f4bfa8879154d7\"},\"description\":\"Am Montag, dem 05. Februar 2024 starten die Trilog-Verhandlungen zur EU-Verpackungsverordnung, zwischen EU-Kommission, EU-Parlament und Rat.\",\"breadcrumb\":{\"@id\":\"https:\/\/plasticseurope.org\/de\/2024\/02\/02\/die-eu-verpackungsverordnung-verliert-die-kreislaufwirtschaft-aus-dem-blick\/#breadcrumb\"},\"inLanguage\":\"de-DE\",\"potentialAction\":[{\"@type\":\"ReadAction\",\"target\":[\"https:\/\/plasticseurope.org\/de\/2024\/02\/02\/die-eu-verpackungsverordnung-verliert-die-kreislaufwirtschaft-aus-dem-blick\/\"]}]},{\"@type\":\"BreadcrumbList\",\"@id\":\"https:\/\/plasticseurope.org\/de\/2024\/02\/02\/die-eu-verpackungsverordnung-verliert-die-kreislaufwirtschaft-aus-dem-blick\/#breadcrumb\",\"itemListElement\":[{\"@type\":\"ListItem\",\"position\":1,\"name\":\"Home\",\"item\":\"https:\/\/plasticseurope.org\/de\/\"},{\"@type\":\"ListItem\",\"position\":2,\"name\":\"Die EU-Verpackungsverordnung verliert die Kreislaufwirtschaft aus dem Blick\"}]},{\"@type\":\"WebSite\",\"@id\":\"https:\/\/plasticseurope.org\/de\/#website\",\"url\":\"https:\/\/plasticseurope.org\/de\/\",\"name\":\"Plastics Europe DE\",\"description\":\"Enabling a sustainable future\",\"potentialAction\":[{\"@type\":\"SearchAction\",\"target\":{\"@type\":\"EntryPoint\",\"urlTemplate\":\"https:\/\/plasticseurope.org\/de\/?s={search_term_string}\"},\"query-input\":\"required name=search_term_string\"}],\"inLanguage\":\"de-DE\"},{\"@type\":\"Person\",\"@id\":\"https:\/\/plasticseurope.org\/de\/#\/schema\/person\/55e4bc6d67cca31b44f4bfa8879154d7\",\"name\":\"tanjaruehl\",\"image\":{\"@type\":\"ImageObject\",\"inLanguage\":\"de-DE\",\"@id\":\"https:\/\/plasticseurope.org\/de\/#\/schema\/person\/image\/\",\"url\":\"https:\/\/secure.gravatar.com\/avatar\/364c719d8d492fd7a6aea4706f81d9072211fb247836d1297db889b489703521?s=96&d=mm&r=g\",\"contentUrl\":\"https:\/\/secure.gravatar.com\/avatar\/364c719d8d492fd7a6aea4706f81d9072211fb247836d1297db889b489703521?s=96&d=mm&r=g\",\"caption\":\"tanjaruehl\"},\"url\":\"https:\/\/plasticseurope.org\/de\/author\/tanjaruehl\/\"}]}<\/script>\n<!-- \/ Yoast SEO plugin. -->","yoast_head_json":{"title":"Die EU-Verpackungsverordnung verliert die Kreislaufwirtschaft aus dem Blick","description":"Am Montag, dem 05. Februar 2024 starten die Trilog-Verhandlungen zur EU-Verpackungsverordnung, zwischen EU-Kommission, EU-Parlament und Rat.","robots":{"index":"index","follow":"follow","max-snippet":"max-snippet:-1","max-image-preview":"max-image-preview:large","max-video-preview":"max-video-preview:-1"},"canonical":"https:\/\/plasticseurope.org\/de\/2024\/02\/02\/die-eu-verpackungsverordnung-verliert-die-kreislaufwirtschaft-aus-dem-blick\/","og_locale":"de_DE","og_type":"article","og_title":"Nachhaltigkeit wird bei Spielzeug zum Mainstream","og_description":"Am Montag, dem 05. Februar 2024 starten die Trilog-Verhandlungen zur EU-Verpackungsverordnung, zwischen EU-Kommission, EU-Parlament und Rat.","og_url":"https:\/\/plasticseurope.org\/de\/2024\/02\/02\/die-eu-verpackungsverordnung-verliert-die-kreislaufwirtschaft-aus-dem-blick\/","og_site_name":"Plastics Europe DE","article_published_time":"2024-02-02T10:24:02+00:00","article_modified_time":"2026-04-14T12:19:09+00:00","og_image":[{"width":1024,"height":768,"url":"https:\/\/plasticseurope.org\/de\/wp-content\/uploads\/sites\/3\/2024\/02\/Plastic-Fantastic-1.png","type":"image\/png"}],"author":"tanjaruehl","twitter_card":"summary_large_image","twitter_title":"Nachhaltigkeit wird bei Spielzeug zum Mainstream","twitter_description":"Am Montag, dem 05. Februar 2024 starten die Trilog-Verhandlungen zur EU-Verpackungsverordnung, zwischen EU-Kommission, EU-Parlament und Rat.","twitter_image":"https:\/\/plasticseurope.org\/de\/wp-content\/uploads\/sites\/3\/2024\/02\/Plastic-Fantastic-1.png","twitter_misc":{"Verfasst von":"tanjaruehl","Gesch\u00e4tzte Lesezeit":"2 Minuten"},"schema":{"@context":"https:\/\/schema.org","@graph":[{"@type":"WebPage","@id":"https:\/\/plasticseurope.org\/de\/2024\/02\/02\/die-eu-verpackungsverordnung-verliert-die-kreislaufwirtschaft-aus-dem-blick\/","url":"https:\/\/plasticseurope.org\/de\/2024\/02\/02\/die-eu-verpackungsverordnung-verliert-die-kreislaufwirtschaft-aus-dem-blick\/","name":"Die EU-Verpackungsverordnung verliert die Kreislaufwirtschaft aus dem Blick","isPartOf":{"@id":"https:\/\/plasticseurope.org\/de\/#website"},"datePublished":"2024-02-02T10:24:02+00:00","dateModified":"2026-04-14T12:19:09+00:00","author":{"@id":"https:\/\/plasticseurope.org\/de\/#\/schema\/person\/55e4bc6d67cca31b44f4bfa8879154d7"},"description":"Am Montag, dem 05. Februar 2024 starten die Trilog-Verhandlungen zur EU-Verpackungsverordnung, zwischen EU-Kommission, EU-Parlament und Rat.","breadcrumb":{"@id":"https:\/\/plasticseurope.org\/de\/2024\/02\/02\/die-eu-verpackungsverordnung-verliert-die-kreislaufwirtschaft-aus-dem-blick\/#breadcrumb"},"inLanguage":"de-DE","potentialAction":[{"@type":"ReadAction","target":["https:\/\/plasticseurope.org\/de\/2024\/02\/02\/die-eu-verpackungsverordnung-verliert-die-kreislaufwirtschaft-aus-dem-blick\/"]}]},{"@type":"BreadcrumbList","@id":"https:\/\/plasticseurope.org\/de\/2024\/02\/02\/die-eu-verpackungsverordnung-verliert-die-kreislaufwirtschaft-aus-dem-blick\/#breadcrumb","itemListElement":[{"@type":"ListItem","position":1,"name":"Home","item":"https:\/\/plasticseurope.org\/de\/"},{"@type":"ListItem","position":2,"name":"Die EU-Verpackungsverordnung verliert die Kreislaufwirtschaft aus dem Blick"}]},{"@type":"WebSite","@id":"https:\/\/plasticseurope.org\/de\/#website","url":"https:\/\/plasticseurope.org\/de\/","name":"Plastics Europe DE","description":"Enabling a sustainable future","potentialAction":[{"@type":"SearchAction","target":{"@type":"EntryPoint","urlTemplate":"https:\/\/plasticseurope.org\/de\/?s={search_term_string}"},"query-input":"required name=search_term_string"}],"inLanguage":"de-DE"},{"@type":"Person","@id":"https:\/\/plasticseurope.org\/de\/#\/schema\/person\/55e4bc6d67cca31b44f4bfa8879154d7","name":"tanjaruehl","image":{"@type":"ImageObject","inLanguage":"de-DE","@id":"https:\/\/plasticseurope.org\/de\/#\/schema\/person\/image\/","url":"https:\/\/secure.gravatar.com\/avatar\/364c719d8d492fd7a6aea4706f81d9072211fb247836d1297db889b489703521?s=96&d=mm&r=g","contentUrl":"https:\/\/secure.gravatar.com\/avatar\/364c719d8d492fd7a6aea4706f81d9072211fb247836d1297db889b489703521?s=96&d=mm&r=g","caption":"tanjaruehl"},"url":"https:\/\/plasticseurope.org\/de\/author\/tanjaruehl\/"}]}},"_links":{"self":[{"href":"https:\/\/plasticseurope.org\/de\/wp-json\/wp\/v2\/posts\/9215","targetHints":{"allow":["GET"]}}],"collection":[{"href":"https:\/\/plasticseurope.org\/de\/wp-json\/wp\/v2\/posts"}],"about":[{"href":"https:\/\/plasticseurope.org\/de\/wp-json\/wp\/v2\/types\/post"}],"author":[{"embeddable":true,"href":"https:\/\/plasticseurope.org\/de\/wp-json\/wp\/v2\/users\/30"}],"replies":[{"embeddable":true,"href":"https:\/\/plasticseurope.org\/de\/wp-json\/wp\/v2\/comments?post=9215"}],"version-history":[{"count":0,"href":"https:\/\/plasticseurope.org\/de\/wp-json\/wp\/v2\/posts\/9215\/revisions"}],"wp:featuredmedia":[{"embeddable":true,"href":"https:\/\/plasticseurope.org\/de\/wp-json\/wp\/v2\/media\/9212"}],"wp:attachment":[{"href":"https:\/\/plasticseurope.org\/de\/wp-json\/wp\/v2\/media?parent=9215"}],"wp:term":[{"taxonomy":"category","embeddable":true,"href":"https:\/\/plasticseurope.org\/de\/wp-json\/wp\/v2\/categories?post=9215"},{"taxonomy":"post_tag","embeddable":true,"href":"https:\/\/plasticseurope.org\/de\/wp-json\/wp\/v2\/tags?post=9215"}],"curies":[{"name":"wp","href":"https:\/\/api.w.org\/{rel}","templated":true}]}}