{"id":9121,"date":"2023-12-13T15:49:30","date_gmt":"2023-12-13T15:49:30","guid":{"rendered":"https:\/\/plasticseurope.wpenginepowered.com\/de\/?p=9121"},"modified":"2026-04-14T12:20:33","modified_gmt":"2026-04-14T12:20:33","slug":"eine-plastiksteuer-verfehlt-ihr-ziel","status":"publish","type":"post","link":"https:\/\/plasticseurope.org\/de\/2023\/12\/13\/eine-plastiksteuer-verfehlt-ihr-ziel\/","title":{"rendered":"Eine Plastiksteuer verfehlt ihr Ziel"},"content":{"rendered":"\n<p><strong>Frankfurt am Main, 13.12.2023<\/strong> \u2013 In einer Nachtsitzung einigt sich die Ampel-Regierung auf einen Haushalt f\u00fcr 2024. Die Schuldenbremse bleibt unangetastet. Stattdessen sind zahlreiche Einsparungen und K\u00fcrzungen geplant. Vorgesehen ist auch eine Steuer auf Plastikverpackungen.<\/p>\n\n\n\n<p>\u201eWir unterst\u00fctzen alle Ma\u00dfnahmen, die eine klimaneutrale Kreislaufwirtschaft f\u00f6rdert, doch eine Steuer, die ausschlie\u00dflich f\u00fcr Plastikverpackungen gilt, verfehlt ihr Ziel\u201c, kritisiert Ingemar B\u00fchler, von Plastics Europe Deutschland, dem Verband der Kunststofferzeuger. \u201eDie Steuer soll nicht recycelbare Plastikverpackungen reduzieren, aber eine Diskriminierung von Plastik f\u00fchrt nur dazu, dass Hersteller auf andere Materialien ausweichen. Das l\u00f6st weder das M\u00fcllproblem, noch werden dadurch die Umwelt und der Klimaschutz gest\u00e4rkt. Die Alternative zu Plastik sind oft beschichtete Faserverbunde, wie beispielsweise in Kaffeebechern, die schlechter zu recyceln sind.\u201c<\/p>\n\n\n\n<p>B\u00fchler erg\u00e4nzt: \u201eBei Plastikverpackungen erreichen wir in Deutschland hingegen schon heute eine Recycling-Quote von 67,5 Prozent. Eine Verpackungsabgabe sollte daher die Recyclingf\u00e4higkeit aller Materialien ber\u00fccksichtigen und sicherstellen, dass h\u00f6here Preise am Ende nicht auf die Verbraucher abgew\u00e4lzt werden.\u201c<\/p>\n\n\n\n<p>Lesen Sie die Empfehlungen des VCI und Plastics Europe zur Umsetzung der Plastiksteuer:<br><a href=\"https:\/\/plasticseurope.org\/de\/knowledge-hub\/vci-ped-positionspapier-zurumsetzung-einer-plastikabgabe\/\">https:\/\/plasticseurope.org\/de\/knowledge-hub\/vci-ped-positionspapier-zurumsetzung-einer-plastikabgabe\/<\/a><\/p>\n\n\n\n<div style=\"height:16px\" aria-hidden=\"true\" class=\"wp-block-spacer is-style-medium\"><\/div>\n\n\n\n<h2 class=\"wp-block-heading\">\u00dcber den Verband<\/h2>\n\n\n\n<p>Plastics Europe ist der paneurop\u00e4ische Verband der Kunststofferzeuger mit B\u00fcros in mehreren Wirtschaftszentren Europas. Mit fast 100 Mitgliedsunternehmen, die f\u00fcr mehr als 90 Prozent der Kunststoffproduktion in Europa stehen, sind wir ein bedeutender Akteur der Kunststoffindustrie, mit der Verantwortung, offen und eng mit den verschiedensten Interessengruppen zusammenzuarbeiten &#8211; um sichere, kreislauff\u00e4hige und ressourcenschonende Ideen und Produkte zu entwickeln. Unser Ziel ist es, den Wandel der Branche hin zu mehr Nachhaltigkeit intensiv voranzutreiben.<\/p>\n\n\n\n<div style=\"height:16px\" aria-hidden=\"true\" class=\"wp-block-spacer is-style-medium\"><\/div>\n\n\n\n<hr class=\"wp-block-separator has-text-color has-jade-color has-alpha-channel-opacity has-jade-background-color has-background\" \/>\n\n\n\n<div style=\"height:16px\" aria-hidden=\"true\" class=\"wp-block-spacer is-style-medium\"><\/div>\n\n\n\n<div class=\"wp-block-columns is-layout-flex wp-container-core-columns-is-layout-28f84493 wp-block-columns-is-layout-flex\">\n<div class=\"wp-block-column is-layout-flow wp-block-column-is-layout-flow\" style=\"flex-basis:63%\">\n<div class=\"wp-block-group is-layout-flow wp-block-group-is-layout-flow\">\n<figure class=\"wp-block-image size-full rounded-md overflow-hidden\"><img loading=\"lazy\" decoding=\"async\" width=\"540\" height=\"540\" src=\"https:\/\/plasticseurope.org\/de\/wp-content\/uploads\/sites\/3\/2023\/07\/Portrait_Bettina-Dempewolf_c_PlasticsEurope_540x540.png\" alt=\"Bettina Dempewolf: Sechs Ma\u00dfnahmen, die langfristig gegen das M\u00fcllproblem helfen\" class=\"wp-image-3107\" srcset=\"https:\/\/plasticseurope.org\/de\/wp-content\/uploads\/sites\/3\/2023\/07\/Portrait_Bettina-Dempewolf_c_PlasticsEurope_540x540.png 540w, https:\/\/plasticseurope.org\/de\/wp-content\/uploads\/sites\/3\/2023\/07\/Portrait_Bettina-Dempewolf_c_PlasticsEurope_540x540-300x300.png 300w, https:\/\/plasticseurope.org\/de\/wp-content\/uploads\/sites\/3\/2023\/07\/Portrait_Bettina-Dempewolf_c_PlasticsEurope_540x540-150x150.png 150w\" sizes=\"auto, (max-width: 540px) 100vw, 540px\" \/><\/figure>\n<\/div>\n<\/div>\n\n\n\n<div class=\"wp-block-column is-layout-flow wp-block-column-is-layout-flow\" style=\"flex-basis:250%\">\n<p>Ihre Ansprechpartnerin bei Plastics Europe:<\/p>\n\n\n\n<p><strong>Bettina Dempewolf<\/strong><br>Leiterin Kommunikation<br>Telefon: +49 (69) 2556-1307<\/p>\n\n\n\n<div class=\"wp-block-buttons is-layout-flex wp-block-buttons-is-layout-flex\">\n<div class=\"wp-block-button\"><a class=\"wp-block-button__link has-white-color has-jade-background-color has-text-color has-background wp-element-button\" href=\"https:\/\/plasticseurope.org\/de\/wp-content\/uploads\/sites\/3\/2023\/12\/Pressemappe_zur-Plastiksteuer-1.zip\">Download Pressemappe<\/a><\/div>\n<\/div>\n\n\n\n<div style=\"height:100px\" aria-hidden=\"true\" class=\"wp-block-spacer is-style-small\"><\/div>\n\n\n\n<p><em>Inklusive PDF, Positionspapier und Pressefotos.<\/em><\/p>\n<\/div>\n<\/div>\n\n\n\n<hr class=\"wp-block-separator has-text-color has-jade-color has-alpha-channel-opacity has-jade-background-color has-background\" \/>\n","protected":false},"excerpt":{"rendered":"<p>Frankfurt am Main, 13.12.2023 \u2013 In einer Nachtsitzung einigt sich die Ampel-Regierung auf einen Haushalt f\u00fcr 2024. Die Schuldenbremse bleibt\u2026<\/p>\n","protected":false},"author":1,"featured_media":9123,"comment_status":"closed","ping_status":"closed","sticky":false,"template":"","format":"standard","meta":{"footnotes":""},"categories":[6,7],"tags":[126,121,125,127,25,44,85,122,50],"class_list":["post-9121","post","type-post","status-publish","format-standard","has-post-thumbnail","hentry","category-news","category-pressemitteilungen","tag-faserverbunde","tag-haushaltskrise","tag-plastiksteuer","tag-plastikverpackungen","tag-positionspapier","tag-ppwr","tag-recycling","tag-schuldenbremse","tag-verpackungen"],"acf":[],"yoast_head":"<!-- This site is optimized with the Yoast SEO plugin v21.6 - https:\/\/yoast.com\/wordpress\/plugins\/seo\/ -->\n<title>Eine Plastiksteuer verfehlt ihr Ziel<\/title>\n<meta name=\"description\" content=\"Eine Steuer auf Plastikverpackungen f\u00fchrt nur zu einem Ausweichen auf andere Materialien. Das l\u00f6st weder das M\u00fcllproblem, noch tr\u00e4gt es zum Klimaschutz bei.\" \/>\n<meta name=\"robots\" content=\"index, follow, max-snippet:-1, max-image-preview:large, max-video-preview:-1\" \/>\n<link rel=\"canonical\" href=\"https:\/\/plasticseurope.org\/de\/2023\/12\/13\/eine-plastiksteuer-verfehlt-ihr-ziel\/\" \/>\n<meta property=\"og:locale\" content=\"de_DE\" \/>\n<meta property=\"og:type\" content=\"article\" \/>\n<meta property=\"og:title\" content=\"Eine Plastiksteuer verfehlt ihr Ziel\" \/>\n<meta property=\"og:description\" content=\"Eine Steuer auf Plastikverpackungen f\u00fchrt nur zu einem Ausweichen auf andere Materialien. Das l\u00f6st weder das M\u00fcllproblem, noch tr\u00e4gt es zum Klimaschutz bei.\" \/>\n<meta property=\"og:url\" content=\"https:\/\/plasticseurope.org\/de\/2023\/12\/13\/eine-plastiksteuer-verfehlt-ihr-ziel\/\" \/>\n<meta property=\"og:site_name\" content=\"Plastics Europe DE\" \/>\n<meta property=\"article:published_time\" content=\"2023-12-13T15:49:30+00:00\" \/>\n<meta property=\"article:modified_time\" content=\"2026-04-14T12:20:33+00:00\" \/>\n<meta property=\"og:image\" content=\"https:\/\/plasticseurope.org\/de\/wp-content\/uploads\/sites\/3\/2023\/12\/Kopie-von-Kacheln-Praesentation-43.png\" \/>\n\t<meta property=\"og:image:width\" content=\"1024\" \/>\n\t<meta property=\"og:image:height\" content=\"768\" \/>\n\t<meta property=\"og:image:type\" content=\"image\/png\" \/>\n<meta name=\"author\" content=\"admin\" \/>\n<meta name=\"twitter:card\" content=\"summary_large_image\" \/>\n<meta name=\"twitter:title\" content=\"Eine Plastiksteuer verfehlt ihr Ziel\" \/>\n<meta name=\"twitter:description\" content=\"Eine Steuer auf Plastikverpackungen f\u00fchrt nur zu einem Ausweichen auf andere Materialien. Das l\u00f6st weder das M\u00fcllproblem, noch tr\u00e4gt es zum Klimaschutz bei.\" \/>\n<meta name=\"twitter:image\" content=\"https:\/\/plasticseurope.org\/de\/wp-content\/uploads\/sites\/3\/2023\/12\/Kopie-von-Kacheln-Praesentation-43.png\" \/>\n<meta name=\"twitter:creator\" content=\"@wp-admin\" \/>\n<meta name=\"twitter:label1\" content=\"Verfasst von\" \/>\n\t<meta name=\"twitter:data1\" content=\"admin\" \/>\n\t<meta name=\"twitter:label2\" content=\"Gesch\u00e4tzte Lesezeit\" \/>\n\t<meta name=\"twitter:data2\" content=\"2 Minuten\" \/>\n<script type=\"application\/ld+json\" class=\"yoast-schema-graph\">{\"@context\":\"https:\/\/schema.org\",\"@graph\":[{\"@type\":\"WebPage\",\"@id\":\"https:\/\/plasticseurope.org\/de\/2023\/12\/13\/eine-plastiksteuer-verfehlt-ihr-ziel\/\",\"url\":\"https:\/\/plasticseurope.org\/de\/2023\/12\/13\/eine-plastiksteuer-verfehlt-ihr-ziel\/\",\"name\":\"Eine Plastiksteuer verfehlt ihr Ziel\",\"isPartOf\":{\"@id\":\"https:\/\/plasticseurope.org\/de\/#website\"},\"datePublished\":\"2023-12-13T15:49:30+00:00\",\"dateModified\":\"2026-04-14T12:20:33+00:00\",\"author\":{\"@id\":\"https:\/\/plasticseurope.org\/de\/#\/schema\/person\/1b7f52b3f1507100c36b9dac252b749a\"},\"description\":\"Eine Steuer auf Plastikverpackungen f\u00fchrt nur zu einem Ausweichen auf andere Materialien. Das l\u00f6st weder das M\u00fcllproblem, noch tr\u00e4gt es zum Klimaschutz bei.\",\"breadcrumb\":{\"@id\":\"https:\/\/plasticseurope.org\/de\/2023\/12\/13\/eine-plastiksteuer-verfehlt-ihr-ziel\/#breadcrumb\"},\"inLanguage\":\"de-DE\",\"potentialAction\":[{\"@type\":\"ReadAction\",\"target\":[\"https:\/\/plasticseurope.org\/de\/2023\/12\/13\/eine-plastiksteuer-verfehlt-ihr-ziel\/\"]}]},{\"@type\":\"BreadcrumbList\",\"@id\":\"https:\/\/plasticseurope.org\/de\/2023\/12\/13\/eine-plastiksteuer-verfehlt-ihr-ziel\/#breadcrumb\",\"itemListElement\":[{\"@type\":\"ListItem\",\"position\":1,\"name\":\"Home\",\"item\":\"https:\/\/plasticseurope.org\/de\/\"},{\"@type\":\"ListItem\",\"position\":2,\"name\":\"Eine Plastiksteuer verfehlt ihr Ziel\"}]},{\"@type\":\"WebSite\",\"@id\":\"https:\/\/plasticseurope.org\/de\/#website\",\"url\":\"https:\/\/plasticseurope.org\/de\/\",\"name\":\"Plastics Europe DE\",\"description\":\"Enabling a sustainable future\",\"potentialAction\":[{\"@type\":\"SearchAction\",\"target\":{\"@type\":\"EntryPoint\",\"urlTemplate\":\"https:\/\/plasticseurope.org\/de\/?s={search_term_string}\"},\"query-input\":\"required name=search_term_string\"}],\"inLanguage\":\"de-DE\"},{\"@type\":\"Person\",\"@id\":\"https:\/\/plasticseurope.org\/de\/#\/schema\/person\/1b7f52b3f1507100c36b9dac252b749a\",\"name\":\"admin\",\"image\":{\"@type\":\"ImageObject\",\"inLanguage\":\"de-DE\",\"@id\":\"https:\/\/plasticseurope.org\/de\/#\/schema\/person\/image\/\",\"url\":\"https:\/\/secure.gravatar.com\/avatar\/efc201767be6b43dfb89fdc85d2874f9ce0d79f7f853bd7c271900cd369fa0f8?s=96&d=mm&r=g\",\"contentUrl\":\"https:\/\/secure.gravatar.com\/avatar\/efc201767be6b43dfb89fdc85d2874f9ce0d79f7f853bd7c271900cd369fa0f8?s=96&d=mm&r=g\",\"caption\":\"admin\"},\"sameAs\":[\"https:\/\/plasticseurope.org\/\",\"https:\/\/twitter.com\/wp-admin\"],\"url\":\"https:\/\/plasticseurope.org\/de\/author\/wp-admin\/\"}]}<\/script>\n<!-- \/ Yoast SEO plugin. -->","yoast_head_json":{"title":"Eine Plastiksteuer verfehlt ihr Ziel","description":"Eine Steuer auf Plastikverpackungen f\u00fchrt nur zu einem Ausweichen auf andere Materialien. Das l\u00f6st weder das M\u00fcllproblem, noch tr\u00e4gt es zum Klimaschutz bei.","robots":{"index":"index","follow":"follow","max-snippet":"max-snippet:-1","max-image-preview":"max-image-preview:large","max-video-preview":"max-video-preview:-1"},"canonical":"https:\/\/plasticseurope.org\/de\/2023\/12\/13\/eine-plastiksteuer-verfehlt-ihr-ziel\/","og_locale":"de_DE","og_type":"article","og_title":"Eine Plastiksteuer verfehlt ihr Ziel","og_description":"Eine Steuer auf Plastikverpackungen f\u00fchrt nur zu einem Ausweichen auf andere Materialien. Das l\u00f6st weder das M\u00fcllproblem, noch tr\u00e4gt es zum Klimaschutz bei.","og_url":"https:\/\/plasticseurope.org\/de\/2023\/12\/13\/eine-plastiksteuer-verfehlt-ihr-ziel\/","og_site_name":"Plastics Europe DE","article_published_time":"2023-12-13T15:49:30+00:00","article_modified_time":"2026-04-14T12:20:33+00:00","og_image":[{"width":1024,"height":768,"url":"https:\/\/plasticseurope.org\/de\/wp-content\/uploads\/sites\/3\/2023\/12\/Kopie-von-Kacheln-Praesentation-43.png","type":"image\/png"}],"author":"admin","twitter_card":"summary_large_image","twitter_title":"Eine Plastiksteuer verfehlt ihr Ziel","twitter_description":"Eine Steuer auf Plastikverpackungen f\u00fchrt nur zu einem Ausweichen auf andere Materialien. Das l\u00f6st weder das M\u00fcllproblem, noch tr\u00e4gt es zum Klimaschutz bei.","twitter_image":"https:\/\/plasticseurope.org\/de\/wp-content\/uploads\/sites\/3\/2023\/12\/Kopie-von-Kacheln-Praesentation-43.png","twitter_creator":"@wp-admin","twitter_misc":{"Verfasst von":"admin","Gesch\u00e4tzte Lesezeit":"2 Minuten"},"schema":{"@context":"https:\/\/schema.org","@graph":[{"@type":"WebPage","@id":"https:\/\/plasticseurope.org\/de\/2023\/12\/13\/eine-plastiksteuer-verfehlt-ihr-ziel\/","url":"https:\/\/plasticseurope.org\/de\/2023\/12\/13\/eine-plastiksteuer-verfehlt-ihr-ziel\/","name":"Eine Plastiksteuer verfehlt ihr Ziel","isPartOf":{"@id":"https:\/\/plasticseurope.org\/de\/#website"},"datePublished":"2023-12-13T15:49:30+00:00","dateModified":"2026-04-14T12:20:33+00:00","author":{"@id":"https:\/\/plasticseurope.org\/de\/#\/schema\/person\/1b7f52b3f1507100c36b9dac252b749a"},"description":"Eine Steuer auf Plastikverpackungen f\u00fchrt nur zu einem Ausweichen auf andere Materialien. Das l\u00f6st weder das M\u00fcllproblem, noch tr\u00e4gt es zum Klimaschutz bei.","breadcrumb":{"@id":"https:\/\/plasticseurope.org\/de\/2023\/12\/13\/eine-plastiksteuer-verfehlt-ihr-ziel\/#breadcrumb"},"inLanguage":"de-DE","potentialAction":[{"@type":"ReadAction","target":["https:\/\/plasticseurope.org\/de\/2023\/12\/13\/eine-plastiksteuer-verfehlt-ihr-ziel\/"]}]},{"@type":"BreadcrumbList","@id":"https:\/\/plasticseurope.org\/de\/2023\/12\/13\/eine-plastiksteuer-verfehlt-ihr-ziel\/#breadcrumb","itemListElement":[{"@type":"ListItem","position":1,"name":"Home","item":"https:\/\/plasticseurope.org\/de\/"},{"@type":"ListItem","position":2,"name":"Eine Plastiksteuer verfehlt ihr Ziel"}]},{"@type":"WebSite","@id":"https:\/\/plasticseurope.org\/de\/#website","url":"https:\/\/plasticseurope.org\/de\/","name":"Plastics Europe DE","description":"Enabling a sustainable future","potentialAction":[{"@type":"SearchAction","target":{"@type":"EntryPoint","urlTemplate":"https:\/\/plasticseurope.org\/de\/?s={search_term_string}"},"query-input":"required name=search_term_string"}],"inLanguage":"de-DE"},{"@type":"Person","@id":"https:\/\/plasticseurope.org\/de\/#\/schema\/person\/1b7f52b3f1507100c36b9dac252b749a","name":"admin","image":{"@type":"ImageObject","inLanguage":"de-DE","@id":"https:\/\/plasticseurope.org\/de\/#\/schema\/person\/image\/","url":"https:\/\/secure.gravatar.com\/avatar\/efc201767be6b43dfb89fdc85d2874f9ce0d79f7f853bd7c271900cd369fa0f8?s=96&d=mm&r=g","contentUrl":"https:\/\/secure.gravatar.com\/avatar\/efc201767be6b43dfb89fdc85d2874f9ce0d79f7f853bd7c271900cd369fa0f8?s=96&d=mm&r=g","caption":"admin"},"sameAs":["https:\/\/plasticseurope.org\/","https:\/\/twitter.com\/wp-admin"],"url":"https:\/\/plasticseurope.org\/de\/author\/wp-admin\/"}]}},"_links":{"self":[{"href":"https:\/\/plasticseurope.org\/de\/wp-json\/wp\/v2\/posts\/9121","targetHints":{"allow":["GET"]}}],"collection":[{"href":"https:\/\/plasticseurope.org\/de\/wp-json\/wp\/v2\/posts"}],"about":[{"href":"https:\/\/plasticseurope.org\/de\/wp-json\/wp\/v2\/types\/post"}],"author":[{"embeddable":true,"href":"https:\/\/plasticseurope.org\/de\/wp-json\/wp\/v2\/users\/1"}],"replies":[{"embeddable":true,"href":"https:\/\/plasticseurope.org\/de\/wp-json\/wp\/v2\/comments?post=9121"}],"version-history":[{"count":0,"href":"https:\/\/plasticseurope.org\/de\/wp-json\/wp\/v2\/posts\/9121\/revisions"}],"wp:featuredmedia":[{"embeddable":true,"href":"https:\/\/plasticseurope.org\/de\/wp-json\/wp\/v2\/media\/9123"}],"wp:attachment":[{"href":"https:\/\/plasticseurope.org\/de\/wp-json\/wp\/v2\/media?parent=9121"}],"wp:term":[{"taxonomy":"category","embeddable":true,"href":"https:\/\/plasticseurope.org\/de\/wp-json\/wp\/v2\/categories?post=9121"},{"taxonomy":"post_tag","embeddable":true,"href":"https:\/\/plasticseurope.org\/de\/wp-json\/wp\/v2\/tags?post=9121"}],"curies":[{"name":"wp","href":"https:\/\/api.w.org\/{rel}","templated":true}]}}