{"id":8364,"date":"2023-09-25T12:18:11","date_gmt":"2023-09-25T12:18:11","guid":{"rendered":"https:\/\/plasticseurope.wpenginepowered.com\/de\/?p=8364"},"modified":"2026-04-14T12:51:14","modified_gmt":"2026-04-14T12:51:14","slug":"pfas-verbot","status":"publish","type":"post","link":"https:\/\/plasticseurope.org\/de\/2023\/09\/25\/pfas-verbot\/","title":{"rendered":"Pressemitteilung zum m\u00f6glichen PFAS-Verbot"},"content":{"rendered":"\n<h2 class=\"wp-block-heading\"><strong><strong>Fluorpolymere sind sicher: So positioniert sich die Kunststoffindustrie zum m\u00f6glichen PFAS-Verbot<\/strong><\/strong><\/h2>\n\n\n\n<div style=\"height:100px\" aria-hidden=\"true\" class=\"wp-block-spacer is-style-small\"><\/div>\n\n\n\n<p><strong>25.09.2023, Frankfurt am Main: <\/strong>F\u00fcr die aktuell diskutierte EU-Regulierung von PFAS w\u00fcnscht sich die Kunststoffindustrie von den Verantwortlichen in der Bundesregierung und auf EU-Ebene ein gutes Augenma\u00df.<\/p>\n\n\n\n<p>Der derzeitige Beschr\u00e4nkungsvorschlag differenziert weder zwischen den v\u00f6llig unterschiedlichen und einzeln zu regulierenden Substanzen, noch zwischen den sehr weitreichenden und unterschiedlichen Anwendungen. Insbesondere die Fluorpolymere, die eine wichtige Rolle in Industrieprozessen, bei der Energie-, der W\u00e4rme- und der Mobilit\u00e4tswende sowie f\u00fcr die Digitalisierung spielen, stellen keinerlei Risiko f\u00fcr Konsumenten oder Umwelt dar.<\/p>\n\n\n\n<p>Die Kritik in der Kunststoffbranche gegen ein allumfassendes PFAS-Verbot ist gro\u00df. \u201e<a href=\"https:\/\/dein-kunststoff.de\/gemeinschaftsinitiative-der-kunststoffindustrie\/\">Wir sind Kunststoff<\/a>\u201c, eine Initiative der f\u00fchrenden Industrieverb\u00e4nde der Kunststoffindustrie, hat nun die verschiedenen Positionen des Kunststoffmaschinenbaus, der Kunststoffhersteller, und der kunststoffverarbeitenden Unternehmen zusammengetragen. Es gibt eine zentrale Forderung, die alle Industrieverb\u00e4nde teilen: Fluorpolymere m\u00fcssen von einem m\u00f6glichen PFAS-Verbot ausgenommen werden.<\/p>\n\n\n\n<div style=\"height:16px\" aria-hidden=\"true\" class=\"wp-block-spacer is-style-small\"><\/div>\n\n\n\n<h3 class=\"wp-block-heading\"><strong><a href=\"PFAS-Verbot bedroht Existenz\nvieler Betriebe\">Kunststoffmaschinenbauer: PFAS-Verbot bedroht Existenz vieler Betriebe<\/a><\/strong><\/h3>\n\n\n\n<p>Laut dem aktuellen Regulierungsvorschlag sollen auch alle Fluorpolymere verboten werden, die in Dichtungen, Schl\u00e4uchen, Armaturen, Pumpen oder Ventilen verwendet werden. F\u00fcr diese Stoffe gibt es in vielen Anwendungen heute und auf absehbare Zeit keinen Ersatz. Der VDMA, der Verband Deutscher Maschinen- und Anlagenbau, fordert Ausnahmen f\u00fcr PFAS-Stoffe, die in Maschinen stecken und nicht mit der Umwelt in Ber\u00fchrung kommen. \u201eWir unterst\u00fctzen den Schutz von Menschen und Umwelt und damit auch, dass alles getan wird um zu vermeiden, dass sch\u00e4dliche Substanzen in die Umwelt gelangen\u201c, sagt Thorsten K\u00fchmann, Gesch\u00e4ftsf\u00fchrer des Fachverbands Kunststoff- und Gummimaschinen im VDMA. \u201eDie in Maschinen eingesetzten Stoffe sind grunds\u00e4tzlich nicht gesundheitsgef\u00e4hrdend, aber notwendig f\u00fcr deren Funktionsf\u00e4higkeit. Die vorliegende PFAS-Regulierung ist eine Verbotsregulierung, die alle Stoffe ausschlie\u00dft, wohingegen nur wirklich gef\u00e4hrliche Stoffe ausgeschlossen werden sollten. Allein dieser Ansatz hilft Menschen und Wirtschaft gleicherma\u00dfen!\u201c&nbsp;&nbsp;<a href=\"https:\/\/www.vdma.org\/viewer\/-\/v2article\/render\/78733047\">Weiterlesen<\/a>.<\/p>\n\n\n\n<div style=\"height:16px\" aria-hidden=\"true\" class=\"wp-block-spacer is-style-small\"><\/div>\n\n\n\n<h3 class=\"wp-block-heading\"><strong>Kunststoffhersteller: Ein Verbot von Fluorpolymeren ist unverh\u00e4ltnism\u00e4\u00dfig<\/strong><\/h3>\n\n\n\n<p>Die Arbeitsgruppe der Fluorpolymerhersteller von Plastics Europe, dem Verband der Kunststofferzeuger, nimmt die \u00f6ffentliche Besorgnis \u00fcber PFAS ernst, kritisiert jedoch, dass der Verbots-Vorschlag der Europ\u00e4ische Chemikalienagentur (ECHA) nicht zwischen Fluorpolymeren und anderen PFAS unterscheidet. Zudem seien die \u00dcbergangsfristen in vielen F\u00e4llen unzureichend. \u201eBeim Regulierungsvorschlag muss noch an vielen Stellen nachgebessert werden\u201c, so Ingemar B\u00fchler, Hauptgesch\u00e4ftsf\u00fchrer, Plastics Europe Deutschland. <a href=\"https:\/\/plasticseurope.org\/de\/wp-content\/uploads\/sites\/3\/2023\/09\/PFAS_FPG-Statement_DE.pdf\">Weiterlesen<\/a>.<\/p>\n\n\n\n<div style=\"height:16px\" aria-hidden=\"true\" class=\"wp-block-spacer is-style-small\"><\/div>\n\n\n\n<h3 class=\"wp-block-heading\"><strong>Kunststoffverarbeiter: Fluorpolymere von m\u00f6glichem PFAS-Verbot ausschlie\u00dfen<\/strong><\/h3>\n\n\n\n<p>pro-K, der Industrieverband f\u00fcr langlebige Kunststoffprodukte und Mehrwegsysteme, macht sich daf\u00fcr stark, Fluorpolymere von der Regulierung auszunehmen. Der aktuelle Beschr\u00e4nkungsvorschlag umfasst \u00fcber 10.000 PFAS-Substanzen, darunter Fluorpolymere, obwohl diese nach OECD-Kriterien als products of low concern und damit unbedenklich gelten. \u201eIn den vergangenen Monaten haben betroffene Unternehmen und Organisationen \u00fcber 3.500 Eingaben zum ECHA-Dossier vorgenommen; vielfach wurde dabei auf die Gefahr wegbrechender industrieller Wertsch\u00f6pfungsketten hingewiesen, sollten Fluorpolymere beschr\u00e4nkt bzw. verboten werden. pro-K hat sich hier an die Spitze der Bewegung gestellt und setzt sich massiv f\u00fcr eine differenzierte Betrachtung und Bewertung der Fluorkunststoffe ein\u201c, sagt Sven Weihe, Interims-Gesch\u00e4ftsf\u00fchrer von pro-K. <a href=\"https:\/\/www.pro-kunststoff.de\/aktuelles\/duplikat-von-aktueller-echa-regulierungsprozess-nimmt-fluorpolymere-ins-visier.html\">Weiterlesen<\/a>.<\/p>\n\n\n\n<div style=\"height:16px\" aria-hidden=\"true\" class=\"wp-block-spacer is-style-medium\"><\/div>\n\n\n\n<h2 class=\"wp-block-heading\">\u00dcber &#8222;Wir sind Kunststoff&#8220;<\/h2>\n\n\n\n<p>Die Initiative \u201e<a href=\"https:\/\/dein-kunststoff.de\/gemeinschaftsinitiative-der-kunststoffindustrie\/\">Wir sind Kunststoff<\/a>\u201c wird angef\u00fchrt durch den Gesamtverband Kunststoffverarbeitende Industrie e. V. und seinen vier Tr\u00e4gerverb\u00e4nden sowie von PlasticsEurope Deutschland e. V. und dem VDMA Fachverband Kunststoff- und Gummimaschinen.<\/p>\n\n\n\n<p>Seit Mitte 2021 b\u00fcndeln die gr\u00f6\u00dften Verb\u00e4nde der Kunststoffhersteller, der Kunststoffverarbeitenden Industrie und des Kunststoffmaschinenbaus ihre Erfahrungen und Know-how unter dem Dach der Initiative. Gemeinsam wollen die Verb\u00e4nde den offenen Austausch und Dialog zu Innovationen und nachhaltigen Entwicklungen der Kunststoffindustrie in Richtung Kreislaufwirtschaft vorantreiben. Mit einem Jahresumsatz von \u00fcber 100 Milliarden Euro, einem hohen Exportanteil und ihrer Innovationskraft geh\u00f6rt die Kunststoffindustrie mit ihrer zunehmend nachhaltigeren Ausrichtung nicht nur bei High-Tech-Anwendungen zur Weltspitze.<\/p>\n\n\n\n<div style=\"height:16px\" aria-hidden=\"true\" class=\"wp-block-spacer is-style-medium\"><\/div>\n\n\n\n<hr class=\"wp-block-separator has-text-color has-luminous-vivid-orange-color has-alpha-channel-opacity has-luminous-vivid-orange-background-color has-background\" \/>\n\n\n\n<div style=\"height:16px\" aria-hidden=\"true\" class=\"wp-block-spacer is-style-medium\"><\/div>\n\n\n\n<div class=\"wp-block-columns is-layout-flex wp-container-core-columns-is-layout-28f84493 wp-block-columns-is-layout-flex\">\n<div class=\"wp-block-column is-layout-flow wp-block-column-is-layout-flow\" style=\"flex-basis:63%\">\n<div class=\"wp-block-group is-layout-flow wp-block-group-is-layout-flow\">\n<figure class=\"wp-block-image size-full rounded-md overflow-hidden\"><img loading=\"lazy\" decoding=\"async\" width=\"540\" height=\"540\" src=\"https:\/\/plasticseurope.org\/de\/wp-content\/uploads\/sites\/3\/2023\/07\/Portrait_Bettina-Dempewolf_c_PlasticsEurope_540x540.png\" alt=\"Bettina Dempewolf: Sechs Ma\u00dfnahmen, die langfristig gegen das M\u00fcllproblem helfen\" class=\"wp-image-3107\" srcset=\"https:\/\/plasticseurope.org\/de\/wp-content\/uploads\/sites\/3\/2023\/07\/Portrait_Bettina-Dempewolf_c_PlasticsEurope_540x540.png 540w, https:\/\/plasticseurope.org\/de\/wp-content\/uploads\/sites\/3\/2023\/07\/Portrait_Bettina-Dempewolf_c_PlasticsEurope_540x540-300x300.png 300w, https:\/\/plasticseurope.org\/de\/wp-content\/uploads\/sites\/3\/2023\/07\/Portrait_Bettina-Dempewolf_c_PlasticsEurope_540x540-150x150.png 150w\" sizes=\"auto, (max-width: 540px) 100vw, 540px\" \/><\/figure>\n<\/div>\n<\/div>\n\n\n\n<div class=\"wp-block-column is-layout-flow wp-block-column-is-layout-flow\" style=\"flex-basis:250%\">\n<p>Ihre Ansprechpartnerin bei Plastics Europe:<\/p>\n\n\n\n<p><strong>Bettina Dempewolf<\/strong><br>Leiterin Kommunikation<br>Telefon: +49 (69) 2556-1307<\/p>\n\n\n\n<div class=\"wp-block-buttons is-layout-flex wp-block-buttons-is-layout-flex\">\n<div class=\"wp-block-button\"><a class=\"wp-block-button__link has-white-color has-luminous-vivid-orange-background-color has-text-color has-background wp-element-button\" href=\"https:\/\/plasticseurope.org\/de\/wp-content\/uploads\/sites\/3\/2023\/09\/WsK_Pressemitteilung_PFAS_20230925.zip\">Download Pressemappe<\/a><\/div>\n<\/div>\n\n\n\n<div style=\"height:100px\" aria-hidden=\"true\" class=\"wp-block-spacer is-style-small\"><\/div>\n\n\n\n<p><em>Inklusive PDF und Pressefotos.<\/em><\/p>\n<\/div>\n<\/div>\n\n\n\n<hr class=\"wp-block-separator has-text-color has-luminous-vivid-orange-color has-alpha-channel-opacity has-luminous-vivid-orange-background-color has-background\" \/>\n","protected":false},"excerpt":{"rendered":"<p>So positioniert sich die Kunststoffindustrie zum m\u00f6glichen PFAS-Verbot<\/p>\n","protected":false},"author":1,"featured_media":8371,"comment_status":"closed","ping_status":"closed","sticky":false,"template":"","format":"standard","meta":{"footnotes":""},"categories":[6,7],"tags":[73,70,68,71,72,69,65,67,66],"class_list":["post-8364","post","type-post","status-publish","format-standard","has-post-thumbnail","hentry","category-news","category-pressemitteilungen","tag-fluorplymere","tag-gkv","tag-ik","tag-pfas","tag-pfas-verbot","tag-plastics-europe","tag-pressemitteilung","tag-vdma","tag-wir-sind-kunststoff"],"acf":[],"yoast_head":"<!-- This site is optimized with the Yoast SEO plugin v21.6 - https:\/\/yoast.com\/wordpress\/plugins\/seo\/ -->\n<title>Pressemitteilung zum m\u00f6glichen PFAS-Verbot<\/title>\n<meta name=\"description\" content=\"So positionieren sich die f\u00fchrenden Verb\u00e4nde der Kunststoffindustrie zum m\u00f6glichen PFAS-Verbot: Hersteller, Maschinenbauer und Verarbeiter.\" \/>\n<meta name=\"robots\" content=\"index, follow, max-snippet:-1, max-image-preview:large, max-video-preview:-1\" \/>\n<link rel=\"canonical\" href=\"https:\/\/plasticseurope.org\/de\/2023\/09\/25\/pfas-verbot\/\" \/>\n<meta property=\"og:locale\" content=\"de_DE\" \/>\n<meta property=\"og:type\" content=\"article\" \/>\n<meta property=\"og:title\" content=\"Pressemitteilung zum m\u00f6glichen PFAS-Verbot\" \/>\n<meta property=\"og:description\" content=\"So positionieren sich die f\u00fchrenden Verb\u00e4nde der Kunststoffindustrie zum m\u00f6glichen PFAS-Verbot: Hersteller, Maschinenbauer und Verarbeiter.\" \/>\n<meta property=\"og:url\" content=\"https:\/\/plasticseurope.org\/de\/2023\/09\/25\/pfas-verbot\/\" \/>\n<meta property=\"og:site_name\" content=\"Plastics Europe DE\" \/>\n<meta property=\"article:published_time\" content=\"2023-09-25T12:18:11+00:00\" \/>\n<meta property=\"article:modified_time\" content=\"2026-04-14T12:51:14+00:00\" \/>\n<meta property=\"og:image\" content=\"https:\/\/plasticseurope.org\/de\/wp-content\/uploads\/sites\/3\/2023\/09\/Design-ohne-Titel-46.png\" \/>\n\t<meta property=\"og:image:width\" content=\"599\" \/>\n\t<meta property=\"og:image:height\" content=\"453\" \/>\n\t<meta property=\"og:image:type\" content=\"image\/png\" \/>\n<meta name=\"author\" content=\"admin\" \/>\n<meta name=\"twitter:card\" content=\"summary_large_image\" \/>\n<meta name=\"twitter:title\" content=\"Pressemitteilung zum m\u00f6glichen PFAS-Verbot\" \/>\n<meta name=\"twitter:description\" content=\"So positionieren sich die f\u00fchrenden Verb\u00e4nde der Kunststoffindustrie zum m\u00f6glichen PFAS-Verbot: Hersteller, Maschinenbauer und Verarbeiter.\" \/>\n<meta name=\"twitter:image\" content=\"https:\/\/plasticseurope.org\/de\/wp-content\/uploads\/sites\/3\/2023\/09\/Design-ohne-Titel-46.png\" \/>\n<meta name=\"twitter:creator\" content=\"@wp-admin\" \/>\n<meta name=\"twitter:label1\" content=\"Verfasst von\" \/>\n\t<meta name=\"twitter:data1\" content=\"admin\" \/>\n\t<meta name=\"twitter:label2\" content=\"Gesch\u00e4tzte Lesezeit\" \/>\n\t<meta name=\"twitter:data2\" content=\"4 Minuten\" \/>\n<script type=\"application\/ld+json\" class=\"yoast-schema-graph\">{\"@context\":\"https:\/\/schema.org\",\"@graph\":[{\"@type\":\"WebPage\",\"@id\":\"https:\/\/plasticseurope.org\/de\/2023\/09\/25\/pfas-verbot\/\",\"url\":\"https:\/\/plasticseurope.org\/de\/2023\/09\/25\/pfas-verbot\/\",\"name\":\"Pressemitteilung zum m\u00f6glichen PFAS-Verbot\",\"isPartOf\":{\"@id\":\"https:\/\/plasticseurope.org\/de\/#website\"},\"datePublished\":\"2023-09-25T12:18:11+00:00\",\"dateModified\":\"2026-04-14T12:51:14+00:00\",\"author\":{\"@id\":\"https:\/\/plasticseurope.org\/de\/#\/schema\/person\/1b7f52b3f1507100c36b9dac252b749a\"},\"description\":\"So positionieren sich die f\u00fchrenden Verb\u00e4nde der Kunststoffindustrie zum m\u00f6glichen PFAS-Verbot: Hersteller, Maschinenbauer und Verarbeiter.\",\"breadcrumb\":{\"@id\":\"https:\/\/plasticseurope.org\/de\/2023\/09\/25\/pfas-verbot\/#breadcrumb\"},\"inLanguage\":\"de-DE\",\"potentialAction\":[{\"@type\":\"ReadAction\",\"target\":[\"https:\/\/plasticseurope.org\/de\/2023\/09\/25\/pfas-verbot\/\"]}]},{\"@type\":\"BreadcrumbList\",\"@id\":\"https:\/\/plasticseurope.org\/de\/2023\/09\/25\/pfas-verbot\/#breadcrumb\",\"itemListElement\":[{\"@type\":\"ListItem\",\"position\":1,\"name\":\"Home\",\"item\":\"https:\/\/plasticseurope.org\/de\/\"},{\"@type\":\"ListItem\",\"position\":2,\"name\":\"Pressemitteilung zum m\u00f6glichen PFAS-Verbot\"}]},{\"@type\":\"WebSite\",\"@id\":\"https:\/\/plasticseurope.org\/de\/#website\",\"url\":\"https:\/\/plasticseurope.org\/de\/\",\"name\":\"Plastics Europe DE\",\"description\":\"Enabling a sustainable future\",\"potentialAction\":[{\"@type\":\"SearchAction\",\"target\":{\"@type\":\"EntryPoint\",\"urlTemplate\":\"https:\/\/plasticseurope.org\/de\/?s={search_term_string}\"},\"query-input\":\"required name=search_term_string\"}],\"inLanguage\":\"de-DE\"},{\"@type\":\"Person\",\"@id\":\"https:\/\/plasticseurope.org\/de\/#\/schema\/person\/1b7f52b3f1507100c36b9dac252b749a\",\"name\":\"admin\",\"image\":{\"@type\":\"ImageObject\",\"inLanguage\":\"de-DE\",\"@id\":\"https:\/\/plasticseurope.org\/de\/#\/schema\/person\/image\/\",\"url\":\"https:\/\/secure.gravatar.com\/avatar\/efc201767be6b43dfb89fdc85d2874f9ce0d79f7f853bd7c271900cd369fa0f8?s=96&d=mm&r=g\",\"contentUrl\":\"https:\/\/secure.gravatar.com\/avatar\/efc201767be6b43dfb89fdc85d2874f9ce0d79f7f853bd7c271900cd369fa0f8?s=96&d=mm&r=g\",\"caption\":\"admin\"},\"sameAs\":[\"https:\/\/plasticseurope.org\/\",\"https:\/\/twitter.com\/wp-admin\"],\"url\":\"https:\/\/plasticseurope.org\/de\/author\/wp-admin\/\"}]}<\/script>\n<!-- \/ Yoast SEO plugin. -->","yoast_head_json":{"title":"Pressemitteilung zum m\u00f6glichen PFAS-Verbot","description":"So positionieren sich die f\u00fchrenden Verb\u00e4nde der Kunststoffindustrie zum m\u00f6glichen PFAS-Verbot: Hersteller, Maschinenbauer und Verarbeiter.","robots":{"index":"index","follow":"follow","max-snippet":"max-snippet:-1","max-image-preview":"max-image-preview:large","max-video-preview":"max-video-preview:-1"},"canonical":"https:\/\/plasticseurope.org\/de\/2023\/09\/25\/pfas-verbot\/","og_locale":"de_DE","og_type":"article","og_title":"Pressemitteilung zum m\u00f6glichen PFAS-Verbot","og_description":"So positionieren sich die f\u00fchrenden Verb\u00e4nde der Kunststoffindustrie zum m\u00f6glichen PFAS-Verbot: Hersteller, Maschinenbauer und Verarbeiter.","og_url":"https:\/\/plasticseurope.org\/de\/2023\/09\/25\/pfas-verbot\/","og_site_name":"Plastics Europe DE","article_published_time":"2023-09-25T12:18:11+00:00","article_modified_time":"2026-04-14T12:51:14+00:00","og_image":[{"width":599,"height":453,"url":"https:\/\/plasticseurope.org\/de\/wp-content\/uploads\/sites\/3\/2023\/09\/Design-ohne-Titel-46.png","type":"image\/png"}],"author":"admin","twitter_card":"summary_large_image","twitter_title":"Pressemitteilung zum m\u00f6glichen PFAS-Verbot","twitter_description":"So positionieren sich die f\u00fchrenden Verb\u00e4nde der Kunststoffindustrie zum m\u00f6glichen PFAS-Verbot: Hersteller, Maschinenbauer und Verarbeiter.","twitter_image":"https:\/\/plasticseurope.org\/de\/wp-content\/uploads\/sites\/3\/2023\/09\/Design-ohne-Titel-46.png","twitter_creator":"@wp-admin","twitter_misc":{"Verfasst von":"admin","Gesch\u00e4tzte Lesezeit":"4 Minuten"},"schema":{"@context":"https:\/\/schema.org","@graph":[{"@type":"WebPage","@id":"https:\/\/plasticseurope.org\/de\/2023\/09\/25\/pfas-verbot\/","url":"https:\/\/plasticseurope.org\/de\/2023\/09\/25\/pfas-verbot\/","name":"Pressemitteilung zum m\u00f6glichen PFAS-Verbot","isPartOf":{"@id":"https:\/\/plasticseurope.org\/de\/#website"},"datePublished":"2023-09-25T12:18:11+00:00","dateModified":"2026-04-14T12:51:14+00:00","author":{"@id":"https:\/\/plasticseurope.org\/de\/#\/schema\/person\/1b7f52b3f1507100c36b9dac252b749a"},"description":"So positionieren sich die f\u00fchrenden Verb\u00e4nde der Kunststoffindustrie zum m\u00f6glichen PFAS-Verbot: Hersteller, Maschinenbauer und Verarbeiter.","breadcrumb":{"@id":"https:\/\/plasticseurope.org\/de\/2023\/09\/25\/pfas-verbot\/#breadcrumb"},"inLanguage":"de-DE","potentialAction":[{"@type":"ReadAction","target":["https:\/\/plasticseurope.org\/de\/2023\/09\/25\/pfas-verbot\/"]}]},{"@type":"BreadcrumbList","@id":"https:\/\/plasticseurope.org\/de\/2023\/09\/25\/pfas-verbot\/#breadcrumb","itemListElement":[{"@type":"ListItem","position":1,"name":"Home","item":"https:\/\/plasticseurope.org\/de\/"},{"@type":"ListItem","position":2,"name":"Pressemitteilung zum m\u00f6glichen PFAS-Verbot"}]},{"@type":"WebSite","@id":"https:\/\/plasticseurope.org\/de\/#website","url":"https:\/\/plasticseurope.org\/de\/","name":"Plastics Europe DE","description":"Enabling a sustainable future","potentialAction":[{"@type":"SearchAction","target":{"@type":"EntryPoint","urlTemplate":"https:\/\/plasticseurope.org\/de\/?s={search_term_string}"},"query-input":"required name=search_term_string"}],"inLanguage":"de-DE"},{"@type":"Person","@id":"https:\/\/plasticseurope.org\/de\/#\/schema\/person\/1b7f52b3f1507100c36b9dac252b749a","name":"admin","image":{"@type":"ImageObject","inLanguage":"de-DE","@id":"https:\/\/plasticseurope.org\/de\/#\/schema\/person\/image\/","url":"https:\/\/secure.gravatar.com\/avatar\/efc201767be6b43dfb89fdc85d2874f9ce0d79f7f853bd7c271900cd369fa0f8?s=96&d=mm&r=g","contentUrl":"https:\/\/secure.gravatar.com\/avatar\/efc201767be6b43dfb89fdc85d2874f9ce0d79f7f853bd7c271900cd369fa0f8?s=96&d=mm&r=g","caption":"admin"},"sameAs":["https:\/\/plasticseurope.org\/","https:\/\/twitter.com\/wp-admin"],"url":"https:\/\/plasticseurope.org\/de\/author\/wp-admin\/"}]}},"_links":{"self":[{"href":"https:\/\/plasticseurope.org\/de\/wp-json\/wp\/v2\/posts\/8364","targetHints":{"allow":["GET"]}}],"collection":[{"href":"https:\/\/plasticseurope.org\/de\/wp-json\/wp\/v2\/posts"}],"about":[{"href":"https:\/\/plasticseurope.org\/de\/wp-json\/wp\/v2\/types\/post"}],"author":[{"embeddable":true,"href":"https:\/\/plasticseurope.org\/de\/wp-json\/wp\/v2\/users\/1"}],"replies":[{"embeddable":true,"href":"https:\/\/plasticseurope.org\/de\/wp-json\/wp\/v2\/comments?post=8364"}],"version-history":[{"count":0,"href":"https:\/\/plasticseurope.org\/de\/wp-json\/wp\/v2\/posts\/8364\/revisions"}],"wp:featuredmedia":[{"embeddable":true,"href":"https:\/\/plasticseurope.org\/de\/wp-json\/wp\/v2\/media\/8371"}],"wp:attachment":[{"href":"https:\/\/plasticseurope.org\/de\/wp-json\/wp\/v2\/media?parent=8364"}],"wp:term":[{"taxonomy":"category","embeddable":true,"href":"https:\/\/plasticseurope.org\/de\/wp-json\/wp\/v2\/categories?post=8364"},{"taxonomy":"post_tag","embeddable":true,"href":"https:\/\/plasticseurope.org\/de\/wp-json\/wp\/v2\/tags?post=8364"}],"curies":[{"name":"wp","href":"https:\/\/api.w.org\/{rel}","templated":true}]}}