{"id":8098,"date":"2023-09-07T09:12:51","date_gmt":"2023-09-07T09:12:51","guid":{"rendered":"https:\/\/plasticseurope.wpenginepowered.com\/de\/?p=8098"},"modified":"2026-04-14T12:51:39","modified_gmt":"2026-04-14T12:51:39","slug":"massnahmen-gegen-das-mullproblem","status":"publish","type":"post","link":"https:\/\/plasticseurope.org\/de\/2023\/09\/07\/massnahmen-gegen-das-mullproblem\/","title":{"rendered":"Pressemitteilung zum World Cleanup Day 2023"},"content":{"rendered":"\n<h2 class=\"wp-block-heading\"><strong><strong>World Cleanup Day 2023: Sechs Ma\u00dfnahmen, die langfristig gegen das M\u00fcllproblem helfen<\/strong><\/strong><\/h2>\n\n\n\n<div style=\"height:100px\" aria-hidden=\"true\" class=\"wp-block-spacer is-style-small\"><\/div>\n\n\n\n<p><strong>07.09.2023, Frankfurt am Main <\/strong>\u2013 Gemeinsam M\u00fcll von Stra\u00dfen, Pl\u00e4tzen und Naturfl\u00e4chen aufsammeln: Am Samstag, dem 16.09.2023, werden sich wieder tausende Menschen in Deutschland am \u201eWord Cleanup Day\u201c beteiligen. Der Aktionstag, der 2008 von der Umweltorganisation \u201eLet\u2019s do it!\u201c ins Leben gerufen wurde, findet j\u00e4hrlich am dritten Wochenende im September statt. Im vergangenen Jahr nahmen in Deutschland nach Angaben der Veranstalter 300.000 Personen in \u00fcber 1.300 Kommunen und Gemeinden an Sammelaktionen teil.<br><br>\u201eWir sind Kunststoff\u201c, der Zusammenschluss der f\u00fchrenden Industrieverb\u00e4nde in der Kunststoffbranche, begr\u00fc\u00dft die geplante Sammelaktion \u2013 sieht jedoch vor allem Unternehmen und die Politik in der Verantwortung: \u201eGemeinsame Sammelaktionen sind gro\u00dfartig, um auf die M\u00fcll-Problematik aufmerksam zu machen. Jeder, der sich daran beteiligt, \u00fcberdenkt zwangsl\u00e4ufig sein Verhalten und \u00fcberlegt, wie er diese Verm\u00fcllung unserer Umwelt stoppen kann. Dennoch sind es nat\u00fcrlich die Unternehmen und Regierungen, die an den gro\u00dfen Stellschrauben drehen m\u00fcssen, damit wir Abf\u00e4lle konsequent vermeiden, sammeln, sortieren und recyceln k\u00f6nnen\u201c, sagt Ingemar B\u00fchler, Hauptgesch\u00e4ftsf\u00fchrer von Plastics Europe, dem Verband der Kunststoffhersteller. \u201eWenn die&nbsp;Bundesregierung&nbsp;es m\u00f6chte und die richtigen Rahmenbedingungen schafft, k\u00f6nnten wir die Rohstoffe aus den Abf\u00e4llen in Zukunft konsequent im Kreislauf f\u00fchren. Doch die Regierung muss ihren Pl\u00e4nen und Vorhaben jetzt endlich Taten folgen lassen.\u201c<br><br>\u201eWas langfristig gegen die Verm\u00fcllung hilft, sind Ma\u00dfnahmen, die uns dabei unterst\u00fctzen, M\u00fcll zu vermeiden, Produkte nach M\u00f6glichkeit wiederzuverwerten und am Ende ihrer Nutzung effektiv zu recyceln\u201c, so Thorsten K\u00fchmann vom Fachverband Kunststoff- und Gummimaschinen im VDMA. \u201eWir sollten Abf\u00e4lle, insbesondere Kunststoffabf\u00e4lle, daher als Wertstoff begreifen und zusehen, dass die Ressourcen, die wir in den Verkehr bringen, auch im Verkehr bleiben.\u201c<br><br>Die Industrieverb\u00e4nde, die sich unter dem Dach von \u201eWir sind Kunststoff\u201c zusammengefunden haben, pr\u00e4sentieren daher auf ihrer Website \u201e<a href=\"https:\/\/eur03.safelinks.protection.outlook.com\/?url=https%3A%2F%2Fdein-kunststoff.de%2Fworld-cleanup-day-sechs-politische-massnahmen-gegen-littering%2F&amp;data=05%7C01%7C%7C493cbbf10e91476ec54708dbb04d2672%7Cc7333dd826f044b4a568dd39525e5879%7C0%7C0%7C638297617642107252%7CUnknown%7CTWFpbGZsb3d8eyJWIjoiMC4wLjAwMDAiLCJQIjoiV2luMzIiLCJBTiI6Ik1haWwiLCJXVCI6Mn0%3D%7C3000%7C%7C%7C&amp;sdata=U239ZqSh8uboY%2BShC2VfHVSlvu4LCqexdsGX7aZmidA%3D&amp;reserved=0\">Dein Kunststoff<\/a>\u201c politische Ma\u00dfnahmen und allgemeine Infos zu dem Thema. Folgende sechs politische Ma\u00dfnahmen, die langfristig gegen das M\u00fcllproblem helfen, werden in dem Beitrag genannt:<\/p>\n\n\n\n<ul class=\"wp-block-list\" type=\"1\">\n\n<li>Die Ausweitung der erweiterten Herstellerverantwortung (EPR), um Hersteller in einem noch gr\u00f6\u00dferen Umfang an den Kosten der Abfallbeseitigung zu beteiligen.<\/li>\n\n\n<li>Deponierungsverbote und Exportbeschr\u00e4nkungen f\u00fcr Kunststoffabf\u00e4lle in L\u00e4nder, die nicht \u00fcber die erforderlichen Sammel- und Verwertungsinfrastrukturen verf\u00fcgen, um die Kunststoffabf\u00e4lle in Deutschland und der EU zu halten, wo man sie fachgerecht recyceln und entsorgen kann.<\/li>\n\n\n<li>Vorgaben f\u00fcr kreislauff\u00e4higes Produktdesign, sogenanntes \u201eDesign-for-Recycling\u201c, um M\u00fcll im besten Fall zu vermeiden und effektiver zu recyceln.<\/li>\n\n\n<li>Die Schaffung von Anreizen, um Investitionen in neue Recyclingtechnologien und Mehrwegsysteme zu erm\u00f6glichen.<\/li>\n\n\n<li>Die Einf\u00fchrung von verbindlichen Rezyklateinsatzquoten auf europ\u00e4ischer Ebene, um die Nachfrage nach recycelten Materialien zu steigern.<\/li>\n\n\n<li>Die Einf\u00fchrung von digitalen Produktp\u00e4ssen, um Materialeigenschaften und Lieferketten besser nachzuvollziehen und das Recycling zu erleichtern.<\/li>\n\n<\/ul>\n\n\n\n<div style=\"height:16px\" aria-hidden=\"true\" class=\"wp-block-spacer is-style-medium\"><\/div>\n\n\n\n<h2 class=\"wp-block-heading\">\u00dcber &#8222;Wir sind Kunststoff&#8220;<\/h2>\n\n\n\n<p>Die Initiative \u201eWir sind Kunststoff\u201c wird angef\u00fchrt durch den Gesamtverband Kunststoffverarbeitende Industrie e. V. und seinen vier Tr\u00e4gerverb\u00e4nden sowie von PlasticsEurope Deutschland e. V. und dem VDMA Fachverband Kunststoff- und Gummimaschinen.<br><br>Seit Mitte 2021 b\u00fcndeln die gr\u00f6\u00dften Verb\u00e4nde der Kunststoffhersteller, der Kunststoffverarbeitenden Industrie und des Kunststoffmaschinenbaus ihre Erfahrungen und Know-how unter dem Dach der Initiative. Gemeinsam wollen die Verb\u00e4nde den offenen Austausch und Dialog zu Innovationen und nachhaltigen Entwicklungen der Kunststoffindustrie in Richtung Kreislaufwirtschaft vorantreiben. Mit einem Jahresumsatz von \u00fcber 100 Milliarden Euro, einem hohen Exportanteil und ihrer Innovationskraft geh\u00f6rt die Kunststoffindustrie mit ihrer zunehmend nachhaltigeren Ausrichtung nicht nur bei Hightech-Anwendungen zur Weltspitze.<\/p>\n\n\n\n<div style=\"height:16px\" aria-hidden=\"true\" class=\"wp-block-spacer is-style-medium\"><\/div>\n\n\n\n<hr class=\"wp-block-separator has-text-color has-vivid-green-cyan-color has-alpha-channel-opacity has-vivid-green-cyan-background-color has-background\" \/>\n\n\n\n<div style=\"height:16px\" aria-hidden=\"true\" class=\"wp-block-spacer is-style-medium\"><\/div>\n\n\n\n<div class=\"wp-block-columns is-layout-flex wp-container-core-columns-is-layout-28f84493 wp-block-columns-is-layout-flex\">\n<div class=\"wp-block-column is-layout-flow wp-block-column-is-layout-flow\" style=\"flex-basis:63%\">\n<div class=\"wp-block-group is-layout-flow wp-block-group-is-layout-flow\">\n<figure class=\"wp-block-image size-full\"><img loading=\"lazy\" decoding=\"async\" width=\"540\" height=\"540\" src=\"https:\/\/plasticseurope.org\/de\/wp-content\/uploads\/sites\/3\/2023\/07\/Portrait_Bettina-Dempewolf_c_PlasticsEurope_540x540.png\" alt=\"Bettina Dempewolf: Sechs Ma\u00dfnahmen, die langfristig gegen das M\u00fcllproblem helfen\" class=\"wp-image-3107\" srcset=\"https:\/\/plasticseurope.org\/de\/wp-content\/uploads\/sites\/3\/2023\/07\/Portrait_Bettina-Dempewolf_c_PlasticsEurope_540x540.png 540w, https:\/\/plasticseurope.org\/de\/wp-content\/uploads\/sites\/3\/2023\/07\/Portrait_Bettina-Dempewolf_c_PlasticsEurope_540x540-300x300.png 300w, https:\/\/plasticseurope.org\/de\/wp-content\/uploads\/sites\/3\/2023\/07\/Portrait_Bettina-Dempewolf_c_PlasticsEurope_540x540-150x150.png 150w\" sizes=\"auto, (max-width: 540px) 100vw, 540px\" \/><\/figure>\n<\/div>\n<\/div>\n\n\n\n<div class=\"wp-block-column is-layout-flow wp-block-column-is-layout-flow\" style=\"flex-basis:250%\">\n<p>Ihre Ansprechpartnerin:<\/p>\n\n\n\n<p><strong>Bettina Dempewolf<\/strong><br>Leiterin Kommunikation<br>Telefon: +49 (69) 2556-1307<\/p>\n\n\n\n<div class=\"wp-block-buttons is-layout-flex wp-block-buttons-is-layout-flex\">\n<div class=\"wp-block-button\"><a class=\"wp-block-button__link has-white-color has-jade-background-color has-text-color has-background wp-element-button\" href=\"https:\/\/plasticseurope.org\/de\/wp-content\/uploads\/sites\/3\/2023\/09\/Pressemappe_WsK_Cleanup-Day-2.zip\">Download Pressemappe<\/a><\/div>\n<\/div>\n\n\n\n<div style=\"height:100px\" aria-hidden=\"true\" class=\"wp-block-spacer is-style-small\"><\/div>\n\n\n\n<p><em>Inklusive PDF und Pressefotos.<\/em><\/p>\n<\/div>\n<\/div>\n\n\n\n<hr class=\"wp-block-separator has-text-color has-vivid-green-cyan-color has-alpha-channel-opacity has-vivid-green-cyan-background-color has-background\" \/>\n\n\n\n<p><\/p>\n","protected":false},"excerpt":{"rendered":"<p>BDE, PlasticsEurope Deutschland e.V. und VCI legen 12 Positionen f\u00fcr die Nationale Kreislaufwirtschaftsstrategie vor<\/p>\n","protected":false},"author":1,"featured_media":3443,"comment_status":"closed","ping_status":"closed","sticky":false,"template":"","format":"standard","meta":{"footnotes":""},"categories":[6,7],"tags":[64,70,68,69,65,67,66],"class_list":["post-8098","post","type-post","status-publish","format-standard","has-post-thumbnail","hentry","category-news","category-pressemitteilungen","tag-cleanup-day","tag-gkv","tag-ik","tag-plastics-europe","tag-pressemitteilung","tag-vdma","tag-wir-sind-kunststoff"],"acf":[],"yoast_head":"<!-- This site is optimized with the Yoast SEO plugin v21.6 - https:\/\/yoast.com\/wordpress\/plugins\/seo\/ -->\n<title>Sechs Ma\u00dfnahmen, die langfristig gegen das M\u00fcllproblem helfen<\/title>\n<meta name=\"description\" content=\"07.09.2023, Frankfurt am Main: Pressemitteilung zum World Cleanup Day 2023. Sechs Ma\u00dfnahmen, die langfristig gegen das M\u00fcllproblem helfen.\" \/>\n<meta name=\"robots\" content=\"index, follow, max-snippet:-1, max-image-preview:large, max-video-preview:-1\" \/>\n<link rel=\"canonical\" href=\"https:\/\/plasticseurope.org\/de\/2023\/09\/07\/massnahmen-gegen-das-mullproblem\/\" \/>\n<meta property=\"og:locale\" content=\"de_DE\" \/>\n<meta property=\"og:type\" content=\"article\" \/>\n<meta property=\"og:title\" content=\"Sechs Ma\u00dfnahmen, die langfristig gegen das M\u00fcllproblem helfen\" \/>\n<meta property=\"og:description\" content=\"07.09.2023, Frankfurt am Main: Pressemitteilung zum World Cleanup Day 2023. Sechs Ma\u00dfnahmen, die langfristig gegen das M\u00fcllproblem helfen.\" \/>\n<meta property=\"og:url\" content=\"https:\/\/plasticseurope.org\/de\/2023\/09\/07\/massnahmen-gegen-das-mullproblem\/\" \/>\n<meta property=\"og:site_name\" content=\"Plastics Europe DE\" \/>\n<meta property=\"article:published_time\" content=\"2023-09-07T09:12:51+00:00\" \/>\n<meta property=\"article:modified_time\" content=\"2026-04-14T12:51:39+00:00\" \/>\n<meta property=\"og:image\" content=\"https:\/\/plasticseurope.org\/de\/wp-content\/uploads\/sites\/3\/2023\/07\/pexels-marta-ortigosa-3480494-2048x1365-1.jpg\" \/>\n\t<meta property=\"og:image:width\" content=\"2048\" \/>\n\t<meta property=\"og:image:height\" content=\"1365\" \/>\n\t<meta property=\"og:image:type\" content=\"image\/jpeg\" \/>\n<meta name=\"author\" content=\"admin\" \/>\n<meta name=\"twitter:card\" content=\"summary_large_image\" \/>\n<meta name=\"twitter:title\" content=\"Sechs Ma\u00dfnahmen, die langfristig gegen das M\u00fcllproblem helfen\" \/>\n<meta name=\"twitter:description\" content=\"07.09.2023, Frankfurt am Main: Pressemitteilung zum World Cleanup Day 2023. Sechs Ma\u00dfnahmen, die langfristig gegen das M\u00fcllproblem helfen.\" \/>\n<meta name=\"twitter:image\" content=\"https:\/\/plasticseurope.org\/de\/wp-content\/uploads\/sites\/3\/2023\/07\/pexels-marta-ortigosa-3480494-2048x1365-1.jpg\" \/>\n<meta name=\"twitter:creator\" content=\"@wp-admin\" \/>\n<meta name=\"twitter:label1\" content=\"Verfasst von\" \/>\n\t<meta name=\"twitter:data1\" content=\"admin\" \/>\n\t<meta name=\"twitter:label2\" content=\"Gesch\u00e4tzte Lesezeit\" \/>\n\t<meta name=\"twitter:data2\" content=\"4 Minuten\" \/>\n<script type=\"application\/ld+json\" class=\"yoast-schema-graph\">{\"@context\":\"https:\/\/schema.org\",\"@graph\":[{\"@type\":\"WebPage\",\"@id\":\"https:\/\/plasticseurope.org\/de\/2023\/09\/07\/massnahmen-gegen-das-mullproblem\/\",\"url\":\"https:\/\/plasticseurope.org\/de\/2023\/09\/07\/massnahmen-gegen-das-mullproblem\/\",\"name\":\"Sechs Ma\u00dfnahmen, die langfristig gegen das M\u00fcllproblem helfen\",\"isPartOf\":{\"@id\":\"https:\/\/plasticseurope.org\/de\/#website\"},\"datePublished\":\"2023-09-07T09:12:51+00:00\",\"dateModified\":\"2026-04-14T12:51:39+00:00\",\"author\":{\"@id\":\"https:\/\/plasticseurope.org\/de\/#\/schema\/person\/1b7f52b3f1507100c36b9dac252b749a\"},\"description\":\"07.09.2023, Frankfurt am Main: Pressemitteilung zum World Cleanup Day 2023. Sechs Ma\u00dfnahmen, die langfristig gegen das M\u00fcllproblem helfen.\",\"breadcrumb\":{\"@id\":\"https:\/\/plasticseurope.org\/de\/2023\/09\/07\/massnahmen-gegen-das-mullproblem\/#breadcrumb\"},\"inLanguage\":\"de-DE\",\"potentialAction\":[{\"@type\":\"ReadAction\",\"target\":[\"https:\/\/plasticseurope.org\/de\/2023\/09\/07\/massnahmen-gegen-das-mullproblem\/\"]}]},{\"@type\":\"BreadcrumbList\",\"@id\":\"https:\/\/plasticseurope.org\/de\/2023\/09\/07\/massnahmen-gegen-das-mullproblem\/#breadcrumb\",\"itemListElement\":[{\"@type\":\"ListItem\",\"position\":1,\"name\":\"Home\",\"item\":\"https:\/\/plasticseurope.org\/de\/\"},{\"@type\":\"ListItem\",\"position\":2,\"name\":\"Pressemitteilung zum World Cleanup Day 2023\"}]},{\"@type\":\"WebSite\",\"@id\":\"https:\/\/plasticseurope.org\/de\/#website\",\"url\":\"https:\/\/plasticseurope.org\/de\/\",\"name\":\"Plastics Europe DE\",\"description\":\"Enabling a sustainable future\",\"potentialAction\":[{\"@type\":\"SearchAction\",\"target\":{\"@type\":\"EntryPoint\",\"urlTemplate\":\"https:\/\/plasticseurope.org\/de\/?s={search_term_string}\"},\"query-input\":\"required name=search_term_string\"}],\"inLanguage\":\"de-DE\"},{\"@type\":\"Person\",\"@id\":\"https:\/\/plasticseurope.org\/de\/#\/schema\/person\/1b7f52b3f1507100c36b9dac252b749a\",\"name\":\"admin\",\"image\":{\"@type\":\"ImageObject\",\"inLanguage\":\"de-DE\",\"@id\":\"https:\/\/plasticseurope.org\/de\/#\/schema\/person\/image\/\",\"url\":\"https:\/\/secure.gravatar.com\/avatar\/efc201767be6b43dfb89fdc85d2874f9ce0d79f7f853bd7c271900cd369fa0f8?s=96&d=mm&r=g\",\"contentUrl\":\"https:\/\/secure.gravatar.com\/avatar\/efc201767be6b43dfb89fdc85d2874f9ce0d79f7f853bd7c271900cd369fa0f8?s=96&d=mm&r=g\",\"caption\":\"admin\"},\"sameAs\":[\"https:\/\/plasticseurope.org\/\",\"https:\/\/twitter.com\/wp-admin\"],\"url\":\"https:\/\/plasticseurope.org\/de\/author\/wp-admin\/\"}]}<\/script>\n<!-- \/ Yoast SEO plugin. -->","yoast_head_json":{"title":"Sechs Ma\u00dfnahmen, die langfristig gegen das M\u00fcllproblem helfen","description":"07.09.2023, Frankfurt am Main: Pressemitteilung zum World Cleanup Day 2023. Sechs Ma\u00dfnahmen, die langfristig gegen das M\u00fcllproblem helfen.","robots":{"index":"index","follow":"follow","max-snippet":"max-snippet:-1","max-image-preview":"max-image-preview:large","max-video-preview":"max-video-preview:-1"},"canonical":"https:\/\/plasticseurope.org\/de\/2023\/09\/07\/massnahmen-gegen-das-mullproblem\/","og_locale":"de_DE","og_type":"article","og_title":"Sechs Ma\u00dfnahmen, die langfristig gegen das M\u00fcllproblem helfen","og_description":"07.09.2023, Frankfurt am Main: Pressemitteilung zum World Cleanup Day 2023. Sechs Ma\u00dfnahmen, die langfristig gegen das M\u00fcllproblem helfen.","og_url":"https:\/\/plasticseurope.org\/de\/2023\/09\/07\/massnahmen-gegen-das-mullproblem\/","og_site_name":"Plastics Europe DE","article_published_time":"2023-09-07T09:12:51+00:00","article_modified_time":"2026-04-14T12:51:39+00:00","og_image":[{"width":2048,"height":1365,"url":"https:\/\/plasticseurope.org\/de\/wp-content\/uploads\/sites\/3\/2023\/07\/pexels-marta-ortigosa-3480494-2048x1365-1.jpg","type":"image\/jpeg"}],"author":"admin","twitter_card":"summary_large_image","twitter_title":"Sechs Ma\u00dfnahmen, die langfristig gegen das M\u00fcllproblem helfen","twitter_description":"07.09.2023, Frankfurt am Main: Pressemitteilung zum World Cleanup Day 2023. Sechs Ma\u00dfnahmen, die langfristig gegen das M\u00fcllproblem helfen.","twitter_image":"https:\/\/plasticseurope.org\/de\/wp-content\/uploads\/sites\/3\/2023\/07\/pexels-marta-ortigosa-3480494-2048x1365-1.jpg","twitter_creator":"@wp-admin","twitter_misc":{"Verfasst von":"admin","Gesch\u00e4tzte Lesezeit":"4 Minuten"},"schema":{"@context":"https:\/\/schema.org","@graph":[{"@type":"WebPage","@id":"https:\/\/plasticseurope.org\/de\/2023\/09\/07\/massnahmen-gegen-das-mullproblem\/","url":"https:\/\/plasticseurope.org\/de\/2023\/09\/07\/massnahmen-gegen-das-mullproblem\/","name":"Sechs Ma\u00dfnahmen, die langfristig gegen das M\u00fcllproblem helfen","isPartOf":{"@id":"https:\/\/plasticseurope.org\/de\/#website"},"datePublished":"2023-09-07T09:12:51+00:00","dateModified":"2026-04-14T12:51:39+00:00","author":{"@id":"https:\/\/plasticseurope.org\/de\/#\/schema\/person\/1b7f52b3f1507100c36b9dac252b749a"},"description":"07.09.2023, Frankfurt am Main: Pressemitteilung zum World Cleanup Day 2023. Sechs Ma\u00dfnahmen, die langfristig gegen das M\u00fcllproblem helfen.","breadcrumb":{"@id":"https:\/\/plasticseurope.org\/de\/2023\/09\/07\/massnahmen-gegen-das-mullproblem\/#breadcrumb"},"inLanguage":"de-DE","potentialAction":[{"@type":"ReadAction","target":["https:\/\/plasticseurope.org\/de\/2023\/09\/07\/massnahmen-gegen-das-mullproblem\/"]}]},{"@type":"BreadcrumbList","@id":"https:\/\/plasticseurope.org\/de\/2023\/09\/07\/massnahmen-gegen-das-mullproblem\/#breadcrumb","itemListElement":[{"@type":"ListItem","position":1,"name":"Home","item":"https:\/\/plasticseurope.org\/de\/"},{"@type":"ListItem","position":2,"name":"Pressemitteilung zum World Cleanup Day 2023"}]},{"@type":"WebSite","@id":"https:\/\/plasticseurope.org\/de\/#website","url":"https:\/\/plasticseurope.org\/de\/","name":"Plastics Europe DE","description":"Enabling a sustainable future","potentialAction":[{"@type":"SearchAction","target":{"@type":"EntryPoint","urlTemplate":"https:\/\/plasticseurope.org\/de\/?s={search_term_string}"},"query-input":"required name=search_term_string"}],"inLanguage":"de-DE"},{"@type":"Person","@id":"https:\/\/plasticseurope.org\/de\/#\/schema\/person\/1b7f52b3f1507100c36b9dac252b749a","name":"admin","image":{"@type":"ImageObject","inLanguage":"de-DE","@id":"https:\/\/plasticseurope.org\/de\/#\/schema\/person\/image\/","url":"https:\/\/secure.gravatar.com\/avatar\/efc201767be6b43dfb89fdc85d2874f9ce0d79f7f853bd7c271900cd369fa0f8?s=96&d=mm&r=g","contentUrl":"https:\/\/secure.gravatar.com\/avatar\/efc201767be6b43dfb89fdc85d2874f9ce0d79f7f853bd7c271900cd369fa0f8?s=96&d=mm&r=g","caption":"admin"},"sameAs":["https:\/\/plasticseurope.org\/","https:\/\/twitter.com\/wp-admin"],"url":"https:\/\/plasticseurope.org\/de\/author\/wp-admin\/"}]}},"_links":{"self":[{"href":"https:\/\/plasticseurope.org\/de\/wp-json\/wp\/v2\/posts\/8098","targetHints":{"allow":["GET"]}}],"collection":[{"href":"https:\/\/plasticseurope.org\/de\/wp-json\/wp\/v2\/posts"}],"about":[{"href":"https:\/\/plasticseurope.org\/de\/wp-json\/wp\/v2\/types\/post"}],"author":[{"embeddable":true,"href":"https:\/\/plasticseurope.org\/de\/wp-json\/wp\/v2\/users\/1"}],"replies":[{"embeddable":true,"href":"https:\/\/plasticseurope.org\/de\/wp-json\/wp\/v2\/comments?post=8098"}],"version-history":[{"count":0,"href":"https:\/\/plasticseurope.org\/de\/wp-json\/wp\/v2\/posts\/8098\/revisions"}],"wp:featuredmedia":[{"embeddable":true,"href":"https:\/\/plasticseurope.org\/de\/wp-json\/wp\/v2\/media\/3443"}],"wp:attachment":[{"href":"https:\/\/plasticseurope.org\/de\/wp-json\/wp\/v2\/media?parent=8098"}],"wp:term":[{"taxonomy":"category","embeddable":true,"href":"https:\/\/plasticseurope.org\/de\/wp-json\/wp\/v2\/categories?post=8098"},{"taxonomy":"post_tag","embeddable":true,"href":"https:\/\/plasticseurope.org\/de\/wp-json\/wp\/v2\/tags?post=8098"}],"curies":[{"name":"wp","href":"https:\/\/api.w.org\/{rel}","templated":true}]}}