{"id":605,"date":"2021-02-17T15:34:00","date_gmt":"2021-02-17T15:34:00","guid":{"rendered":"https:\/\/plasticseurope.wpenginepowered.com\/de\/?p=605"},"modified":"2021-11-15T15:40:20","modified_gmt":"2021-11-15T15:40:20","slug":"eintruebung-der-wirtschaftslage-bei-der-kunststoffverarbeitenden-industrie","status":"publish","type":"post","link":"https:\/\/plasticseurope.org\/de\/2021\/02\/17\/eintruebung-der-wirtschaftslage-bei-der-kunststoffverarbeitenden-industrie\/","title":{"rendered":"Eintr\u00fcbung der Wirtschaftslage bei der Kunststoffverarbeitenden Industrie"},"content":{"rendered":"\n<p class=\"has-large-font-size\">Gemischte Bilanz f\u00fcr 2020<\/p>\n\n\n\n<div style=\"height:16px\" aria-hidden=\"true\" class=\"wp-block-spacer\"><\/div>\n\n\n\n<p>Traditionell am Aschermittwoch blickt der&nbsp;<a href=\"https:\/\/www.gkv.de\/de\/\" target=\"_blank\" rel=\"noreferrer noopener\">Gesamtverband Kunststoffverarbeitende<br>Industrie e. V.<\/a>&nbsp;(GKV) auf das zur\u00fcckliegende Jahr und schaut in die Zukunft der Verarbeiter-Branche. Beim Bilanzziehen \u00fcberwogen diesmal die negativen Nachrichten: So ging der Branchenumsatz im Jahr 2020 um 5,6 Prozent auf 61,5 Mrd. Euro zur\u00fcck. Insgesamt wurden im vergangenen Jahr in Deutschland 14,2 Millionen Tonnen Kunststoffe verarbeitet, ein R\u00fcckgang um 2,8 Prozent oder, wie GKV-Pr\u00e4sident Roland Roth ausf\u00fchrte, von 20.000 mit Kunststoffgranulat beladenen Sattelz\u00fcgen.<\/p>\n\n\n\n<div style=\"height:48px\" aria-hidden=\"true\" class=\"wp-block-spacer\"><\/div>\n\n\n\n<div class=\"wp-block-image\"><figure class=\"aligncenter size-full\"><img loading=\"lazy\" decoding=\"async\" width=\"1010\" height=\"508\" src=\"https:\/\/plasticseurope.org\/de\/wp-content\/uploads\/sites\/3\/2021\/11\/GKV-Pressekonferenz_2021_Chart.png\" alt=\"\" class=\"wp-image-606\" srcset=\"https:\/\/plasticseurope.org\/de\/wp-content\/uploads\/sites\/3\/2021\/11\/GKV-Pressekonferenz_2021_Chart.png 1010w, https:\/\/plasticseurope.org\/de\/wp-content\/uploads\/sites\/3\/2021\/11\/GKV-Pressekonferenz_2021_Chart-300x151.png 300w, https:\/\/plasticseurope.org\/de\/wp-content\/uploads\/sites\/3\/2021\/11\/GKV-Pressekonferenz_2021_Chart-768x386.png 768w, https:\/\/plasticseurope.org\/de\/wp-content\/uploads\/sites\/3\/2021\/11\/GKV-Pressekonferenz_2021_Chart-600x302.png 600w\" sizes=\"auto, (max-width: 1010px) 100vw, 1010px\" \/><\/figure><\/div>\n\n\n\n<div style=\"height:48px\" aria-hidden=\"true\" class=\"wp-block-spacer\"><\/div>\n\n\n\n<p class=\"has-large-font-size\"><strong>St\u00e4rken und Schw\u00e4chen<\/strong><\/p>\n\n\n\n<p>Die einzelnen Branchensegmente entwickelten sich dabei durchaus unterschiedlich: Bei technischen Kunststoffen verzeichneten die im GKV organisierten kunststoffverarbeitenden Unternehmen f\u00fcr 2020 das schlechteste Jahr seit der Wirtschaftskrise 2008\/09. Insbesondere die Bereiche Automotive, E&amp;E und der Maschinenbau schw\u00e4chelten; oftmals, weil Projekte schon in 2019 aufgeschoben und neue Modell-Linien oder Anlagen auf Kundenseite auch in 2020 zun\u00e4chst hintenangestellt wurden.<\/p>\n\n\n\n<p>Positiver entwickelten sich hingegen der Wohnungsbau und Renovierungsbereich, dem auch im &#8222;Coronajahr&#8220; eine gute Entwicklung bescheinigt wurde. Bemerkenswert ist zudem die lebhafte Nachfrage f\u00fcr Kunststoff-Halbzeuge im Caravaning-Bereich, getragen vom hohen Verbraucherinteresse an dieser Freizeitsparte.<\/p>\n\n\n\n<div style=\"height:16px\" aria-hidden=\"true\" class=\"wp-block-spacer\"><\/div>\n\n\n\n<p><br>\u00a0<\/p>\n\n\n\n<p class=\"has-large-font-size\"><strong>Ausblick mit Vorsicht<\/strong><\/p>\n\n\n\n<p>W\u00e4hrend f\u00fcr die Verpackungsindustrie und im Fahrzeug- und Transportsektor die Nachfrage im letzten Quartal 2020 wieder anzog, sorgen in diesen Bereichen aktuell eine mangelnde Rohstoffverf\u00fcgbarkeit und gestiegene Rohstoffpreise daf\u00fcr, dass die Entwicklung f\u00fcr die n\u00e4chsten Monaten fragil bleiben wird. Die bereits f\u00fcr 2019 festgestellte Ambivalenz zwischen Zuversicht und Unsicherheit bei den Unternehmen hat sich unter dem Eindruck der Corona-Pandemie verst\u00e4rkt. So rechnet trotz stark gesunkener Ums\u00e4tze im Jahr 2020 ca. die H\u00e4lfte der im Rahmen einer GKV-Umfrage befragten Unternehmer im Jahr 2021 wieder mit<br>steigenden Ums\u00e4tzen, zugleich aber auch mit sinkenden Gewinnen.<\/p>\n\n\n\n<div style=\"height:16px\" aria-hidden=\"true\" class=\"wp-block-spacer\"><\/div>\n\n\n\n<p><br>\u00a0<\/p>\n\n\n\n<p class=\"has-large-font-size\"><strong>Wahrnehmung bei \u00d6ffentlichkeit und Politik<\/strong><\/p>\n\n\n\n<div class=\"wp-block-image\"><figure class=\"alignleft size-full is-resized\"><img loading=\"lazy\" decoding=\"async\" src=\"https:\/\/plasticseurope.org\/de\/wp-content\/uploads\/sites\/3\/2021\/11\/GKV-Pressekonferenz_2021.jpg\" alt=\"\" class=\"wp-image-607\" width=\"246\" height=\"150\" srcset=\"https:\/\/plasticseurope.org\/de\/wp-content\/uploads\/sites\/3\/2021\/11\/GKV-Pressekonferenz_2021.jpg 985w, https:\/\/plasticseurope.org\/de\/wp-content\/uploads\/sites\/3\/2021\/11\/GKV-Pressekonferenz_2021-300x182.jpg 300w, https:\/\/plasticseurope.org\/de\/wp-content\/uploads\/sites\/3\/2021\/11\/GKV-Pressekonferenz_2021-768x466.jpg 768w, https:\/\/plasticseurope.org\/de\/wp-content\/uploads\/sites\/3\/2021\/11\/GKV-Pressekonferenz_2021-600x364.jpg 600w\" sizes=\"auto, (max-width: 246px) 100vw, 246px\" \/><\/figure><\/div>\n\n\n\n<p>Ganz klar: Auch die kunststoffverarbeitende Industrie hat mit der schon lange andauernden Imagekrise zu k\u00e4mpfen. Dabei sind die Hintergr\u00fcnde nur teilweise von ihr zu beeinflussen, etwa weil der Eintrag von Kunststoffabf\u00e4llen in die Umwelt insbesondere in Regionen mit unzureichenden Abfallmanagementsystemen erfolgt. Doch wo immer m\u00f6glich, tr\u00e4gt die hiesige Kunststoffindustrie zu mehr Nachhaltigkeit rund um Kunststoffe bei, wie GKV-Pr\u00e4sident Roth erkl\u00e4rte, etwa durch ein nachhaltiges Produktdesign oder dem Wiedereinsatz von Rezyklaten bei neuen Kunststoffprodukten.<\/p>\n\n\n\n<p>Auf der Habenseite verbuchte die Branche j\u00fcngst die vielen Vorteile, die ihr Werkstoff in der Pandemie hervor brachte, wie GKV-Gesch\u00e4ftsf\u00fchrerin Julia Gro\u00dfe-Wilde (Foto) skizzierte. Etwa durch den\u00a0\u00fcberlebenswichtigen Beitrag, den Schutzmasken, Plexiglasscheiben oder medizinische Ger\u00e4te aus Kunststoff im Kampf gegen Corona leisten. Auch bei der logistische Mammutaufgabe des Versands von Impfstoffen tragen mehrere deutsche Verpackungshersteller mit zum Erfolg bei der Verteilung der Stoffe bei \u2013 \u00fcberall in der Welt und bei zuverl\u00e4ssiger Einhaltung der K\u00fchlkette, wie Gro\u00dfe-Wilde weiter ausf\u00fchrte.<br>\u00a0<\/p>\n\n\n\n<div style=\"height:16px\" aria-hidden=\"true\" class=\"wp-block-spacer\"><\/div>\n\n\n\n<p class=\"has-large-font-size\"><strong>MINT-Azubis dringend gesucht<\/strong><\/p>\n\n\n\n<p>Sorgen bereitet den Kunststoffverarbeitern hierzulande weiterhin der Fachkr\u00e4ftemangel, der sich&nbsp;durch den&nbsp;demografischen Wandel zunehmend versch\u00e4rft. W\u00e4hrend der Corona-Pandemie fehlte dar\u00fcber hinaus die M\u00f6glichkeit f\u00fcr Schulen und weitere Bildungseinrichtungen, Unternehmen in der Region zu besuchen und so kennen zu lernen; auch konnten keine Praktikumspl\u00e4tze f\u00fcr Sch\u00fclerinnen und Sch\u00fcler angeboten werden. Derweil bleibt die Nachfrage f\u00fcr Ausbildungskr\u00e4fte gleichbleibend hoch, w\u00e4hrend die geburtenstarken Jahrg\u00e4nge in den Ruhestand wechseln und damit den Ver\u00e4nderungs- und Handlungsdruck noch vergr\u00f6\u00dfern.<\/p>\n\n\n\n<p>Weitere Details zur aktuellen wirtschaftlichen Situation der kunststoffverarbeitenden Industrie in Deutschland bietet die ausf\u00fchrliche\u00a0<a href=\"https:\/\/www.gkv.de\/de\/service\/presse\/weniger-umsatz-mehr-wertschaetzung-und-kreislaufwirtschaft-als-chance-kunststoffverarbeiter-ziehen-gemischte-bilanz-2020.html\" target=\"_blank\" rel=\"noreferrer noopener\">Pressemappe<\/a>\u00a0des GKV.<\/p>\n","protected":false},"excerpt":{"rendered":"<p>Gemischte Bilanz f\u00fcr 2020 Traditionell am Aschermittwoch blickt der&nbsp;Gesamtverband KunststoffverarbeitendeIndustrie e. V.&nbsp;(GKV) auf das zur\u00fcckliegende Jahr und schaut in die\u2026<\/p>\n","protected":false},"author":3,"featured_media":608,"comment_status":"open","ping_status":"open","sticky":false,"template":"","format":"standard","meta":{"footnotes":""},"categories":[6],"tags":[],"class_list":["post-605","post","type-post","status-publish","format-standard","has-post-thumbnail","hentry","category-news"],"acf":[],"yoast_head":"<!-- This site is optimized with the Yoast SEO plugin v21.6 - https:\/\/yoast.com\/wordpress\/plugins\/seo\/ -->\n<title>Eintr\u00fcbung der Wirtschaftslage bei der Kunststoffverarbeitenden Industrie - Plastics Europe DE<\/title>\n<meta name=\"robots\" content=\"index, follow, max-snippet:-1, max-image-preview:large, max-video-preview:-1\" \/>\n<link rel=\"canonical\" href=\"https:\/\/plasticseurope.org\/de\/2021\/02\/17\/eintruebung-der-wirtschaftslage-bei-der-kunststoffverarbeitenden-industrie\/\" \/>\n<meta property=\"og:locale\" content=\"de_DE\" \/>\n<meta property=\"og:type\" content=\"article\" \/>\n<meta property=\"og:title\" content=\"Eintr\u00fcbung der Wirtschaftslage bei der Kunststoffverarbeitenden Industrie - Plastics Europe DE\" \/>\n<meta property=\"og:description\" content=\"Gemischte Bilanz f\u00fcr 2020 Traditionell am Aschermittwoch blickt der&nbsp;Gesamtverband KunststoffverarbeitendeIndustrie e. V.&nbsp;(GKV) auf das zur\u00fcckliegende Jahr und schaut in die\u2026\" \/>\n<meta property=\"og:url\" content=\"https:\/\/plasticseurope.org\/de\/2021\/02\/17\/eintruebung-der-wirtschaftslage-bei-der-kunststoffverarbeitenden-industrie\/\" \/>\n<meta property=\"og:site_name\" content=\"Plastics Europe DE\" \/>\n<meta property=\"article:published_time\" content=\"2021-02-17T15:34:00+00:00\" \/>\n<meta property=\"article:modified_time\" content=\"2021-11-15T15:40:20+00:00\" \/>\n<meta property=\"og:image\" content=\"https:\/\/plasticseurope.org\/de\/wp-content\/uploads\/sites\/3\/2021\/11\/3.1._header.png\" \/>\n\t<meta property=\"og:image:width\" content=\"1200\" \/>\n\t<meta property=\"og:image:height\" content=\"400\" \/>\n\t<meta property=\"og:image:type\" content=\"image\/png\" \/>\n<meta name=\"author\" content=\"lizzydoyle\" \/>\n<meta name=\"twitter:card\" content=\"summary_large_image\" \/>\n<meta name=\"twitter:label1\" content=\"Verfasst von\" \/>\n\t<meta name=\"twitter:data1\" content=\"lizzydoyle\" \/>\n\t<meta name=\"twitter:label2\" content=\"Gesch\u00e4tzte Lesezeit\" \/>\n\t<meta name=\"twitter:data2\" content=\"3 Minuten\" \/>\n<script type=\"application\/ld+json\" class=\"yoast-schema-graph\">{\"@context\":\"https:\/\/schema.org\",\"@graph\":[{\"@type\":\"WebPage\",\"@id\":\"https:\/\/plasticseurope.org\/de\/2021\/02\/17\/eintruebung-der-wirtschaftslage-bei-der-kunststoffverarbeitenden-industrie\/\",\"url\":\"https:\/\/plasticseurope.org\/de\/2021\/02\/17\/eintruebung-der-wirtschaftslage-bei-der-kunststoffverarbeitenden-industrie\/\",\"name\":\"Eintr\u00fcbung der Wirtschaftslage bei der Kunststoffverarbeitenden Industrie - Plastics Europe DE\",\"isPartOf\":{\"@id\":\"https:\/\/plasticseurope.org\/de\/#website\"},\"datePublished\":\"2021-02-17T15:34:00+00:00\",\"dateModified\":\"2021-11-15T15:40:20+00:00\",\"author\":{\"@id\":\"https:\/\/plasticseurope.org\/de\/#\/schema\/person\/6288b5ce9afeb8d610beabab15839235\"},\"breadcrumb\":{\"@id\":\"https:\/\/plasticseurope.org\/de\/2021\/02\/17\/eintruebung-der-wirtschaftslage-bei-der-kunststoffverarbeitenden-industrie\/#breadcrumb\"},\"inLanguage\":\"de-DE\",\"potentialAction\":[{\"@type\":\"ReadAction\",\"target\":[\"https:\/\/plasticseurope.org\/de\/2021\/02\/17\/eintruebung-der-wirtschaftslage-bei-der-kunststoffverarbeitenden-industrie\/\"]}]},{\"@type\":\"BreadcrumbList\",\"@id\":\"https:\/\/plasticseurope.org\/de\/2021\/02\/17\/eintruebung-der-wirtschaftslage-bei-der-kunststoffverarbeitenden-industrie\/#breadcrumb\",\"itemListElement\":[{\"@type\":\"ListItem\",\"position\":1,\"name\":\"Home\",\"item\":\"https:\/\/plasticseurope.org\/de\/\"},{\"@type\":\"ListItem\",\"position\":2,\"name\":\"Eintr\u00fcbung der Wirtschaftslage bei der Kunststoffverarbeitenden Industrie\"}]},{\"@type\":\"WebSite\",\"@id\":\"https:\/\/plasticseurope.org\/de\/#website\",\"url\":\"https:\/\/plasticseurope.org\/de\/\",\"name\":\"Plastics Europe DE\",\"description\":\"Enabling a sustainable future\",\"potentialAction\":[{\"@type\":\"SearchAction\",\"target\":{\"@type\":\"EntryPoint\",\"urlTemplate\":\"https:\/\/plasticseurope.org\/de\/?s={search_term_string}\"},\"query-input\":\"required name=search_term_string\"}],\"inLanguage\":\"de-DE\"},{\"@type\":\"Person\",\"@id\":\"https:\/\/plasticseurope.org\/de\/#\/schema\/person\/6288b5ce9afeb8d610beabab15839235\",\"name\":\"lizzydoyle\",\"image\":{\"@type\":\"ImageObject\",\"inLanguage\":\"de-DE\",\"@id\":\"https:\/\/plasticseurope.org\/de\/#\/schema\/person\/image\/\",\"url\":\"https:\/\/secure.gravatar.com\/avatar\/7cb64529e0e4d10122f99b32a8b8eb24832571437c923244e9bcbc266227340d?s=96&d=mm&r=g\",\"contentUrl\":\"https:\/\/secure.gravatar.com\/avatar\/7cb64529e0e4d10122f99b32a8b8eb24832571437c923244e9bcbc266227340d?s=96&d=mm&r=g\",\"caption\":\"lizzydoyle\"},\"url\":\"https:\/\/plasticseurope.org\/de\/author\/lizzydoyle\/\"}]}<\/script>\n<!-- \/ Yoast SEO plugin. -->","yoast_head_json":{"title":"Eintr\u00fcbung der Wirtschaftslage bei der Kunststoffverarbeitenden Industrie - Plastics Europe DE","robots":{"index":"index","follow":"follow","max-snippet":"max-snippet:-1","max-image-preview":"max-image-preview:large","max-video-preview":"max-video-preview:-1"},"canonical":"https:\/\/plasticseurope.org\/de\/2021\/02\/17\/eintruebung-der-wirtschaftslage-bei-der-kunststoffverarbeitenden-industrie\/","og_locale":"de_DE","og_type":"article","og_title":"Eintr\u00fcbung der Wirtschaftslage bei der Kunststoffverarbeitenden Industrie - Plastics Europe DE","og_description":"Gemischte Bilanz f\u00fcr 2020 Traditionell am Aschermittwoch blickt der&nbsp;Gesamtverband KunststoffverarbeitendeIndustrie e. V.&nbsp;(GKV) auf das zur\u00fcckliegende Jahr und schaut in die\u2026","og_url":"https:\/\/plasticseurope.org\/de\/2021\/02\/17\/eintruebung-der-wirtschaftslage-bei-der-kunststoffverarbeitenden-industrie\/","og_site_name":"Plastics Europe DE","article_published_time":"2021-02-17T15:34:00+00:00","article_modified_time":"2021-11-15T15:40:20+00:00","og_image":[{"width":1200,"height":400,"url":"https:\/\/plasticseurope.org\/de\/wp-content\/uploads\/sites\/3\/2021\/11\/3.1._header.png","type":"image\/png"}],"author":"lizzydoyle","twitter_card":"summary_large_image","twitter_misc":{"Verfasst von":"lizzydoyle","Gesch\u00e4tzte Lesezeit":"3 Minuten"},"schema":{"@context":"https:\/\/schema.org","@graph":[{"@type":"WebPage","@id":"https:\/\/plasticseurope.org\/de\/2021\/02\/17\/eintruebung-der-wirtschaftslage-bei-der-kunststoffverarbeitenden-industrie\/","url":"https:\/\/plasticseurope.org\/de\/2021\/02\/17\/eintruebung-der-wirtschaftslage-bei-der-kunststoffverarbeitenden-industrie\/","name":"Eintr\u00fcbung der Wirtschaftslage bei der Kunststoffverarbeitenden Industrie - Plastics Europe DE","isPartOf":{"@id":"https:\/\/plasticseurope.org\/de\/#website"},"datePublished":"2021-02-17T15:34:00+00:00","dateModified":"2021-11-15T15:40:20+00:00","author":{"@id":"https:\/\/plasticseurope.org\/de\/#\/schema\/person\/6288b5ce9afeb8d610beabab15839235"},"breadcrumb":{"@id":"https:\/\/plasticseurope.org\/de\/2021\/02\/17\/eintruebung-der-wirtschaftslage-bei-der-kunststoffverarbeitenden-industrie\/#breadcrumb"},"inLanguage":"de-DE","potentialAction":[{"@type":"ReadAction","target":["https:\/\/plasticseurope.org\/de\/2021\/02\/17\/eintruebung-der-wirtschaftslage-bei-der-kunststoffverarbeitenden-industrie\/"]}]},{"@type":"BreadcrumbList","@id":"https:\/\/plasticseurope.org\/de\/2021\/02\/17\/eintruebung-der-wirtschaftslage-bei-der-kunststoffverarbeitenden-industrie\/#breadcrumb","itemListElement":[{"@type":"ListItem","position":1,"name":"Home","item":"https:\/\/plasticseurope.org\/de\/"},{"@type":"ListItem","position":2,"name":"Eintr\u00fcbung der Wirtschaftslage bei der Kunststoffverarbeitenden Industrie"}]},{"@type":"WebSite","@id":"https:\/\/plasticseurope.org\/de\/#website","url":"https:\/\/plasticseurope.org\/de\/","name":"Plastics Europe DE","description":"Enabling a sustainable future","potentialAction":[{"@type":"SearchAction","target":{"@type":"EntryPoint","urlTemplate":"https:\/\/plasticseurope.org\/de\/?s={search_term_string}"},"query-input":"required name=search_term_string"}],"inLanguage":"de-DE"},{"@type":"Person","@id":"https:\/\/plasticseurope.org\/de\/#\/schema\/person\/6288b5ce9afeb8d610beabab15839235","name":"lizzydoyle","image":{"@type":"ImageObject","inLanguage":"de-DE","@id":"https:\/\/plasticseurope.org\/de\/#\/schema\/person\/image\/","url":"https:\/\/secure.gravatar.com\/avatar\/7cb64529e0e4d10122f99b32a8b8eb24832571437c923244e9bcbc266227340d?s=96&d=mm&r=g","contentUrl":"https:\/\/secure.gravatar.com\/avatar\/7cb64529e0e4d10122f99b32a8b8eb24832571437c923244e9bcbc266227340d?s=96&d=mm&r=g","caption":"lizzydoyle"},"url":"https:\/\/plasticseurope.org\/de\/author\/lizzydoyle\/"}]}},"_links":{"self":[{"href":"https:\/\/plasticseurope.org\/de\/wp-json\/wp\/v2\/posts\/605","targetHints":{"allow":["GET"]}}],"collection":[{"href":"https:\/\/plasticseurope.org\/de\/wp-json\/wp\/v2\/posts"}],"about":[{"href":"https:\/\/plasticseurope.org\/de\/wp-json\/wp\/v2\/types\/post"}],"author":[{"embeddable":true,"href":"https:\/\/plasticseurope.org\/de\/wp-json\/wp\/v2\/users\/3"}],"replies":[{"embeddable":true,"href":"https:\/\/plasticseurope.org\/de\/wp-json\/wp\/v2\/comments?post=605"}],"version-history":[{"count":0,"href":"https:\/\/plasticseurope.org\/de\/wp-json\/wp\/v2\/posts\/605\/revisions"}],"wp:featuredmedia":[{"embeddable":true,"href":"https:\/\/plasticseurope.org\/de\/wp-json\/wp\/v2\/media\/608"}],"wp:attachment":[{"href":"https:\/\/plasticseurope.org\/de\/wp-json\/wp\/v2\/media?parent=605"}],"wp:term":[{"taxonomy":"category","embeddable":true,"href":"https:\/\/plasticseurope.org\/de\/wp-json\/wp\/v2\/categories?post=605"},{"taxonomy":"post_tag","embeddable":true,"href":"https:\/\/plasticseurope.org\/de\/wp-json\/wp\/v2\/tags?post=605"}],"curies":[{"name":"wp","href":"https:\/\/api.w.org\/{rel}","templated":true}]}}