{"id":439,"date":"2021-02-08T11:49:00","date_gmt":"2021-02-08T11:49:00","guid":{"rendered":"https:\/\/plasticseurope.wpenginepowered.com\/de\/?p=439"},"modified":"2021-11-15T11:52:53","modified_gmt":"2021-11-15T11:52:53","slug":"die-richtigen-weichen-stellen-fuer-eine-kreislaufwirtschaft","status":"publish","type":"post","link":"https:\/\/plasticseurope.org\/de\/2021\/02\/08\/die-richtigen-weichen-stellen-fuer-eine-kreislaufwirtschaft\/","title":{"rendered":"Die richtigen Weichen stellen f\u00fcr eine Kreislaufwirtschaft"},"content":{"rendered":"\n<p class=\"has-large-font-size\">Position des Europ\u00e4ischen Parlaments zum Aktionsplan der Kommission<\/p>\n\n\n\n<div style=\"height:16px\" aria-hidden=\"true\" class=\"wp-block-spacer\"><\/div>\n\n\n\n<p>Morgen stimmt das Europ\u00e4ische Parlament \u00fcber eine Stellungnahme zum \u201eAktionsplan f\u00fcr die Kreislaufwirtschaft\u201c der Kommission ab. Der Verband der Chemischen Industrie (VCI) und der Verband der Kunststofferzeuger, PlasticsEurope Deutschland (PED), begr\u00fc\u00dfen, dass die Vorlage zur Stellungnahme wichtige Akzente setzt, sehen aber auch noch Handlungsbedarf.<\/p>\n\n\n\n<div style=\"height:48px\" aria-hidden=\"true\" class=\"wp-block-spacer\"><\/div>\n\n\n\n<p>Die Europ\u00e4ische Kommission hat den Aktionsplan im M\u00e4rz 2020 als Teil ihres Green Deals vorgelegt. Der Umweltausschuss des Europ\u00e4ischen Parlaments hat dazu eine Stellungnahme verfasst, die dem Parlament zur Abstimmung vorliegt. Der VCI unterst\u00fctzt das Ziel der Treibhausgasneutralit\u00e4t bis 2050 und schreibt der Kreislaufwirtschaft eine besondere Rolle zu. \u201eF\u00fcr die Chemiebranche er\u00f6ffnen sich neue Gesch\u00e4ftsfelder und Zukunftschancen, auch als Impulsgeber f\u00fcr die nachgelagerte Produktion. Entscheidend f\u00fcr einen erfolgreichen Wandel sind Freir\u00e4ume f\u00fcr Innovationen, statt alles bis ins kleinste Detail zu regulieren\u201c, so Wolfang Gro\u00dfe Entrup, Hauptgesch\u00e4ftsf\u00fchrer des VCI. \u201eWir haben es mit einem enormen Transformationsprozess zu tun. Er verlangt den Unternehmen gerade in der Corona-Krise eine gro\u00dfe Kraftanstrengung ab. Das braucht Zeit und Unterst\u00fctzung aus der Politik.\u201c<\/p>\n\n\n\n<div style=\"height:48px\" aria-hidden=\"true\" class=\"wp-block-spacer\"><\/div>\n\n\n\n<p><strong>Produktpolitik ausgewogen gestalten<\/strong><\/p>\n\n\n\n<p>Der VCI sieht in der Vorlage f\u00fcr die Abstimmung gute Ans\u00e4tze, bei der Produktpolitik aber auch die Gefahr einer falschen Schwerpunktsetzung: \u201eDie chemische Industrie stellt viele Produkte her, die einen Beitrag zur Nachhaltigkeit leisten etwa f\u00fcr die W\u00e4rmed\u00e4mmung im Bau oder f\u00fcr leichte Autos oder leistungsf\u00e4higere Windr\u00e4der. Die Qualit\u00e4t dieser Produkte darf nicht allein an ihrer Kreislauff\u00e4higkeit beurteilt werden. Hier z\u00e4hlen auch andere Beitr\u00e4ge zum Klimaschutz, ganz zu schweigen von Performanceaspekten\u201c, so Gro\u00dfe Entrup. Bei der geplanten Ausweitung der \u00d6kodesign-Richtlinie bestehe au\u00dferdem die Gefahr von Doppelregulierungen und Inkonsistenzen mit bereits bestehenden Gesetzeswerken, sowie Einschr\u00e4nkungen bei der Marktzulassung neu regulierter Produkte.<\/p>\n\n\n\n<div style=\"height:48px\" aria-hidden=\"true\" class=\"wp-block-spacer\"><\/div>\n\n\n\n<p><strong>Neue Wege f\u00fcr ein besseres Recycling f\u00f6rdern<\/strong><\/p>\n\n\n\n<p>Bei der St\u00e4rkung des Recyclings spielt auch die F\u00f6rderung neuer Technologien eine wichtige Rolle. Der VCI begr\u00fc\u00dft, dass die Vorlage des Umweltausschusses die Bedeutung des chemischen Recyclings aufgreift: \u201eDie Industrie arbeitet an neuen Technologien, um Kunststoffabf\u00e4lle erg\u00e4nzend zum mechanischen Recycling auch mit neuen chemischen Verfahren noch besser im Kreis f\u00fchren zu k\u00f6nnen. F\u00fcr die Weiterentwicklung solcher Innovationen sind wir auf Unterst\u00fctzung und Anerkennung der Technologie angewiesen\u201c, betont Gro\u00dfe Entrup.<\/p>\n\n\n\n<div class=\"wp-block-media-text alignwide is-stacked-on-mobile\" style=\"grid-template-columns:30% auto\"><figure class=\"wp-block-media-text__media\"><img loading=\"lazy\" decoding=\"async\" width=\"434\" height=\"423\" src=\"https:\/\/plasticseurope.org\/de\/wp-content\/uploads\/sites\/3\/2021\/11\/Buhler-6.png\" alt=\"\" class=\"wp-image-440 size-full\" srcset=\"https:\/\/plasticseurope.org\/de\/wp-content\/uploads\/sites\/3\/2021\/11\/Buhler-6.png 434w, https:\/\/plasticseurope.org\/de\/wp-content\/uploads\/sites\/3\/2021\/11\/Buhler-6-300x292.png 300w\" sizes=\"auto, (max-width: 434px) 100vw, 434px\" \/><\/figure><div class=\"wp-block-media-text__content\">\n<p>Mit Blick auf Vorgaben f\u00fcr den Mindesteinsatz von Rezyklaten in Produkten korrigiert der Vorschlag den Aktionsplan hingegen nicht ausreichend. So r\u00e4umt die Vorlage die M\u00f6glichkeit sektorspezifischer Vorgaben ein. Die Kunststofferzeuger arbeiten zusammen mit der Wertsch\u00f6pfungskette bereits an der Steigerung des Einsatzes recycelter Kunststoffe in neuen Produkten. Pauschale Vorgaben gehen in die falsche Richtung. Nicht bei allen Produkten sei der Einsatz von recycelten Kunststoffen gleich gut m\u00f6glich. \u201eEs muss stattdessen darum gehen, die Verf\u00fcgbarkeit und Qualit\u00e4t von Sekund\u00e4rrohstoffen sicherzustellen und Innovationen zu erm\u00f6glichen. Da ist noch deutlich Luft nach oben\u201c, kommentiert Ingemar B\u00fchler, Hauptgesch\u00e4ftsf\u00fchrer von PED. Der EU-Binnenmarkt f\u00fcr Sekund\u00e4rrohstoffe lie\u00dfe sich etwa durch eine sofortige Beendigung der Deponierung von Kunststoffabf\u00e4llen oder eine bessere Sammlung und Sortierung von Abf\u00e4llen f\u00f6rdern.<\/p>\n<\/div><\/div>\n\n\n","protected":false},"excerpt":{"rendered":"<p>Position des Europ\u00e4ischen Parlaments zum Aktionsplan der Kommission Morgen stimmt das Europ\u00e4ische Parlament \u00fcber eine Stellungnahme zum \u201eAktionsplan f\u00fcr die\u2026<\/p>\n","protected":false},"author":3,"featured_media":441,"comment_status":"open","ping_status":"open","sticky":false,"template":"","format":"standard","meta":{"footnotes":""},"categories":[7],"tags":[],"class_list":["post-439","post","type-post","status-publish","format-standard","has-post-thumbnail","hentry","category-pressemitteilungen"],"acf":[],"yoast_head":"<!-- This site is optimized with the Yoast SEO plugin v21.6 - https:\/\/yoast.com\/wordpress\/plugins\/seo\/ -->\n<title>Die richtigen Weichen stellen f\u00fcr eine Kreislaufwirtschaft - Plastics Europe DE<\/title>\n<meta name=\"robots\" content=\"index, follow, max-snippet:-1, max-image-preview:large, max-video-preview:-1\" \/>\n<link rel=\"canonical\" href=\"https:\/\/plasticseurope.org\/de\/2021\/02\/08\/die-richtigen-weichen-stellen-fuer-eine-kreislaufwirtschaft\/\" \/>\n<meta property=\"og:locale\" content=\"de_DE\" \/>\n<meta property=\"og:type\" content=\"article\" \/>\n<meta property=\"og:title\" content=\"Die richtigen Weichen stellen f\u00fcr eine Kreislaufwirtschaft - Plastics Europe DE\" \/>\n<meta property=\"og:description\" content=\"Position des Europ\u00e4ischen Parlaments zum Aktionsplan der Kommission Morgen stimmt das Europ\u00e4ische Parlament \u00fcber eine Stellungnahme zum \u201eAktionsplan f\u00fcr die\u2026\" \/>\n<meta property=\"og:url\" content=\"https:\/\/plasticseurope.org\/de\/2021\/02\/08\/die-richtigen-weichen-stellen-fuer-eine-kreislaufwirtschaft\/\" \/>\n<meta property=\"og:site_name\" content=\"Plastics Europe DE\" \/>\n<meta property=\"article:published_time\" content=\"2021-02-08T11:49:00+00:00\" \/>\n<meta property=\"article:modified_time\" content=\"2021-11-15T11:52:53+00:00\" \/>\n<meta property=\"og:image\" content=\"https:\/\/plasticseurope.org\/de\/wp-content\/uploads\/sites\/3\/2021\/11\/Header_Windfarm.png\" \/>\n\t<meta property=\"og:image:width\" content=\"1200\" \/>\n\t<meta property=\"og:image:height\" content=\"400\" \/>\n\t<meta property=\"og:image:type\" content=\"image\/png\" \/>\n<meta name=\"author\" content=\"lizzydoyle\" \/>\n<meta name=\"twitter:card\" content=\"summary_large_image\" \/>\n<meta name=\"twitter:label1\" content=\"Verfasst von\" \/>\n\t<meta name=\"twitter:data1\" content=\"lizzydoyle\" \/>\n\t<meta name=\"twitter:label2\" content=\"Gesch\u00e4tzte Lesezeit\" \/>\n\t<meta name=\"twitter:data2\" content=\"3 Minuten\" \/>\n<script type=\"application\/ld+json\" class=\"yoast-schema-graph\">{\"@context\":\"https:\/\/schema.org\",\"@graph\":[{\"@type\":\"WebPage\",\"@id\":\"https:\/\/plasticseurope.org\/de\/2021\/02\/08\/die-richtigen-weichen-stellen-fuer-eine-kreislaufwirtschaft\/\",\"url\":\"https:\/\/plasticseurope.org\/de\/2021\/02\/08\/die-richtigen-weichen-stellen-fuer-eine-kreislaufwirtschaft\/\",\"name\":\"Die richtigen Weichen stellen f\u00fcr eine Kreislaufwirtschaft - Plastics Europe DE\",\"isPartOf\":{\"@id\":\"https:\/\/plasticseurope.org\/de\/#website\"},\"datePublished\":\"2021-02-08T11:49:00+00:00\",\"dateModified\":\"2021-11-15T11:52:53+00:00\",\"author\":{\"@id\":\"https:\/\/plasticseurope.org\/de\/#\/schema\/person\/6288b5ce9afeb8d610beabab15839235\"},\"breadcrumb\":{\"@id\":\"https:\/\/plasticseurope.org\/de\/2021\/02\/08\/die-richtigen-weichen-stellen-fuer-eine-kreislaufwirtschaft\/#breadcrumb\"},\"inLanguage\":\"de-DE\",\"potentialAction\":[{\"@type\":\"ReadAction\",\"target\":[\"https:\/\/plasticseurope.org\/de\/2021\/02\/08\/die-richtigen-weichen-stellen-fuer-eine-kreislaufwirtschaft\/\"]}]},{\"@type\":\"BreadcrumbList\",\"@id\":\"https:\/\/plasticseurope.org\/de\/2021\/02\/08\/die-richtigen-weichen-stellen-fuer-eine-kreislaufwirtschaft\/#breadcrumb\",\"itemListElement\":[{\"@type\":\"ListItem\",\"position\":1,\"name\":\"Home\",\"item\":\"https:\/\/plasticseurope.org\/de\/\"},{\"@type\":\"ListItem\",\"position\":2,\"name\":\"Die richtigen Weichen stellen f\u00fcr eine Kreislaufwirtschaft\"}]},{\"@type\":\"WebSite\",\"@id\":\"https:\/\/plasticseurope.org\/de\/#website\",\"url\":\"https:\/\/plasticseurope.org\/de\/\",\"name\":\"Plastics Europe DE\",\"description\":\"Enabling a sustainable future\",\"potentialAction\":[{\"@type\":\"SearchAction\",\"target\":{\"@type\":\"EntryPoint\",\"urlTemplate\":\"https:\/\/plasticseurope.org\/de\/?s={search_term_string}\"},\"query-input\":\"required name=search_term_string\"}],\"inLanguage\":\"de-DE\"},{\"@type\":\"Person\",\"@id\":\"https:\/\/plasticseurope.org\/de\/#\/schema\/person\/6288b5ce9afeb8d610beabab15839235\",\"name\":\"lizzydoyle\",\"image\":{\"@type\":\"ImageObject\",\"inLanguage\":\"de-DE\",\"@id\":\"https:\/\/plasticseurope.org\/de\/#\/schema\/person\/image\/\",\"url\":\"https:\/\/secure.gravatar.com\/avatar\/7cb64529e0e4d10122f99b32a8b8eb24832571437c923244e9bcbc266227340d?s=96&d=mm&r=g\",\"contentUrl\":\"https:\/\/secure.gravatar.com\/avatar\/7cb64529e0e4d10122f99b32a8b8eb24832571437c923244e9bcbc266227340d?s=96&d=mm&r=g\",\"caption\":\"lizzydoyle\"},\"url\":\"https:\/\/plasticseurope.org\/de\/author\/lizzydoyle\/\"}]}<\/script>\n<!-- \/ Yoast SEO plugin. -->","yoast_head_json":{"title":"Die richtigen Weichen stellen f\u00fcr eine Kreislaufwirtschaft - Plastics Europe DE","robots":{"index":"index","follow":"follow","max-snippet":"max-snippet:-1","max-image-preview":"max-image-preview:large","max-video-preview":"max-video-preview:-1"},"canonical":"https:\/\/plasticseurope.org\/de\/2021\/02\/08\/die-richtigen-weichen-stellen-fuer-eine-kreislaufwirtschaft\/","og_locale":"de_DE","og_type":"article","og_title":"Die richtigen Weichen stellen f\u00fcr eine Kreislaufwirtschaft - Plastics Europe DE","og_description":"Position des Europ\u00e4ischen Parlaments zum Aktionsplan der Kommission Morgen stimmt das Europ\u00e4ische Parlament \u00fcber eine Stellungnahme zum \u201eAktionsplan f\u00fcr die\u2026","og_url":"https:\/\/plasticseurope.org\/de\/2021\/02\/08\/die-richtigen-weichen-stellen-fuer-eine-kreislaufwirtschaft\/","og_site_name":"Plastics Europe DE","article_published_time":"2021-02-08T11:49:00+00:00","article_modified_time":"2021-11-15T11:52:53+00:00","og_image":[{"width":1200,"height":400,"url":"https:\/\/plasticseurope.org\/de\/wp-content\/uploads\/sites\/3\/2021\/11\/Header_Windfarm.png","type":"image\/png"}],"author":"lizzydoyle","twitter_card":"summary_large_image","twitter_misc":{"Verfasst von":"lizzydoyle","Gesch\u00e4tzte Lesezeit":"3 Minuten"},"schema":{"@context":"https:\/\/schema.org","@graph":[{"@type":"WebPage","@id":"https:\/\/plasticseurope.org\/de\/2021\/02\/08\/die-richtigen-weichen-stellen-fuer-eine-kreislaufwirtschaft\/","url":"https:\/\/plasticseurope.org\/de\/2021\/02\/08\/die-richtigen-weichen-stellen-fuer-eine-kreislaufwirtschaft\/","name":"Die richtigen Weichen stellen f\u00fcr eine Kreislaufwirtschaft - Plastics Europe DE","isPartOf":{"@id":"https:\/\/plasticseurope.org\/de\/#website"},"datePublished":"2021-02-08T11:49:00+00:00","dateModified":"2021-11-15T11:52:53+00:00","author":{"@id":"https:\/\/plasticseurope.org\/de\/#\/schema\/person\/6288b5ce9afeb8d610beabab15839235"},"breadcrumb":{"@id":"https:\/\/plasticseurope.org\/de\/2021\/02\/08\/die-richtigen-weichen-stellen-fuer-eine-kreislaufwirtschaft\/#breadcrumb"},"inLanguage":"de-DE","potentialAction":[{"@type":"ReadAction","target":["https:\/\/plasticseurope.org\/de\/2021\/02\/08\/die-richtigen-weichen-stellen-fuer-eine-kreislaufwirtschaft\/"]}]},{"@type":"BreadcrumbList","@id":"https:\/\/plasticseurope.org\/de\/2021\/02\/08\/die-richtigen-weichen-stellen-fuer-eine-kreislaufwirtschaft\/#breadcrumb","itemListElement":[{"@type":"ListItem","position":1,"name":"Home","item":"https:\/\/plasticseurope.org\/de\/"},{"@type":"ListItem","position":2,"name":"Die richtigen Weichen stellen f\u00fcr eine Kreislaufwirtschaft"}]},{"@type":"WebSite","@id":"https:\/\/plasticseurope.org\/de\/#website","url":"https:\/\/plasticseurope.org\/de\/","name":"Plastics Europe DE","description":"Enabling a sustainable future","potentialAction":[{"@type":"SearchAction","target":{"@type":"EntryPoint","urlTemplate":"https:\/\/plasticseurope.org\/de\/?s={search_term_string}"},"query-input":"required name=search_term_string"}],"inLanguage":"de-DE"},{"@type":"Person","@id":"https:\/\/plasticseurope.org\/de\/#\/schema\/person\/6288b5ce9afeb8d610beabab15839235","name":"lizzydoyle","image":{"@type":"ImageObject","inLanguage":"de-DE","@id":"https:\/\/plasticseurope.org\/de\/#\/schema\/person\/image\/","url":"https:\/\/secure.gravatar.com\/avatar\/7cb64529e0e4d10122f99b32a8b8eb24832571437c923244e9bcbc266227340d?s=96&d=mm&r=g","contentUrl":"https:\/\/secure.gravatar.com\/avatar\/7cb64529e0e4d10122f99b32a8b8eb24832571437c923244e9bcbc266227340d?s=96&d=mm&r=g","caption":"lizzydoyle"},"url":"https:\/\/plasticseurope.org\/de\/author\/lizzydoyle\/"}]}},"_links":{"self":[{"href":"https:\/\/plasticseurope.org\/de\/wp-json\/wp\/v2\/posts\/439","targetHints":{"allow":["GET"]}}],"collection":[{"href":"https:\/\/plasticseurope.org\/de\/wp-json\/wp\/v2\/posts"}],"about":[{"href":"https:\/\/plasticseurope.org\/de\/wp-json\/wp\/v2\/types\/post"}],"author":[{"embeddable":true,"href":"https:\/\/plasticseurope.org\/de\/wp-json\/wp\/v2\/users\/3"}],"replies":[{"embeddable":true,"href":"https:\/\/plasticseurope.org\/de\/wp-json\/wp\/v2\/comments?post=439"}],"version-history":[{"count":0,"href":"https:\/\/plasticseurope.org\/de\/wp-json\/wp\/v2\/posts\/439\/revisions"}],"wp:featuredmedia":[{"embeddable":true,"href":"https:\/\/plasticseurope.org\/de\/wp-json\/wp\/v2\/media\/441"}],"wp:attachment":[{"href":"https:\/\/plasticseurope.org\/de\/wp-json\/wp\/v2\/media?parent=439"}],"wp:term":[{"taxonomy":"category","embeddable":true,"href":"https:\/\/plasticseurope.org\/de\/wp-json\/wp\/v2\/categories?post=439"},{"taxonomy":"post_tag","embeddable":true,"href":"https:\/\/plasticseurope.org\/de\/wp-json\/wp\/v2\/tags?post=439"}],"curies":[{"name":"wp","href":"https:\/\/api.w.org\/{rel}","templated":true}]}}