{"id":3105,"date":"2023-07-04T12:19:25","date_gmt":"2023-07-04T12:19:25","guid":{"rendered":"https:\/\/plasticseurope.wpenginepowered.com\/de\/?p=3105"},"modified":"2026-04-14T12:55:11","modified_gmt":"2026-04-14T12:55:11","slug":"bettina-dempewolf-neue-leiterin-kommunikation","status":"publish","type":"post","link":"https:\/\/plasticseurope.org\/de\/2023\/07\/04\/bettina-dempewolf-neue-leiterin-kommunikation\/","title":{"rendered":"Plastics Europe Deutschland bekommt neue Kommunikationsleitung"},"content":{"rendered":"\n<h2 class=\"wp-block-heading\" id=\"kunststoff-und-chemieindustrie-unterstutzen-un-plastikabkommen\">Bettina Dempewolf wird neue Kommunikationschefin bei PlasticsEurope Deutschland e.V.<\/h2>\n\n\n\n<p><strong>01.07.2023, Frankfurt am Main<\/strong> &#8211; PlasticsEurope Deutschland e.V. begr\u00fc\u00dft Bettina Dempewolf als neue Leiterin der Kommunikationsabteilung. <\/p>\n\n\n\n<p>Dempewolf blickt auf \u00fcber zwei Jahrzehnte Erfahrung in den Bereichen Marketing, Kommunikation und Politik zur\u00fcck. Als Leiterin des Netzwerk- und Eventbereichs beim <a href=\"https:\/\/www.skz.de\/\">SKZ &#8211; Das Kunststoffzentrum<\/a> war sie zuletzt f\u00fcr das Fachtagungsgesch\u00e4ft und das Mitgliedernetzwerk verantwortlich, sowie den SKZ-Messeauftritt. <\/p>\n\n\n\n<p>&#8222;Mein Anspruch ist es, in den Dialog zu treten und das Wissen, das wir in unserer Branche haben, in die \u00d6ffentlichkeit zu tragen. Ich m\u00f6chte aber auch Kritik, Anregungen und Ideen in die Industrie mit einbringen&#8220;, so Dempewolf.<\/p>\n\n\n\n<div style=\"height:16px\" aria-hidden=\"true\" class=\"wp-block-spacer is-style-large\"><\/div>\n\n\n\n<hr class=\"wp-block-separator has-text-color has-jade-color has-alpha-channel-opacity has-jade-background-color has-background\" \/>\n\n\n\n<div style=\"height:16px\" aria-hidden=\"true\" class=\"wp-block-spacer is-style-medium\"><\/div>\n\n\n\n<div class=\"wp-block-columns is-layout-flex wp-container-core-columns-is-layout-28f84493 wp-block-columns-is-layout-flex\">\n<div class=\"wp-block-column is-layout-flow wp-block-column-is-layout-flow\" style=\"flex-basis:63%\">\n<div class=\"wp-block-group is-layout-flow wp-block-group-is-layout-flow\">\n<figure class=\"wp-block-image size-full\"><img loading=\"lazy\" decoding=\"async\" width=\"540\" height=\"540\" src=\"https:\/\/plasticseurope.org\/de\/wp-content\/uploads\/sites\/3\/2023\/07\/Portrait_Bettina-Dempewolf_c_PlasticsEurope_540x540.png\" alt=\"Bettina Dempewolf 2023\" class=\"wp-image-3107\" srcset=\"https:\/\/plasticseurope.org\/de\/wp-content\/uploads\/sites\/3\/2023\/07\/Portrait_Bettina-Dempewolf_c_PlasticsEurope_540x540.png 540w, https:\/\/plasticseurope.org\/de\/wp-content\/uploads\/sites\/3\/2023\/07\/Portrait_Bettina-Dempewolf_c_PlasticsEurope_540x540-300x300.png 300w, https:\/\/plasticseurope.org\/de\/wp-content\/uploads\/sites\/3\/2023\/07\/Portrait_Bettina-Dempewolf_c_PlasticsEurope_540x540-150x150.png 150w\" sizes=\"auto, (max-width: 540px) 100vw, 540px\" \/><\/figure>\n<\/div>\n<\/div>\n\n\n\n<div class=\"wp-block-column is-layout-flow wp-block-column-is-layout-flow\" style=\"flex-basis:250%\">\n<p>Ihre Ansprechpartnerin:<\/p>\n\n\n\n<p><strong>Bettina Dempewolf<\/strong><br>Leiterin Kommunikation<br>Telefon: +49 (69) 2556-1307<\/p>\n\n\n\n<div class=\"wp-block-buttons is-layout-flex wp-block-buttons-is-layout-flex\">\n<div class=\"wp-block-button\"><a class=\"wp-block-button__link has-white-color has-jade-background-color has-text-color has-background wp-element-button\" href=\"https:\/\/plasticseurope.org\/de\/wp-content\/uploads\/sites\/3\/2023\/07\/Bettina-Dempewolf-Pressefotos-2.zip\">Download Pressefotos PDF<\/a><\/div>\n<\/div>\n\n\n\n<div style=\"height:100px\" aria-hidden=\"true\" class=\"wp-block-spacer is-style-small\"><\/div>\n\n\n\n<p><em>Pressefotos, inklusive Portr\u00e4ts und Gruppenbilder.<\/em><\/p>\n<\/div>\n<\/div>\n\n\n\n<hr class=\"wp-block-separator has-text-color has-jade-color has-alpha-channel-opacity has-jade-background-color has-background\" \/>\n\n\n\n<div style=\"height:100px\" aria-hidden=\"true\" class=\"wp-block-spacer is-style-small\"><\/div>\n\n\n\n<div style=\"height:100px\" aria-hidden=\"true\" class=\"wp-block-spacer is-style-medium\"><\/div>\n\n\n\n<h2 class=\"wp-block-heading\">\u00dcber Plastics Europe Deutschland<\/h2>\n\n\n\n<p>Plastics Europe ist der paneurop\u00e4ische Verband der Kunststofferzeuger mit B\u00fcros in mehreren Wirtschaftszentren Europas. Mit fast 100 Mitgliedsunternehmen, die f\u00fcr mehr als 90 Prozent der Kunststoffproduktion in Europa stehen, sind wir ein bedeutender Akteur der Kunststoffindustrie, mit der Verantwortung, offen und eng mit den verschiedensten Interessengruppen zusammenzuarbeiten \u2013 um sichere, kreislauff\u00e4hige und ressourcenschonende Ideen und Produkte zu entwickeln. Unser Ziel ist es, den Wandel der Branche hin zu mehr Nachhaltigkeit intensiv voranzutreiben.<a href=\"https:\/\/plasticseurope.org\/de\/2023\/05\/11\/plastics-europe-veroeffentlicht-geschaeftsbericht-2022\/\"><\/a><\/p>\n\n\n\n<p><a href=\"https:\/\/plasticseurope.org\/de\/2023\/05\/11\/plastics-europe-veroeffentlicht-geschaeftsbericht-2022\/\"><\/a><\/p>\n\n\n\n<p><a href=\"https:\/\/plasticseurope.org\/de\/2023\/05\/11\/plastics-europe-veroeffentlicht-geschaeftsbericht-2022\/\">VORHERIGE<\/a><\/p>\n","protected":false},"excerpt":{"rendered":"<p>Bettina Dempewolf wird neue Kommunikationschefin bei PlasticsEurope Deutschland e.V.<\/p>\n","protected":false},"author":1,"featured_media":3107,"comment_status":"closed","ping_status":"closed","sticky":false,"template":"","format":"standard","meta":{"footnotes":""},"categories":[6,7],"tags":[33,36,37,34,35],"class_list":["post-3105","post","type-post","status-publish","format-standard","has-post-thumbnail","hentry","category-news","category-pressemitteilungen","tag-bettina-dempewolf","tag-email","tag-fotos","tag-kommunikation","tag-kontakt"],"acf":[],"yoast_head":"<!-- This site is optimized with the Yoast SEO plugin v21.6 - https:\/\/yoast.com\/wordpress\/plugins\/seo\/ -->\n<title>Bettina Dempewolf wird neue Kommunikationschefin<\/title>\n<meta name=\"description\" content=\"Plastics Europe Deutschland begr\u00fc\u00dft Bettina Dempewolf als neue Leiterin der Kommunikation.\" \/>\n<meta name=\"robots\" content=\"index, follow, max-snippet:-1, max-image-preview:large, max-video-preview:-1\" \/>\n<link rel=\"canonical\" href=\"https:\/\/plasticseurope.org\/de\/2023\/07\/04\/bettina-dempewolf-neue-leiterin-kommunikation\/\" \/>\n<meta property=\"og:locale\" content=\"de_DE\" \/>\n<meta property=\"og:type\" content=\"article\" \/>\n<meta property=\"og:title\" content=\"Bettina Dempewolf wird neue Kommunikationschefin\" \/>\n<meta property=\"og:description\" content=\"Plastics Europe Deutschland begr\u00fc\u00dft Bettina Dempewolf als neue Leiterin der Kommunikation.\" \/>\n<meta property=\"og:url\" content=\"https:\/\/plasticseurope.org\/de\/2023\/07\/04\/bettina-dempewolf-neue-leiterin-kommunikation\/\" \/>\n<meta property=\"og:site_name\" content=\"Plastics Europe DE\" \/>\n<meta property=\"article:published_time\" content=\"2023-07-04T12:19:25+00:00\" \/>\n<meta property=\"article:modified_time\" content=\"2026-04-14T12:55:11+00:00\" \/>\n<meta property=\"og:image\" content=\"https:\/\/plasticseurope.org\/de\/wp-content\/uploads\/sites\/3\/2023\/07\/Design-ohne-Titel-12.png\" \/>\n\t<meta property=\"og:image:width\" content=\"1024\" \/>\n\t<meta property=\"og:image:height\" content=\"768\" \/>\n\t<meta property=\"og:image:type\" content=\"image\/png\" \/>\n<meta name=\"author\" content=\"admin\" \/>\n<meta name=\"twitter:card\" content=\"summary_large_image\" \/>\n<meta name=\"twitter:title\" content=\"Bettina Dempewolf wird neue Kommunikationschefin\" \/>\n<meta name=\"twitter:description\" content=\"Plastics Europe Deutschland begr\u00fc\u00dft Bettina Dempewolf als neue Leiterin der Kommunikation.\" \/>\n<meta name=\"twitter:image\" content=\"https:\/\/plasticseurope.org\/de\/wp-content\/uploads\/sites\/3\/2023\/07\/Design-ohne-Titel-12.png\" \/>\n<meta name=\"twitter:creator\" content=\"@wp-admin\" \/>\n<meta name=\"twitter:label1\" content=\"Verfasst von\" \/>\n\t<meta name=\"twitter:data1\" content=\"admin\" \/>\n\t<meta name=\"twitter:label2\" content=\"Gesch\u00e4tzte Lesezeit\" \/>\n\t<meta name=\"twitter:data2\" content=\"2 Minuten\" \/>\n<script type=\"application\/ld+json\" class=\"yoast-schema-graph\">{\"@context\":\"https:\/\/schema.org\",\"@graph\":[{\"@type\":\"WebPage\",\"@id\":\"https:\/\/plasticseurope.org\/de\/2023\/07\/04\/bettina-dempewolf-neue-leiterin-kommunikation\/\",\"url\":\"https:\/\/plasticseurope.org\/de\/2023\/07\/04\/bettina-dempewolf-neue-leiterin-kommunikation\/\",\"name\":\"Bettina Dempewolf wird neue Kommunikationschefin\",\"isPartOf\":{\"@id\":\"https:\/\/plasticseurope.org\/de\/#website\"},\"datePublished\":\"2023-07-04T12:19:25+00:00\",\"dateModified\":\"2026-04-14T12:55:11+00:00\",\"author\":{\"@id\":\"https:\/\/plasticseurope.org\/de\/#\/schema\/person\/1b7f52b3f1507100c36b9dac252b749a\"},\"description\":\"Plastics Europe Deutschland begr\u00fc\u00dft Bettina Dempewolf als neue Leiterin der Kommunikation.\",\"breadcrumb\":{\"@id\":\"https:\/\/plasticseurope.org\/de\/2023\/07\/04\/bettina-dempewolf-neue-leiterin-kommunikation\/#breadcrumb\"},\"inLanguage\":\"de-DE\",\"potentialAction\":[{\"@type\":\"ReadAction\",\"target\":[\"https:\/\/plasticseurope.org\/de\/2023\/07\/04\/bettina-dempewolf-neue-leiterin-kommunikation\/\"]}]},{\"@type\":\"BreadcrumbList\",\"@id\":\"https:\/\/plasticseurope.org\/de\/2023\/07\/04\/bettina-dempewolf-neue-leiterin-kommunikation\/#breadcrumb\",\"itemListElement\":[{\"@type\":\"ListItem\",\"position\":1,\"name\":\"Home\",\"item\":\"https:\/\/plasticseurope.org\/de\/\"},{\"@type\":\"ListItem\",\"position\":2,\"name\":\"Plastics Europe Deutschland bekommt neue Kommunikationsleitung\"}]},{\"@type\":\"WebSite\",\"@id\":\"https:\/\/plasticseurope.org\/de\/#website\",\"url\":\"https:\/\/plasticseurope.org\/de\/\",\"name\":\"Plastics Europe DE\",\"description\":\"Enabling a sustainable future\",\"potentialAction\":[{\"@type\":\"SearchAction\",\"target\":{\"@type\":\"EntryPoint\",\"urlTemplate\":\"https:\/\/plasticseurope.org\/de\/?s={search_term_string}\"},\"query-input\":\"required name=search_term_string\"}],\"inLanguage\":\"de-DE\"},{\"@type\":\"Person\",\"@id\":\"https:\/\/plasticseurope.org\/de\/#\/schema\/person\/1b7f52b3f1507100c36b9dac252b749a\",\"name\":\"admin\",\"image\":{\"@type\":\"ImageObject\",\"inLanguage\":\"de-DE\",\"@id\":\"https:\/\/plasticseurope.org\/de\/#\/schema\/person\/image\/\",\"url\":\"https:\/\/secure.gravatar.com\/avatar\/efc201767be6b43dfb89fdc85d2874f9ce0d79f7f853bd7c271900cd369fa0f8?s=96&d=mm&r=g\",\"contentUrl\":\"https:\/\/secure.gravatar.com\/avatar\/efc201767be6b43dfb89fdc85d2874f9ce0d79f7f853bd7c271900cd369fa0f8?s=96&d=mm&r=g\",\"caption\":\"admin\"},\"sameAs\":[\"https:\/\/plasticseurope.org\/\",\"https:\/\/twitter.com\/wp-admin\"],\"url\":\"https:\/\/plasticseurope.org\/de\/author\/wp-admin\/\"}]}<\/script>\n<!-- \/ Yoast SEO plugin. -->","yoast_head_json":{"title":"Bettina Dempewolf wird neue Kommunikationschefin","description":"Plastics Europe Deutschland begr\u00fc\u00dft Bettina Dempewolf als neue Leiterin der Kommunikation.","robots":{"index":"index","follow":"follow","max-snippet":"max-snippet:-1","max-image-preview":"max-image-preview:large","max-video-preview":"max-video-preview:-1"},"canonical":"https:\/\/plasticseurope.org\/de\/2023\/07\/04\/bettina-dempewolf-neue-leiterin-kommunikation\/","og_locale":"de_DE","og_type":"article","og_title":"Bettina Dempewolf wird neue Kommunikationschefin","og_description":"Plastics Europe Deutschland begr\u00fc\u00dft Bettina Dempewolf als neue Leiterin der Kommunikation.","og_url":"https:\/\/plasticseurope.org\/de\/2023\/07\/04\/bettina-dempewolf-neue-leiterin-kommunikation\/","og_site_name":"Plastics Europe DE","article_published_time":"2023-07-04T12:19:25+00:00","article_modified_time":"2026-04-14T12:55:11+00:00","og_image":[{"width":1024,"height":768,"url":"https:\/\/plasticseurope.org\/de\/wp-content\/uploads\/sites\/3\/2023\/07\/Design-ohne-Titel-12.png","type":"image\/png"}],"author":"admin","twitter_card":"summary_large_image","twitter_title":"Bettina Dempewolf wird neue Kommunikationschefin","twitter_description":"Plastics Europe Deutschland begr\u00fc\u00dft Bettina Dempewolf als neue Leiterin der Kommunikation.","twitter_image":"https:\/\/plasticseurope.org\/de\/wp-content\/uploads\/sites\/3\/2023\/07\/Design-ohne-Titel-12.png","twitter_creator":"@wp-admin","twitter_misc":{"Verfasst von":"admin","Gesch\u00e4tzte Lesezeit":"2 Minuten"},"schema":{"@context":"https:\/\/schema.org","@graph":[{"@type":"WebPage","@id":"https:\/\/plasticseurope.org\/de\/2023\/07\/04\/bettina-dempewolf-neue-leiterin-kommunikation\/","url":"https:\/\/plasticseurope.org\/de\/2023\/07\/04\/bettina-dempewolf-neue-leiterin-kommunikation\/","name":"Bettina Dempewolf wird neue Kommunikationschefin","isPartOf":{"@id":"https:\/\/plasticseurope.org\/de\/#website"},"datePublished":"2023-07-04T12:19:25+00:00","dateModified":"2026-04-14T12:55:11+00:00","author":{"@id":"https:\/\/plasticseurope.org\/de\/#\/schema\/person\/1b7f52b3f1507100c36b9dac252b749a"},"description":"Plastics Europe Deutschland begr\u00fc\u00dft Bettina Dempewolf als neue Leiterin der Kommunikation.","breadcrumb":{"@id":"https:\/\/plasticseurope.org\/de\/2023\/07\/04\/bettina-dempewolf-neue-leiterin-kommunikation\/#breadcrumb"},"inLanguage":"de-DE","potentialAction":[{"@type":"ReadAction","target":["https:\/\/plasticseurope.org\/de\/2023\/07\/04\/bettina-dempewolf-neue-leiterin-kommunikation\/"]}]},{"@type":"BreadcrumbList","@id":"https:\/\/plasticseurope.org\/de\/2023\/07\/04\/bettina-dempewolf-neue-leiterin-kommunikation\/#breadcrumb","itemListElement":[{"@type":"ListItem","position":1,"name":"Home","item":"https:\/\/plasticseurope.org\/de\/"},{"@type":"ListItem","position":2,"name":"Plastics Europe Deutschland bekommt neue Kommunikationsleitung"}]},{"@type":"WebSite","@id":"https:\/\/plasticseurope.org\/de\/#website","url":"https:\/\/plasticseurope.org\/de\/","name":"Plastics Europe DE","description":"Enabling a sustainable future","potentialAction":[{"@type":"SearchAction","target":{"@type":"EntryPoint","urlTemplate":"https:\/\/plasticseurope.org\/de\/?s={search_term_string}"},"query-input":"required name=search_term_string"}],"inLanguage":"de-DE"},{"@type":"Person","@id":"https:\/\/plasticseurope.org\/de\/#\/schema\/person\/1b7f52b3f1507100c36b9dac252b749a","name":"admin","image":{"@type":"ImageObject","inLanguage":"de-DE","@id":"https:\/\/plasticseurope.org\/de\/#\/schema\/person\/image\/","url":"https:\/\/secure.gravatar.com\/avatar\/efc201767be6b43dfb89fdc85d2874f9ce0d79f7f853bd7c271900cd369fa0f8?s=96&d=mm&r=g","contentUrl":"https:\/\/secure.gravatar.com\/avatar\/efc201767be6b43dfb89fdc85d2874f9ce0d79f7f853bd7c271900cd369fa0f8?s=96&d=mm&r=g","caption":"admin"},"sameAs":["https:\/\/plasticseurope.org\/","https:\/\/twitter.com\/wp-admin"],"url":"https:\/\/plasticseurope.org\/de\/author\/wp-admin\/"}]}},"_links":{"self":[{"href":"https:\/\/plasticseurope.org\/de\/wp-json\/wp\/v2\/posts\/3105","targetHints":{"allow":["GET"]}}],"collection":[{"href":"https:\/\/plasticseurope.org\/de\/wp-json\/wp\/v2\/posts"}],"about":[{"href":"https:\/\/plasticseurope.org\/de\/wp-json\/wp\/v2\/types\/post"}],"author":[{"embeddable":true,"href":"https:\/\/plasticseurope.org\/de\/wp-json\/wp\/v2\/users\/1"}],"replies":[{"embeddable":true,"href":"https:\/\/plasticseurope.org\/de\/wp-json\/wp\/v2\/comments?post=3105"}],"version-history":[{"count":0,"href":"https:\/\/plasticseurope.org\/de\/wp-json\/wp\/v2\/posts\/3105\/revisions"}],"wp:featuredmedia":[{"embeddable":true,"href":"https:\/\/plasticseurope.org\/de\/wp-json\/wp\/v2\/media\/3107"}],"wp:attachment":[{"href":"https:\/\/plasticseurope.org\/de\/wp-json\/wp\/v2\/media?parent=3105"}],"wp:term":[{"taxonomy":"category","embeddable":true,"href":"https:\/\/plasticseurope.org\/de\/wp-json\/wp\/v2\/categories?post=3105"},{"taxonomy":"post_tag","embeddable":true,"href":"https:\/\/plasticseurope.org\/de\/wp-json\/wp\/v2\/tags?post=3105"}],"curies":[{"name":"wp","href":"https:\/\/api.w.org\/{rel}","templated":true}]}}