{"id":2904,"date":"2023-06-04T14:05:33","date_gmt":"2023-06-04T14:05:33","guid":{"rendered":"https:\/\/plasticseurope.wpenginepowered.com\/de\/?p=2904"},"modified":"2026-04-14T12:55:23","modified_gmt":"2026-04-14T12:55:23","slug":"zwischenbilanz-zum-un-plastikabkommen-inc2","status":"publish","type":"post","link":"https:\/\/plasticseurope.org\/de\/2023\/06\/04\/zwischenbilanz-zum-un-plastikabkommen-inc2\/","title":{"rendered":"Zwischenbilanz zum UN-Plastikabkommen (INC2)"},"content":{"rendered":"\n<h2 class=\"wp-block-heading\" id=\"kunststoff-und-chemieindustrie-unterstutzen-un-plastikabkommen\">Plastics Europe begr\u00fc\u00dft die Fortschritte bei den Verhandlungen zum UN-Plastikabkommen, UNEP erstellt ersten Entwurf.<\/h2>\n\n\n\n<p><strong>02.06.2023, Paris<\/strong> &#8211; Zum Abschluss der zweiten Verhandlungsrunde des zwischenstaatlichen Verhandlungskomitees (<a href=\"https:\/\/www.unep.org\/events\/conference\/second-session-intergovernmental-negotiating-committee-develop-international\">INC2<\/a>) zum <a href=\"https:\/\/plasticseurope.org\/de\/changing-plastics-for-good\/plastikabkommen\/\">UN-Plastikabkommen<\/a>, in Paris, gibt Virginia Janssen, die Gesch\u00e4ftsf\u00fchrerin von Plastics Europe AISBL, dem paneurop\u00e4ischen Verband der Kunststoffhersteller, folgende Stellungnahme:<\/p>\n\n\n\n<p><em>\u201eUm die Umweltverschmutzung durch Plastikabf\u00e4lle bis 2040 zu beenden, braucht es entschlossene und ambitionierte Ma\u00dfnahmen. Eine beschleunigte Transformation zur Kreislaufwirtschaft erfordert eine erh\u00f6hte Nachfrage nach recyceltem Kunststoff, um eine rasche Ausweitung der weltweiten Sammlung, Sortierung und Recycling von Kunststoffabf\u00e4llen voranzutreiben. Gleichzeitig m\u00fcssen geeignete Finanzierungssysteme entwickelt werden, um die umfangreichen Investitionen zu erm\u00f6glichen, die notwendig sind, um diese Ziele zu erreichen.<\/em><\/p>\n\n\n\n<div style=\"height:100px\" aria-hidden=\"true\" class=\"wp-block-spacer is-style-small\"><\/div>\n\n\n\n<figure class=\"wp-block-image size-large\"><img loading=\"lazy\" decoding=\"async\" width=\"1024\" height=\"683\" src=\"https:\/\/plasticseurope.org\/de\/wp-content\/uploads\/sites\/3\/2022\/10\/Virginia-Janssens-1024x683.jpg\" alt=\"Virginia Jannsen, Managing Director von Plastics Europe AISBL kommentiert das Zwischenergebnis des UN-Plastikabkommens (INC2)\" class=\"wp-image-2083\" srcset=\"https:\/\/plasticseurope.org\/de\/wp-content\/uploads\/sites\/3\/2022\/10\/Virginia-Janssens-1024x683.jpg 1024w, https:\/\/plasticseurope.org\/de\/wp-content\/uploads\/sites\/3\/2022\/10\/Virginia-Janssens-300x200.jpg 300w, https:\/\/plasticseurope.org\/de\/wp-content\/uploads\/sites\/3\/2022\/10\/Virginia-Janssens-768x512.jpg 768w, https:\/\/plasticseurope.org\/de\/wp-content\/uploads\/sites\/3\/2022\/10\/Virginia-Janssens-1536x1024.jpg 1536w, https:\/\/plasticseurope.org\/de\/wp-content\/uploads\/sites\/3\/2022\/10\/Virginia-Janssens-2048x1365.jpg 2048w, https:\/\/plasticseurope.org\/de\/wp-content\/uploads\/sites\/3\/2022\/10\/Virginia-Janssens-1980x1320.jpg 1980w\" sizes=\"auto, (max-width: 1024px) 100vw, 1024px\" \/><figcaption class=\"wp-element-caption\">Virginia Jannsen, Managing Director von Plastics Europe AISBL kommentiert das Zwischenergebnis des UN-Plastikabkommens (INC2)<\/figcaption><\/figure>\n\n\n\n<div style=\"height:100px\" aria-hidden=\"true\" class=\"wp-block-spacer is-style-small\"><\/div>\n\n\n\n<p><em>Die Intensit\u00e4t der bisherigen Verhandlungen spiegelt die Herausforderung wider, ein derart ehrgeiziges und wichtiges Abkommen auszuhandeln. Um die Ziele und den Zeitplan des Abkommens einzuhalten, ist es jetzt wichtig, dass diese Verhandlungen mit der gebotenen Dringlichkeit fortgesetzt werden. Daher begr\u00fc\u00dfen wir die Entscheidung, das UNEP damit zu beauftragen, einen ersten Textentwurf zu erstellen, den sogenannten &#8222;Zero-Draft&#8220;, der als Grundlage f\u00fcr eine tiefgehendere Diskussion und Verhandlung dienen wird.<\/em><\/p>\n\n\n\n<p><em>Trotz des engen Zeitplans und der unterschiedlichen Standpunkte der Teilnehmer begr\u00fc\u00dfen wir den positiven Geist, der die Diskussionen begleitet hat, sowie den geteilten Wunsch, eine gemeinsame Vision f\u00fcr die Neuausrichtung der Kunststoff-Wertsch\u00f6pfungskette zu entwickeln. <\/em><\/p>\n\n\n\n<p><em>Wir begr\u00fc\u00dfen, dass sich alle Delegierten f\u00fcr ein starkes Abkommen einsetzen, das evidenzbasierte Priorit\u00e4ten setzt und sicherstellt, dass auch die lokalen Gemeinschaften und Kommunalverwaltungen einbezogen werden und von der Transformation profitieren. Es ist wichtig, \u00fcberhastete Verhandlungen und Entscheidungen zu vermeiden, die zwar politisch w\u00fcnschenswert erscheinen und Schlagzeilen generieren, sich aber letztendlich als wissenschaftlich und wirtschaftlich kontraproduktiv erweisen, um die Ziele des Abkommens zu erreichen.<\/em><\/p>\n\n\n\n<p><em>Wir bef\u00fcrworten einen ganzheitlichen Ansatz zur Bek\u00e4mpfung der Umweltverschmutzung durch Plastikabf\u00e4lle, der auf einer nachhaltigen Kunststoffproduktion basiert, die eine Diversifizierung der Rohstoffquellen sicherstellt und die Abh\u00e4ngigkeit von fossilen Ressourcen reduziert. Dar\u00fcber hinaus sind wir der \u00dcberzeugung, dass eine nachhaltige Nutzung von Kunststoffanwendungen weltweit einer der effektivsten Wege ist, die Umweltverschmutzung durch Kunststoffabf\u00e4lle zu beenden. Das bedeutet konkret, dass das Abkommen spezifische und wissenschaftlich fundierte Bewertungskriterien beinhalten muss, um problematische Kunststoffanwendungen auf lokaler Ebene zu erkennen, und diese zu reduzieren oder durch alternative L\u00f6sungen zu ersetzen.<\/em><\/p>\n\n\n\n<p><em>Das Abkommen sollte sowohl verbindliche als auch freiwillige Ma\u00dfnahmen und Kriterien enthalten und eine breite Beteiligung aller Akteure sicherstellen. Gleichzeitig ist es entscheidend, ein ausgewogenes Verh\u00e4ltnis zwischen globalen Verpflichtungen und nationalen Ma\u00dfnahmen herzustellen, da ein einheitlicher Ansatz f\u00fcr Politik und Regulierung nicht f\u00fcr alle L\u00e4nder gleicherma\u00dfen realisierbar ist.<\/em><\/p>\n\n\n\n<p><em>Wir werden die Diskussionen und Erkenntnisse der INC2 sorgf\u00e4ltig analysieren und begr\u00fc\u00dfen die Entscheidung, die Gespr\u00e4che fortzusetzen. Gleichzeitig erkennen wir an, eine verst\u00e4rkte Zusammenarbeit zwischen allen beteiligten Parteien im Vorfeld von INC-3 notwendig ist, um die Ausgestaltung des Abkommen voranzutreiben.<\/em>&#8222;<\/p>\n\n\n\n<div style=\"height:100px\" aria-hidden=\"true\" class=\"wp-block-spacer is-style-small\"><\/div>\n\n\n\n<hr class=\"wp-block-separator has-alpha-channel-opacity has-text-color has-satsuma-color has-satsuma-background-color has-background is-style-default\" \/>\n\n\n\n<div style=\"height:100px\" aria-hidden=\"true\" class=\"wp-block-spacer is-style-medium\"><\/div>\n\n\n\n<div class=\"wp-block-columns is-layout-flex wp-container-core-columns-is-layout-28f84493 wp-block-columns-is-layout-flex\">\n<div class=\"wp-block-column is-layout-flow wp-block-column-is-layout-flow\" style=\"flex-basis:57%\">\n<div class=\"wp-block-group is-layout-flow wp-block-group-is-layout-flow\">\n<figure class=\"wp-block-image size-large is-resized\"><img loading=\"lazy\" decoding=\"async\" width=\"1024\" height=\"1024\" src=\"https:\/\/plasticseurope.org\/de\/wp-content\/uploads\/sites\/3\/2023\/05\/Ingemar-Buehler-Website-1024x1024.png\" alt=\"Ingemar B\u00fchler, Hauptgesch\u00e4ftsfhrer, PlasticsEurope Deutschland e.V.. Ihr Ansprechpartner zum UN-Plastikabkommen und INC2 in Deutschland.\" class=\"wp-image-2735\" style=\"width:250px;height:250px\" srcset=\"https:\/\/plasticseurope.org\/de\/wp-content\/uploads\/sites\/3\/2023\/05\/Ingemar-Buehler-Website-1024x1024.png 1024w, https:\/\/plasticseurope.org\/de\/wp-content\/uploads\/sites\/3\/2023\/05\/Ingemar-Buehler-Website-300x300.png 300w, https:\/\/plasticseurope.org\/de\/wp-content\/uploads\/sites\/3\/2023\/05\/Ingemar-Buehler-Website-150x150.png 150w, https:\/\/plasticseurope.org\/de\/wp-content\/uploads\/sites\/3\/2023\/05\/Ingemar-Buehler-Website-768x768.png 768w, https:\/\/plasticseurope.org\/de\/wp-content\/uploads\/sites\/3\/2023\/05\/Ingemar-Buehler-Website-840x840.png 840w, https:\/\/plasticseurope.org\/de\/wp-content\/uploads\/sites\/3\/2023\/05\/Ingemar-Buehler-Website.png 1080w\" sizes=\"auto, (max-width: 1024px) 100vw, 1024px\" \/><\/figure>\n<\/div>\n<\/div>\n\n\n\n<div class=\"wp-block-column is-layout-flow wp-block-column-is-layout-flow\" style=\"flex-basis:250%\">\n<p>Ihr Ansprechpartner zum UN-Plastikabkommen und INC2 in Deutschland:<\/p>\n\n\n\n<p><strong>Ingemar B\u00fchler<\/strong><br>Hauptgesch\u00e4ftsf\u00fchrer<br>Plastics Europe Deutschland<br>Telefon: +49 (69) 2556-1359<\/p>\n\n\n\n<div class=\"wp-block-buttons is-layout-flex wp-block-buttons-is-layout-flex\">\n<div class=\"wp-block-button\"><a class=\"wp-block-button__link has-white-color has-satsuma-background-color has-text-color has-background wp-element-button\" href=\"https:\/\/plasticseurope.org\/media\/plastics-europe-welcomes-uneps-step-closer-to-a-draft-agreement-on-a-global-plastics-treaty\/\">Zur englischen Pressemitteilung<\/a><\/div>\n<\/div>\n<\/div>\n<\/div>\n\n\n\n<div style=\"height:100px\" aria-hidden=\"true\" class=\"wp-block-spacer is-style-small\"><\/div>\n\n\n\n<hr class=\"wp-block-separator has-alpha-channel-opacity has-text-color has-satsuma-color has-satsuma-background-color has-background is-style-default\" \/>\n\n\n\n<div style=\"height:100px\" aria-hidden=\"true\" class=\"wp-block-spacer is-style-medium\"><\/div>\n\n\n\n<h2 class=\"wp-block-heading\">\u00dcber Plastics Europe<\/h2>\n\n\n\n<p><em>Plastics Europe ist der paneurop\u00e4ische Verband der Kunststofferzeuger mit B\u00fcros in mehreren Wirtschaftszentren Europas. Forschung, Wissenschaft und Innovationskraft sind seit jeher die Triebfedern unserer Branche. Mit fast 100 Mitgliedsunternehmen, die f\u00fcr mehr als 90 Prozent der Kunststoffproduktion in Europa stehen, sind wir ein bedeutender Akteur der Kunststoffindustrie, mit der Verantwortung, offen und eng mit den verschiedensten Interessengruppen zusammenzuarbeiten &#8211; um sichere, kreislauff\u00e4hige und ressourcenschonende Ideen und Produkte zu entwickeln. Unser Ziel ist es, den Wandel der Branche hin zu mehr Nachhaltigkeit intensiv voranzutreiben. Kontakt: PED-Pressestelle, Telefon: 069 2556-1306, E-Mail: ingemar.buehler@plasticseurope.org.<br><\/em><\/p>\n","protected":false},"excerpt":{"rendered":"<p>Zwischenbilanz zum UN-Plastikabkommen (INC2). Wie der Verband der Kunststoffhersteller das Zwischenergebnis des UN-Plastikabkommen bewertet.<\/p>\n","protected":false},"author":1,"featured_media":2996,"comment_status":"closed","ping_status":"closed","sticky":false,"template":"","format":"standard","meta":{"footnotes":""},"categories":[6],"tags":[27,21,31,29,26,30,28,32],"class_list":["post-2904","post","type-post","status-publish","format-standard","has-post-thumbnail","hentry","category-news","tag-inc2","tag-kreislaufwirtschaft","tag-negotiations","tag-plastic-treaty","tag-un-plastikabkommen","tag-unep","tag-verginia-jannssen","tag-waste"],"acf":[],"yoast_head":"<!-- This site is optimized with the Yoast SEO plugin v21.6 - https:\/\/yoast.com\/wordpress\/plugins\/seo\/ -->\n<title>Zwischenbilanz zum UN-Plastikabkommen (INC2)<\/title>\n<meta name=\"description\" content=\"Plastics Europe begr\u00fc\u00dft die Fortschritte bei den Verhandlungen zum UN-Plastikabkommen, UNEP erstellt ersten Entwurf.\" \/>\n<meta name=\"robots\" content=\"index, follow, max-snippet:-1, max-image-preview:large, max-video-preview:-1\" \/>\n<link rel=\"canonical\" href=\"https:\/\/plasticseurope.org\/de\/2023\/06\/04\/zwischenbilanz-zum-un-plastikabkommen-inc2\/\" \/>\n<meta property=\"og:locale\" content=\"de_DE\" \/>\n<meta property=\"og:type\" content=\"article\" \/>\n<meta property=\"og:title\" content=\"Zwischenbilanz zum UN-Plastikabkommen (INC2)\" \/>\n<meta property=\"og:description\" content=\"Plastics Europe begr\u00fc\u00dft die Fortschritte bei den Verhandlungen zum UN-Plastikabkommen, UNEP erstellt ersten Entwurf.\" \/>\n<meta property=\"og:url\" content=\"https:\/\/plasticseurope.org\/de\/2023\/06\/04\/zwischenbilanz-zum-un-plastikabkommen-inc2\/\" \/>\n<meta property=\"og:site_name\" content=\"Plastics Europe DE\" \/>\n<meta property=\"article:published_time\" content=\"2023-06-04T14:05:33+00:00\" \/>\n<meta property=\"article:modified_time\" content=\"2026-04-14T12:55:23+00:00\" \/>\n<meta property=\"og:image\" content=\"https:\/\/plasticseurope.org\/de\/wp-content\/uploads\/sites\/3\/2022\/10\/Virginia-Janssens.jpg\" \/>\n\t<meta property=\"og:image:width\" content=\"2303\" \/>\n\t<meta property=\"og:image:height\" content=\"1535\" \/>\n\t<meta property=\"og:image:type\" content=\"image\/jpeg\" \/>\n<meta name=\"author\" content=\"admin\" \/>\n<meta name=\"twitter:card\" content=\"summary_large_image\" \/>\n<meta name=\"twitter:title\" content=\"Zwischenbilanz zum UN-Plastikabkommen (INC2)\" \/>\n<meta name=\"twitter:description\" content=\"Plastics Europe begr\u00fc\u00dft die Fortschritte bei den Verhandlungen zum UN-Plastikabkommen, UNEP erstellt ersten Entwurf.\" \/>\n<meta name=\"twitter:image\" content=\"https:\/\/plasticseurope.org\/de\/wp-content\/uploads\/sites\/3\/2022\/10\/Virginia-Janssens.jpg\" \/>\n<meta name=\"twitter:creator\" content=\"@wp-admin\" \/>\n<meta name=\"twitter:label1\" content=\"Verfasst von\" \/>\n\t<meta name=\"twitter:data1\" content=\"admin\" \/>\n\t<meta name=\"twitter:label2\" content=\"Gesch\u00e4tzte Lesezeit\" \/>\n\t<meta name=\"twitter:data2\" content=\"4 Minuten\" \/>\n<script type=\"application\/ld+json\" class=\"yoast-schema-graph\">{\"@context\":\"https:\/\/schema.org\",\"@graph\":[{\"@type\":\"WebPage\",\"@id\":\"https:\/\/plasticseurope.org\/de\/2023\/06\/04\/zwischenbilanz-zum-un-plastikabkommen-inc2\/\",\"url\":\"https:\/\/plasticseurope.org\/de\/2023\/06\/04\/zwischenbilanz-zum-un-plastikabkommen-inc2\/\",\"name\":\"Zwischenbilanz zum UN-Plastikabkommen (INC2)\",\"isPartOf\":{\"@id\":\"https:\/\/plasticseurope.org\/de\/#website\"},\"datePublished\":\"2023-06-04T14:05:33+00:00\",\"dateModified\":\"2026-04-14T12:55:23+00:00\",\"author\":{\"@id\":\"https:\/\/plasticseurope.org\/de\/#\/schema\/person\/1b7f52b3f1507100c36b9dac252b749a\"},\"description\":\"Plastics Europe begr\u00fc\u00dft die Fortschritte bei den Verhandlungen zum UN-Plastikabkommen, UNEP erstellt ersten Entwurf.\",\"breadcrumb\":{\"@id\":\"https:\/\/plasticseurope.org\/de\/2023\/06\/04\/zwischenbilanz-zum-un-plastikabkommen-inc2\/#breadcrumb\"},\"inLanguage\":\"de-DE\",\"potentialAction\":[{\"@type\":\"ReadAction\",\"target\":[\"https:\/\/plasticseurope.org\/de\/2023\/06\/04\/zwischenbilanz-zum-un-plastikabkommen-inc2\/\"]}]},{\"@type\":\"BreadcrumbList\",\"@id\":\"https:\/\/plasticseurope.org\/de\/2023\/06\/04\/zwischenbilanz-zum-un-plastikabkommen-inc2\/#breadcrumb\",\"itemListElement\":[{\"@type\":\"ListItem\",\"position\":1,\"name\":\"Home\",\"item\":\"https:\/\/plasticseurope.org\/de\/\"},{\"@type\":\"ListItem\",\"position\":2,\"name\":\"Zwischenbilanz zum UN-Plastikabkommen (INC2)\"}]},{\"@type\":\"WebSite\",\"@id\":\"https:\/\/plasticseurope.org\/de\/#website\",\"url\":\"https:\/\/plasticseurope.org\/de\/\",\"name\":\"Plastics Europe DE\",\"description\":\"Enabling a sustainable future\",\"potentialAction\":[{\"@type\":\"SearchAction\",\"target\":{\"@type\":\"EntryPoint\",\"urlTemplate\":\"https:\/\/plasticseurope.org\/de\/?s={search_term_string}\"},\"query-input\":\"required name=search_term_string\"}],\"inLanguage\":\"de-DE\"},{\"@type\":\"Person\",\"@id\":\"https:\/\/plasticseurope.org\/de\/#\/schema\/person\/1b7f52b3f1507100c36b9dac252b749a\",\"name\":\"admin\",\"image\":{\"@type\":\"ImageObject\",\"inLanguage\":\"de-DE\",\"@id\":\"https:\/\/plasticseurope.org\/de\/#\/schema\/person\/image\/\",\"url\":\"https:\/\/secure.gravatar.com\/avatar\/efc201767be6b43dfb89fdc85d2874f9ce0d79f7f853bd7c271900cd369fa0f8?s=96&d=mm&r=g\",\"contentUrl\":\"https:\/\/secure.gravatar.com\/avatar\/efc201767be6b43dfb89fdc85d2874f9ce0d79f7f853bd7c271900cd369fa0f8?s=96&d=mm&r=g\",\"caption\":\"admin\"},\"sameAs\":[\"https:\/\/plasticseurope.org\/\",\"https:\/\/twitter.com\/wp-admin\"],\"url\":\"https:\/\/plasticseurope.org\/de\/author\/wp-admin\/\"}]}<\/script>\n<!-- \/ Yoast SEO plugin. -->","yoast_head_json":{"title":"Zwischenbilanz zum UN-Plastikabkommen (INC2)","description":"Plastics Europe begr\u00fc\u00dft die Fortschritte bei den Verhandlungen zum UN-Plastikabkommen, UNEP erstellt ersten Entwurf.","robots":{"index":"index","follow":"follow","max-snippet":"max-snippet:-1","max-image-preview":"max-image-preview:large","max-video-preview":"max-video-preview:-1"},"canonical":"https:\/\/plasticseurope.org\/de\/2023\/06\/04\/zwischenbilanz-zum-un-plastikabkommen-inc2\/","og_locale":"de_DE","og_type":"article","og_title":"Zwischenbilanz zum UN-Plastikabkommen (INC2)","og_description":"Plastics Europe begr\u00fc\u00dft die Fortschritte bei den Verhandlungen zum UN-Plastikabkommen, UNEP erstellt ersten Entwurf.","og_url":"https:\/\/plasticseurope.org\/de\/2023\/06\/04\/zwischenbilanz-zum-un-plastikabkommen-inc2\/","og_site_name":"Plastics Europe DE","article_published_time":"2023-06-04T14:05:33+00:00","article_modified_time":"2026-04-14T12:55:23+00:00","og_image":[{"width":2303,"height":1535,"url":"https:\/\/plasticseurope.org\/de\/wp-content\/uploads\/sites\/3\/2022\/10\/Virginia-Janssens.jpg","type":"image\/jpeg"}],"author":"admin","twitter_card":"summary_large_image","twitter_title":"Zwischenbilanz zum UN-Plastikabkommen (INC2)","twitter_description":"Plastics Europe begr\u00fc\u00dft die Fortschritte bei den Verhandlungen zum UN-Plastikabkommen, UNEP erstellt ersten Entwurf.","twitter_image":"https:\/\/plasticseurope.org\/de\/wp-content\/uploads\/sites\/3\/2022\/10\/Virginia-Janssens.jpg","twitter_creator":"@wp-admin","twitter_misc":{"Verfasst von":"admin","Gesch\u00e4tzte Lesezeit":"4 Minuten"},"schema":{"@context":"https:\/\/schema.org","@graph":[{"@type":"WebPage","@id":"https:\/\/plasticseurope.org\/de\/2023\/06\/04\/zwischenbilanz-zum-un-plastikabkommen-inc2\/","url":"https:\/\/plasticseurope.org\/de\/2023\/06\/04\/zwischenbilanz-zum-un-plastikabkommen-inc2\/","name":"Zwischenbilanz zum UN-Plastikabkommen (INC2)","isPartOf":{"@id":"https:\/\/plasticseurope.org\/de\/#website"},"datePublished":"2023-06-04T14:05:33+00:00","dateModified":"2026-04-14T12:55:23+00:00","author":{"@id":"https:\/\/plasticseurope.org\/de\/#\/schema\/person\/1b7f52b3f1507100c36b9dac252b749a"},"description":"Plastics Europe begr\u00fc\u00dft die Fortschritte bei den Verhandlungen zum UN-Plastikabkommen, UNEP erstellt ersten Entwurf.","breadcrumb":{"@id":"https:\/\/plasticseurope.org\/de\/2023\/06\/04\/zwischenbilanz-zum-un-plastikabkommen-inc2\/#breadcrumb"},"inLanguage":"de-DE","potentialAction":[{"@type":"ReadAction","target":["https:\/\/plasticseurope.org\/de\/2023\/06\/04\/zwischenbilanz-zum-un-plastikabkommen-inc2\/"]}]},{"@type":"BreadcrumbList","@id":"https:\/\/plasticseurope.org\/de\/2023\/06\/04\/zwischenbilanz-zum-un-plastikabkommen-inc2\/#breadcrumb","itemListElement":[{"@type":"ListItem","position":1,"name":"Home","item":"https:\/\/plasticseurope.org\/de\/"},{"@type":"ListItem","position":2,"name":"Zwischenbilanz zum UN-Plastikabkommen (INC2)"}]},{"@type":"WebSite","@id":"https:\/\/plasticseurope.org\/de\/#website","url":"https:\/\/plasticseurope.org\/de\/","name":"Plastics Europe DE","description":"Enabling a sustainable future","potentialAction":[{"@type":"SearchAction","target":{"@type":"EntryPoint","urlTemplate":"https:\/\/plasticseurope.org\/de\/?s={search_term_string}"},"query-input":"required name=search_term_string"}],"inLanguage":"de-DE"},{"@type":"Person","@id":"https:\/\/plasticseurope.org\/de\/#\/schema\/person\/1b7f52b3f1507100c36b9dac252b749a","name":"admin","image":{"@type":"ImageObject","inLanguage":"de-DE","@id":"https:\/\/plasticseurope.org\/de\/#\/schema\/person\/image\/","url":"https:\/\/secure.gravatar.com\/avatar\/efc201767be6b43dfb89fdc85d2874f9ce0d79f7f853bd7c271900cd369fa0f8?s=96&d=mm&r=g","contentUrl":"https:\/\/secure.gravatar.com\/avatar\/efc201767be6b43dfb89fdc85d2874f9ce0d79f7f853bd7c271900cd369fa0f8?s=96&d=mm&r=g","caption":"admin"},"sameAs":["https:\/\/plasticseurope.org\/","https:\/\/twitter.com\/wp-admin"],"url":"https:\/\/plasticseurope.org\/de\/author\/wp-admin\/"}]}},"_links":{"self":[{"href":"https:\/\/plasticseurope.org\/de\/wp-json\/wp\/v2\/posts\/2904","targetHints":{"allow":["GET"]}}],"collection":[{"href":"https:\/\/plasticseurope.org\/de\/wp-json\/wp\/v2\/posts"}],"about":[{"href":"https:\/\/plasticseurope.org\/de\/wp-json\/wp\/v2\/types\/post"}],"author":[{"embeddable":true,"href":"https:\/\/plasticseurope.org\/de\/wp-json\/wp\/v2\/users\/1"}],"replies":[{"embeddable":true,"href":"https:\/\/plasticseurope.org\/de\/wp-json\/wp\/v2\/comments?post=2904"}],"version-history":[{"count":0,"href":"https:\/\/plasticseurope.org\/de\/wp-json\/wp\/v2\/posts\/2904\/revisions"}],"wp:featuredmedia":[{"embeddable":true,"href":"https:\/\/plasticseurope.org\/de\/wp-json\/wp\/v2\/media\/2996"}],"wp:attachment":[{"href":"https:\/\/plasticseurope.org\/de\/wp-json\/wp\/v2\/media?parent=2904"}],"wp:term":[{"taxonomy":"category","embeddable":true,"href":"https:\/\/plasticseurope.org\/de\/wp-json\/wp\/v2\/categories?post=2904"},{"taxonomy":"post_tag","embeddable":true,"href":"https:\/\/plasticseurope.org\/de\/wp-json\/wp\/v2\/tags?post=2904"}],"curies":[{"name":"wp","href":"https:\/\/api.w.org\/{rel}","templated":true}]}}