{"id":2729,"date":"2023-05-11T07:41:16","date_gmt":"2023-05-11T07:41:16","guid":{"rendered":"https:\/\/plasticseurope.wpenginepowered.com\/de\/?p=2729"},"modified":"2026-04-14T12:55:32","modified_gmt":"2026-04-14T12:55:32","slug":"plastics-europe-veroeffentlicht-geschaeftsbericht-2022","status":"publish","type":"post","link":"https:\/\/plasticseurope.org\/de\/2023\/05\/11\/plastics-europe-veroeffentlicht-geschaeftsbericht-2022\/","title":{"rendered":"Plastics Europe ver\u00f6ffentlicht Gesch\u00e4ftsbericht 2022"},"content":{"rendered":"\n<hr class=\"wp-block-separator has-text-color has-satsuma-color has-css-opacity has-satsuma-background-color has-background is-style-default\" \/>\n\n\n\n<div style=\"height:25px\" aria-hidden=\"true\" class=\"wp-block-spacer\"><\/div>\n\n\n\n<div class=\"wp-block-columns is-layout-flex wp-container-core-columns-is-layout-28f84493 wp-block-columns-is-layout-flex\">\n<div class=\"wp-block-column is-layout-flow wp-block-column-is-layout-flow\" style=\"flex-basis:45%\">\n<figure class=\"wp-block-image size-large\"><img loading=\"lazy\" decoding=\"async\" width=\"1024\" height=\"1024\" src=\"https:\/\/plasticseurope.org\/de\/wp-content\/uploads\/sites\/3\/2023\/05\/Ingemar-Buehler-Website-1024x1024.png\" alt=\"Ingemar B\u00fchler, Hauptgesch\u00e4ftsf\u00fcher, PlasticsEurope Deutschland e.V.\" class=\"wp-image-2735\" srcset=\"https:\/\/plasticseurope.org\/de\/wp-content\/uploads\/sites\/3\/2023\/05\/Ingemar-Buehler-Website-1024x1024.png 1024w, https:\/\/plasticseurope.org\/de\/wp-content\/uploads\/sites\/3\/2023\/05\/Ingemar-Buehler-Website-300x300.png 300w, https:\/\/plasticseurope.org\/de\/wp-content\/uploads\/sites\/3\/2023\/05\/Ingemar-Buehler-Website-150x150.png 150w, https:\/\/plasticseurope.org\/de\/wp-content\/uploads\/sites\/3\/2023\/05\/Ingemar-Buehler-Website-768x768.png 768w, https:\/\/plasticseurope.org\/de\/wp-content\/uploads\/sites\/3\/2023\/05\/Ingemar-Buehler-Website-840x840.png 840w, https:\/\/plasticseurope.org\/de\/wp-content\/uploads\/sites\/3\/2023\/05\/Ingemar-Buehler-Website.png 1080w\" sizes=\"auto, (max-width: 1024px) 100vw, 1024px\" \/><\/figure>\n<\/div>\n\n\n\n<div class=\"wp-block-column is-layout-flow wp-block-column-is-layout-flow\" style=\"flex-basis:290%\">\n<p><\/p>\n\n\n\n<p>Ihr Ansprechpartner:<\/p>\n\n\n\n<p><strong>Ingemar B\u00fchler<\/strong><br>Hauptgesch\u00e4ftsf\u00fchrer<br>Telefon: +49 (69) 2556-1359<\/p>\n<\/div>\n<\/div>\n\n\n\n<hr class=\"wp-block-separator has-text-color has-satsuma-color has-css-opacity has-satsuma-background-color has-background\" \/>\n\n\n\n<div style=\"height:25px\" aria-hidden=\"true\" class=\"wp-block-spacer\"><\/div>\n\n\n\n<p><strong>Frankfurt, 11. 05.2023<\/strong> &#8211; PlasticsEurope Deutschland e.V., der Verband der Kunststoffhersteller, hat heute seinen Gesch\u00e4ftsbericht f\u00fcr das Jahr 2022 ver\u00f6ffentlicht. Auf 16 Seiten informiert der Bericht \u00fcber die wichtigsten Themen des Verbandes der Kunststofferzeuger und seiner Mitgliedsunternehmen aus dem vergangenen Jahr.<\/p>\n\n\n\n<div style=\"height:1px\" aria-hidden=\"true\" class=\"wp-block-spacer is-style-small\"><\/div>\n\n\n\n<div class=\"wp-block-buttons is-layout-flex wp-block-buttons-is-layout-flex\">\n<div class=\"wp-block-button\"><a class=\"wp-block-button__link has-white-color has-satsuma-background-color has-text-color has-background wp-element-button\" href=\"https:\/\/plasticseurope.org\/de\/knowledge-hub\/geschaeftsbericht-2022\/\">Download Gesch\u00e4ftsbericht 2022<\/a><\/div>\n<\/div>\n\n\n\n<div style=\"height:20px\" aria-hidden=\"true\" class=\"wp-block-spacer is-style-medium\"><\/div>\n\n\n\n<h2 class=\"wp-block-heading\" id=\"der-wille-zur-kreislaufwirtschaft-bleibt-ungebrochen-trotz-energiekrise\">Der Wille zur Kreislaufwirtschaft bleibt ungebrochen, trotz Energiekrise<\/h2>\n\n\n\n<p>2022 war ein herausforderndes Jahr f\u00fcr die Chemie- und Kunststoffindustrie. Es war gepr\u00e4gt von politischen Unsicherheiten, steigenden Energiekosten und Inflation. Dennoch bleibt der Wille der Branche ungebrochen, die Produktion von Kunststoffen bis 2045 klimaneutral auszurichten. <\/p>\n\n\n\n<p>Dies wurde insbesondere auf der <a href=\"https:\/\/www.k-online.de\/\">K Messe 2022 <\/a>in D\u00fcsseldorf deutlich. <a href=\"https:\/\/de.linkedin.com\/in\/ralf-duessel-12b0a73a\">Ralf D\u00fcssel<\/a>, Vorsitzender von PlasticsEurope e.V., erkl\u00e4rt: &#8222;Als die Kunststoffwelt in D\u00fcsseldorf zusammenkam, konnte man den Optimismus und den Willen zur Transformation mit H\u00e4nden greifen.&#8220;<\/p>\n\n\n\n<h2 class=\"wp-block-heading\" id=\"plastics-europe-als-bruckenbauer-fur-die-kreislaufwirtschaft\">Plastics Europe als Br\u00fcckenbauer f\u00fcr die Kreislaufwirtschaft<\/h2>\n\n\n\n<p>Ingemar B\u00fchler, Hauptgesch\u00e4ftsf\u00fchrer von PlasticsEurope Deutschland e.V., unterstreicht die Notwendigkeit der Transformation zur Kreislaufwirtschaft und die Rolle des Verbands als Br\u00fcckenbauer. &#8222;Die Transformation braucht nicht nur den Wandel innerhalb der Industrie. Wir brauchen ein Umdenken entlang der gesamten Wertsch\u00f6pfungskette&#8220;, so B\u00fchler.<\/p>\n\n\n\n<p>Im Jahr 2022 hat der Verband seine Kommunikationsstrategie daher neu ausgerichtet, um den Austausch mit verschiedenen Akteuren in Politik, Wissenschaft und Umweltverb\u00e4nden zu intensivieren. Das Ziel ist es, gemeinsam Wege zu finden, die Chemie- und Kunststoffindustrie schnellstm\u00f6glich in die Kreislaufwirtschaft zu \u00fcberf\u00fchren.<\/p>\n\n\n\n<p>&#8222;Wir sind im vergangenen Jahr mehr als je zuvor in den politischen Dialog eingestiegen und haben mit Ministern, Abgeordneten und Experten der Bundestagsfraktionen, aber auch mit den parteinahen Stiftungen und Umweltverb\u00e4nden den Austausch gesucht, um Kritik und Sorgen besser zu verstehen und gleichzeitig unsere Ambition zu erl\u00e4utern. Wir sind nun mittendrin im gesellschaftlichen Dialog&#8220;, sagt B\u00fchler. <\/p>\n\n\n\n<p>Mehr dazu im Gesch\u00e4ftsbericht 2022: <br><a rel=\"noreferrer noopener\" href=\"https:\/\/plasticseurope.org\/de\/?post_type=pe_resource&amp;p=2726\" target=\"_blank\">https:\/\/plasticseurope.org\/de\/knowledge-hub\/geschaftsbericht-2022\/<\/a><\/p>\n\n\n\n<div style=\"height:25px\" aria-hidden=\"true\" class=\"wp-block-spacer is-style-small\"><\/div>\n\n\n\n<figure class=\"wp-block-image size-large is-resized\"><img loading=\"lazy\" decoding=\"async\" width=\"1024\" height=\"681\" src=\"https:\/\/plasticseurope.org\/de\/wp-content\/uploads\/sites\/3\/2023\/05\/Ralf-Duessel-1024x681.jpg\" alt=\"Dr. Ralf D\u00fcssel, Vorsitzender bei PlasticsEurope Deutschland e.V.\" class=\"wp-image-2758\" style=\"width:768px;height:511px\" srcset=\"https:\/\/plasticseurope.org\/de\/wp-content\/uploads\/sites\/3\/2023\/05\/Ralf-Duessel-1024x681.jpg 1024w, https:\/\/plasticseurope.org\/de\/wp-content\/uploads\/sites\/3\/2023\/05\/Ralf-Duessel-300x199.jpg 300w, https:\/\/plasticseurope.org\/de\/wp-content\/uploads\/sites\/3\/2023\/05\/Ralf-Duessel-768x511.jpg 768w, https:\/\/plasticseurope.org\/de\/wp-content\/uploads\/sites\/3\/2023\/05\/Ralf-Duessel-1536x1021.jpg 1536w, https:\/\/plasticseurope.org\/de\/wp-content\/uploads\/sites\/3\/2023\/05\/Ralf-Duessel-1263x840.jpg 1263w, https:\/\/plasticseurope.org\/de\/wp-content\/uploads\/sites\/3\/2023\/05\/Ralf-Duessel.jpg 1546w\" sizes=\"auto, (max-width: 1024px) 100vw, 1024px\" \/><figcaption class=\"wp-element-caption\">Dr. Ralf D\u00fcssel, Vorsitzender bei PlasticsEurope Deutschland e.V., stellt den Gesch\u00e4ftsbericht 2022 vor.<\/figcaption><\/figure>\n\n\n\n<h2 class=\"wp-block-heading\" id=\"uber-plastics-europe\">\u00dcber Plastics Europe<\/h2>\n\n\n\n<p>PlasticsEurope Deutschland e.V. ist der Verband der Kunststofferzeuger in Deutschland. Er vertritt die politischen und wirtschaftlichen Interessen seiner mehr als 50 Mitgliedsunternehmen und ist als Fachverband Partner des Verbandes der Chemischen Industrie. PlasticsEurope Deutschland e.V. ist<br>au\u00dferdem Teil der paneurop\u00e4ischen Organisation Plastics Europe mit B\u00fcros in mehreren gro\u00dfen europ\u00e4ischen Wirtschaftszentren. Die Europa-Organisation mit rund 100 Mitgliedsunternehmen steht f\u00fcr mehr als 70 Prozent aller in den 27 EU-Mitgliedsstaaten sowie Gro\u00dfbritannien, Norwegen und der Schweiz produzierten Kunststoffe. Derzeit arbeiten in der gesamten Kunststoffindustrie EU-weit nahezu 1,5 Millionen Menschen in etwa 52.000 Unternehmen.<\/p>\n","protected":false},"excerpt":{"rendered":"<p>Ihr Ansprechpartner: Ingemar B\u00fchlerHauptgesch\u00e4ftsf\u00fchrerTelefon: +49 (69) 2556-1359 Frankfurt, 11. 05.2023 &#8211; PlasticsEurope Deutschland e.V., der Verband der Kunststoffhersteller, hat heute\u2026<\/p>\n","protected":false},"author":1,"featured_media":2758,"comment_status":"open","ping_status":"open","sticky":false,"template":"","format":"standard","meta":{"footnotes":""},"categories":[6],"tags":[],"class_list":["post-2729","post","type-post","status-publish","format-standard","has-post-thumbnail","hentry","category-news"],"acf":[],"yoast_head":"<!-- This site is optimized with the Yoast SEO plugin v21.6 - https:\/\/yoast.com\/wordpress\/plugins\/seo\/ -->\n<title>Plastics Europe ver\u00f6ffentlicht Gesch\u00e4ftsbericht 2022<\/title>\n<meta name=\"description\" content=\"Frankfurt, 11. 05.2023 - Auf 16 Seiten informiert der Bericht \u00fcber die wichtigsten Themen des Verbandes der Kunststofferzeuger und seiner Mitgliedsunternehmen aus dem vergangenen Jahr.\" \/>\n<meta name=\"robots\" content=\"index, follow, max-snippet:-1, max-image-preview:large, max-video-preview:-1\" \/>\n<link rel=\"canonical\" href=\"https:\/\/plasticseurope.org\/de\/2023\/05\/11\/plastics-europe-veroeffentlicht-geschaeftsbericht-2022\/\" \/>\n<meta property=\"og:locale\" content=\"de_DE\" \/>\n<meta property=\"og:type\" content=\"article\" \/>\n<meta property=\"og:title\" content=\"Plastics Europe ver\u00f6ffentlicht Gesch\u00e4ftsbericht 2022\" \/>\n<meta property=\"og:description\" content=\"Frankfurt, 11. 05.2023 - Auf 16 Seiten informiert der Bericht \u00fcber die wichtigsten Themen des Verbandes der Kunststofferzeuger und seiner Mitgliedsunternehmen aus dem vergangenen Jahr.\" \/>\n<meta property=\"og:url\" content=\"https:\/\/plasticseurope.org\/de\/2023\/05\/11\/plastics-europe-veroeffentlicht-geschaeftsbericht-2022\/\" \/>\n<meta property=\"og:site_name\" content=\"Plastics Europe DE\" \/>\n<meta property=\"article:published_time\" content=\"2023-05-11T07:41:16+00:00\" \/>\n<meta property=\"article:modified_time\" content=\"2026-04-14T12:55:32+00:00\" \/>\n<meta property=\"og:image\" content=\"https:\/\/plasticseurope.org\/de\/wp-content\/uploads\/sites\/3\/2023\/05\/Ralf-Duessel.jpg\" \/>\n\t<meta property=\"og:image:width\" content=\"1546\" \/>\n\t<meta property=\"og:image:height\" content=\"1028\" \/>\n\t<meta property=\"og:image:type\" content=\"image\/jpeg\" \/>\n<meta name=\"author\" content=\"admin\" \/>\n<meta name=\"twitter:card\" content=\"summary_large_image\" \/>\n<meta name=\"twitter:creator\" content=\"@wp-admin\" \/>\n<meta name=\"twitter:label1\" content=\"Verfasst von\" \/>\n\t<meta name=\"twitter:data1\" content=\"admin\" \/>\n\t<meta name=\"twitter:label2\" content=\"Gesch\u00e4tzte Lesezeit\" \/>\n\t<meta name=\"twitter:data2\" content=\"3 Minuten\" \/>\n<script type=\"application\/ld+json\" class=\"yoast-schema-graph\">{\"@context\":\"https:\/\/schema.org\",\"@graph\":[{\"@type\":\"WebPage\",\"@id\":\"https:\/\/plasticseurope.org\/de\/2023\/05\/11\/plastics-europe-veroeffentlicht-geschaeftsbericht-2022\/\",\"url\":\"https:\/\/plasticseurope.org\/de\/2023\/05\/11\/plastics-europe-veroeffentlicht-geschaeftsbericht-2022\/\",\"name\":\"Plastics Europe ver\u00f6ffentlicht Gesch\u00e4ftsbericht 2022\",\"isPartOf\":{\"@id\":\"https:\/\/plasticseurope.org\/de\/#website\"},\"datePublished\":\"2023-05-11T07:41:16+00:00\",\"dateModified\":\"2026-04-14T12:55:32+00:00\",\"author\":{\"@id\":\"https:\/\/plasticseurope.org\/de\/#\/schema\/person\/1b7f52b3f1507100c36b9dac252b749a\"},\"description\":\"Frankfurt, 11. 05.2023 - Auf 16 Seiten informiert der Bericht \u00fcber die wichtigsten Themen des Verbandes der Kunststofferzeuger und seiner Mitgliedsunternehmen aus dem vergangenen Jahr.\",\"breadcrumb\":{\"@id\":\"https:\/\/plasticseurope.org\/de\/2023\/05\/11\/plastics-europe-veroeffentlicht-geschaeftsbericht-2022\/#breadcrumb\"},\"inLanguage\":\"de-DE\",\"potentialAction\":[{\"@type\":\"ReadAction\",\"target\":[\"https:\/\/plasticseurope.org\/de\/2023\/05\/11\/plastics-europe-veroeffentlicht-geschaeftsbericht-2022\/\"]}]},{\"@type\":\"BreadcrumbList\",\"@id\":\"https:\/\/plasticseurope.org\/de\/2023\/05\/11\/plastics-europe-veroeffentlicht-geschaeftsbericht-2022\/#breadcrumb\",\"itemListElement\":[{\"@type\":\"ListItem\",\"position\":1,\"name\":\"Home\",\"item\":\"https:\/\/plasticseurope.org\/de\/\"},{\"@type\":\"ListItem\",\"position\":2,\"name\":\"Plastics Europe ver\u00f6ffentlicht Gesch\u00e4ftsbericht 2022\"}]},{\"@type\":\"WebSite\",\"@id\":\"https:\/\/plasticseurope.org\/de\/#website\",\"url\":\"https:\/\/plasticseurope.org\/de\/\",\"name\":\"Plastics Europe DE\",\"description\":\"Enabling a sustainable future\",\"potentialAction\":[{\"@type\":\"SearchAction\",\"target\":{\"@type\":\"EntryPoint\",\"urlTemplate\":\"https:\/\/plasticseurope.org\/de\/?s={search_term_string}\"},\"query-input\":\"required name=search_term_string\"}],\"inLanguage\":\"de-DE\"},{\"@type\":\"Person\",\"@id\":\"https:\/\/plasticseurope.org\/de\/#\/schema\/person\/1b7f52b3f1507100c36b9dac252b749a\",\"name\":\"admin\",\"image\":{\"@type\":\"ImageObject\",\"inLanguage\":\"de-DE\",\"@id\":\"https:\/\/plasticseurope.org\/de\/#\/schema\/person\/image\/\",\"url\":\"https:\/\/secure.gravatar.com\/avatar\/efc201767be6b43dfb89fdc85d2874f9ce0d79f7f853bd7c271900cd369fa0f8?s=96&d=mm&r=g\",\"contentUrl\":\"https:\/\/secure.gravatar.com\/avatar\/efc201767be6b43dfb89fdc85d2874f9ce0d79f7f853bd7c271900cd369fa0f8?s=96&d=mm&r=g\",\"caption\":\"admin\"},\"sameAs\":[\"https:\/\/plasticseurope.org\/\",\"https:\/\/twitter.com\/wp-admin\"],\"url\":\"https:\/\/plasticseurope.org\/de\/author\/wp-admin\/\"}]}<\/script>\n<!-- \/ Yoast SEO plugin. -->","yoast_head_json":{"title":"Plastics Europe ver\u00f6ffentlicht Gesch\u00e4ftsbericht 2022","description":"Frankfurt, 11. 05.2023 - Auf 16 Seiten informiert der Bericht \u00fcber die wichtigsten Themen des Verbandes der Kunststofferzeuger und seiner Mitgliedsunternehmen aus dem vergangenen Jahr.","robots":{"index":"index","follow":"follow","max-snippet":"max-snippet:-1","max-image-preview":"max-image-preview:large","max-video-preview":"max-video-preview:-1"},"canonical":"https:\/\/plasticseurope.org\/de\/2023\/05\/11\/plastics-europe-veroeffentlicht-geschaeftsbericht-2022\/","og_locale":"de_DE","og_type":"article","og_title":"Plastics Europe ver\u00f6ffentlicht Gesch\u00e4ftsbericht 2022","og_description":"Frankfurt, 11. 05.2023 - Auf 16 Seiten informiert der Bericht \u00fcber die wichtigsten Themen des Verbandes der Kunststofferzeuger und seiner Mitgliedsunternehmen aus dem vergangenen Jahr.","og_url":"https:\/\/plasticseurope.org\/de\/2023\/05\/11\/plastics-europe-veroeffentlicht-geschaeftsbericht-2022\/","og_site_name":"Plastics Europe DE","article_published_time":"2023-05-11T07:41:16+00:00","article_modified_time":"2026-04-14T12:55:32+00:00","og_image":[{"width":1546,"height":1028,"url":"https:\/\/plasticseurope.org\/de\/wp-content\/uploads\/sites\/3\/2023\/05\/Ralf-Duessel.jpg","type":"image\/jpeg"}],"author":"admin","twitter_card":"summary_large_image","twitter_creator":"@wp-admin","twitter_misc":{"Verfasst von":"admin","Gesch\u00e4tzte Lesezeit":"3 Minuten"},"schema":{"@context":"https:\/\/schema.org","@graph":[{"@type":"WebPage","@id":"https:\/\/plasticseurope.org\/de\/2023\/05\/11\/plastics-europe-veroeffentlicht-geschaeftsbericht-2022\/","url":"https:\/\/plasticseurope.org\/de\/2023\/05\/11\/plastics-europe-veroeffentlicht-geschaeftsbericht-2022\/","name":"Plastics Europe ver\u00f6ffentlicht Gesch\u00e4ftsbericht 2022","isPartOf":{"@id":"https:\/\/plasticseurope.org\/de\/#website"},"datePublished":"2023-05-11T07:41:16+00:00","dateModified":"2026-04-14T12:55:32+00:00","author":{"@id":"https:\/\/plasticseurope.org\/de\/#\/schema\/person\/1b7f52b3f1507100c36b9dac252b749a"},"description":"Frankfurt, 11. 05.2023 - Auf 16 Seiten informiert der Bericht \u00fcber die wichtigsten Themen des Verbandes der Kunststofferzeuger und seiner Mitgliedsunternehmen aus dem vergangenen Jahr.","breadcrumb":{"@id":"https:\/\/plasticseurope.org\/de\/2023\/05\/11\/plastics-europe-veroeffentlicht-geschaeftsbericht-2022\/#breadcrumb"},"inLanguage":"de-DE","potentialAction":[{"@type":"ReadAction","target":["https:\/\/plasticseurope.org\/de\/2023\/05\/11\/plastics-europe-veroeffentlicht-geschaeftsbericht-2022\/"]}]},{"@type":"BreadcrumbList","@id":"https:\/\/plasticseurope.org\/de\/2023\/05\/11\/plastics-europe-veroeffentlicht-geschaeftsbericht-2022\/#breadcrumb","itemListElement":[{"@type":"ListItem","position":1,"name":"Home","item":"https:\/\/plasticseurope.org\/de\/"},{"@type":"ListItem","position":2,"name":"Plastics Europe ver\u00f6ffentlicht Gesch\u00e4ftsbericht 2022"}]},{"@type":"WebSite","@id":"https:\/\/plasticseurope.org\/de\/#website","url":"https:\/\/plasticseurope.org\/de\/","name":"Plastics Europe DE","description":"Enabling a sustainable future","potentialAction":[{"@type":"SearchAction","target":{"@type":"EntryPoint","urlTemplate":"https:\/\/plasticseurope.org\/de\/?s={search_term_string}"},"query-input":"required name=search_term_string"}],"inLanguage":"de-DE"},{"@type":"Person","@id":"https:\/\/plasticseurope.org\/de\/#\/schema\/person\/1b7f52b3f1507100c36b9dac252b749a","name":"admin","image":{"@type":"ImageObject","inLanguage":"de-DE","@id":"https:\/\/plasticseurope.org\/de\/#\/schema\/person\/image\/","url":"https:\/\/secure.gravatar.com\/avatar\/efc201767be6b43dfb89fdc85d2874f9ce0d79f7f853bd7c271900cd369fa0f8?s=96&d=mm&r=g","contentUrl":"https:\/\/secure.gravatar.com\/avatar\/efc201767be6b43dfb89fdc85d2874f9ce0d79f7f853bd7c271900cd369fa0f8?s=96&d=mm&r=g","caption":"admin"},"sameAs":["https:\/\/plasticseurope.org\/","https:\/\/twitter.com\/wp-admin"],"url":"https:\/\/plasticseurope.org\/de\/author\/wp-admin\/"}]}},"_links":{"self":[{"href":"https:\/\/plasticseurope.org\/de\/wp-json\/wp\/v2\/posts\/2729","targetHints":{"allow":["GET"]}}],"collection":[{"href":"https:\/\/plasticseurope.org\/de\/wp-json\/wp\/v2\/posts"}],"about":[{"href":"https:\/\/plasticseurope.org\/de\/wp-json\/wp\/v2\/types\/post"}],"author":[{"embeddable":true,"href":"https:\/\/plasticseurope.org\/de\/wp-json\/wp\/v2\/users\/1"}],"replies":[{"embeddable":true,"href":"https:\/\/plasticseurope.org\/de\/wp-json\/wp\/v2\/comments?post=2729"}],"version-history":[{"count":0,"href":"https:\/\/plasticseurope.org\/de\/wp-json\/wp\/v2\/posts\/2729\/revisions"}],"wp:featuredmedia":[{"embeddable":true,"href":"https:\/\/plasticseurope.org\/de\/wp-json\/wp\/v2\/media\/2758"}],"wp:attachment":[{"href":"https:\/\/plasticseurope.org\/de\/wp-json\/wp\/v2\/media?parent=2729"}],"wp:term":[{"taxonomy":"category","embeddable":true,"href":"https:\/\/plasticseurope.org\/de\/wp-json\/wp\/v2\/categories?post=2729"},{"taxonomy":"post_tag","embeddable":true,"href":"https:\/\/plasticseurope.org\/de\/wp-json\/wp\/v2\/tags?post=2729"}],"curies":[{"name":"wp","href":"https:\/\/api.w.org\/{rel}","templated":true}]}}