{"id":256,"date":"2021-10-25T01:00:00","date_gmt":"2021-10-25T01:00:00","guid":{"rendered":"https:\/\/plasticseurope.wpenginepowered.com\/de\/?p=256"},"modified":"2021-10-26T16:05:44","modified_gmt":"2021-10-26T16:05:44","slug":"plastics-europe-geht-mit-neuem-logo-und-neuer-webseite-den-weg-der-transformation","status":"publish","type":"post","link":"https:\/\/plasticseurope.org\/de\/2021\/10\/25\/plastics-europe-geht-mit-neuem-logo-und-neuer-webseite-den-weg-der-transformation\/","title":{"rendered":"Plastics Europe geht mit neuem Logo und neuer Webseite den Weg der Transformation"},"content":{"rendered":"\n<p class=\"has-large-font-size\"><strong>Nachhaltigkeit als Markenkern<\/strong><\/p>\n\n\n\n<div style=\"height:16px\" aria-hidden=\"true\" class=\"wp-block-spacer\"><\/div>\n\n\n\n<p>Frankfurt, 26. Oktober 2021<\/p>\n\n\n\n<div class=\"wp-block-media-text alignwide is-stacked-on-mobile\"><figure class=\"wp-block-media-text__media\"><img loading=\"lazy\" decoding=\"async\" width=\"1024\" height=\"410\" src=\"https:\/\/plasticseurope.org\/de\/wp-content\/uploads\/sites\/3\/2021\/10\/Plastics-Europe-Visual-1024x410.jpg\" alt=\"\" class=\"wp-image-276 size-full\" srcset=\"https:\/\/plasticseurope.org\/de\/wp-content\/uploads\/sites\/3\/2021\/10\/Plastics-Europe-Visual-1024x410.jpg 1024w, https:\/\/plasticseurope.org\/de\/wp-content\/uploads\/sites\/3\/2021\/10\/Plastics-Europe-Visual-300x120.jpg 300w, https:\/\/plasticseurope.org\/de\/wp-content\/uploads\/sites\/3\/2021\/10\/Plastics-Europe-Visual-768x308.jpg 768w, https:\/\/plasticseurope.org\/de\/wp-content\/uploads\/sites\/3\/2021\/10\/Plastics-Europe-Visual-1536x615.jpg 1536w, https:\/\/plasticseurope.org\/de\/wp-content\/uploads\/sites\/3\/2021\/10\/Plastics-Europe-Visual-2048x821.jpg 2048w, https:\/\/plasticseurope.org\/de\/wp-content\/uploads\/sites\/3\/2021\/10\/Plastics-Europe-Visual-600x240.jpg 600w\" sizes=\"auto, (max-width: 1024px) 100vw, 1024px\" \/><\/figure><div class=\"wp-block-media-text__content\">\n<p class=\"has-large-font-size\"><meta charset=\"utf-8\">Plastics Europe, der paneurop\u00e4ische Verband der Kunststoffhersteller, stellt eine neue visuelle Identit\u00e4t und eine neue Webseite vor \u2013 mit dem Thema Nachhaltigkeit als Markenkern. Die Kunststoffbranche ver\u00e4ndert sich derzeit fundamental. Auch bei Plastics Europe wird diese Ver\u00e4nderung konsequent vorangetrieben.<\/p>\n<\/div><\/div>\n\n\n\n<p>Kunststoff ist ein Schl\u00fcsselmaterial. Es erm\u00f6glicht Innovationen, die es braucht, um CO<sub>2<\/sub>-Emissionen zu reduzieren und dem Klimawandel erfolgreich zu begegnen. Gleichzeitig geh\u00f6rt Kunststoff als M\u00fcll nicht in die Umwelt. Deshalb setzen die Kunststofferzeuger unter anderem auf eine Kreislaufwirtschaft, mit der sie nicht nur andere Branchen nachhaltiger machen, sondern Kunststoff zur Ressource umwandeln, die gar nicht erst zu M\u00fcll wird. Um Kunststoff konsequent im Kreislauf zu f\u00fchren, f\u00f6rdern Plastics Europe und seine Mitglieder die Wiederverwendung und Getrennt-Sammlung von Kunststoffabf\u00e4llen sowie dessen Recycling.<\/p>\n\n\n\n<p><strong>Virginia Janssens, Managing Director von Plastics Europe<\/strong>, sagt zur Einf\u00fchrung des neuen Visuals und der neuen Verbandswebseite: &#8222;Als Industrie wie als Verband entwickeln wir uns entscheidend weiter. Wir gehen das Abfallproblem entschieden an, indem wir Kunststoffe in einer kohlenstoffarmen Kreislaufwirtschaft herstellen, ihre nachhaltige Nutzung verbessern und in diesem neuen Wirtschaftsmodell Kunststoffe immer und zu jedem Zeitpunkt als Ressource sehen.\u201c<\/p>\n\n\n\n<p>Diese Richtungsentscheidung f\u00fcgt sich ein in die j\u00fcngsten Positionen von Plastics Europe zur Kreislaufwirtschaft, etwa die Ank\u00fcndigung von Investitionen in H\u00f6he von mehr als 7 Mrd. Euro in das chemische Recycling durch die europ\u00e4ischen Kunststofferzeuger bis 2030.<\/p>\n\n\n\n<p><strong>Virginia Janssens<\/strong> f\u00fcgt hinzu: &#8222;Unsere Verpflichtung als Industrie besteht darin, uns darauf zu konzentrieren, dass Kunststoffe weiterhin die von unserer Gesellschaft gesch\u00e4tzten Vorteile bieten und gleichzeitig einen geringeren \u00f6kologischen Fu\u00dfabdruck verursachen. Dazu geh\u00f6rt auch die Unterst\u00fctzung des Green Deal, der Klimaziele der Europ\u00e4ischen Union sowie des Pariser Klimaabkommens &#8211; unser gemeinsamer Plan zur Beschleunigung der Transformation f\u00fcr ein nachhaltigeres Europa. Wir sind entschlossen, einen dauerhaften positiven Wandel herbeizuf\u00fchren.<\/p>\n\n\n\n<p>\u201e<em>Plastics Europe. Enabling a sustainable future<\/em> ist der Claim und das strategische Ziel unserer Branche&#8220;, so <strong>Markus Steilemann, Pr\u00e4sident von Plastics Europe<\/strong>. &#8222;Wir werden ein Katalysator f\u00fcr Ver\u00e4nderungen innerhalb der Kunststoffindustrie sein. Wir werden in der aktiven Zusammenarbeit mit unseren Partnern in der Wertsch\u00f6pfungskette und mit politischen Entscheidungstr\u00e4gern die Entwicklung nachhaltiger L\u00f6sungen beschleunigen, und uns f\u00fcr das daf\u00fcr notwendige politische und regulatorische Umfeld einsetzen.&#8220;<\/p>\n\n\n\n<p>Die neue Markenidentit\u00e4t bringt die Zielsetzung von Plastics Europe nun auch visuell zum Ausdruck. &#8222;Das Logo basiert auf Offenheit, Zusammenarbeit, Vertrauen und Innovation und symbolisiert verschiedene Einheiten, die zusammenkommen, um einen dynamischen Kern zu bilden, der eine nachhaltige Zukunft erm\u00f6glicht&#8220;, so <strong>Virginia Janssens<\/strong>.<\/p>\n\n\n\n<p>Weiteres zur neuen Identit\u00e4t und den Zielen der Kunststofferzeuger findet sich auf der neuen Webseite von Plastics Europe <a href=\"https:\/\/www.plasticseurope.org\">plasticseurope.org<\/a>.<\/p>\n\n\n\n<div style=\"height:48px\" aria-hidden=\"true\" class=\"wp-block-spacer\"><\/div>\n\n\n","protected":false},"excerpt":{"rendered":"<p>Nachhaltigkeit als Markenkern Frankfurt, 26. Oktober 2021 Plastics Europe, der paneurop\u00e4ische Verband der Kunststoffhersteller, stellt eine neue visuelle Identit\u00e4t und\u2026<\/p>\n","protected":false},"author":2,"featured_media":257,"comment_status":"open","ping_status":"open","sticky":false,"template":"","format":"standard","meta":{"footnotes":""},"categories":[7],"tags":[],"class_list":["post-256","post","type-post","status-publish","format-standard","has-post-thumbnail","hentry","category-pressemitteilungen"],"acf":[],"yoast_head":"<!-- This site is optimized with the Yoast SEO plugin v21.6 - https:\/\/yoast.com\/wordpress\/plugins\/seo\/ -->\n<title>Plastics Europe geht mit neuem Logo und neuer Webseite den Weg der Transformation - Plastics Europe DE<\/title>\n<meta name=\"robots\" content=\"index, follow, max-snippet:-1, max-image-preview:large, max-video-preview:-1\" \/>\n<link rel=\"canonical\" href=\"https:\/\/plasticseurope.org\/de\/2021\/10\/25\/plastics-europe-geht-mit-neuem-logo-und-neuer-webseite-den-weg-der-transformation\/\" \/>\n<meta property=\"og:locale\" content=\"de_DE\" \/>\n<meta property=\"og:type\" content=\"article\" \/>\n<meta property=\"og:title\" content=\"Plastics Europe geht mit neuem Logo und neuer Webseite den Weg der Transformation - Plastics Europe DE\" \/>\n<meta property=\"og:description\" content=\"Nachhaltigkeit als Markenkern Frankfurt, 26. Oktober 2021 Plastics Europe, der paneurop\u00e4ische Verband der Kunststoffhersteller, stellt eine neue visuelle Identit\u00e4t und\u2026\" \/>\n<meta property=\"og:url\" content=\"https:\/\/plasticseurope.org\/de\/2021\/10\/25\/plastics-europe-geht-mit-neuem-logo-und-neuer-webseite-den-weg-der-transformation\/\" \/>\n<meta property=\"og:site_name\" content=\"Plastics Europe DE\" \/>\n<meta property=\"article:published_time\" content=\"2021-10-25T01:00:00+00:00\" \/>\n<meta property=\"article:modified_time\" content=\"2021-10-26T16:05:44+00:00\" \/>\n<meta property=\"og:image\" content=\"https:\/\/plasticseurope.org\/de\/wp-content\/uploads\/sites\/3\/2021\/10\/Plastics-Europe-about-us.jpeg\" \/>\n\t<meta property=\"og:image:width\" content=\"1024\" \/>\n\t<meta property=\"og:image:height\" content=\"683\" \/>\n\t<meta property=\"og:image:type\" content=\"image\/jpeg\" \/>\n<meta name=\"author\" content=\"madelynpostman\" \/>\n<meta name=\"twitter:card\" content=\"summary_large_image\" \/>\n<meta name=\"twitter:label1\" content=\"Verfasst von\" \/>\n\t<meta name=\"twitter:data1\" content=\"madelynpostman\" \/>\n\t<meta name=\"twitter:label2\" content=\"Gesch\u00e4tzte Lesezeit\" \/>\n\t<meta name=\"twitter:data2\" content=\"3 Minuten\" \/>\n<script type=\"application\/ld+json\" class=\"yoast-schema-graph\">{\"@context\":\"https:\/\/schema.org\",\"@graph\":[{\"@type\":\"WebPage\",\"@id\":\"https:\/\/plasticseurope.org\/de\/2021\/10\/25\/plastics-europe-geht-mit-neuem-logo-und-neuer-webseite-den-weg-der-transformation\/\",\"url\":\"https:\/\/plasticseurope.org\/de\/2021\/10\/25\/plastics-europe-geht-mit-neuem-logo-und-neuer-webseite-den-weg-der-transformation\/\",\"name\":\"Plastics Europe geht mit neuem Logo und neuer Webseite den Weg der Transformation - Plastics Europe DE\",\"isPartOf\":{\"@id\":\"https:\/\/plasticseurope.org\/de\/#website\"},\"datePublished\":\"2021-10-25T01:00:00+00:00\",\"dateModified\":\"2021-10-26T16:05:44+00:00\",\"author\":{\"@id\":\"https:\/\/plasticseurope.org\/de\/#\/schema\/person\/b01c950a933affea5a71cce4633b8394\"},\"breadcrumb\":{\"@id\":\"https:\/\/plasticseurope.org\/de\/2021\/10\/25\/plastics-europe-geht-mit-neuem-logo-und-neuer-webseite-den-weg-der-transformation\/#breadcrumb\"},\"inLanguage\":\"de-DE\",\"potentialAction\":[{\"@type\":\"ReadAction\",\"target\":[\"https:\/\/plasticseurope.org\/de\/2021\/10\/25\/plastics-europe-geht-mit-neuem-logo-und-neuer-webseite-den-weg-der-transformation\/\"]}]},{\"@type\":\"BreadcrumbList\",\"@id\":\"https:\/\/plasticseurope.org\/de\/2021\/10\/25\/plastics-europe-geht-mit-neuem-logo-und-neuer-webseite-den-weg-der-transformation\/#breadcrumb\",\"itemListElement\":[{\"@type\":\"ListItem\",\"position\":1,\"name\":\"Home\",\"item\":\"https:\/\/plasticseurope.org\/de\/\"},{\"@type\":\"ListItem\",\"position\":2,\"name\":\"Plastics Europe geht mit neuem Logo und neuer Webseite den Weg der Transformation\"}]},{\"@type\":\"WebSite\",\"@id\":\"https:\/\/plasticseurope.org\/de\/#website\",\"url\":\"https:\/\/plasticseurope.org\/de\/\",\"name\":\"Plastics Europe DE\",\"description\":\"Enabling a sustainable future\",\"potentialAction\":[{\"@type\":\"SearchAction\",\"target\":{\"@type\":\"EntryPoint\",\"urlTemplate\":\"https:\/\/plasticseurope.org\/de\/?s={search_term_string}\"},\"query-input\":\"required name=search_term_string\"}],\"inLanguage\":\"de-DE\"},{\"@type\":\"Person\",\"@id\":\"https:\/\/plasticseurope.org\/de\/#\/schema\/person\/b01c950a933affea5a71cce4633b8394\",\"name\":\"madelynpostman\",\"image\":{\"@type\":\"ImageObject\",\"inLanguage\":\"de-DE\",\"@id\":\"https:\/\/plasticseurope.org\/de\/#\/schema\/person\/image\/\",\"url\":\"https:\/\/secure.gravatar.com\/avatar\/7b0cebacde20a717e8ab6cc8ae22d1305a39cd0ac44387429c7bab3615c2ef79?s=96&d=mm&r=g\",\"contentUrl\":\"https:\/\/secure.gravatar.com\/avatar\/7b0cebacde20a717e8ab6cc8ae22d1305a39cd0ac44387429c7bab3615c2ef79?s=96&d=mm&r=g\",\"caption\":\"madelynpostman\"},\"url\":\"https:\/\/plasticseurope.org\/de\/author\/madelynpostman\/\"}]}<\/script>\n<!-- \/ Yoast SEO plugin. -->","yoast_head_json":{"title":"Plastics Europe geht mit neuem Logo und neuer Webseite den Weg der Transformation - Plastics Europe DE","robots":{"index":"index","follow":"follow","max-snippet":"max-snippet:-1","max-image-preview":"max-image-preview:large","max-video-preview":"max-video-preview:-1"},"canonical":"https:\/\/plasticseurope.org\/de\/2021\/10\/25\/plastics-europe-geht-mit-neuem-logo-und-neuer-webseite-den-weg-der-transformation\/","og_locale":"de_DE","og_type":"article","og_title":"Plastics Europe geht mit neuem Logo und neuer Webseite den Weg der Transformation - Plastics Europe DE","og_description":"Nachhaltigkeit als Markenkern Frankfurt, 26. Oktober 2021 Plastics Europe, der paneurop\u00e4ische Verband der Kunststoffhersteller, stellt eine neue visuelle Identit\u00e4t und\u2026","og_url":"https:\/\/plasticseurope.org\/de\/2021\/10\/25\/plastics-europe-geht-mit-neuem-logo-und-neuer-webseite-den-weg-der-transformation\/","og_site_name":"Plastics Europe DE","article_published_time":"2021-10-25T01:00:00+00:00","article_modified_time":"2021-10-26T16:05:44+00:00","og_image":[{"width":1024,"height":683,"url":"https:\/\/plasticseurope.org\/de\/wp-content\/uploads\/sites\/3\/2021\/10\/Plastics-Europe-about-us.jpeg","type":"image\/jpeg"}],"author":"madelynpostman","twitter_card":"summary_large_image","twitter_misc":{"Verfasst von":"madelynpostman","Gesch\u00e4tzte Lesezeit":"3 Minuten"},"schema":{"@context":"https:\/\/schema.org","@graph":[{"@type":"WebPage","@id":"https:\/\/plasticseurope.org\/de\/2021\/10\/25\/plastics-europe-geht-mit-neuem-logo-und-neuer-webseite-den-weg-der-transformation\/","url":"https:\/\/plasticseurope.org\/de\/2021\/10\/25\/plastics-europe-geht-mit-neuem-logo-und-neuer-webseite-den-weg-der-transformation\/","name":"Plastics Europe geht mit neuem Logo und neuer Webseite den Weg der Transformation - Plastics Europe DE","isPartOf":{"@id":"https:\/\/plasticseurope.org\/de\/#website"},"datePublished":"2021-10-25T01:00:00+00:00","dateModified":"2021-10-26T16:05:44+00:00","author":{"@id":"https:\/\/plasticseurope.org\/de\/#\/schema\/person\/b01c950a933affea5a71cce4633b8394"},"breadcrumb":{"@id":"https:\/\/plasticseurope.org\/de\/2021\/10\/25\/plastics-europe-geht-mit-neuem-logo-und-neuer-webseite-den-weg-der-transformation\/#breadcrumb"},"inLanguage":"de-DE","potentialAction":[{"@type":"ReadAction","target":["https:\/\/plasticseurope.org\/de\/2021\/10\/25\/plastics-europe-geht-mit-neuem-logo-und-neuer-webseite-den-weg-der-transformation\/"]}]},{"@type":"BreadcrumbList","@id":"https:\/\/plasticseurope.org\/de\/2021\/10\/25\/plastics-europe-geht-mit-neuem-logo-und-neuer-webseite-den-weg-der-transformation\/#breadcrumb","itemListElement":[{"@type":"ListItem","position":1,"name":"Home","item":"https:\/\/plasticseurope.org\/de\/"},{"@type":"ListItem","position":2,"name":"Plastics Europe geht mit neuem Logo und neuer Webseite den Weg der Transformation"}]},{"@type":"WebSite","@id":"https:\/\/plasticseurope.org\/de\/#website","url":"https:\/\/plasticseurope.org\/de\/","name":"Plastics Europe DE","description":"Enabling a sustainable future","potentialAction":[{"@type":"SearchAction","target":{"@type":"EntryPoint","urlTemplate":"https:\/\/plasticseurope.org\/de\/?s={search_term_string}"},"query-input":"required name=search_term_string"}],"inLanguage":"de-DE"},{"@type":"Person","@id":"https:\/\/plasticseurope.org\/de\/#\/schema\/person\/b01c950a933affea5a71cce4633b8394","name":"madelynpostman","image":{"@type":"ImageObject","inLanguage":"de-DE","@id":"https:\/\/plasticseurope.org\/de\/#\/schema\/person\/image\/","url":"https:\/\/secure.gravatar.com\/avatar\/7b0cebacde20a717e8ab6cc8ae22d1305a39cd0ac44387429c7bab3615c2ef79?s=96&d=mm&r=g","contentUrl":"https:\/\/secure.gravatar.com\/avatar\/7b0cebacde20a717e8ab6cc8ae22d1305a39cd0ac44387429c7bab3615c2ef79?s=96&d=mm&r=g","caption":"madelynpostman"},"url":"https:\/\/plasticseurope.org\/de\/author\/madelynpostman\/"}]}},"_links":{"self":[{"href":"https:\/\/plasticseurope.org\/de\/wp-json\/wp\/v2\/posts\/256","targetHints":{"allow":["GET"]}}],"collection":[{"href":"https:\/\/plasticseurope.org\/de\/wp-json\/wp\/v2\/posts"}],"about":[{"href":"https:\/\/plasticseurope.org\/de\/wp-json\/wp\/v2\/types\/post"}],"author":[{"embeddable":true,"href":"https:\/\/plasticseurope.org\/de\/wp-json\/wp\/v2\/users\/2"}],"replies":[{"embeddable":true,"href":"https:\/\/plasticseurope.org\/de\/wp-json\/wp\/v2\/comments?post=256"}],"version-history":[{"count":0,"href":"https:\/\/plasticseurope.org\/de\/wp-json\/wp\/v2\/posts\/256\/revisions"}],"wp:featuredmedia":[{"embeddable":true,"href":"https:\/\/plasticseurope.org\/de\/wp-json\/wp\/v2\/media\/257"}],"wp:attachment":[{"href":"https:\/\/plasticseurope.org\/de\/wp-json\/wp\/v2\/media?parent=256"}],"wp:term":[{"taxonomy":"category","embeddable":true,"href":"https:\/\/plasticseurope.org\/de\/wp-json\/wp\/v2\/categories?post=256"},{"taxonomy":"post_tag","embeddable":true,"href":"https:\/\/plasticseurope.org\/de\/wp-json\/wp\/v2\/tags?post=256"}],"curies":[{"name":"wp","href":"https:\/\/api.w.org\/{rel}","templated":true}]}}