{"id":2005,"date":"2022-09-23T07:31:35","date_gmt":"2022-09-23T07:31:35","guid":{"rendered":"https:\/\/plasticseurope.wpenginepowered.com\/de\/?p=2005"},"modified":"2022-09-23T07:31:37","modified_gmt":"2022-09-23T07:31:37","slug":"sonderschau-der-k-messe-hier-diskutiert-die-branche-mit-der-welt-die-zukunft-der-kunststoffe","status":"publish","type":"post","link":"https:\/\/plasticseurope.org\/de\/2022\/09\/23\/sonderschau-der-k-messe-hier-diskutiert-die-branche-mit-der-welt-die-zukunft-der-kunststoffe\/","title":{"rendered":"Sonderschau der K-Messe: Hier diskutiert die Branche mit der Welt die Zukunft der Kunststoffe"},"content":{"rendered":"\n<ul class=\"wp-block-list\"><li><strong><mark style=\"background-color:#FFFFFF\" class=\"has-inline-color has-satsuma-color\">Einzigartiges Dialogforum der K mit mehr als 70 Vortragenden an sieben Messetagen<\/mark><\/strong><\/li><li><strong><mark style=\"background-color:#FFFFFF\" class=\"has-inline-color has-satsuma-color\">Schwerpunkt des Programms ist das Erreichen einer klimaneutralen Kunststoffindustrie<\/mark><\/strong><\/li><li><strong><mark style=\"background-color:#FFFFFF\" class=\"has-inline-color has-satsuma-color\">Es diskutieren Entscheider aus Wissenschaft, Wirtschaft, Politik, Gesellschaft und<\/mark><\/strong><\/li><li><strong><mark style=\"background-color:#FFFFFF\" class=\"has-inline-color has-satsuma-color\">Nichtregierungsorganisationen<\/mark><\/strong><\/li><\/ul>\n\n\n\n<div style=\"height:16px\" aria-hidden=\"true\" class=\"wp-block-spacer\"><\/div>\n\n\n\n<p>Die Weltleitmesse f\u00fcr Kunststoffe und Kautschuk <a href=\"https:\/\/www.k-online.de\/\" target=\"_blank\" rel=\"noreferrer noopener\">K 2022<\/a> findet vom 19. bis 26. Oktober in D\u00fcsseldorf statt. Alle drei Jahre demonstriert die Branche in den D\u00fcsseldorfer Messehallen ihre Leistungsf\u00e4higkeit, diskutiert aktuelle Trends, pr\u00e4sentiert Innovationen und stellt die Weichen f\u00fcr die Zukunft. Besucher und Experten aus aller Welt tauschen sich \u00fcber Schl\u00fcsseltechnologien und spannende Weltneuheiten aus. Neben kunststofferzeugenden Konzernen pr\u00e4sentieren sich vielseitige Verarbeiter-Betriebe, Weltmarktf\u00fchrer des Maschinenbaus und agile Startups aus allen Bereichen der Kunststoff-Wertsch\u00f6pfungskette.<\/p>\n\n\n\n<div style=\"height:100px\" aria-hidden=\"true\" class=\"wp-block-spacer is-style-small\"><\/div>\n\n\n\n<h2 class=\"wp-block-heading\"><strong><mark style=\"background-color:#FFFFFF\" class=\"has-inline-color has-satsuma-color\">Einladung zum Mitreden<\/mark><\/strong><\/h2>\n\n\n\n<p>Eingerahmt von mehr als 3.000 Ausstellern spannt die Sonderschau <em><a href=\"https:\/\/dein-kunststoff.de\/k-spezial\/plastics-shape-the-future\/\" target=\"_blank\" rel=\"noreferrer noopener\">Plastics shape the future<\/a><\/em> in Halle 6 an sieben Thementagen einen gro\u00dfen Bogen: Von den gesamtgesellschaftlichen Herausforderungen unserer Zeit zu den Innovationen der Branche hin zu mehr Nachhaltigkeit und weniger Emissionen. Federf\u00fchrend betreut von der <a href=\"https:\/\/www.messe-duesseldorf.de\/\" target=\"_blank\" rel=\"noreferrer noopener\">Messe D\u00fcsseldorf <\/a>und Plastics Europe Deutschland pr\u00e4sentiert das Dialogforum mit Vortr\u00e4gen und Diskussionsrunden die Zukunft der Kunststoffe zum Mitreden und Mitdenken, immer eng angelehnt an die drei Leitthemen der K: Klimaschutz \u2013 Kreislaufwirtschaft \u2013 Digitalisierung.<\/p>\n\n\n\n<div style=\"height:20px\" aria-hidden=\"true\" class=\"wp-block-spacer is-style-small\"><\/div>\n\n\n\n<p>Die Auswahl der Teilnehmenden folgt einem klaren Muster: Auf der Sonderschau treten Experten auf, die sich mit der gr\u00fcnen Transformation der Branche und einem nachhaltigeren Wirtschaften befassen. Dass Umweltschutz, Nachhaltigkeit, Wachstum und Profitabilit\u00e4t eng zusammengeh\u00f6ren, zeigen etwa drei Highlights der K-Sonderschau:<\/p>\n\n\n\n<ul class=\"wp-block-list\"><li><mark style=\"background-color:#FFFFFF\" class=\"has-inline-color has-sky-color\"><strong>K-Mittwoch, 19. Oktober:<\/strong><\/mark><br>Ab 10.30 Uhr Er\u00f6ffnung der Sonderschau unter anderem mit <strong><mark style=\"background-color:#FFFFFF\" class=\"has-inline-color has-jade-color\">Christiane Rohleder<\/mark><\/strong>, Staatssekret\u00e4rin im <a href=\"https:\/\/www.bmuv.de\/\" target=\"_blank\" rel=\"noreferrer noopener\">Bundesumweltministerium<\/a>, \u201eK-Pr\u00e4sident\u201c <strong><mark style=\"background-color:#FFFFFF\" class=\"has-inline-color has-jade-color\">Ulrich Reifenh\u00e4user <\/mark><\/strong>und <strong><mark style=\"background-color:#FFFFFF\" class=\"has-inline-color has-jade-color\">Ralf D\u00fcssel<\/mark><\/strong>, Vorsitzender von PlasticsEurope Deutschland e.V.<\/li><li><mark style=\"background-color:#FFFFFF\" class=\"has-inline-color has-sky-color\"><strong>K-Freitag, 21. Oktober:<\/strong><\/mark><br>Ab 10.30 Uhr Diskussionsrunde zum Thementag <em>Circular Plastics and Net zero by 2050. Blah blah blah?<\/em> unter anderem mit <strong><mark style=\"background-color:#FFFFFF\" class=\"has-inline-color has-jade-color\">Emma Silver<\/mark>, <\/strong>Global Public Affairs Director, <a href=\"https:\/\/www.minderoo.org\/\" target=\"_blank\" rel=\"noreferrer noopener\">Minderoo Foundation&#8217;s No Plastic Waste Initiative<\/a> und <strong><mark style=\"background-color:#FFFFFF\" class=\"has-inline-color has-jade-color\">Lynette Chung<\/mark><\/strong>, Chief Sustainability Officer, <a href=\"https:\/\/www.covestro.com\/de\" target=\"_blank\" rel=\"noreferrer noopener\">Covestro<\/a>.<\/li><li><mark style=\"background-color:#FFFFFF\" class=\"has-inline-color has-sky-color\"><strong>K-Samstag, 22. Oktober<\/strong><\/mark><br>Ab 10.30 Uhr Best Practice-Vortr\u00e4ge zu <em>Digitalisation &#8211; a game changer for a circular plastics industry?<\/em><strong> <\/strong>unter anderem mit <strong><mark style=\"background-color:#FFFFFF\" class=\"has-inline-color has-jade-color\">Christian Schiller<\/mark><\/strong>, Co-Founder &amp; CEO <a href=\"https:\/\/www.cirplus.com\/de\" target=\"_blank\" rel=\"noreferrer noopener\">cirplus<\/a>, <strong><mark style=\"background-color:#FFFFFF\" class=\"has-inline-color has-jade-color\">Gian de Belder<\/mark><\/strong>, principal scientist and packaging technologist, <a href=\"https:\/\/de.pg.com\/\" target=\"_blank\" rel=\"noreferrer noopener\">Procter &amp; Gamble<\/a>, <strong><mark style=\"background-color:#FFFFFF\" class=\"has-inline-color has-jade-color\">Michael Wittmann<\/mark><\/strong>, Managing Director, <a href=\"https:\/\/www.wittmann-group.com\/de_at\" target=\"_blank\" rel=\"noreferrer noopener\">Wittmann Group<\/a><\/li><\/ul>\n\n\n\n<div style=\"height:100px\" aria-hidden=\"true\" class=\"wp-block-spacer\"><\/div>\n\n\n\n<figure class=\"wp-block-gallery has-nested-images columns-default is-cropped wp-block-gallery-1 is-layout-flex wp-block-gallery-is-layout-flex\">\n<figure class=\"wp-block-image size-large\"><a href=\"https:\/\/plasticseurope.org\/de\/wp-content\/uploads\/sites\/3\/2022\/09\/K_Visual-1-scaled.jpg\"><img loading=\"lazy\" decoding=\"async\" width=\"2560\" height=\"1440\" data-id=\"2009\" src=\"https:\/\/plasticseurope.org\/de\/wp-content\/uploads\/sites\/3\/2022\/09\/K_Visual-1-scaled.jpg\" alt=\"\" class=\"wp-image-2009\" srcset=\"https:\/\/plasticseurope.org\/de\/wp-content\/uploads\/sites\/3\/2022\/09\/K_Visual-1-scaled.jpg 2560w, https:\/\/plasticseurope.org\/de\/wp-content\/uploads\/sites\/3\/2022\/09\/K_Visual-1-300x169.jpg 300w, https:\/\/plasticseurope.org\/de\/wp-content\/uploads\/sites\/3\/2022\/09\/K_Visual-1-1024x576.jpg 1024w, https:\/\/plasticseurope.org\/de\/wp-content\/uploads\/sites\/3\/2022\/09\/K_Visual-1-768x432.jpg 768w, https:\/\/plasticseurope.org\/de\/wp-content\/uploads\/sites\/3\/2022\/09\/K_Visual-1-1536x864.jpg 1536w, https:\/\/plasticseurope.org\/de\/wp-content\/uploads\/sites\/3\/2022\/09\/K_Visual-1-2048x1152.jpg 2048w, https:\/\/plasticseurope.org\/de\/wp-content\/uploads\/sites\/3\/2022\/09\/K_Visual-1-1980x1114.jpg 1980w\" sizes=\"auto, (max-width: 2560px) 100vw, 2560px\" \/><\/a><\/figure>\n\n\n\n<figure class=\"wp-block-image size-large\"><a href=\"https:\/\/plasticseurope.org\/de\/wp-content\/uploads\/sites\/3\/2022\/09\/K_Visual-2-scaled.jpg\"><img loading=\"lazy\" decoding=\"async\" width=\"2560\" height=\"1440\" data-id=\"2010\" src=\"https:\/\/plasticseurope.org\/de\/wp-content\/uploads\/sites\/3\/2022\/09\/K_Visual-2-scaled.jpg\" alt=\"\" class=\"wp-image-2010\" srcset=\"https:\/\/plasticseurope.org\/de\/wp-content\/uploads\/sites\/3\/2022\/09\/K_Visual-2-scaled.jpg 2560w, https:\/\/plasticseurope.org\/de\/wp-content\/uploads\/sites\/3\/2022\/09\/K_Visual-2-300x169.jpg 300w, https:\/\/plasticseurope.org\/de\/wp-content\/uploads\/sites\/3\/2022\/09\/K_Visual-2-1024x576.jpg 1024w, https:\/\/plasticseurope.org\/de\/wp-content\/uploads\/sites\/3\/2022\/09\/K_Visual-2-768x432.jpg 768w, https:\/\/plasticseurope.org\/de\/wp-content\/uploads\/sites\/3\/2022\/09\/K_Visual-2-1536x864.jpg 1536w, https:\/\/plasticseurope.org\/de\/wp-content\/uploads\/sites\/3\/2022\/09\/K_Visual-2-2048x1152.jpg 2048w, https:\/\/plasticseurope.org\/de\/wp-content\/uploads\/sites\/3\/2022\/09\/K_Visual-2-1980x1114.jpg 1980w\" sizes=\"auto, (max-width: 2560px) 100vw, 2560px\" \/><\/a><\/figure>\n<\/figure>\n\n\n\n<div style=\"height:48px\" aria-hidden=\"true\" class=\"wp-block-spacer\"><\/div>\n\n\n\n<h2 class=\"wp-block-heading\"><strong><mark style=\"background-color:#FFFFFF\" class=\"has-inline-color has-satsuma-color\">Zeigen, was morgen sein wird<\/mark><\/strong><\/h2>\n\n\n\n<p>Ingemar B\u00fchler, Hauptgesch\u00e4ftsf\u00fchrer von Plastics Europe Deutschland, freut sich auf den offenen Austausch: \u201eDie K kommt zu einem entscheidenden Zeitpunkt. Von ihr wird das starke Signal ausgehen, dass wir als Kunststoffbranche ungeachtet aller geopolitischen Einfl\u00fcsse den Weg in Richtung Kreislaufwirtschaft und Klimaneutralit\u00e4t mit aller Kraft fortsetzen. Daf\u00fcr braucht es Mut, Entschlossenheit und Innovationsgeist, aber auch industrielle Freir\u00e4ume und Planungssicherheit. Die derzeitige wirtschaftliche Situation mit extrem hohen Energiepreisen und drohender Rezession bietet uns kalten Gegenwind, aber es \u00e4ndert nichts daran das die Kreislaufwirtschaft das n\u00e4chste gro\u00dfe Erfolgsmodell der europ\u00e4ischen und deutschen Kunststoffindustrie sein wird!\u201c Klar ist: Die Herausforderungen f\u00fcr das Gelingen der Transformation sind gewaltig und die Zeit ist knapp. Neben technologischen L\u00f6sungen wirft die Sonderschau daher auch einen Blick auf weitere Spannungsfelder beim Wandel der globalen Wirtschafts- und Energiesysteme. So gilt es etwa, mit klugem Handeln und dem Schaffen von nachhaltig zukunftsfesten Arbeitspl\u00e4tzen, gesellschaftliche Stabilit\u00e4t zu gew\u00e4hrleisten. Mit ihrer St\u00e4rke, der bisher unter Beweis gestellten Resilienz und dem breiten Know-how kann die Kunststoffindustrie auch hier wesentliche Beitr\u00e4ge leisten.<\/p>\n\n\n\n<div style=\"height:100px\" aria-hidden=\"true\" class=\"wp-block-spacer is-style-large\"><\/div>\n\n\n\n<p><strong>Plastics shape the future<\/strong> <br>Die Sonderschau zur K 2022 Plastics shape the future zeigt auf, wie Kunststoffe die Zukunft nachhaltig gestalten k\u00f6nnen, welche Entwicklungen heute bereits Gestalt annehmen und welche Visionen die Chance haben, morgen umgesetzt zu werden. An sieben Schwerpunkttagen werden sich fachliche Diskussionen, Impulsreferate, kurzweilige Vorf\u00fchrungen und spannende Experimentiershows abwechseln. Hierbei werden \u00f6konomische und \u00f6kologische sowie gesellschaftspolitische Aspekte gleicherma\u00dfen thematisiert und Problemfelder nicht ausgespart, sondern konkrete L\u00f6sungsans\u00e4tze diskutiert.<br><br>Die Sonderschau ist ein Projekt der deutschen Kunststoffindustrie unter der Federf\u00fchrung von PlasticsEurope Deutschland e. V. und der Messe D\u00fcsseldorf. <em>Plastics shape the future<\/em> verspricht Ein- und Ausblicke f\u00fcr Aussteller und Fachbesucher der K ebenso wie f\u00fcr Medien und die interessierte \u00d6ffentlichkeit.<\/p>\n\n\n\n<div style=\"height:100px\" aria-hidden=\"true\" class=\"wp-block-spacer is-style-medium\"><\/div>\n\n\n\n<div class=\"wp-block-buttons is-layout-flex wp-block-buttons-is-layout-flex\">\n<div class=\"wp-block-button\"><a class=\"wp-block-button__link\" href=\"https:\/\/plasticseurope.org\/de\/wp-content\/uploads\/sites\/3\/2022\/09\/Pressemitteilung-Plastics-Europe-Deutschland-K-2022-Sonderschau-bringt-Entscheider-aus-Politik-und-Gesellschaft-zusammen.pdf\" target=\"_blank\" rel=\"noreferrer noopener\">Presseinformation downloaden<\/a><\/div>\n<\/div>\n\n\n\n<div style=\"height:48px\" aria-hidden=\"true\" class=\"wp-block-spacer\"><\/div>\n\n\n","protected":false},"excerpt":{"rendered":"<p>Einzigartiges Dialogforum der K mit mehr als 70 Vortragenden an sieben Messetagen Schwerpunkt des Programms ist das Erreichen einer klimaneutralen\u2026<\/p>\n","protected":false},"author":30,"featured_media":2008,"comment_status":"open","ping_status":"open","sticky":false,"template":"","format":"standard","meta":{"footnotes":""},"categories":[7],"tags":[],"class_list":["post-2005","post","type-post","status-publish","format-standard","has-post-thumbnail","hentry","category-pressemitteilungen"],"acf":[],"yoast_head":"<!-- This site is optimized with the Yoast SEO plugin v21.6 - https:\/\/yoast.com\/wordpress\/plugins\/seo\/ -->\n<title>Sonderschau der K-Messe: Hier diskutiert die Branche mit der Welt die Zukunft der Kunststoffe - Plastics Europe DE<\/title>\n<meta name=\"description\" content=\"Die Weltleitmesse f\u00fcr Kunststoffe und Kautschuk K 2022 findet vom 19. bis 26. Oktober in D\u00fcsseldorf statt. Alle drei Jahre demonstriert die Branche in den D\u00fcsseldorfer Messehallen ihre Leistungsf\u00e4higkeit, diskutiert aktuelle Trends, pr\u00e4sentiert Innovationen und stellt die Weichen f\u00fcr die Zukunft. Besucher und Experten aus aller Welt tauschen sich \u00fcber Schl\u00fcsseltechnologien und spannende Weltneuheiten aus. Neben kunststofferzeugenden Konzernen pr\u00e4sentieren sich vielseitige Verarbeiter-Betriebe, Weltmarktf\u00fchrer des Maschinenbaus und agile Startups aus allen Bereichen der Kunststoff-Wertsch\u00f6pfungskette.\" \/>\n<meta name=\"robots\" content=\"index, follow, max-snippet:-1, max-image-preview:large, max-video-preview:-1\" \/>\n<link rel=\"canonical\" href=\"https:\/\/plasticseurope.org\/de\/2022\/09\/23\/sonderschau-der-k-messe-hier-diskutiert-die-branche-mit-der-welt-die-zukunft-der-kunststoffe\/\" \/>\n<meta property=\"og:locale\" content=\"de_DE\" \/>\n<meta property=\"og:type\" content=\"article\" \/>\n<meta property=\"og:title\" content=\"Sonderschau der K-Messe: Hier diskutiert die Branche mit der Welt die Zukunft der Kunststoffe - Plastics Europe DE\" \/>\n<meta property=\"og:description\" content=\"Die Weltleitmesse f\u00fcr Kunststoffe und Kautschuk K 2022 findet vom 19. bis 26. Oktober in D\u00fcsseldorf statt. Alle drei Jahre demonstriert die Branche in den D\u00fcsseldorfer Messehallen ihre Leistungsf\u00e4higkeit, diskutiert aktuelle Trends, pr\u00e4sentiert Innovationen und stellt die Weichen f\u00fcr die Zukunft. Besucher und Experten aus aller Welt tauschen sich \u00fcber Schl\u00fcsseltechnologien und spannende Weltneuheiten aus. Neben kunststofferzeugenden Konzernen pr\u00e4sentieren sich vielseitige Verarbeiter-Betriebe, Weltmarktf\u00fchrer des Maschinenbaus und agile Startups aus allen Bereichen der Kunststoff-Wertsch\u00f6pfungskette.\" \/>\n<meta property=\"og:url\" content=\"https:\/\/plasticseurope.org\/de\/2022\/09\/23\/sonderschau-der-k-messe-hier-diskutiert-die-branche-mit-der-welt-die-zukunft-der-kunststoffe\/\" \/>\n<meta property=\"og:site_name\" content=\"Plastics Europe DE\" \/>\n<meta property=\"article:published_time\" content=\"2022-09-23T07:31:35+00:00\" \/>\n<meta property=\"article:modified_time\" content=\"2022-09-23T07:31:37+00:00\" \/>\n<meta property=\"og:image\" content=\"https:\/\/plasticseurope.org\/de\/wp-content\/uploads\/sites\/3\/2022\/09\/K_Visual-frontal-scaled.jpg\" \/>\n\t<meta property=\"og:image:width\" content=\"2560\" \/>\n\t<meta property=\"og:image:height\" content=\"1440\" \/>\n\t<meta property=\"og:image:type\" content=\"image\/jpeg\" \/>\n<meta name=\"author\" content=\"tanjaruehl\" \/>\n<meta name=\"twitter:card\" content=\"summary_large_image\" \/>\n<meta name=\"twitter:label1\" content=\"Verfasst von\" \/>\n\t<meta name=\"twitter:data1\" content=\"tanjaruehl\" \/>\n\t<meta name=\"twitter:label2\" content=\"Gesch\u00e4tzte Lesezeit\" \/>\n\t<meta name=\"twitter:data2\" content=\"5 Minuten\" \/>\n<script type=\"application\/ld+json\" class=\"yoast-schema-graph\">{\"@context\":\"https:\/\/schema.org\",\"@graph\":[{\"@type\":\"WebPage\",\"@id\":\"https:\/\/plasticseurope.org\/de\/2022\/09\/23\/sonderschau-der-k-messe-hier-diskutiert-die-branche-mit-der-welt-die-zukunft-der-kunststoffe\/\",\"url\":\"https:\/\/plasticseurope.org\/de\/2022\/09\/23\/sonderschau-der-k-messe-hier-diskutiert-die-branche-mit-der-welt-die-zukunft-der-kunststoffe\/\",\"name\":\"Sonderschau der K-Messe: Hier diskutiert die Branche mit der Welt die Zukunft der Kunststoffe - Plastics Europe DE\",\"isPartOf\":{\"@id\":\"https:\/\/plasticseurope.org\/de\/#website\"},\"datePublished\":\"2022-09-23T07:31:35+00:00\",\"dateModified\":\"2022-09-23T07:31:37+00:00\",\"author\":{\"@id\":\"https:\/\/plasticseurope.org\/de\/#\/schema\/person\/55e4bc6d67cca31b44f4bfa8879154d7\"},\"description\":\"Die Weltleitmesse f\u00fcr Kunststoffe und Kautschuk K 2022 findet vom 19. bis 26. Oktober in D\u00fcsseldorf statt. Alle drei Jahre demonstriert die Branche in den D\u00fcsseldorfer Messehallen ihre Leistungsf\u00e4higkeit, diskutiert aktuelle Trends, pr\u00e4sentiert Innovationen und stellt die Weichen f\u00fcr die Zukunft. Besucher und Experten aus aller Welt tauschen sich \u00fcber Schl\u00fcsseltechnologien und spannende Weltneuheiten aus. Neben kunststofferzeugenden Konzernen pr\u00e4sentieren sich vielseitige Verarbeiter-Betriebe, Weltmarktf\u00fchrer des Maschinenbaus und agile Startups aus allen Bereichen der Kunststoff-Wertsch\u00f6pfungskette.\",\"breadcrumb\":{\"@id\":\"https:\/\/plasticseurope.org\/de\/2022\/09\/23\/sonderschau-der-k-messe-hier-diskutiert-die-branche-mit-der-welt-die-zukunft-der-kunststoffe\/#breadcrumb\"},\"inLanguage\":\"de-DE\",\"potentialAction\":[{\"@type\":\"ReadAction\",\"target\":[\"https:\/\/plasticseurope.org\/de\/2022\/09\/23\/sonderschau-der-k-messe-hier-diskutiert-die-branche-mit-der-welt-die-zukunft-der-kunststoffe\/\"]}]},{\"@type\":\"BreadcrumbList\",\"@id\":\"https:\/\/plasticseurope.org\/de\/2022\/09\/23\/sonderschau-der-k-messe-hier-diskutiert-die-branche-mit-der-welt-die-zukunft-der-kunststoffe\/#breadcrumb\",\"itemListElement\":[{\"@type\":\"ListItem\",\"position\":1,\"name\":\"Home\",\"item\":\"https:\/\/plasticseurope.org\/de\/\"},{\"@type\":\"ListItem\",\"position\":2,\"name\":\"Sonderschau der K-Messe: Hier diskutiert die Branche mit der Welt die Zukunft der Kunststoffe\"}]},{\"@type\":\"WebSite\",\"@id\":\"https:\/\/plasticseurope.org\/de\/#website\",\"url\":\"https:\/\/plasticseurope.org\/de\/\",\"name\":\"Plastics Europe DE\",\"description\":\"Enabling a sustainable future\",\"potentialAction\":[{\"@type\":\"SearchAction\",\"target\":{\"@type\":\"EntryPoint\",\"urlTemplate\":\"https:\/\/plasticseurope.org\/de\/?s={search_term_string}\"},\"query-input\":\"required name=search_term_string\"}],\"inLanguage\":\"de-DE\"},{\"@type\":\"Person\",\"@id\":\"https:\/\/plasticseurope.org\/de\/#\/schema\/person\/55e4bc6d67cca31b44f4bfa8879154d7\",\"name\":\"tanjaruehl\",\"image\":{\"@type\":\"ImageObject\",\"inLanguage\":\"de-DE\",\"@id\":\"https:\/\/plasticseurope.org\/de\/#\/schema\/person\/image\/\",\"url\":\"https:\/\/secure.gravatar.com\/avatar\/364c719d8d492fd7a6aea4706f81d9072211fb247836d1297db889b489703521?s=96&d=mm&r=g\",\"contentUrl\":\"https:\/\/secure.gravatar.com\/avatar\/364c719d8d492fd7a6aea4706f81d9072211fb247836d1297db889b489703521?s=96&d=mm&r=g\",\"caption\":\"tanjaruehl\"},\"url\":\"https:\/\/plasticseurope.org\/de\/author\/tanjaruehl\/\"}]}<\/script>\n<!-- \/ Yoast SEO plugin. -->","yoast_head_json":{"title":"Sonderschau der K-Messe: Hier diskutiert die Branche mit der Welt die Zukunft der Kunststoffe - Plastics Europe DE","description":"Die Weltleitmesse f\u00fcr Kunststoffe und Kautschuk K 2022 findet vom 19. bis 26. Oktober in D\u00fcsseldorf statt. Alle drei Jahre demonstriert die Branche in den D\u00fcsseldorfer Messehallen ihre Leistungsf\u00e4higkeit, diskutiert aktuelle Trends, pr\u00e4sentiert Innovationen und stellt die Weichen f\u00fcr die Zukunft. Besucher und Experten aus aller Welt tauschen sich \u00fcber Schl\u00fcsseltechnologien und spannende Weltneuheiten aus. Neben kunststofferzeugenden Konzernen pr\u00e4sentieren sich vielseitige Verarbeiter-Betriebe, Weltmarktf\u00fchrer des Maschinenbaus und agile Startups aus allen Bereichen der Kunststoff-Wertsch\u00f6pfungskette.","robots":{"index":"index","follow":"follow","max-snippet":"max-snippet:-1","max-image-preview":"max-image-preview:large","max-video-preview":"max-video-preview:-1"},"canonical":"https:\/\/plasticseurope.org\/de\/2022\/09\/23\/sonderschau-der-k-messe-hier-diskutiert-die-branche-mit-der-welt-die-zukunft-der-kunststoffe\/","og_locale":"de_DE","og_type":"article","og_title":"Sonderschau der K-Messe: Hier diskutiert die Branche mit der Welt die Zukunft der Kunststoffe - Plastics Europe DE","og_description":"Die Weltleitmesse f\u00fcr Kunststoffe und Kautschuk K 2022 findet vom 19. bis 26. Oktober in D\u00fcsseldorf statt. Alle drei Jahre demonstriert die Branche in den D\u00fcsseldorfer Messehallen ihre Leistungsf\u00e4higkeit, diskutiert aktuelle Trends, pr\u00e4sentiert Innovationen und stellt die Weichen f\u00fcr die Zukunft. Besucher und Experten aus aller Welt tauschen sich \u00fcber Schl\u00fcsseltechnologien und spannende Weltneuheiten aus. Neben kunststofferzeugenden Konzernen pr\u00e4sentieren sich vielseitige Verarbeiter-Betriebe, Weltmarktf\u00fchrer des Maschinenbaus und agile Startups aus allen Bereichen der Kunststoff-Wertsch\u00f6pfungskette.","og_url":"https:\/\/plasticseurope.org\/de\/2022\/09\/23\/sonderschau-der-k-messe-hier-diskutiert-die-branche-mit-der-welt-die-zukunft-der-kunststoffe\/","og_site_name":"Plastics Europe DE","article_published_time":"2022-09-23T07:31:35+00:00","article_modified_time":"2022-09-23T07:31:37+00:00","og_image":[{"width":2560,"height":1440,"url":"https:\/\/plasticseurope.org\/de\/wp-content\/uploads\/sites\/3\/2022\/09\/K_Visual-frontal-scaled.jpg","type":"image\/jpeg"}],"author":"tanjaruehl","twitter_card":"summary_large_image","twitter_misc":{"Verfasst von":"tanjaruehl","Gesch\u00e4tzte Lesezeit":"5 Minuten"},"schema":{"@context":"https:\/\/schema.org","@graph":[{"@type":"WebPage","@id":"https:\/\/plasticseurope.org\/de\/2022\/09\/23\/sonderschau-der-k-messe-hier-diskutiert-die-branche-mit-der-welt-die-zukunft-der-kunststoffe\/","url":"https:\/\/plasticseurope.org\/de\/2022\/09\/23\/sonderschau-der-k-messe-hier-diskutiert-die-branche-mit-der-welt-die-zukunft-der-kunststoffe\/","name":"Sonderschau der K-Messe: Hier diskutiert die Branche mit der Welt die Zukunft der Kunststoffe - Plastics Europe DE","isPartOf":{"@id":"https:\/\/plasticseurope.org\/de\/#website"},"datePublished":"2022-09-23T07:31:35+00:00","dateModified":"2022-09-23T07:31:37+00:00","author":{"@id":"https:\/\/plasticseurope.org\/de\/#\/schema\/person\/55e4bc6d67cca31b44f4bfa8879154d7"},"description":"Die Weltleitmesse f\u00fcr Kunststoffe und Kautschuk K 2022 findet vom 19. bis 26. Oktober in D\u00fcsseldorf statt. Alle drei Jahre demonstriert die Branche in den D\u00fcsseldorfer Messehallen ihre Leistungsf\u00e4higkeit, diskutiert aktuelle Trends, pr\u00e4sentiert Innovationen und stellt die Weichen f\u00fcr die Zukunft. Besucher und Experten aus aller Welt tauschen sich \u00fcber Schl\u00fcsseltechnologien und spannende Weltneuheiten aus. Neben kunststofferzeugenden Konzernen pr\u00e4sentieren sich vielseitige Verarbeiter-Betriebe, Weltmarktf\u00fchrer des Maschinenbaus und agile Startups aus allen Bereichen der Kunststoff-Wertsch\u00f6pfungskette.","breadcrumb":{"@id":"https:\/\/plasticseurope.org\/de\/2022\/09\/23\/sonderschau-der-k-messe-hier-diskutiert-die-branche-mit-der-welt-die-zukunft-der-kunststoffe\/#breadcrumb"},"inLanguage":"de-DE","potentialAction":[{"@type":"ReadAction","target":["https:\/\/plasticseurope.org\/de\/2022\/09\/23\/sonderschau-der-k-messe-hier-diskutiert-die-branche-mit-der-welt-die-zukunft-der-kunststoffe\/"]}]},{"@type":"BreadcrumbList","@id":"https:\/\/plasticseurope.org\/de\/2022\/09\/23\/sonderschau-der-k-messe-hier-diskutiert-die-branche-mit-der-welt-die-zukunft-der-kunststoffe\/#breadcrumb","itemListElement":[{"@type":"ListItem","position":1,"name":"Home","item":"https:\/\/plasticseurope.org\/de\/"},{"@type":"ListItem","position":2,"name":"Sonderschau der K-Messe: Hier diskutiert die Branche mit der Welt die Zukunft der Kunststoffe"}]},{"@type":"WebSite","@id":"https:\/\/plasticseurope.org\/de\/#website","url":"https:\/\/plasticseurope.org\/de\/","name":"Plastics Europe DE","description":"Enabling a sustainable future","potentialAction":[{"@type":"SearchAction","target":{"@type":"EntryPoint","urlTemplate":"https:\/\/plasticseurope.org\/de\/?s={search_term_string}"},"query-input":"required name=search_term_string"}],"inLanguage":"de-DE"},{"@type":"Person","@id":"https:\/\/plasticseurope.org\/de\/#\/schema\/person\/55e4bc6d67cca31b44f4bfa8879154d7","name":"tanjaruehl","image":{"@type":"ImageObject","inLanguage":"de-DE","@id":"https:\/\/plasticseurope.org\/de\/#\/schema\/person\/image\/","url":"https:\/\/secure.gravatar.com\/avatar\/364c719d8d492fd7a6aea4706f81d9072211fb247836d1297db889b489703521?s=96&d=mm&r=g","contentUrl":"https:\/\/secure.gravatar.com\/avatar\/364c719d8d492fd7a6aea4706f81d9072211fb247836d1297db889b489703521?s=96&d=mm&r=g","caption":"tanjaruehl"},"url":"https:\/\/plasticseurope.org\/de\/author\/tanjaruehl\/"}]}},"_links":{"self":[{"href":"https:\/\/plasticseurope.org\/de\/wp-json\/wp\/v2\/posts\/2005","targetHints":{"allow":["GET"]}}],"collection":[{"href":"https:\/\/plasticseurope.org\/de\/wp-json\/wp\/v2\/posts"}],"about":[{"href":"https:\/\/plasticseurope.org\/de\/wp-json\/wp\/v2\/types\/post"}],"author":[{"embeddable":true,"href":"https:\/\/plasticseurope.org\/de\/wp-json\/wp\/v2\/users\/30"}],"replies":[{"embeddable":true,"href":"https:\/\/plasticseurope.org\/de\/wp-json\/wp\/v2\/comments?post=2005"}],"version-history":[{"count":0,"href":"https:\/\/plasticseurope.org\/de\/wp-json\/wp\/v2\/posts\/2005\/revisions"}],"wp:featuredmedia":[{"embeddable":true,"href":"https:\/\/plasticseurope.org\/de\/wp-json\/wp\/v2\/media\/2008"}],"wp:attachment":[{"href":"https:\/\/plasticseurope.org\/de\/wp-json\/wp\/v2\/media?parent=2005"}],"wp:term":[{"taxonomy":"category","embeddable":true,"href":"https:\/\/plasticseurope.org\/de\/wp-json\/wp\/v2\/categories?post=2005"},{"taxonomy":"post_tag","embeddable":true,"href":"https:\/\/plasticseurope.org\/de\/wp-json\/wp\/v2\/tags?post=2005"}],"curies":[{"name":"wp","href":"https:\/\/api.w.org\/{rel}","templated":true}]}}