{"id":1926,"date":"2022-06-24T12:14:04","date_gmt":"2022-06-24T12:14:04","guid":{"rendered":"https:\/\/plasticseurope.wpenginepowered.com\/de\/?p=1926"},"modified":"2022-07-04T11:52:50","modified_gmt":"2022-07-04T11:52:50","slug":"un-ocean-conferene-2002","status":"publish","type":"post","link":"https:\/\/plasticseurope.org\/de\/2022\/06\/24\/un-ocean-conferene-2002\/","title":{"rendered":"Die UN Ocean Conference 2022 in Lissabon: Ganz im Zeichen der Nachhaltigkeit"},"content":{"rendered":"\n<h2 class=\"wp-block-heading\"><strong>\u00d6kosystem Ozean im Fokus<\/strong><\/h2>\n\n\n\n<p>Vom 27. Juni bis zum 1. Juli findet die <a href=\"https:\/\/www.un.org\/en\/conferences\/ocean2022\" target=\"_blank\" rel=\"noreferrer noopener\">UN Ocean Conference<\/a> in Lissabon statt. Organisiert wird sie gemeinsam von den Regierungen Kenias und Portugals. Die Konferenz befasst sich mit einer ganzen Reihe an Themen \u2013 von der Kartierung und weiteren Erforschung des Ozeans bis hin zu einer Fischerei, die die Vielfalt in den Meeren nachhaltig sichert. Der Aspekt der Nachhaltigkeit und die Sicherung des \u00d6kosystems Ozean sind dabei die verbindenden Elemente der Konferenz.<\/p>\n\n\n\n<p>So ist es nur konsequent, dass sich bereits der erste Programmpunkt im Anschluss an die Er\u00f6ffnung der UN-Konferenz der Verschmutzung der Weltmeere widmet. Aber auch an den weiteren Konferenztagen wird <em>Marine Litter<\/em> eines der meistdiskutierten Themen sein.<\/p>\n\n\n\n<div style=\"height:100px\" aria-hidden=\"true\" class=\"wp-block-spacer\"><\/div>\n\n\n\n<h2 class=\"wp-block-heading\"><strong>Marine Litter als zentrale Herausforderung<\/strong><\/h2>\n\n\n\n<p>Die Herausforderung des Meeresm\u00fclls geht die Kunststoffindustrie direkt an. Weltweit landen ausgediente Kunststoffe \u2013 oftmals \u00fcber Umwege wie Fl\u00fcsse \u2013 in den Ozeanen. Die Auswirkungen auf das \u00d6kosystem Ozean sind dabei zum Teil nicht einmal abschlie\u00dfend erforscht. Dass dieser Zustand absolut inakzeptabel ist und jeder Form von Nachhaltigkeit widerspricht, ist schon heute klar. Er geht insbesondere auf den Umgang mit Abfall in den Regionen der Welt zur\u00fcck, in denen es keine funktionierenden Abfallsammel- und Managementsysteme gibt. Es gibt keine Zeit mehr zu verlieren, diese endlich z\u00fcgig aufzubauen, denn leider passiert bislang noch viel zu wenig, um den Zustrom von Abf\u00e4llen in Gew\u00e4sser zu stoppen.<\/p>\n\n\n\n<div style=\"height:100px\" aria-hidden=\"true\" class=\"wp-block-spacer\"><\/div>\n\n\n\n<h2 class=\"wp-block-heading\"><strong>Globale Infrastrukturen f\u00fcr die Sammlung von Abf\u00e4llen<\/strong><\/h2>\n\n\n\n<p>Als entwickelte westliche Welt und auch als Industrie stehen wir in der Verantwortung, Regionen mit Nachholbedarf wesentlich mehr zu helfen als bislang. Schon heute ist die EU der gr\u00f6\u00dfte Geber internationaler Hilfe in der Welt und stellt j\u00e4hrlich mehr als 50 Milliarden Euro f\u00fcr die Entwicklungshilfe bereit. Dabei gilt es, k\u00fcnftig eine noch st\u00e4rkere Rolle als Partner f\u00fcr Projekte einzunehmen, die unsere Ozeane weltweit sch\u00fctzen und mithelfen, dass Abf\u00e4lle gesammelt und entsorgt werden. Die Kunststoffindustrie unterst\u00fctzt mit Ressourcen und Know-how, und hat bereits 2011 mit einer <a href=\"https:\/\/www.marinelittersolutions.com\/about-us\/joint-declaration\/\" target=\"_blank\" rel=\"noreferrer noopener\">globalen Deklaration<\/a> weltumspannende Ma\u00dfnahmen gestartet.<\/p>\n\n\n\n<div style=\"height:100px\" aria-hidden=\"true\" class=\"wp-block-spacer\"><\/div>\n\n\n\n<h2 class=\"wp-block-heading\"><strong>Zirkul\u00e4re Wertkunststoffe landen nicht im Ozean<\/strong><\/h2>\n\n\n\n<p>Parallel zu diesen Initiativen gibt es noch mehr zu tun: Wir m\u00fcssen Anwendungen aus Kunststoff zirkul\u00e4rer machen, sodass sie besser zu recyceln sind \u2013 und somit nicht mehr als Abfall, sondern immer als wertvolle Ressource gesehen werden. Wir m\u00fcssen die Recyclingtechnologien verbessern, sodass nicht nur mehr recycelt werden kann, sondern die Rezyklate dank besserer Qualit\u00e4t auch attraktiver werden. Und wir m\u00fcssen offen sein f\u00fcr erg\u00e4nzende Technologien wie chemische Recyclingverfahren, die auch solchen Kunststoff-Anwendungen wieder einen Wert geben, die trotz aller Anstrengungen nicht auf herk\u00f6mmlichem Wege recycelbar sind. Denn selbst wenn die Abfallsammelsysteme global massiv ausgebaut werden: Der echte Anreiz zum verantwortungsvollen Umgang ist es, Kunststoffen zu jedem Zeitpunkt einen Wert zu geben, der sie zu einem handelbaren Rohstoff macht.<\/p>\n\n\n\n<div style=\"height:100px\" aria-hidden=\"true\" class=\"wp-block-spacer\"><\/div>\n\n\n\n<h2 class=\"wp-block-heading\"><strong>Transportverluste als Eintragsweg<\/strong><\/h2>\n\n\n\n<p>Und schlie\u00dflich m\u00fcssen wir auch solche Eintragspfade in die Meere abschn\u00fcren, die bei Produktion und Logistik anfallen, also Pellets, Flocken oder Pulver, die beim Transport in die Natur gelangen. Mit dem Programm <a href=\"https:\/\/www.opcleansweep.eu\/\" target=\"_blank\" rel=\"noreferrer noopener\">Operation Clean Sweep<\/a> stemmen sich bereits heute mehr als 700 europ\u00e4ische Unternehmen und Institutionen diesem Problem entgegen. Kunststoffhersteller, Transport- und Recyclingbetriebe und Teile der Transportinfrastruktur haben sich mit dem Slogan <em>Zero Pellet Loss<\/em> das Ziel gesetzt, vollst\u00e4ndig zu verhindern, dass Kunststoffgranulate bei Transport, Produktion und Recycling nicht in die Natur gelangen.<\/p>\n\n\n\n<p>Wir sehen: Beim Thema Marine Litter, das bei der UN Ocean Conference eine ganz zentrale Rolle spielt, gibt es viel zu tun. Es braucht ein B\u00fcndel an Ma\u00dfnahmen, um M\u00fclleintr\u00e4ge \u00fcberall auf der Welt zu reduzieren. Auf dem Weg hin zu einem neuen Umgang mit Abf\u00e4llen sowie zu mehr Respekt f\u00fcr unsere \u00d6kosysteme kann die UN Ocean Conference zu einem Meilenstein werden. Dass sie zu Beginn der <a href=\"https:\/\/www.oceandecade.org\/\" target=\"_blank\" rel=\"noreferrer noopener\">UN-Dekade<\/a> <em>Ozeanforschung f\u00fcr nachhaltige Entwicklung 2021 \u2013 2030<\/em> stattfindet, in der die UN einen besonderen Fokus auf die Weltmeere legt, sollte uns im Kampf gegen die Verschmutzung der Meere zuversichtlich stimmen!<\/p>\n\n\n\n<div style=\"height:16px\" aria-hidden=\"true\" class=\"wp-block-spacer\"><\/div>\n\n\n\n<p><\/p>\n\n\n\n<div style=\"height:48px\" aria-hidden=\"true\" class=\"wp-block-spacer\"><\/div>\n\n\n","protected":false},"excerpt":{"rendered":"<p>Vom 27. Juni bis zum 1. Juli findet die UN Ocean Conference in Lissabon statt. Organisiert wird sie gemeinsam von\u2026<\/p>\n","protected":false},"author":30,"featured_media":1317,"comment_status":"open","ping_status":"open","sticky":false,"template":"","format":"standard","meta":{"footnotes":""},"categories":[6],"tags":[],"class_list":["post-1926","post","type-post","status-publish","format-standard","has-post-thumbnail","hentry","category-news"],"acf":[],"yoast_head":"<!-- This site is optimized with the Yoast SEO plugin v21.6 - https:\/\/yoast.com\/wordpress\/plugins\/seo\/ -->\n<title>Die UN Ocean Conference 2022 in Lissabon: Ganz im Zeichen der Nachhaltigkeit - Plastics Europe DE<\/title>\n<meta name=\"description\" content=\"Vom 27. Juni bis zum 1. Juli findet die UN Ocean Conference in Lissabon statt. Organisiert wird sie gemeinsam von den Regierungen Kenias und Portugals. Die Konferenz befasst sich mit einer ganzen Reihe an Themen \u2013 von der Kartierung und weiteren Erforschung des Ozeans bis hin zu einer Fischerei, die die Vielfalt in den Meeren nachhaltig sichert. Der Aspekt der Nachhaltigkeit und die Sicherung des \u00d6kosystems Ozean sind dabei die verbindenden Elemente der Konferenz.Umweltminister) v\" \/>\n<meta name=\"robots\" content=\"index, follow, max-snippet:-1, max-image-preview:large, max-video-preview:-1\" \/>\n<link rel=\"canonical\" href=\"https:\/\/plasticseurope.org\/de\/2022\/06\/24\/un-ocean-conferene-2002\/\" \/>\n<meta property=\"og:locale\" content=\"de_DE\" \/>\n<meta property=\"og:type\" content=\"article\" \/>\n<meta property=\"og:title\" content=\"Die UN Ocean Conference 2022 in Lissabon: Ganz im Zeichen der Nachhaltigkeit %\" \/>\n<meta property=\"og:description\" content=\"Die UN Ocean Conference 2022 in Lissabon: Ganz im Zeichen der Nachhaltigkeit\" \/>\n<meta property=\"og:url\" content=\"https:\/\/plasticseurope.org\/de\/2022\/06\/24\/un-ocean-conferene-2002\/\" \/>\n<meta property=\"og:site_name\" content=\"Plastics Europe DE\" \/>\n<meta property=\"article:published_time\" content=\"2022-06-24T12:14:04+00:00\" \/>\n<meta property=\"article:modified_time\" content=\"2022-07-04T11:52:50+00:00\" \/>\n<meta property=\"og:image\" content=\"https:\/\/plasticseurope.org\/de\/wp-content\/uploads\/sites\/3\/2022\/02\/Muell-am-Strand-AdobeStock_206923961-scaled.jpeg\" \/>\n\t<meta property=\"og:image:width\" content=\"2560\" \/>\n\t<meta property=\"og:image:height\" content=\"1920\" \/>\n\t<meta property=\"og:image:type\" content=\"image\/jpeg\" \/>\n<meta name=\"author\" content=\"tanjaruehl\" \/>\n<meta name=\"twitter:card\" content=\"summary_large_image\" \/>\n<meta name=\"twitter:title\" content=\"Die UN Ocean Conference 2022 in Lissabon: Ganz im Zeichen der Nachhaltigkeit\" \/>\n<meta name=\"twitter:description\" content=\"Die UN Ocean Conference 2022 in Lissabon: Ganz im Zeichen der Nachhaltigkeit\" \/>\n<meta name=\"twitter:image\" content=\"https:\/\/plasticseurope.org\/de\/wp-content\/uploads\/sites\/3\/2022\/03\/Header-Muell-am-Strand-AdobeStock_206923961-2-scaled.jpg\" \/>\n<meta name=\"twitter:label1\" content=\"Verfasst von\" \/>\n\t<meta name=\"twitter:data1\" content=\"tanjaruehl\" \/>\n\t<meta name=\"twitter:label2\" content=\"Gesch\u00e4tzte Lesezeit\" \/>\n\t<meta name=\"twitter:data2\" content=\"4 Minuten\" \/>\n<script type=\"application\/ld+json\" class=\"yoast-schema-graph\">{\"@context\":\"https:\/\/schema.org\",\"@graph\":[{\"@type\":\"WebPage\",\"@id\":\"https:\/\/plasticseurope.org\/de\/2022\/06\/24\/un-ocean-conferene-2002\/\",\"url\":\"https:\/\/plasticseurope.org\/de\/2022\/06\/24\/un-ocean-conferene-2002\/\",\"name\":\"Die UN Ocean Conference 2022 in Lissabon: Ganz im Zeichen der Nachhaltigkeit - Plastics Europe DE\",\"isPartOf\":{\"@id\":\"https:\/\/plasticseurope.org\/de\/#website\"},\"datePublished\":\"2022-06-24T12:14:04+00:00\",\"dateModified\":\"2022-07-04T11:52:50+00:00\",\"author\":{\"@id\":\"https:\/\/plasticseurope.org\/de\/#\/schema\/person\/55e4bc6d67cca31b44f4bfa8879154d7\"},\"description\":\"Vom 27. Juni bis zum 1. Juli findet die UN Ocean Conference in Lissabon statt. Organisiert wird sie gemeinsam von den Regierungen Kenias und Portugals. Die Konferenz befasst sich mit einer ganzen Reihe an Themen \u2013 von der Kartierung und weiteren Erforschung des Ozeans bis hin zu einer Fischerei, die die Vielfalt in den Meeren nachhaltig sichert. Der Aspekt der Nachhaltigkeit und die Sicherung des \u00d6kosystems Ozean sind dabei die verbindenden Elemente der Konferenz.Umweltminister) v\",\"breadcrumb\":{\"@id\":\"https:\/\/plasticseurope.org\/de\/2022\/06\/24\/un-ocean-conferene-2002\/#breadcrumb\"},\"inLanguage\":\"de-DE\",\"potentialAction\":[{\"@type\":\"ReadAction\",\"target\":[\"https:\/\/plasticseurope.org\/de\/2022\/06\/24\/un-ocean-conferene-2002\/\"]}]},{\"@type\":\"BreadcrumbList\",\"@id\":\"https:\/\/plasticseurope.org\/de\/2022\/06\/24\/un-ocean-conferene-2002\/#breadcrumb\",\"itemListElement\":[{\"@type\":\"ListItem\",\"position\":1,\"name\":\"Home\",\"item\":\"https:\/\/plasticseurope.org\/de\/\"},{\"@type\":\"ListItem\",\"position\":2,\"name\":\"Die UN Ocean Conference 2022 in Lissabon: Ganz im Zeichen der Nachhaltigkeit\"}]},{\"@type\":\"WebSite\",\"@id\":\"https:\/\/plasticseurope.org\/de\/#website\",\"url\":\"https:\/\/plasticseurope.org\/de\/\",\"name\":\"Plastics Europe DE\",\"description\":\"Enabling a sustainable future\",\"potentialAction\":[{\"@type\":\"SearchAction\",\"target\":{\"@type\":\"EntryPoint\",\"urlTemplate\":\"https:\/\/plasticseurope.org\/de\/?s={search_term_string}\"},\"query-input\":\"required name=search_term_string\"}],\"inLanguage\":\"de-DE\"},{\"@type\":\"Person\",\"@id\":\"https:\/\/plasticseurope.org\/de\/#\/schema\/person\/55e4bc6d67cca31b44f4bfa8879154d7\",\"name\":\"tanjaruehl\",\"image\":{\"@type\":\"ImageObject\",\"inLanguage\":\"de-DE\",\"@id\":\"https:\/\/plasticseurope.org\/de\/#\/schema\/person\/image\/\",\"url\":\"https:\/\/secure.gravatar.com\/avatar\/364c719d8d492fd7a6aea4706f81d9072211fb247836d1297db889b489703521?s=96&d=mm&r=g\",\"contentUrl\":\"https:\/\/secure.gravatar.com\/avatar\/364c719d8d492fd7a6aea4706f81d9072211fb247836d1297db889b489703521?s=96&d=mm&r=g\",\"caption\":\"tanjaruehl\"},\"url\":\"https:\/\/plasticseurope.org\/de\/author\/tanjaruehl\/\"}]}<\/script>\n<!-- \/ Yoast SEO plugin. -->","yoast_head_json":{"title":"Die UN Ocean Conference 2022 in Lissabon: Ganz im Zeichen der Nachhaltigkeit - Plastics Europe DE","description":"Vom 27. Juni bis zum 1. Juli findet die UN Ocean Conference in Lissabon statt. Organisiert wird sie gemeinsam von den Regierungen Kenias und Portugals. Die Konferenz befasst sich mit einer ganzen Reihe an Themen \u2013 von der Kartierung und weiteren Erforschung des Ozeans bis hin zu einer Fischerei, die die Vielfalt in den Meeren nachhaltig sichert. Der Aspekt der Nachhaltigkeit und die Sicherung des \u00d6kosystems Ozean sind dabei die verbindenden Elemente der Konferenz.Umweltminister) v","robots":{"index":"index","follow":"follow","max-snippet":"max-snippet:-1","max-image-preview":"max-image-preview:large","max-video-preview":"max-video-preview:-1"},"canonical":"https:\/\/plasticseurope.org\/de\/2022\/06\/24\/un-ocean-conferene-2002\/","og_locale":"de_DE","og_type":"article","og_title":"Die UN Ocean Conference 2022 in Lissabon: Ganz im Zeichen der Nachhaltigkeit %","og_description":"Die UN Ocean Conference 2022 in Lissabon: Ganz im Zeichen der Nachhaltigkeit","og_url":"https:\/\/plasticseurope.org\/de\/2022\/06\/24\/un-ocean-conferene-2002\/","og_site_name":"Plastics Europe DE","article_published_time":"2022-06-24T12:14:04+00:00","article_modified_time":"2022-07-04T11:52:50+00:00","og_image":[{"width":2560,"height":1920,"url":"https:\/\/plasticseurope.org\/de\/wp-content\/uploads\/sites\/3\/2022\/02\/Muell-am-Strand-AdobeStock_206923961-scaled.jpeg","type":"image\/jpeg"}],"author":"tanjaruehl","twitter_card":"summary_large_image","twitter_title":"Die UN Ocean Conference 2022 in Lissabon: Ganz im Zeichen der Nachhaltigkeit","twitter_description":"Die UN Ocean Conference 2022 in Lissabon: Ganz im Zeichen der Nachhaltigkeit","twitter_image":"https:\/\/plasticseurope.org\/de\/wp-content\/uploads\/sites\/3\/2022\/03\/Header-Muell-am-Strand-AdobeStock_206923961-2-scaled.jpg","twitter_misc":{"Verfasst von":"tanjaruehl","Gesch\u00e4tzte Lesezeit":"4 Minuten"},"schema":{"@context":"https:\/\/schema.org","@graph":[{"@type":"WebPage","@id":"https:\/\/plasticseurope.org\/de\/2022\/06\/24\/un-ocean-conferene-2002\/","url":"https:\/\/plasticseurope.org\/de\/2022\/06\/24\/un-ocean-conferene-2002\/","name":"Die UN Ocean Conference 2022 in Lissabon: Ganz im Zeichen der Nachhaltigkeit - Plastics Europe DE","isPartOf":{"@id":"https:\/\/plasticseurope.org\/de\/#website"},"datePublished":"2022-06-24T12:14:04+00:00","dateModified":"2022-07-04T11:52:50+00:00","author":{"@id":"https:\/\/plasticseurope.org\/de\/#\/schema\/person\/55e4bc6d67cca31b44f4bfa8879154d7"},"description":"Vom 27. Juni bis zum 1. Juli findet die UN Ocean Conference in Lissabon statt. Organisiert wird sie gemeinsam von den Regierungen Kenias und Portugals. Die Konferenz befasst sich mit einer ganzen Reihe an Themen \u2013 von der Kartierung und weiteren Erforschung des Ozeans bis hin zu einer Fischerei, die die Vielfalt in den Meeren nachhaltig sichert. Der Aspekt der Nachhaltigkeit und die Sicherung des \u00d6kosystems Ozean sind dabei die verbindenden Elemente der Konferenz.Umweltminister) v","breadcrumb":{"@id":"https:\/\/plasticseurope.org\/de\/2022\/06\/24\/un-ocean-conferene-2002\/#breadcrumb"},"inLanguage":"de-DE","potentialAction":[{"@type":"ReadAction","target":["https:\/\/plasticseurope.org\/de\/2022\/06\/24\/un-ocean-conferene-2002\/"]}]},{"@type":"BreadcrumbList","@id":"https:\/\/plasticseurope.org\/de\/2022\/06\/24\/un-ocean-conferene-2002\/#breadcrumb","itemListElement":[{"@type":"ListItem","position":1,"name":"Home","item":"https:\/\/plasticseurope.org\/de\/"},{"@type":"ListItem","position":2,"name":"Die UN Ocean Conference 2022 in Lissabon: Ganz im Zeichen der Nachhaltigkeit"}]},{"@type":"WebSite","@id":"https:\/\/plasticseurope.org\/de\/#website","url":"https:\/\/plasticseurope.org\/de\/","name":"Plastics Europe DE","description":"Enabling a sustainable future","potentialAction":[{"@type":"SearchAction","target":{"@type":"EntryPoint","urlTemplate":"https:\/\/plasticseurope.org\/de\/?s={search_term_string}"},"query-input":"required name=search_term_string"}],"inLanguage":"de-DE"},{"@type":"Person","@id":"https:\/\/plasticseurope.org\/de\/#\/schema\/person\/55e4bc6d67cca31b44f4bfa8879154d7","name":"tanjaruehl","image":{"@type":"ImageObject","inLanguage":"de-DE","@id":"https:\/\/plasticseurope.org\/de\/#\/schema\/person\/image\/","url":"https:\/\/secure.gravatar.com\/avatar\/364c719d8d492fd7a6aea4706f81d9072211fb247836d1297db889b489703521?s=96&d=mm&r=g","contentUrl":"https:\/\/secure.gravatar.com\/avatar\/364c719d8d492fd7a6aea4706f81d9072211fb247836d1297db889b489703521?s=96&d=mm&r=g","caption":"tanjaruehl"},"url":"https:\/\/plasticseurope.org\/de\/author\/tanjaruehl\/"}]}},"_links":{"self":[{"href":"https:\/\/plasticseurope.org\/de\/wp-json\/wp\/v2\/posts\/1926","targetHints":{"allow":["GET"]}}],"collection":[{"href":"https:\/\/plasticseurope.org\/de\/wp-json\/wp\/v2\/posts"}],"about":[{"href":"https:\/\/plasticseurope.org\/de\/wp-json\/wp\/v2\/types\/post"}],"author":[{"embeddable":true,"href":"https:\/\/plasticseurope.org\/de\/wp-json\/wp\/v2\/users\/30"}],"replies":[{"embeddable":true,"href":"https:\/\/plasticseurope.org\/de\/wp-json\/wp\/v2\/comments?post=1926"}],"version-history":[{"count":0,"href":"https:\/\/plasticseurope.org\/de\/wp-json\/wp\/v2\/posts\/1926\/revisions"}],"wp:featuredmedia":[{"embeddable":true,"href":"https:\/\/plasticseurope.org\/de\/wp-json\/wp\/v2\/media\/1317"}],"wp:attachment":[{"href":"https:\/\/plasticseurope.org\/de\/wp-json\/wp\/v2\/media?parent=1926"}],"wp:term":[{"taxonomy":"category","embeddable":true,"href":"https:\/\/plasticseurope.org\/de\/wp-json\/wp\/v2\/categories?post=1926"},{"taxonomy":"post_tag","embeddable":true,"href":"https:\/\/plasticseurope.org\/de\/wp-json\/wp\/v2\/tags?post=1926"}],"curies":[{"name":"wp","href":"https:\/\/api.w.org\/{rel}","templated":true}]}}