{"id":1905,"date":"2022-06-23T10:21:09","date_gmt":"2022-06-23T10:21:09","guid":{"rendered":"https:\/\/plasticseurope.wpenginepowered.com\/de\/?p=1905"},"modified":"2022-06-23T10:22:23","modified_gmt":"2022-06-23T10:22:23","slug":"bundesregierung-ruft-alarmstufe-gas-aus","status":"publish","type":"post","link":"https:\/\/plasticseurope.org\/de\/2022\/06\/23\/bundesregierung-ruft-alarmstufe-gas-aus\/","title":{"rendered":"Bundesregierung ruft Alarmstufe Gas aus"},"content":{"rendered":"\n<p class=\"has-large-font-size\"><strong>Belastungen f\u00fcr Kunststofferzeuger d\u00fcrften weiter zunehmen<\/strong><\/p>\n\n\n\n<div style=\"height:16px\" aria-hidden=\"true\" class=\"wp-block-spacer\"><\/div>\n\n\n\n<p>Das Bundeswirtschaftsministerium hat als Reaktion auf die reduzierten Gaslieferungen aus Russland und die anhaltend hohen Preise heute die zweite Stufe des nationalen Notfallplans Gas ausgerufen. \u201eGas ist von nun an ein knappes Gut\u201c, erkl\u00e4rte Wirtschaftsminister Robert Habeck gleich zu Beginn einer Pressekonferenz. Aktuell sei die Versorgungslage zwar gew\u00e4hrleistet, so Habeck, allerdings gelte es nun, die Versorgungssicherheit auch im Winter sicherzustellen und beispielsweise das F\u00fcllen der Gasspeicher weiter voranzutreiben.<\/p>\n\n\n\n<p>Dazu \u00e4u\u00dferte sich der Hauptgesch\u00e4ftsf\u00fchrer des Kunststofferzeugerverbandes, Ingemar B\u00fchler:<br>\u201eDie Rohstoffverf\u00fcgbarkeit und die bereits hohen Beschaffungskosten sind eine gro\u00dfe Herausforderung f\u00fcr die Kunststofferzeugende Industrie. Die Energie- und Rohstoffpreise f\u00fcr unsere Unternehmen sind zuletzt bereits deutlich gestiegen und werden auch perspektivisch zulegen. Eine eins-zu-eins-Weitergabe entlang der Wertsch\u00f6pfungskette und damit zwangsl\u00e4ufig auch an die Verbraucherinnen und Verbraucher ist l\u00e4ngst nicht m\u00f6glich. Unsere Mitgliedsunternehmen stehen f\u00fcr eine hohe Wertsch\u00f6pfung insbesondere in Deutschland und Europa. Hinter ihren Produkten und Anwendungen stehen gr\u00f6\u00dfere Lieferketten, die nicht unterbrochen werden d\u00fcrfen. Wer es mit der Energiewende und dem Klimaschutz ernst meint, muss sicherstellen, dass den Kunststofferzeugern ein planbares Umfeld bleibt \u2013 etwa zur Herstellung von Leichtbau- und D\u00e4mmmaterialien, aber auch f\u00fcr medizinische und weitere essenzielle G\u00fcter des t\u00e4glichen Bedarfs.\u201c<\/p>\n\n\n\n<p>Zum weiteren Umgang mit der Situation meinte B\u00fchler:<br>\u201eEs braucht nun sowohl akut wie langfristig angelegte L\u00f6sungen: Es ist bitter, aber dringend notwendig, dass unter diesen besonderen Umst\u00e4nden die Kohlekraftwerke wieder aus der Reserve genommen werden, um so Gas, das eigentlich f\u00fcr die Elektrifizierung genutzt wird, vom Markt zu nehmen. Dar\u00fcber hinaus gilt es, alternative Quellen der Gasversorgung unter Hochdruck zu erschlie\u00dfen und etwa L\u00e4nder wie die USA, Kanada und Norwegen bei der Ausweitung von Kapazit\u00e4ten zu unterst\u00fctzen. Stichwort Sparen: Hier sind nicht nur die 41 Millionen Haushalte hierzulande in der Pflicht, sondern auch wir als Industrie m\u00fcssen unseren Teil beitragen; aktuelle Zahlen zeigen, dass dies auch geschieht. Jedes Mitglied bei uns schaut aktuell, wo Prozesse noch effizienter gestaltet werden k\u00f6nnen. Unsere Unternehmen beschleunigen zudem ihre Schritte in Richtung eines klimaneutralen Wirtschaftens, sind hier aber auch auf Unterst\u00fctzung aus der Politik angewiesen. Auf lange Sicht braucht es den viel beschworenen Turbo beim Ausbau der erneuerbaren Energien, um die Abh\u00e4ngigkeit von russischem Gas so schnell wie m\u00f6glich zu kappen.\u201c<\/p>\n\n\n\n<p><\/p>\n\n\n\n<div style=\"height:100px\" aria-hidden=\"true\" class=\"wp-block-spacer\"><\/div>\n\n\n\n<div class=\"wp-block-buttons is-layout-flex wp-block-buttons-is-layout-flex\">\n<div class=\"wp-block-button\"><a class=\"wp-block-button__link\" href=\"https:\/\/plasticseurope.org\/de\/wp-content\/uploads\/sites\/3\/2022\/06\/Pressemitteilung-Plastics-Europe-Deutschland-zur-Ausrufung-der-Alarmstufe-Gas.pdf\" target=\"_blank\" rel=\"noreferrer noopener\">Presseinformation downloaden<\/a><\/div>\n<\/div>\n\n\n\n<div style=\"height:100px\" aria-hidden=\"true\" class=\"wp-block-spacer\"><\/div>\n\n\n\n<p>Foto: \u00a9 Evonik Industries AG<\/p>\n\n\n\n<div style=\"height:48px\" aria-hidden=\"true\" class=\"wp-block-spacer\"><\/div>\n\n\n","protected":false},"excerpt":{"rendered":"<p>Belastungen f\u00fcr Kunststofferzeuger d\u00fcrften weiter zunehmen Das Bundeswirtschaftsministerium hat als Reaktion auf die reduzierten Gaslieferungen aus Russland und die anhaltend\u2026<\/p>\n","protected":false},"author":30,"featured_media":1907,"comment_status":"open","ping_status":"open","sticky":false,"template":"","format":"standard","meta":{"footnotes":""},"categories":[7],"tags":[],"class_list":["post-1905","post","type-post","status-publish","format-standard","has-post-thumbnail","hentry","category-pressemitteilungen"],"acf":[],"yoast_head":"<!-- This site is optimized with the Yoast SEO plugin v21.6 - https:\/\/yoast.com\/wordpress\/plugins\/seo\/ -->\n<title>Bundesregierung ruft Alarmstufe Gas aus - Plastics Europe DE<\/title>\n<meta name=\"description\" content=\"Das Bundeswirtschaftsministerium hat als Reaktion auf die reduzierten Gaslieferungen aus Russland und die anhaltend hohen Preise heute die zweite Stufe des nationalen Notfallplans Gas ausgerufen. \u201eGas ist von nun an ein knappes Gut\u201c, erkl\u00e4rte Wirtschaftsminister Robert Habeck gleich zu Beginn einer Pressekonferenz. Aktuell sei die Versorgungslage zwar gew\u00e4hrleistet, so Habeck, allerdings gelte es nun, die Versorgungssicherheit auch im Winter sicherzustellen und beispielsweise das F\u00fcllen der Gasspeicher weiter voranzutreiben.\" \/>\n<meta name=\"robots\" content=\"index, follow, max-snippet:-1, max-image-preview:large, max-video-preview:-1\" \/>\n<link rel=\"canonical\" href=\"https:\/\/plasticseurope.org\/de\/2022\/06\/23\/bundesregierung-ruft-alarmstufe-gas-aus\/\" \/>\n<meta property=\"og:locale\" content=\"de_DE\" \/>\n<meta property=\"og:type\" content=\"article\" \/>\n<meta property=\"og:title\" content=\"Bundesregierung ruft Alarmstufe Gas aus - Plastics Europe DE\" \/>\n<meta property=\"og:description\" content=\"Das Bundeswirtschaftsministerium hat als Reaktion auf die reduzierten Gaslieferungen aus Russland und die anhaltend hohen Preise heute die zweite Stufe des nationalen Notfallplans Gas ausgerufen. \u201eGas ist von nun an ein knappes Gut\u201c, erkl\u00e4rte Wirtschaftsminister Robert Habeck gleich zu Beginn einer Pressekonferenz. Aktuell sei die Versorgungslage zwar gew\u00e4hrleistet, so Habeck, allerdings gelte es nun, die Versorgungssicherheit auch im Winter sicherzustellen und beispielsweise das F\u00fcllen der Gasspeicher weiter voranzutreiben.\" \/>\n<meta property=\"og:url\" content=\"https:\/\/plasticseurope.org\/de\/2022\/06\/23\/bundesregierung-ruft-alarmstufe-gas-aus\/\" \/>\n<meta property=\"og:site_name\" content=\"Plastics Europe DE\" \/>\n<meta property=\"article:published_time\" content=\"2022-06-23T10:21:09+00:00\" \/>\n<meta property=\"article:modified_time\" content=\"2022-06-23T10:22:23+00:00\" \/>\n<meta property=\"og:image\" content=\"https:\/\/plasticseurope.org\/de\/wp-content\/uploads\/sites\/3\/2022\/06\/Chempark-Marl-scaled.jpg\" \/>\n\t<meta property=\"og:image:width\" content=\"2560\" \/>\n\t<meta property=\"og:image:height\" content=\"1709\" \/>\n\t<meta property=\"og:image:type\" content=\"image\/jpeg\" \/>\n<meta name=\"author\" content=\"tanjaruehl\" \/>\n<meta name=\"twitter:card\" content=\"summary_large_image\" \/>\n<meta name=\"twitter:label1\" content=\"Verfasst von\" \/>\n\t<meta name=\"twitter:data1\" content=\"tanjaruehl\" \/>\n\t<meta name=\"twitter:label2\" content=\"Gesch\u00e4tzte Lesezeit\" \/>\n\t<meta name=\"twitter:data2\" content=\"3 Minuten\" \/>\n<script type=\"application\/ld+json\" class=\"yoast-schema-graph\">{\"@context\":\"https:\/\/schema.org\",\"@graph\":[{\"@type\":\"WebPage\",\"@id\":\"https:\/\/plasticseurope.org\/de\/2022\/06\/23\/bundesregierung-ruft-alarmstufe-gas-aus\/\",\"url\":\"https:\/\/plasticseurope.org\/de\/2022\/06\/23\/bundesregierung-ruft-alarmstufe-gas-aus\/\",\"name\":\"Bundesregierung ruft Alarmstufe Gas aus - Plastics Europe DE\",\"isPartOf\":{\"@id\":\"https:\/\/plasticseurope.org\/de\/#website\"},\"datePublished\":\"2022-06-23T10:21:09+00:00\",\"dateModified\":\"2022-06-23T10:22:23+00:00\",\"author\":{\"@id\":\"https:\/\/plasticseurope.org\/de\/#\/schema\/person\/55e4bc6d67cca31b44f4bfa8879154d7\"},\"description\":\"Das Bundeswirtschaftsministerium hat als Reaktion auf die reduzierten Gaslieferungen aus Russland und die anhaltend hohen Preise heute die zweite Stufe des nationalen Notfallplans Gas ausgerufen. \u201eGas ist von nun an ein knappes Gut\u201c, erkl\u00e4rte Wirtschaftsminister Robert Habeck gleich zu Beginn einer Pressekonferenz. Aktuell sei die Versorgungslage zwar gew\u00e4hrleistet, so Habeck, allerdings gelte es nun, die Versorgungssicherheit auch im Winter sicherzustellen und beispielsweise das F\u00fcllen der Gasspeicher weiter voranzutreiben.\",\"breadcrumb\":{\"@id\":\"https:\/\/plasticseurope.org\/de\/2022\/06\/23\/bundesregierung-ruft-alarmstufe-gas-aus\/#breadcrumb\"},\"inLanguage\":\"de-DE\",\"potentialAction\":[{\"@type\":\"ReadAction\",\"target\":[\"https:\/\/plasticseurope.org\/de\/2022\/06\/23\/bundesregierung-ruft-alarmstufe-gas-aus\/\"]}]},{\"@type\":\"BreadcrumbList\",\"@id\":\"https:\/\/plasticseurope.org\/de\/2022\/06\/23\/bundesregierung-ruft-alarmstufe-gas-aus\/#breadcrumb\",\"itemListElement\":[{\"@type\":\"ListItem\",\"position\":1,\"name\":\"Home\",\"item\":\"https:\/\/plasticseurope.org\/de\/\"},{\"@type\":\"ListItem\",\"position\":2,\"name\":\"Bundesregierung ruft Alarmstufe Gas aus\"}]},{\"@type\":\"WebSite\",\"@id\":\"https:\/\/plasticseurope.org\/de\/#website\",\"url\":\"https:\/\/plasticseurope.org\/de\/\",\"name\":\"Plastics Europe DE\",\"description\":\"Enabling a sustainable future\",\"potentialAction\":[{\"@type\":\"SearchAction\",\"target\":{\"@type\":\"EntryPoint\",\"urlTemplate\":\"https:\/\/plasticseurope.org\/de\/?s={search_term_string}\"},\"query-input\":\"required name=search_term_string\"}],\"inLanguage\":\"de-DE\"},{\"@type\":\"Person\",\"@id\":\"https:\/\/plasticseurope.org\/de\/#\/schema\/person\/55e4bc6d67cca31b44f4bfa8879154d7\",\"name\":\"tanjaruehl\",\"image\":{\"@type\":\"ImageObject\",\"inLanguage\":\"de-DE\",\"@id\":\"https:\/\/plasticseurope.org\/de\/#\/schema\/person\/image\/\",\"url\":\"https:\/\/secure.gravatar.com\/avatar\/364c719d8d492fd7a6aea4706f81d9072211fb247836d1297db889b489703521?s=96&d=mm&r=g\",\"contentUrl\":\"https:\/\/secure.gravatar.com\/avatar\/364c719d8d492fd7a6aea4706f81d9072211fb247836d1297db889b489703521?s=96&d=mm&r=g\",\"caption\":\"tanjaruehl\"},\"url\":\"https:\/\/plasticseurope.org\/de\/author\/tanjaruehl\/\"}]}<\/script>\n<!-- \/ Yoast SEO plugin. -->","yoast_head_json":{"title":"Bundesregierung ruft Alarmstufe Gas aus - Plastics Europe DE","description":"Das Bundeswirtschaftsministerium hat als Reaktion auf die reduzierten Gaslieferungen aus Russland und die anhaltend hohen Preise heute die zweite Stufe des nationalen Notfallplans Gas ausgerufen. \u201eGas ist von nun an ein knappes Gut\u201c, erkl\u00e4rte Wirtschaftsminister Robert Habeck gleich zu Beginn einer Pressekonferenz. Aktuell sei die Versorgungslage zwar gew\u00e4hrleistet, so Habeck, allerdings gelte es nun, die Versorgungssicherheit auch im Winter sicherzustellen und beispielsweise das F\u00fcllen der Gasspeicher weiter voranzutreiben.","robots":{"index":"index","follow":"follow","max-snippet":"max-snippet:-1","max-image-preview":"max-image-preview:large","max-video-preview":"max-video-preview:-1"},"canonical":"https:\/\/plasticseurope.org\/de\/2022\/06\/23\/bundesregierung-ruft-alarmstufe-gas-aus\/","og_locale":"de_DE","og_type":"article","og_title":"Bundesregierung ruft Alarmstufe Gas aus - Plastics Europe DE","og_description":"Das Bundeswirtschaftsministerium hat als Reaktion auf die reduzierten Gaslieferungen aus Russland und die anhaltend hohen Preise heute die zweite Stufe des nationalen Notfallplans Gas ausgerufen. \u201eGas ist von nun an ein knappes Gut\u201c, erkl\u00e4rte Wirtschaftsminister Robert Habeck gleich zu Beginn einer Pressekonferenz. Aktuell sei die Versorgungslage zwar gew\u00e4hrleistet, so Habeck, allerdings gelte es nun, die Versorgungssicherheit auch im Winter sicherzustellen und beispielsweise das F\u00fcllen der Gasspeicher weiter voranzutreiben.","og_url":"https:\/\/plasticseurope.org\/de\/2022\/06\/23\/bundesregierung-ruft-alarmstufe-gas-aus\/","og_site_name":"Plastics Europe DE","article_published_time":"2022-06-23T10:21:09+00:00","article_modified_time":"2022-06-23T10:22:23+00:00","og_image":[{"width":2560,"height":1709,"url":"https:\/\/plasticseurope.org\/de\/wp-content\/uploads\/sites\/3\/2022\/06\/Chempark-Marl-scaled.jpg","type":"image\/jpeg"}],"author":"tanjaruehl","twitter_card":"summary_large_image","twitter_misc":{"Verfasst von":"tanjaruehl","Gesch\u00e4tzte Lesezeit":"3 Minuten"},"schema":{"@context":"https:\/\/schema.org","@graph":[{"@type":"WebPage","@id":"https:\/\/plasticseurope.org\/de\/2022\/06\/23\/bundesregierung-ruft-alarmstufe-gas-aus\/","url":"https:\/\/plasticseurope.org\/de\/2022\/06\/23\/bundesregierung-ruft-alarmstufe-gas-aus\/","name":"Bundesregierung ruft Alarmstufe Gas aus - Plastics Europe DE","isPartOf":{"@id":"https:\/\/plasticseurope.org\/de\/#website"},"datePublished":"2022-06-23T10:21:09+00:00","dateModified":"2022-06-23T10:22:23+00:00","author":{"@id":"https:\/\/plasticseurope.org\/de\/#\/schema\/person\/55e4bc6d67cca31b44f4bfa8879154d7"},"description":"Das Bundeswirtschaftsministerium hat als Reaktion auf die reduzierten Gaslieferungen aus Russland und die anhaltend hohen Preise heute die zweite Stufe des nationalen Notfallplans Gas ausgerufen. \u201eGas ist von nun an ein knappes Gut\u201c, erkl\u00e4rte Wirtschaftsminister Robert Habeck gleich zu Beginn einer Pressekonferenz. Aktuell sei die Versorgungslage zwar gew\u00e4hrleistet, so Habeck, allerdings gelte es nun, die Versorgungssicherheit auch im Winter sicherzustellen und beispielsweise das F\u00fcllen der Gasspeicher weiter voranzutreiben.","breadcrumb":{"@id":"https:\/\/plasticseurope.org\/de\/2022\/06\/23\/bundesregierung-ruft-alarmstufe-gas-aus\/#breadcrumb"},"inLanguage":"de-DE","potentialAction":[{"@type":"ReadAction","target":["https:\/\/plasticseurope.org\/de\/2022\/06\/23\/bundesregierung-ruft-alarmstufe-gas-aus\/"]}]},{"@type":"BreadcrumbList","@id":"https:\/\/plasticseurope.org\/de\/2022\/06\/23\/bundesregierung-ruft-alarmstufe-gas-aus\/#breadcrumb","itemListElement":[{"@type":"ListItem","position":1,"name":"Home","item":"https:\/\/plasticseurope.org\/de\/"},{"@type":"ListItem","position":2,"name":"Bundesregierung ruft Alarmstufe Gas aus"}]},{"@type":"WebSite","@id":"https:\/\/plasticseurope.org\/de\/#website","url":"https:\/\/plasticseurope.org\/de\/","name":"Plastics Europe DE","description":"Enabling a sustainable future","potentialAction":[{"@type":"SearchAction","target":{"@type":"EntryPoint","urlTemplate":"https:\/\/plasticseurope.org\/de\/?s={search_term_string}"},"query-input":"required name=search_term_string"}],"inLanguage":"de-DE"},{"@type":"Person","@id":"https:\/\/plasticseurope.org\/de\/#\/schema\/person\/55e4bc6d67cca31b44f4bfa8879154d7","name":"tanjaruehl","image":{"@type":"ImageObject","inLanguage":"de-DE","@id":"https:\/\/plasticseurope.org\/de\/#\/schema\/person\/image\/","url":"https:\/\/secure.gravatar.com\/avatar\/364c719d8d492fd7a6aea4706f81d9072211fb247836d1297db889b489703521?s=96&d=mm&r=g","contentUrl":"https:\/\/secure.gravatar.com\/avatar\/364c719d8d492fd7a6aea4706f81d9072211fb247836d1297db889b489703521?s=96&d=mm&r=g","caption":"tanjaruehl"},"url":"https:\/\/plasticseurope.org\/de\/author\/tanjaruehl\/"}]}},"_links":{"self":[{"href":"https:\/\/plasticseurope.org\/de\/wp-json\/wp\/v2\/posts\/1905","targetHints":{"allow":["GET"]}}],"collection":[{"href":"https:\/\/plasticseurope.org\/de\/wp-json\/wp\/v2\/posts"}],"about":[{"href":"https:\/\/plasticseurope.org\/de\/wp-json\/wp\/v2\/types\/post"}],"author":[{"embeddable":true,"href":"https:\/\/plasticseurope.org\/de\/wp-json\/wp\/v2\/users\/30"}],"replies":[{"embeddable":true,"href":"https:\/\/plasticseurope.org\/de\/wp-json\/wp\/v2\/comments?post=1905"}],"version-history":[{"count":0,"href":"https:\/\/plasticseurope.org\/de\/wp-json\/wp\/v2\/posts\/1905\/revisions"}],"wp:featuredmedia":[{"embeddable":true,"href":"https:\/\/plasticseurope.org\/de\/wp-json\/wp\/v2\/media\/1907"}],"wp:attachment":[{"href":"https:\/\/plasticseurope.org\/de\/wp-json\/wp\/v2\/media?parent=1905"}],"wp:term":[{"taxonomy":"category","embeddable":true,"href":"https:\/\/plasticseurope.org\/de\/wp-json\/wp\/v2\/categories?post=1905"},{"taxonomy":"post_tag","embeddable":true,"href":"https:\/\/plasticseurope.org\/de\/wp-json\/wp\/v2\/tags?post=1905"}],"curies":[{"name":"wp","href":"https:\/\/api.w.org\/{rel}","templated":true}]}}