{"id":1819,"date":"2022-05-20T09:07:59","date_gmt":"2022-05-20T09:07:59","guid":{"rendered":"https:\/\/plasticseurope.wpenginepowered.com\/de\/?p=1819"},"modified":"2022-05-20T11:52:17","modified_gmt":"2022-05-20T11:52:17","slug":"marco-ten-bruggencate-wird-neuer-praesident-von-plastics-europe","status":"publish","type":"post","link":"https:\/\/plasticseurope.org\/de\/2022\/05\/20\/marco-ten-bruggencate-wird-neuer-praesident-von-plastics-europe\/","title":{"rendered":"Marco ten Bruggencate wird neuer Pr\u00e4sident von Plastics Europe"},"content":{"rendered":"\n<p class=\"has-large-font-size\"><strong>ten Bruggencate ist Commercial Vice President EMEA bei Dow<\/strong><\/p>\n\n\n\n<div style=\"height:100px\" aria-hidden=\"true\" class=\"wp-block-spacer\"><\/div>\n\n\n\n<p>Plastics Europe, der Verband der Kunststofferzeuger in Europa, hat mit Marco ten Bruggencate, Commercial Vice President f\u00fcr Verpackung und Spezialkunststoffe EMEA bei Dow, einen neuen Pr\u00e4sidenten. Er folgt auf Dr. Markus Steilemann, CEO von Covestro.<\/p>\n\n\n\n<p>In seiner neuen Funktion wird Marco ten Bruggencate die ambitionierte Nachhaltigkeitsagenda von Plastics Europe und seinen Mitgliedern im Einklang mit dem europ\u00e4ischen Green Deal und den Klimaneutralit\u00e4tszielen der Europ\u00e4ischen Union vorantreiben. Er gratulierte seinem Vorg\u00e4nger f\u00fcr die wichtige Rolle, die dieser bei der aktuellen Transformation der Industrie in Richtung CO<sub>2<\/sub>-Neutralit\u00e4t und Kreislaufwirtschaft gespielt hat. Dies umfasst etwa die F\u00f6rderung ehrgeiziger politischer Positionen wie ein verbindliches EU-Ziel f\u00fcr den Rezyklatanteil bei Kunststoffverpackungen von 30 Prozent bis 2030.<\/p>\n\n\n\n<p>W\u00e4hrend seines zweij\u00e4hrigen Mandats unterst\u00fctzte Dr. Markus Steilemann die Anstrengungen zur Verringerung von Pelletverlusten in die Umwelt unter anderem mit der Einf\u00fchrung des europ\u00e4ischen Zertifizierungssystems Operation Clean Sweep\u00ae, einer kollaborativen Initiative mit der Kunststoffwertsch\u00f6pfungskette. Er gab auch die unabh\u00e4ngige Studie \u201e<a href=\"https:\/\/plasticseurope.org\/reshaping-plastics\/\" target=\"_blank\" rel=\"noreferrer noopener\">ReShaping Plastics: Pathways to a Circular, Climate Neutral Plastics System in Europe<\/a>\u201d in Auftrag und leitete die Umsetzung einer neuen Visual Identity des Verbandes ein, die st\u00e4rker auf Themen wie Treibhausgasneutralit\u00e4t und Kreislaufwirtschaft sowie den grundlegenden Wandel der Branche einzahlt.<\/p>\n\n\n\n<p>Dr. Markus Steilemann dazu: \u201eDie Welt kommt ohne Kunststoffe nicht aus, und ich bin sehr froh, dass ich dazu beitragen konnte, ihre Bedeutung in meiner zweij\u00e4hrigen Amtszeit als Pr\u00e4sident von Plastics Europe hervorzuheben. W\u00e4hrend dieser Zeit haben wir viel erreicht, um unseren Verband noch besser nach den heutigen und zuk\u00fcnftigen weltweiten Herausforderungen auszurichten. Wir werden ein Katalysator der so dringend erforderlichen Ver\u00e4nderungen innerhalb und jenseits der Kunststoffindustrie sein und dabei nachhaltige L\u00f6sungen beschleunigen, die von der Gesellschaft gesch\u00e4tzt werden. Ich w\u00fcnsche meinem Nachfolger Marco ten Bruggencate und dem gesamten Team alles Gute und viel Erfolg f\u00fcr die Zukunft.\u201c<\/p>\n\n\n\n<p>Marco ten Bruggencate, neuer Pr\u00e4sident von Plastics Europe, erg\u00e4nzte: \u201cIch bin stolz darauf, diese wichtige Aufgabe in dieser f\u00fcr unsere Branche herausfordernden, aber spannenden Zeit zu \u00fcbernehmen. Wir machen uns keine Illusionen \u00fcber das Ausma\u00df und die Komplexit\u00e4t des Wandels in unserer Branche und sind uns der entscheidenden Rolle bewusst, die wir bei der Senkung von Emissionen, der Verringerung von Abf\u00e4llen und der Verbesserung der Kreislaufwirtschaft spielen. Um unsere ehrgeizigen Ziele zu erreichen, werden wir weiterhin mutige Entscheidungen treffen und Stellung beziehen, wobei wir den Schwerpunkt auf Taten statt auf Worte legen. Wir haben nicht alle Hebel in der Hand, um diesen Wandel herbeizuf\u00fchren, und wir haben nicht alle Antworten auf die Herausforderungen, vor denen wir und die gesamte Kunststoffwelt stehen. Die Zusammenarbeit mit allen Interessengruppen wird daher entscheidend sein. Ich freue mich sehr auf eine noch engere Zusammenarbeit mit unseren Stakeholdern, um eine wirklich nachhaltige Kunststoffwirtschaft in Europa zu verwirklichen.\u201c<\/p>\n\n\n\n<p><a href=\"https:\/\/app.client.dow.com\/e\/er?s=279295639&amp;lid=23008&amp;elqTrackId=BE00A94E4B063AF0A18FDF33A68D8535&amp;elq=00000000000000000000000000000000&amp;elqaid=10439&amp;elqat=2\">Marco ten Bruggencate<\/a> stieg im Jahr 2000 bei Dow ein und hatte dort verschiedene Positionen in Europa und in den Vereinigten Staaten inne. Vor seiner bisherigen Funktion als Commercial Vice President Packaging &amp; Specialty Plastics EMEA war er zuletzt Global Strategy Director Polyurethanes, CAV &amp; Construction, Global Business Director Building &amp; Construction und Global Business Director Construction Chemicals. Marco ist niederl\u00e4ndischer Staatsangeh\u00f6riger und wohnt derzeit in der Schweiz. Er ist ein lautstarker Verfechter von Inklusion und Diversivit\u00e4t und Co-Vorsitzender des Women\u2019s Inclusion Network bei Dow und Executive Sponsor des Disability Employee Network in der EMEAI-Region.<\/p>\n\n\n\n<div style=\"height:100px\" aria-hidden=\"true\" class=\"wp-block-spacer\"><\/div>\n\n\n\n<div class=\"wp-block-image\"><figure class=\"alignleft size-large\"><a href=\"https:\/\/plasticseurope.org\/de\/wp-content\/uploads\/sites\/3\/2022\/05\/DG_20220519_PlasticsEurope-47-scaled.jpg\"><img loading=\"lazy\" decoding=\"async\" width=\"1024\" height=\"683\" src=\"https:\/\/plasticseurope.org\/de\/wp-content\/uploads\/sites\/3\/2022\/05\/DG_20220519_PlasticsEurope-47-1024x683.jpg\" alt=\"\" class=\"wp-image-1841\" srcset=\"https:\/\/plasticseurope.org\/de\/wp-content\/uploads\/sites\/3\/2022\/05\/DG_20220519_PlasticsEurope-47-1024x683.jpg 1024w, https:\/\/plasticseurope.org\/de\/wp-content\/uploads\/sites\/3\/2022\/05\/DG_20220519_PlasticsEurope-47-300x200.jpg 300w, https:\/\/plasticseurope.org\/de\/wp-content\/uploads\/sites\/3\/2022\/05\/DG_20220519_PlasticsEurope-47-768x512.jpg 768w, https:\/\/plasticseurope.org\/de\/wp-content\/uploads\/sites\/3\/2022\/05\/DG_20220519_PlasticsEurope-47-1536x1024.jpg 1536w, https:\/\/plasticseurope.org\/de\/wp-content\/uploads\/sites\/3\/2022\/05\/DG_20220519_PlasticsEurope-47-2048x1365.jpg 2048w, https:\/\/plasticseurope.org\/de\/wp-content\/uploads\/sites\/3\/2022\/05\/DG_20220519_PlasticsEurope-47-1980x1320.jpg 1980w\" sizes=\"auto, (max-width: 1024px) 100vw, 1024px\" \/><\/a><figcaption>BELGIUM, BRUSSELS, MAY 19, 2022 &#8211; PlasticsEurope Event                       Copyright Danny Gys<\/figcaption><\/figure><\/div>\n\n\n\n<div style=\"height:100px\" aria-hidden=\"true\" class=\"wp-block-spacer\"><\/div>\n\n\n\n<div class=\"wp-block-buttons is-layout-flex wp-block-buttons-is-layout-flex\">\n<div class=\"wp-block-button\"><a class=\"wp-block-button__link\" href=\"https:\/\/plasticseurope.org\/de\/wp-content\/uploads\/sites\/3\/2022\/05\/Presseinformation-Plastics-Europe-Deutschland-Neuer-Praesident-Plastics-Europe-Bruessel.pdf\" target=\"_blank\" rel=\"noreferrer noopener\">Presseinformation herunterladen<\/a><\/div>\n<\/div>\n","protected":false},"excerpt":{"rendered":"<p>ten Bruggencate ist Commercial Vice President EMEA bei Dow Plastics Europe, der Verband der Kunststofferzeuger in Europa, hat mit Marco\u2026<\/p>\n","protected":false},"author":30,"featured_media":1843,"comment_status":"open","ping_status":"open","sticky":false,"template":"","format":"standard","meta":{"footnotes":""},"categories":[7],"tags":[],"class_list":["post-1819","post","type-post","status-publish","format-standard","has-post-thumbnail","hentry","category-pressemitteilungen"],"acf":[],"yoast_head":"<!-- This site is optimized with the Yoast SEO plugin v21.6 - https:\/\/yoast.com\/wordpress\/plugins\/seo\/ -->\n<title>Marco ten Bruggencate wird neuer Pr\u00e4sident von Plastics Europe - Plastics Europe DE<\/title>\n<meta name=\"description\" content=\"Plastics Europe, der Verband der Kunststofferzeuger in Europa, hat mit Marco ten Bruggencate, Commercial Vice President f\u00fcr Verpackung und Spezialkunststoffe EMEA bei Dow, einen neuen Pr\u00e4sidenten. Er folgt auf Dr. Markus Steilemann, CEO von Covestro.\" \/>\n<meta name=\"robots\" content=\"index, follow, max-snippet:-1, max-image-preview:large, max-video-preview:-1\" \/>\n<link rel=\"canonical\" href=\"https:\/\/plasticseurope.org\/de\/2022\/05\/20\/marco-ten-bruggencate-wird-neuer-praesident-von-plastics-europe\/\" \/>\n<meta property=\"og:locale\" content=\"de_DE\" \/>\n<meta property=\"og:type\" content=\"article\" \/>\n<meta property=\"og:title\" content=\"Marco ten Bruggencate wird neuer Pr\u00e4sident von Plastics Europe - Plastics Europe DE\" \/>\n<meta property=\"og:description\" content=\"Plastics Europe, der Verband der Kunststofferzeuger in Europa, hat mit Marco ten Bruggencate, Commercial Vice President f\u00fcr Verpackung und Spezialkunststoffe EMEA bei Dow, einen neuen Pr\u00e4sidenten. Er folgt auf Dr. Markus Steilemann, CEO von Covestro.\" \/>\n<meta property=\"og:url\" content=\"https:\/\/plasticseurope.org\/de\/2022\/05\/20\/marco-ten-bruggencate-wird-neuer-praesident-von-plastics-europe\/\" \/>\n<meta property=\"og:site_name\" content=\"Plastics Europe DE\" \/>\n<meta property=\"article:published_time\" content=\"2022-05-20T09:07:59+00:00\" \/>\n<meta property=\"article:modified_time\" content=\"2022-05-20T11:52:17+00:00\" \/>\n<meta property=\"og:image\" content=\"https:\/\/plasticseurope.org\/de\/wp-content\/uploads\/sites\/3\/2022\/05\/Beitragsbild-scaled.jpg\" \/>\n\t<meta property=\"og:image:width\" content=\"2560\" \/>\n\t<meta property=\"og:image:height\" content=\"954\" \/>\n\t<meta property=\"og:image:type\" content=\"image\/jpeg\" \/>\n<meta name=\"author\" content=\"tanjaruehl\" \/>\n<meta name=\"twitter:card\" content=\"summary_large_image\" \/>\n<meta name=\"twitter:label1\" content=\"Verfasst von\" \/>\n\t<meta name=\"twitter:data1\" content=\"tanjaruehl\" \/>\n\t<meta name=\"twitter:label2\" content=\"Gesch\u00e4tzte Lesezeit\" \/>\n\t<meta name=\"twitter:data2\" content=\"4 Minuten\" \/>\n<script type=\"application\/ld+json\" class=\"yoast-schema-graph\">{\"@context\":\"https:\/\/schema.org\",\"@graph\":[{\"@type\":\"WebPage\",\"@id\":\"https:\/\/plasticseurope.org\/de\/2022\/05\/20\/marco-ten-bruggencate-wird-neuer-praesident-von-plastics-europe\/\",\"url\":\"https:\/\/plasticseurope.org\/de\/2022\/05\/20\/marco-ten-bruggencate-wird-neuer-praesident-von-plastics-europe\/\",\"name\":\"Marco ten Bruggencate wird neuer Pr\u00e4sident von Plastics Europe - Plastics Europe DE\",\"isPartOf\":{\"@id\":\"https:\/\/plasticseurope.org\/de\/#website\"},\"datePublished\":\"2022-05-20T09:07:59+00:00\",\"dateModified\":\"2022-05-20T11:52:17+00:00\",\"author\":{\"@id\":\"https:\/\/plasticseurope.org\/de\/#\/schema\/person\/55e4bc6d67cca31b44f4bfa8879154d7\"},\"description\":\"Plastics Europe, der Verband der Kunststofferzeuger in Europa, hat mit Marco ten Bruggencate, Commercial Vice President f\u00fcr Verpackung und Spezialkunststoffe EMEA bei Dow, einen neuen Pr\u00e4sidenten. Er folgt auf Dr. Markus Steilemann, CEO von Covestro.\",\"breadcrumb\":{\"@id\":\"https:\/\/plasticseurope.org\/de\/2022\/05\/20\/marco-ten-bruggencate-wird-neuer-praesident-von-plastics-europe\/#breadcrumb\"},\"inLanguage\":\"de-DE\",\"potentialAction\":[{\"@type\":\"ReadAction\",\"target\":[\"https:\/\/plasticseurope.org\/de\/2022\/05\/20\/marco-ten-bruggencate-wird-neuer-praesident-von-plastics-europe\/\"]}]},{\"@type\":\"BreadcrumbList\",\"@id\":\"https:\/\/plasticseurope.org\/de\/2022\/05\/20\/marco-ten-bruggencate-wird-neuer-praesident-von-plastics-europe\/#breadcrumb\",\"itemListElement\":[{\"@type\":\"ListItem\",\"position\":1,\"name\":\"Home\",\"item\":\"https:\/\/plasticseurope.org\/de\/\"},{\"@type\":\"ListItem\",\"position\":2,\"name\":\"Marco ten Bruggencate wird neuer Pr\u00e4sident von Plastics Europe\"}]},{\"@type\":\"WebSite\",\"@id\":\"https:\/\/plasticseurope.org\/de\/#website\",\"url\":\"https:\/\/plasticseurope.org\/de\/\",\"name\":\"Plastics Europe DE\",\"description\":\"Enabling a sustainable future\",\"potentialAction\":[{\"@type\":\"SearchAction\",\"target\":{\"@type\":\"EntryPoint\",\"urlTemplate\":\"https:\/\/plasticseurope.org\/de\/?s={search_term_string}\"},\"query-input\":\"required name=search_term_string\"}],\"inLanguage\":\"de-DE\"},{\"@type\":\"Person\",\"@id\":\"https:\/\/plasticseurope.org\/de\/#\/schema\/person\/55e4bc6d67cca31b44f4bfa8879154d7\",\"name\":\"tanjaruehl\",\"image\":{\"@type\":\"ImageObject\",\"inLanguage\":\"de-DE\",\"@id\":\"https:\/\/plasticseurope.org\/de\/#\/schema\/person\/image\/\",\"url\":\"https:\/\/secure.gravatar.com\/avatar\/364c719d8d492fd7a6aea4706f81d9072211fb247836d1297db889b489703521?s=96&d=mm&r=g\",\"contentUrl\":\"https:\/\/secure.gravatar.com\/avatar\/364c719d8d492fd7a6aea4706f81d9072211fb247836d1297db889b489703521?s=96&d=mm&r=g\",\"caption\":\"tanjaruehl\"},\"url\":\"https:\/\/plasticseurope.org\/de\/author\/tanjaruehl\/\"}]}<\/script>\n<!-- \/ Yoast SEO plugin. -->","yoast_head_json":{"title":"Marco ten Bruggencate wird neuer Pr\u00e4sident von Plastics Europe - Plastics Europe DE","description":"Plastics Europe, der Verband der Kunststofferzeuger in Europa, hat mit Marco ten Bruggencate, Commercial Vice President f\u00fcr Verpackung und Spezialkunststoffe EMEA bei Dow, einen neuen Pr\u00e4sidenten. Er folgt auf Dr. Markus Steilemann, CEO von Covestro.","robots":{"index":"index","follow":"follow","max-snippet":"max-snippet:-1","max-image-preview":"max-image-preview:large","max-video-preview":"max-video-preview:-1"},"canonical":"https:\/\/plasticseurope.org\/de\/2022\/05\/20\/marco-ten-bruggencate-wird-neuer-praesident-von-plastics-europe\/","og_locale":"de_DE","og_type":"article","og_title":"Marco ten Bruggencate wird neuer Pr\u00e4sident von Plastics Europe - Plastics Europe DE","og_description":"Plastics Europe, der Verband der Kunststofferzeuger in Europa, hat mit Marco ten Bruggencate, Commercial Vice President f\u00fcr Verpackung und Spezialkunststoffe EMEA bei Dow, einen neuen Pr\u00e4sidenten. Er folgt auf Dr. Markus Steilemann, CEO von Covestro.","og_url":"https:\/\/plasticseurope.org\/de\/2022\/05\/20\/marco-ten-bruggencate-wird-neuer-praesident-von-plastics-europe\/","og_site_name":"Plastics Europe DE","article_published_time":"2022-05-20T09:07:59+00:00","article_modified_time":"2022-05-20T11:52:17+00:00","og_image":[{"width":2560,"height":954,"url":"https:\/\/plasticseurope.org\/de\/wp-content\/uploads\/sites\/3\/2022\/05\/Beitragsbild-scaled.jpg","type":"image\/jpeg"}],"author":"tanjaruehl","twitter_card":"summary_large_image","twitter_misc":{"Verfasst von":"tanjaruehl","Gesch\u00e4tzte Lesezeit":"4 Minuten"},"schema":{"@context":"https:\/\/schema.org","@graph":[{"@type":"WebPage","@id":"https:\/\/plasticseurope.org\/de\/2022\/05\/20\/marco-ten-bruggencate-wird-neuer-praesident-von-plastics-europe\/","url":"https:\/\/plasticseurope.org\/de\/2022\/05\/20\/marco-ten-bruggencate-wird-neuer-praesident-von-plastics-europe\/","name":"Marco ten Bruggencate wird neuer Pr\u00e4sident von Plastics Europe - Plastics Europe DE","isPartOf":{"@id":"https:\/\/plasticseurope.org\/de\/#website"},"datePublished":"2022-05-20T09:07:59+00:00","dateModified":"2022-05-20T11:52:17+00:00","author":{"@id":"https:\/\/plasticseurope.org\/de\/#\/schema\/person\/55e4bc6d67cca31b44f4bfa8879154d7"},"description":"Plastics Europe, der Verband der Kunststofferzeuger in Europa, hat mit Marco ten Bruggencate, Commercial Vice President f\u00fcr Verpackung und Spezialkunststoffe EMEA bei Dow, einen neuen Pr\u00e4sidenten. Er folgt auf Dr. Markus Steilemann, CEO von Covestro.","breadcrumb":{"@id":"https:\/\/plasticseurope.org\/de\/2022\/05\/20\/marco-ten-bruggencate-wird-neuer-praesident-von-plastics-europe\/#breadcrumb"},"inLanguage":"de-DE","potentialAction":[{"@type":"ReadAction","target":["https:\/\/plasticseurope.org\/de\/2022\/05\/20\/marco-ten-bruggencate-wird-neuer-praesident-von-plastics-europe\/"]}]},{"@type":"BreadcrumbList","@id":"https:\/\/plasticseurope.org\/de\/2022\/05\/20\/marco-ten-bruggencate-wird-neuer-praesident-von-plastics-europe\/#breadcrumb","itemListElement":[{"@type":"ListItem","position":1,"name":"Home","item":"https:\/\/plasticseurope.org\/de\/"},{"@type":"ListItem","position":2,"name":"Marco ten Bruggencate wird neuer Pr\u00e4sident von Plastics Europe"}]},{"@type":"WebSite","@id":"https:\/\/plasticseurope.org\/de\/#website","url":"https:\/\/plasticseurope.org\/de\/","name":"Plastics Europe DE","description":"Enabling a sustainable future","potentialAction":[{"@type":"SearchAction","target":{"@type":"EntryPoint","urlTemplate":"https:\/\/plasticseurope.org\/de\/?s={search_term_string}"},"query-input":"required name=search_term_string"}],"inLanguage":"de-DE"},{"@type":"Person","@id":"https:\/\/plasticseurope.org\/de\/#\/schema\/person\/55e4bc6d67cca31b44f4bfa8879154d7","name":"tanjaruehl","image":{"@type":"ImageObject","inLanguage":"de-DE","@id":"https:\/\/plasticseurope.org\/de\/#\/schema\/person\/image\/","url":"https:\/\/secure.gravatar.com\/avatar\/364c719d8d492fd7a6aea4706f81d9072211fb247836d1297db889b489703521?s=96&d=mm&r=g","contentUrl":"https:\/\/secure.gravatar.com\/avatar\/364c719d8d492fd7a6aea4706f81d9072211fb247836d1297db889b489703521?s=96&d=mm&r=g","caption":"tanjaruehl"},"url":"https:\/\/plasticseurope.org\/de\/author\/tanjaruehl\/"}]}},"_links":{"self":[{"href":"https:\/\/plasticseurope.org\/de\/wp-json\/wp\/v2\/posts\/1819","targetHints":{"allow":["GET"]}}],"collection":[{"href":"https:\/\/plasticseurope.org\/de\/wp-json\/wp\/v2\/posts"}],"about":[{"href":"https:\/\/plasticseurope.org\/de\/wp-json\/wp\/v2\/types\/post"}],"author":[{"embeddable":true,"href":"https:\/\/plasticseurope.org\/de\/wp-json\/wp\/v2\/users\/30"}],"replies":[{"embeddable":true,"href":"https:\/\/plasticseurope.org\/de\/wp-json\/wp\/v2\/comments?post=1819"}],"version-history":[{"count":0,"href":"https:\/\/plasticseurope.org\/de\/wp-json\/wp\/v2\/posts\/1819\/revisions"}],"wp:featuredmedia":[{"embeddable":true,"href":"https:\/\/plasticseurope.org\/de\/wp-json\/wp\/v2\/media\/1843"}],"wp:attachment":[{"href":"https:\/\/plasticseurope.org\/de\/wp-json\/wp\/v2\/media?parent=1819"}],"wp:term":[{"taxonomy":"category","embeddable":true,"href":"https:\/\/plasticseurope.org\/de\/wp-json\/wp\/v2\/categories?post=1819"},{"taxonomy":"post_tag","embeddable":true,"href":"https:\/\/plasticseurope.org\/de\/wp-json\/wp\/v2\/tags?post=1819"}],"curies":[{"name":"wp","href":"https:\/\/api.w.org\/{rel}","templated":true}]}}