{"id":13093,"date":"2026-04-29T09:40:16","date_gmt":"2026-04-29T09:40:16","guid":{"rendered":"https:\/\/plasticseurope.org\/de\/?p=13093"},"modified":"2026-04-29T11:32:25","modified_gmt":"2026-04-29T11:32:25","slug":"plastikabgabe-falsches-signal-zur-falschen-zeit","status":"publish","type":"post","link":"https:\/\/plasticseurope.org\/de\/2026\/04\/29\/plastikabgabe-falsches-signal-zur-falschen-zeit\/","title":{"rendered":"Plastikabgabe: Falsches Signal zur falschen Zeit"},"content":{"rendered":"\n<h2 class=\"wp-block-heading\">Geplante Abgabe schadet Umwelt und Industrie <\/h2>\n\n\n\n<p><strong>Frankfurt am Main, 29. April 2026<\/strong> \u2013 Plastics Europe Deutschland, der Verband der Kunststofferzeuger, lehnt die vom Bundesfinanzministerium vorgeschlagene Plastikabgabe klar ab. Der Vorsto\u00df, der in den heute vorgestellten Eckwerten zum Bundeshaushalt 2027 und der Finanzplanung bis 2030 enthalten ist, soll zur Schlie\u00dfung des Haushaltslochs beitragen \u2013 ginge jedoch gleicherma\u00dfen zu Lasten von Wirtschaft und Umwelt.<\/p>\n\n\n\n<div style=\"height:100px\" aria-hidden=\"true\" class=\"wp-block-spacer\"><\/div>\n\n\n\n<h2 class=\"wp-block-heading\">Zus\u00e4tzliche Belastung f\u00fcr eine Branche unter Druck<\/h2>\n\n\n\n<p>Einige Kunststoffprodukte unterliegen bereits heute der sogenannten Sonderabgabe zugunsten des Einwegkunststofffonds. Die geplante zus\u00e4tzliche Abgabe soll der nationalen Umlage des EU\u2011Eigenmittels aus nicht\u2011recycelten Kunststoffverpackungen dienen. Angesichts der angespannten wirtschaftlichen Lage w\u00e4re eine weitere Abgabe ein fatales industriepolitisches Signal. Die Kunststoffindustrie leidet bereits heute unter hohen Energiepreisen, b\u00fcrokratischen H\u00fcrden, wachsender Regulierung und deutlichen Wettbewerbsnachteilen. W\u00e4hrend die weltweite Kunststoffproduktion weiter w\u00e4chst, ist die Produktion in Deutschland innerhalb von vier Jahren um 26 Prozent zur\u00fcckgegangen. Eine nationale Sonderabgabe w\u00fcrde diese Entwicklung versch\u00e4rfen und Investitionen sowie Arbeitspl\u00e4tze zus\u00e4tzlich gef\u00e4hrden.<\/p>\n\n\n\n<div style=\"height:100px\" aria-hidden=\"true\" class=\"wp-block-spacer\"><\/div>\n\n\n\n<h2 class=\"wp-block-heading\">Keine Lenkungswirkung \u2013 falsche \u00f6kologische Anreize<\/h2>\n\n\n\n<p>Auch aus \u00f6kologischer Sicht ist der Vorschlag fatal. W\u00e4hrend das EU-Eigenmittel \u201ePlastikabgabe\u201c eine Lenkungswirkung lediglich verfehlt, versursacht eine national umgesetzte einseitige Plastikabgabe eine Lenkungswirkung <em>gegen Recycling und Kreislaufwirtschaft<\/em>. Bereits 2023 hatte das Umweltbundesamt (UBA) in seiner Studie \u201eUntersuchung \u00f6konomischer Instrumente auf Basis des EU-Eigenmittels f\u00fcr nicht recycelte Kunststoffverpackungsabf\u00e4lle\u201c klar festgestellt: Eine materialbezogene Abgabe entfaltet keine positive Lenkungswirkung f\u00fcr Klima\u2011 und Ressourcenschutz, sondern l\u00f6st erhebliche Substitutionseffekte aus und ist \u00f6kologisch nicht sinnvoll.<\/p>\n\n\n\n<p>Eine einseitige Plastikabgabe schadet Kreislaufwirtschaft und Klimaschutz: In der Praxis wird h\u00e4ufig auf alternative Materialien ausgewichen, die oft ressourcenintensiver sind und schlechter recycelt werden k\u00f6nnen. Besonders problematisch sind faserbasierte, kunststoffbeschichtete Verbundverpackungen. Sie gelten statistisch als Kunststoffvermeidung, f\u00fchren jedoch h\u00e4ufig zu mehr Abfall und geringerer Recyclingf\u00e4higkeit. Bereits 2023 kam das Umweltbundesamt zu dem Schluss, dass eine einseitige Kunststoffbelastung kein geeignetes Instrument ist.<\/p>\n\n\n\n<p>Dass nun erneut ein solcher Vorsto\u00df unternommen wird, ist fachlich wie industriepolitisch nicht nachvollziehbar. Besonders erstaunlich ist der Zeitpunkt des Vorsto\u00dfes. So hat \u00d6sterreich erst vor einer Woche aus den genannten Gr\u00fcnden entschieden, eine nationale Umlage der Abgabe nicht weiterzuverfolgen. <\/p>\n\n\n\n<div style=\"height:100px\" aria-hidden=\"true\" class=\"wp-block-spacer\"><\/div>\n\n\n\n<h2 class=\"wp-block-heading\">Mehr noch:<\/h2>\n\n\n\n<h2 class=\"wp-block-heading\">Transformation braucht Anreize statt Symbolpolitik<\/h2>\n\n\n\n<p>Plastics Europe Deutschland weist die Idee einer nationalen Plastikabgabe daher entschieden zur\u00fcck. Statt neuer Belastungen braucht es gezielte Anreize, die Kreislaufwirtschaft tats\u00e4chlich st\u00e4rken \u2013 wie einer\u00a0\u00d6komodullierung\u00a0der Lizenzentgelte im Verpackungsbereich (\u00a7 26\u00a0VerpackDG), die zirkul\u00e4res Verpackungsdesign\u00a0und den Einsatz nicht-fossiler Rohstoffe\u00a0konsequent belohnt.<a id=\"_msocom_1\"><\/a><\/p>\n\n\n\n<div style=\"height:100px\" aria-hidden=\"true\" class=\"wp-block-spacer\"><\/div>\n\n\n\n<h2 class=\"wp-block-heading\">Pressefotos zum freien Download<\/h2>\n\n\n\n<div style=\"height:100px\" aria-hidden=\"true\" class=\"wp-block-spacer is-style-small\"><\/div>\n\n\n\n<figure class=\"wp-block-image size-full\"><a href=\"https:\/\/plasticseurope.org\/de\/wp-content\/uploads\/sites\/3\/2026\/04\/Chrsitine-Bunte-Plastiksteuer.jpg\"><img loading=\"lazy\" decoding=\"async\" width=\"1920\" height=\"1080\" src=\"https:\/\/plasticseurope.org\/de\/wp-content\/uploads\/sites\/3\/2026\/04\/Chrsitine-Bunte-Plastiksteuer.jpg\" alt=\"\" class=\"wp-image-13094\" srcset=\"https:\/\/plasticseurope.org\/de\/wp-content\/uploads\/sites\/3\/2026\/04\/Chrsitine-Bunte-Plastiksteuer.jpg 1920w, https:\/\/plasticseurope.org\/de\/wp-content\/uploads\/sites\/3\/2026\/04\/Chrsitine-Bunte-Plastiksteuer-300x169.jpg 300w, https:\/\/plasticseurope.org\/de\/wp-content\/uploads\/sites\/3\/2026\/04\/Chrsitine-Bunte-Plastiksteuer-1024x576.jpg 1024w, https:\/\/plasticseurope.org\/de\/wp-content\/uploads\/sites\/3\/2026\/04\/Chrsitine-Bunte-Plastiksteuer-768x432.jpg 768w, https:\/\/plasticseurope.org\/de\/wp-content\/uploads\/sites\/3\/2026\/04\/Chrsitine-Bunte-Plastiksteuer-1536x864.jpg 1536w, https:\/\/plasticseurope.org\/de\/wp-content\/uploads\/sites\/3\/2026\/04\/Chrsitine-Bunte-Plastiksteuer-1280x720.jpg 1280w\" sizes=\"auto, (max-width: 1920px) 100vw, 1920px\" \/><\/a><figcaption class=\"wp-element-caption\"><em><em><em>Dr. Christine Bunte, <\/em><\/em><\/em>Hauptgesch\u00e4ftsf\u00fchrerin von Plastics Europe Deutschland, dem Verband der Kunststofferzeuger &nbsp;\u00a9 Plastics Europe Deutschland<\/figcaption><\/figure>\n\n\n\n<div id=\"explore-block_29e637f5c42934174934741f61bd8ee1\" class=\"explore-further\">\n  <div class=\"flex flex-col bg-mist-900 rounded-md mt-8 md:mt-28 md:w-1\/2 md:mr-auto\">\n    <div class=\"flex-1 relative p-6 md:px-10 md:py-8\">\n      <div class=\"absolute top-0 left-0 p-5 inline-block transform -translate-x-1\/2 -translate-y-1\/2\">\n      <\/div>\n      \n\n<h3 class=\"wp-block-heading\">Weiterf\u00fchrende Links<\/h3>\n\n\n\n<p><a href=\"https:\/\/plasticseurope.org\/de\/nachhaltigkeit\/kreislaufwirtschaft\/abfallmanagement-und-abfallvermeidung\/plastiksteuer\/\">Die Plastiksteuer: Was Sie wissen m\u00fcssen<\/a><\/p>\n\n\n\n<p><a href=\"https:\/\/plasticseurope.org\/de\/wp-content\/uploads\/sites\/3\/2024\/02\/2024-02-14-Vorschlaege-Plastiksteuer-Verbaendepapier.pdf\">Positionspapier: zielf\u00fchrende Alternativen zur Plastiksteuer<\/a><\/p>\n\n\n    <\/div>\n  <\/div>\n<\/div>\n\n\n\n<div style=\"height:100px\" aria-hidden=\"true\" class=\"wp-block-spacer is-style-small\"><\/div>\n\n\n\n<div style=\"height:16px\" aria-hidden=\"true\" class=\"wp-block-spacer is-style-medium\"><\/div>\n\n\n\n<h2 class=\"wp-block-heading\">\u00dcber den Verband<\/h2>\n\n\n\n<p><em><em><em><strong>Plastics Europe<\/strong> ist der paneurop\u00e4ische Verband der Kunststoffhersteller mit B\u00fcros in ganz Europa. Seit \u00fcber 100 Jahren pr\u00e4gen Wissenschaft und Innovation die DNA unserer Branche. Unsere Mitglieder stellen \u00fcber 90 % aller Polymere in der EU27+3 (Norwegen, Schweiz, UK) her. Wir verstehen uns als Impulsgeber der Industrie, mit der Verantwortung, im offenen Dialog mit Stakeholdern sichere, kreislauforientierte und nachhaltige L\u00f6sungen zu entwickeln. Unser Ziel ist es, langfristig positive Ver\u00e4nderungen zu gestalten.<\/em><\/em><\/em><\/p>\n\n\n\n<div style=\"height:16px\" aria-hidden=\"true\" class=\"wp-block-spacer is-style-medium\"><\/div>\n\n\n\n<hr class=\"wp-block-separator has-text-color has-jade-color has-alpha-channel-opacity has-jade-background-color has-background\" \/>\n\n\n\n<div style=\"height:16px\" aria-hidden=\"true\" class=\"wp-block-spacer is-style-medium\"><\/div>\n\n\n\n<div class=\"wp-block-columns is-layout-flex wp-container-core-columns-is-layout-28f84493 wp-block-columns-is-layout-flex\">\n<div class=\"wp-block-column is-layout-flow wp-block-column-is-layout-flow\" style=\"flex-basis:63%\">\n<div class=\"wp-block-group is-layout-flow wp-block-group-is-layout-flow\">\n<figure class=\"wp-block-image size-full rounded-md overflow-hidden\"><img loading=\"lazy\" decoding=\"async\" width=\"540\" height=\"540\" src=\"https:\/\/plasticseurope.org\/de\/wp-content\/uploads\/sites\/3\/2023\/07\/Portrait_Bettina-Dempewolf_c_PlasticsEurope_540x540.png\" alt=\"Bettina Dempewolf: Sechs Ma\u00dfnahmen, die langfristig gegen das M\u00fcllproblem helfen\" class=\"wp-image-3107\" srcset=\"https:\/\/plasticseurope.org\/de\/wp-content\/uploads\/sites\/3\/2023\/07\/Portrait_Bettina-Dempewolf_c_PlasticsEurope_540x540.png 540w, https:\/\/plasticseurope.org\/de\/wp-content\/uploads\/sites\/3\/2023\/07\/Portrait_Bettina-Dempewolf_c_PlasticsEurope_540x540-300x300.png 300w, https:\/\/plasticseurope.org\/de\/wp-content\/uploads\/sites\/3\/2023\/07\/Portrait_Bettina-Dempewolf_c_PlasticsEurope_540x540-150x150.png 150w\" sizes=\"auto, (max-width: 540px) 100vw, 540px\" \/><\/figure>\n<\/div>\n<\/div>\n\n\n\n<div class=\"wp-block-column is-layout-flow wp-block-column-is-layout-flow\" style=\"flex-basis:250%\">\n<p>Ihre Ansprechpartnerin bei Plastics Europe Deutschland:<\/p>\n\n\n\n<p><strong>Bettina Dempewolf<\/strong><br>Leiterin Kommunikation<br>Telefon: +49 171 9713962<\/p>\n\n\n\n<div class=\"wp-block-buttons is-layout-flex wp-block-buttons-is-layout-flex\">\n<div class=\"wp-block-button\"><a class=\"wp-block-button__link has-white-color has-jade-background-color has-text-color has-background wp-element-button\" href=\"https:\/\/plasticseurope.org\/de\/wp-content\/uploads\/sites\/3\/2025\/12\/Pressemappe-CR-Studie.zip\">Link zur Pressemappe<\/a><\/div>\n<\/div>\n\n\n\n<div style=\"height:16px\" aria-hidden=\"true\" class=\"wp-block-spacer is-style-small\"><\/div>\n\n\n\n<p><em>Inklusive PDF-Report und Pressefotos.<\/em><\/p>\n<\/div>\n<\/div>\n\n\n\n<hr class=\"wp-block-separator has-text-color has-jade-color has-alpha-channel-opacity has-jade-background-color has-background\" \/>\n\n\n\n<p><\/p>\n","protected":false},"excerpt":{"rendered":"<p>Plastics Europe Deutschland, der Verband der Kunststofferzeuger, lehnt die vom Bundesfinanzministerium vorgeschlagene Plastikabgabe klar ab.<\/p>\n","protected":false},"author":1,"featured_media":13094,"comment_status":"closed","ping_status":"closed","sticky":false,"template":"","format":"standard","meta":{"footnotes":""},"categories":[6,7],"tags":[88,316,125,85,123,317,207],"class_list":["post-13093","post","type-post","status-publish","format-standard","has-post-thumbnail","hentry","category-news","category-pressemitteilungen","tag-kunststoff","tag-plastikabgabe","tag-plastiksteuer","tag-recycling","tag-transformation","tag-verpackung","tag-wettbewerbsfaehigkeit"],"acf":[],"yoast_head":"<!-- This site is optimized with the Yoast SEO plugin v21.6 - https:\/\/yoast.com\/wordpress\/plugins\/seo\/ -->\n<title>Plastikabgabe: Falsches Signal zur falschen Zeit<\/title>\n<meta name=\"description\" content=\"Plastics Europe Deutschland, der Verband der Kunststofferzeuger, lehnt die vom Bundesfinanzministerium vorgeschlagene Plastikabgabe klar ab.\" \/>\n<meta name=\"robots\" content=\"index, follow, max-snippet:-1, max-image-preview:large, max-video-preview:-1\" \/>\n<link rel=\"canonical\" href=\"https:\/\/plasticseurope.org\/de\/2026\/04\/29\/plastikabgabe-falsches-signal-zur-falschen-zeit\/\" \/>\n<meta property=\"og:locale\" content=\"de_DE\" \/>\n<meta property=\"og:type\" content=\"article\" \/>\n<meta property=\"og:title\" content=\"Plastikabgabe: Falsches Signal zur falschen Zeit\" \/>\n<meta property=\"og:description\" content=\"Plastics Europe Deutschland, der Verband der Kunststofferzeuger, lehnt die vom Bundesfinanzministerium vorgeschlagene Plastikabgabe klar ab.\" \/>\n<meta property=\"og:url\" content=\"https:\/\/plasticseurope.org\/de\/2026\/04\/29\/plastikabgabe-falsches-signal-zur-falschen-zeit\/\" \/>\n<meta property=\"og:site_name\" content=\"Plastics Europe DE\" \/>\n<meta property=\"article:published_time\" content=\"2026-04-29T09:40:16+00:00\" \/>\n<meta property=\"article:modified_time\" content=\"2026-04-29T11:32:25+00:00\" \/>\n<meta property=\"og:image\" content=\"https:\/\/plasticseurope.org\/de\/wp-content\/uploads\/sites\/3\/2026\/04\/Chrsitine-Bunte-Plastiksteuer.jpg\" \/>\n\t<meta property=\"og:image:width\" content=\"1920\" \/>\n\t<meta property=\"og:image:height\" content=\"1080\" \/>\n\t<meta property=\"og:image:type\" content=\"image\/jpeg\" \/>\n<meta name=\"author\" content=\"admin\" \/>\n<meta name=\"twitter:card\" content=\"summary_large_image\" \/>\n<meta name=\"twitter:title\" content=\"Plastikabgabe: Falsches Signal zur falschen Zeit\" \/>\n<meta name=\"twitter:description\" content=\"Plastics Europe Deutschland, der Verband der Kunststofferzeuger, lehnt die vom Bundesfinanzministerium vorgeschlagene Plastikabgabe klar ab.\" \/>\n<meta name=\"twitter:image\" content=\"https:\/\/plasticseurope.org\/de\/wp-content\/uploads\/sites\/3\/2026\/04\/Chrsitine-Bunte-Plastiksteuer.jpg\" \/>\n<meta name=\"twitter:creator\" content=\"@wp-admin\" \/>\n<meta name=\"twitter:label1\" content=\"Verfasst von\" \/>\n\t<meta name=\"twitter:data1\" content=\"admin\" \/>\n\t<meta name=\"twitter:label2\" content=\"Gesch\u00e4tzte Lesezeit\" \/>\n\t<meta name=\"twitter:data2\" content=\"4 Minuten\" \/>\n<script type=\"application\/ld+json\" class=\"yoast-schema-graph\">{\"@context\":\"https:\/\/schema.org\",\"@graph\":[{\"@type\":\"WebPage\",\"@id\":\"https:\/\/plasticseurope.org\/de\/2026\/04\/29\/plastikabgabe-falsches-signal-zur-falschen-zeit\/\",\"url\":\"https:\/\/plasticseurope.org\/de\/2026\/04\/29\/plastikabgabe-falsches-signal-zur-falschen-zeit\/\",\"name\":\"Plastikabgabe: Falsches Signal zur falschen Zeit\",\"isPartOf\":{\"@id\":\"https:\/\/plasticseurope.org\/de\/#website\"},\"datePublished\":\"2026-04-29T09:40:16+00:00\",\"dateModified\":\"2026-04-29T11:32:25+00:00\",\"author\":{\"@id\":\"https:\/\/plasticseurope.org\/de\/#\/schema\/person\/1b7f52b3f1507100c36b9dac252b749a\"},\"description\":\"Plastics Europe Deutschland, der Verband der Kunststofferzeuger, lehnt die vom Bundesfinanzministerium vorgeschlagene Plastikabgabe klar ab.\",\"breadcrumb\":{\"@id\":\"https:\/\/plasticseurope.org\/de\/2026\/04\/29\/plastikabgabe-falsches-signal-zur-falschen-zeit\/#breadcrumb\"},\"inLanguage\":\"de-DE\",\"potentialAction\":[{\"@type\":\"ReadAction\",\"target\":[\"https:\/\/plasticseurope.org\/de\/2026\/04\/29\/plastikabgabe-falsches-signal-zur-falschen-zeit\/\"]}]},{\"@type\":\"BreadcrumbList\",\"@id\":\"https:\/\/plasticseurope.org\/de\/2026\/04\/29\/plastikabgabe-falsches-signal-zur-falschen-zeit\/#breadcrumb\",\"itemListElement\":[{\"@type\":\"ListItem\",\"position\":1,\"name\":\"Home\",\"item\":\"https:\/\/plasticseurope.org\/de\/\"},{\"@type\":\"ListItem\",\"position\":2,\"name\":\"Plastikabgabe: Falsches Signal zur falschen Zeit\"}]},{\"@type\":\"WebSite\",\"@id\":\"https:\/\/plasticseurope.org\/de\/#website\",\"url\":\"https:\/\/plasticseurope.org\/de\/\",\"name\":\"Plastics Europe DE\",\"description\":\"Enabling a sustainable future\",\"potentialAction\":[{\"@type\":\"SearchAction\",\"target\":{\"@type\":\"EntryPoint\",\"urlTemplate\":\"https:\/\/plasticseurope.org\/de\/?s={search_term_string}\"},\"query-input\":\"required name=search_term_string\"}],\"inLanguage\":\"de-DE\"},{\"@type\":\"Person\",\"@id\":\"https:\/\/plasticseurope.org\/de\/#\/schema\/person\/1b7f52b3f1507100c36b9dac252b749a\",\"name\":\"admin\",\"image\":{\"@type\":\"ImageObject\",\"inLanguage\":\"de-DE\",\"@id\":\"https:\/\/plasticseurope.org\/de\/#\/schema\/person\/image\/\",\"url\":\"https:\/\/secure.gravatar.com\/avatar\/efc201767be6b43dfb89fdc85d2874f9ce0d79f7f853bd7c271900cd369fa0f8?s=96&d=mm&r=g\",\"contentUrl\":\"https:\/\/secure.gravatar.com\/avatar\/efc201767be6b43dfb89fdc85d2874f9ce0d79f7f853bd7c271900cd369fa0f8?s=96&d=mm&r=g\",\"caption\":\"admin\"},\"sameAs\":[\"https:\/\/plasticseurope.org\/\",\"https:\/\/twitter.com\/wp-admin\"],\"url\":\"https:\/\/plasticseurope.org\/de\/author\/wp-admin\/\"}]}<\/script>\n<!-- \/ Yoast SEO plugin. -->","yoast_head_json":{"title":"Plastikabgabe: Falsches Signal zur falschen Zeit","description":"Plastics Europe Deutschland, der Verband der Kunststofferzeuger, lehnt die vom Bundesfinanzministerium vorgeschlagene Plastikabgabe klar ab.","robots":{"index":"index","follow":"follow","max-snippet":"max-snippet:-1","max-image-preview":"max-image-preview:large","max-video-preview":"max-video-preview:-1"},"canonical":"https:\/\/plasticseurope.org\/de\/2026\/04\/29\/plastikabgabe-falsches-signal-zur-falschen-zeit\/","og_locale":"de_DE","og_type":"article","og_title":"Plastikabgabe: Falsches Signal zur falschen Zeit","og_description":"Plastics Europe Deutschland, der Verband der Kunststofferzeuger, lehnt die vom Bundesfinanzministerium vorgeschlagene Plastikabgabe klar ab.","og_url":"https:\/\/plasticseurope.org\/de\/2026\/04\/29\/plastikabgabe-falsches-signal-zur-falschen-zeit\/","og_site_name":"Plastics Europe DE","article_published_time":"2026-04-29T09:40:16+00:00","article_modified_time":"2026-04-29T11:32:25+00:00","og_image":[{"width":1920,"height":1080,"url":"https:\/\/plasticseurope.org\/de\/wp-content\/uploads\/sites\/3\/2026\/04\/Chrsitine-Bunte-Plastiksteuer.jpg","type":"image\/jpeg"}],"author":"admin","twitter_card":"summary_large_image","twitter_title":"Plastikabgabe: Falsches Signal zur falschen Zeit","twitter_description":"Plastics Europe Deutschland, der Verband der Kunststofferzeuger, lehnt die vom Bundesfinanzministerium vorgeschlagene Plastikabgabe klar ab.","twitter_image":"https:\/\/plasticseurope.org\/de\/wp-content\/uploads\/sites\/3\/2026\/04\/Chrsitine-Bunte-Plastiksteuer.jpg","twitter_creator":"@wp-admin","twitter_misc":{"Verfasst von":"admin","Gesch\u00e4tzte Lesezeit":"4 Minuten"},"schema":{"@context":"https:\/\/schema.org","@graph":[{"@type":"WebPage","@id":"https:\/\/plasticseurope.org\/de\/2026\/04\/29\/plastikabgabe-falsches-signal-zur-falschen-zeit\/","url":"https:\/\/plasticseurope.org\/de\/2026\/04\/29\/plastikabgabe-falsches-signal-zur-falschen-zeit\/","name":"Plastikabgabe: Falsches Signal zur falschen Zeit","isPartOf":{"@id":"https:\/\/plasticseurope.org\/de\/#website"},"datePublished":"2026-04-29T09:40:16+00:00","dateModified":"2026-04-29T11:32:25+00:00","author":{"@id":"https:\/\/plasticseurope.org\/de\/#\/schema\/person\/1b7f52b3f1507100c36b9dac252b749a"},"description":"Plastics Europe Deutschland, der Verband der Kunststofferzeuger, lehnt die vom Bundesfinanzministerium vorgeschlagene Plastikabgabe klar ab.","breadcrumb":{"@id":"https:\/\/plasticseurope.org\/de\/2026\/04\/29\/plastikabgabe-falsches-signal-zur-falschen-zeit\/#breadcrumb"},"inLanguage":"de-DE","potentialAction":[{"@type":"ReadAction","target":["https:\/\/plasticseurope.org\/de\/2026\/04\/29\/plastikabgabe-falsches-signal-zur-falschen-zeit\/"]}]},{"@type":"BreadcrumbList","@id":"https:\/\/plasticseurope.org\/de\/2026\/04\/29\/plastikabgabe-falsches-signal-zur-falschen-zeit\/#breadcrumb","itemListElement":[{"@type":"ListItem","position":1,"name":"Home","item":"https:\/\/plasticseurope.org\/de\/"},{"@type":"ListItem","position":2,"name":"Plastikabgabe: Falsches Signal zur falschen Zeit"}]},{"@type":"WebSite","@id":"https:\/\/plasticseurope.org\/de\/#website","url":"https:\/\/plasticseurope.org\/de\/","name":"Plastics Europe DE","description":"Enabling a sustainable future","potentialAction":[{"@type":"SearchAction","target":{"@type":"EntryPoint","urlTemplate":"https:\/\/plasticseurope.org\/de\/?s={search_term_string}"},"query-input":"required name=search_term_string"}],"inLanguage":"de-DE"},{"@type":"Person","@id":"https:\/\/plasticseurope.org\/de\/#\/schema\/person\/1b7f52b3f1507100c36b9dac252b749a","name":"admin","image":{"@type":"ImageObject","inLanguage":"de-DE","@id":"https:\/\/plasticseurope.org\/de\/#\/schema\/person\/image\/","url":"https:\/\/secure.gravatar.com\/avatar\/efc201767be6b43dfb89fdc85d2874f9ce0d79f7f853bd7c271900cd369fa0f8?s=96&d=mm&r=g","contentUrl":"https:\/\/secure.gravatar.com\/avatar\/efc201767be6b43dfb89fdc85d2874f9ce0d79f7f853bd7c271900cd369fa0f8?s=96&d=mm&r=g","caption":"admin"},"sameAs":["https:\/\/plasticseurope.org\/","https:\/\/twitter.com\/wp-admin"],"url":"https:\/\/plasticseurope.org\/de\/author\/wp-admin\/"}]}},"_links":{"self":[{"href":"https:\/\/plasticseurope.org\/de\/wp-json\/wp\/v2\/posts\/13093","targetHints":{"allow":["GET"]}}],"collection":[{"href":"https:\/\/plasticseurope.org\/de\/wp-json\/wp\/v2\/posts"}],"about":[{"href":"https:\/\/plasticseurope.org\/de\/wp-json\/wp\/v2\/types\/post"}],"author":[{"embeddable":true,"href":"https:\/\/plasticseurope.org\/de\/wp-json\/wp\/v2\/users\/1"}],"replies":[{"embeddable":true,"href":"https:\/\/plasticseurope.org\/de\/wp-json\/wp\/v2\/comments?post=13093"}],"version-history":[{"count":0,"href":"https:\/\/plasticseurope.org\/de\/wp-json\/wp\/v2\/posts\/13093\/revisions"}],"wp:featuredmedia":[{"embeddable":true,"href":"https:\/\/plasticseurope.org\/de\/wp-json\/wp\/v2\/media\/13094"}],"wp:attachment":[{"href":"https:\/\/plasticseurope.org\/de\/wp-json\/wp\/v2\/media?parent=13093"}],"wp:term":[{"taxonomy":"category","embeddable":true,"href":"https:\/\/plasticseurope.org\/de\/wp-json\/wp\/v2\/categories?post=13093"},{"taxonomy":"post_tag","embeddable":true,"href":"https:\/\/plasticseurope.org\/de\/wp-json\/wp\/v2\/tags?post=13093"}],"curies":[{"name":"wp","href":"https:\/\/api.w.org\/{rel}","templated":true}]}}