{"id":13080,"date":"2026-04-27T10:50:08","date_gmt":"2026-04-27T10:50:08","guid":{"rendered":"https:\/\/plasticseurope.org\/de\/?p=13080"},"modified":"2026-04-27T11:58:29","modified_gmt":"2026-04-27T11:58:29","slug":"die-ifat-2026-bietet-der-kunststoffbranche-neue-orientierung","status":"publish","type":"post","link":"https:\/\/plasticseurope.org\/de\/2026\/04\/27\/die-ifat-2026-bietet-der-kunststoffbranche-neue-orientierung\/","title":{"rendered":"Die IFAT 2026 bietet der Kunststoffbranche neue Orientierung"},"content":{"rendered":"\n<p><strong>Frankfurt am Main, 27. April 2026 <\/strong>\u2013 Die EU versch\u00e4rfte zuletzt zahlreiche Vorgaben f\u00fcr Kunststoffprodukte, beispielsweise durch h\u00f6here Rezyklateinsatzquoten, strengere Designanforderungen und zus\u00e4tzliche Berichtspflichten. Auf der IFAT 2026, der Weltleitmesse f\u00fcr Umwelttechnologien, in M\u00fcnchen, k\u00f6nnen sich Besucherinnen und Besucher, vom 04. bis 07. Mai, nun einen Eindruck davon machen, was das f\u00fcr den Alltag in Produktion, Verarbeitung und Recycling bedeutet.<\/p>\n\n\n\n<p>\u201eDie IFAT bringt die zentralen Akteure der Kreislaufwirtschaft zusammen, von Kunststoffherstellern \u00fcber Recycler bis hin zu Technologieanbietern und politischen Entscheidungstr\u00e4gern.\u201c, sagt Dr. Christine Bunte, Hauptgesch\u00e4ftsf\u00fchrerin von Plastics Europe Deutschland, dem Verband der Kunststofferzeuger. \u201eWer verstehen will, wie sich EU-Vorgaben konkret auf M\u00e4rkte, Technologien und Investitionen auswirken, findet hier die richtigen Ansprechpartner.\u201c<\/p>\n\n\n\n<div style=\"height:100px\" aria-hidden=\"true\" class=\"wp-block-spacer is-style-medium\"><\/div>\n\n\n\n<h2 class=\"wp-block-heading\">Zentrale Anlaufstelle f\u00fcr EU-Regulierungen<\/h2>\n\n\n\n<p>Der Gemeinschaftsstand von Plastics Europe Deutschland (Halle A6, Stand 233) dient wird zur zentralen Anlaufstelle f\u00fcr Industriepolitische Debatten. Besucher erhalten hier kompakte Einordnungen und Gespr\u00e4chsm\u00f6glichkeiten zu Themen wie PPWR, ELVR, WEEE sowie nationalen Rahmenbedingungen wie dem Verpackungsgesetz und der Nationalen Kreislaufwirtschaftsstrategie. Der Messestand zeigt zudem Beispiele f\u00fcr chemische Recyclingverfahren, wie Solvolyse, Depolymerisation, Gasification und Pyrolyse sowie die dazugeh\u00f6rigen Abfallstr\u00f6me.<\/p>\n\n\n\n<div style=\"height:16px\" aria-hidden=\"true\" class=\"wp-block-spacer is-style-medium\"><\/div>\n\n\n\n<h2 class=\"wp-block-heading\">IFAT 2026: Die wichtigsten Termine<\/h2>\n\n\n\n<p>Panels zu industriepolitischen Entwicklungen und gef\u00fchrte Technologie-Rundg\u00e4nge machen greifbar, wie Kreislaufwirtschaft und Wettbewerbsf\u00e4higkeit zusammenwirken.<strong><\/strong><\/p>\n\n\n\n<div style=\"height:100px\" aria-hidden=\"true\" class=\"wp-block-spacer is-style-small\"><\/div>\n\n\n\n<p><strong>1) Panel: Recycled Content Targets \u2013 Lessons Learned from the PPWR<br><\/strong>zu dem Auswirkungen neuer EU-Rezyklatvorgaben. Themen sind Marktverf\u00fcgbarkeit, Investitionssicherheit, Mass-Balance-Systeme, EU-First-Ans\u00e4tze und die Rolle von OEMs.<\/p>\n\n\n\n<ul class=\"wp-block-list\">\n<li><strong>Datum<\/strong>: Dienstag, 5. Mai,<\/li>\n\n\n\n<li><strong>Uhrzeit<\/strong>: 14:30\u201315:20 Uhr<\/li>\n\n\n\n<li><strong>Ort<\/strong>: Orange Stage, Halle A5<\/li>\n\n\n\n<li><strong>Speaker<\/strong>: ARCUS Greencycling, Plastics Europe Deutschland, Dow, P&amp;G, Umweltbundesamt,<\/li>\n<\/ul>\n\n\n\n<div style=\"height:100px\" aria-hidden=\"true\" class=\"wp-block-spacer is-style-small\"><\/div>\n\n\n\n<p><strong>2) Panel: Circular Plastics as a Key to a More Resilient Europe<\/strong><br>zur Bedeutung von Kunststoffen f\u00fcr Wettbewerbsf\u00e4higkeit, Rohstoffsicherheit und technologische F\u00fchrungsrolle im internationalen Vergleich.<\/p>\n\n\n\n<ul class=\"wp-block-list\">\n<li><strong>Datum<\/strong>: Donnerstag, 7. Mai,<\/li>\n\n\n\n<li><strong>Uhrzeit<\/strong>: 15:30\u201316:20 Uhr<\/li>\n\n\n\n<li><strong>Ort<\/strong>: Orange Stage, Halle A5<\/li>\n\n\n\n<li><strong>Speaker<\/strong>: BASF, BTU Cottbus-Senftenberg, Bundesumweltministerium, Atmedio, Bayrisches Wirtschaftsministerium<\/li>\n<\/ul>\n\n\n\n<div style=\"height:100px\" aria-hidden=\"true\" class=\"wp-block-spacer is-style-medium\"><\/div>\n\n\n\n<h2 class=\"wp-block-heading\">Gef\u00fchrte Rundg\u00e4nge auf der IFAT 2026<\/h2>\n\n\n\n<p>Die Guided Tours starten am Stand von Plastics Europe (Halle A6.233) und finden in englischer Sprache statt. Besucherinnen und Besucher der IFAT k\u00f6nnen sich \u00fcber die <a href=\"https:\/\/ifat.de\/de\/messe\/besuch-planen\/app\/\">IFAT-App<\/a> f\u00fcr die gef\u00fchrten Rundg\u00e4nge registrieren.<\/p>\n\n\n\n<p><strong>A) Recycling-Tour: New Approaches to Plastic Waste Recycling<br><\/strong><em>Stationen u. a.: PreZero \u2022 Doppstadt \u2022 Greyparrot \u2022 Lindner \u2022 ERMAFA<\/em><\/p>\n\n\n\n<ul class=\"wp-block-list\">\n<li>Dienstag, 05. Mai | 13:30\u201315:00<\/li>\n\n\n\n<li>Donnerstag, 07. Mai | 10:00\u201311:30<\/li>\n<\/ul>\n\n\n\n<div style=\"height:100px\" aria-hidden=\"true\" class=\"wp-block-spacer is-style-small\"><\/div>\n\n\n\n<p><strong>B) KI-Tour 2: Digitalization in Waste Management<br><\/strong><em>Stationen u. a.: BAUFELD-OEL \u2022 Wastebox \u2022 COSMO CONSULT \u2022 Bollegraaf \u2022 AKTID<\/em><\/p>\n\n\n\n<ul class=\"wp-block-list\">\n<li>Dienstag, 05. Mai | 10:00\u201311:30<\/li>\n\n\n\n<li>Donnerstag, 07. Mai | 13:30\u201315:00<\/li>\n<\/ul>\n\n\n\n<div style=\"height:100px\" aria-hidden=\"true\" class=\"wp-block-spacer is-style-medium\"><\/div>\n\n\n\n<h2 class=\"wp-block-heading\">Fachbesucher kommen kostenlos auf die Messe<\/h2>\n\n\n\n<p>Die IFAT findet vom 4. bis 7. Mai 2026 t\u00e4glich von 9:00 bis 18:00 Uhr in der Messe M\u00fcnchen statt. Mit dem Code <strong>PED_IFAT2026<\/strong> erhalten Fachbesucher ein kostenloses Tagesticket. Der Code kann im Ticket-Shop der IFAT eingel\u00f6st werden.<\/p>\n\n\n\n<div style=\"height:100px\" aria-hidden=\"true\" class=\"wp-block-spacer is-style-medium\"><\/div>\n\n\n\n<h2 class=\"wp-block-heading\">Pressefoto zum Download<\/h2>\n\n\n\n<div style=\"height:100px\" aria-hidden=\"true\" class=\"wp-block-spacer is-style-small\"><\/div>\n\n\n\n<figure class=\"wp-block-image size-full\"><a href=\"https:\/\/plasticseurope.org\/de\/wp-content\/uploads\/sites\/3\/2026\/04\/IFAT-Panel-Plastics-Europe.jpg\"><img loading=\"lazy\" decoding=\"async\" width=\"1920\" height=\"1080\" src=\"https:\/\/plasticseurope.org\/de\/wp-content\/uploads\/sites\/3\/2026\/04\/IFAT-Panel-Plastics-Europe.jpg\" alt=\"\" class=\"wp-image-13085\" srcset=\"https:\/\/plasticseurope.org\/de\/wp-content\/uploads\/sites\/3\/2026\/04\/IFAT-Panel-Plastics-Europe.jpg 1920w, https:\/\/plasticseurope.org\/de\/wp-content\/uploads\/sites\/3\/2026\/04\/IFAT-Panel-Plastics-Europe-300x169.jpg 300w, https:\/\/plasticseurope.org\/de\/wp-content\/uploads\/sites\/3\/2026\/04\/IFAT-Panel-Plastics-Europe-1024x576.jpg 1024w, https:\/\/plasticseurope.org\/de\/wp-content\/uploads\/sites\/3\/2026\/04\/IFAT-Panel-Plastics-Europe-768x432.jpg 768w, https:\/\/plasticseurope.org\/de\/wp-content\/uploads\/sites\/3\/2026\/04\/IFAT-Panel-Plastics-Europe-1536x864.jpg 1536w, https:\/\/plasticseurope.org\/de\/wp-content\/uploads\/sites\/3\/2026\/04\/IFAT-Panel-Plastics-Europe-1280x720.jpg 1280w\" sizes=\"auto, (max-width: 1920px) 100vw, 1920px\" \/><\/a><figcaption class=\"wp-element-caption\">IFAT Panel von Plastics Europe Deutschland, auf der Orange Stage \u00a9&nbsp;Plastics Europe Deutschland<\/figcaption><\/figure>\n\n\n\n<div id=\"explore-block_0952b3c12d16839feb429c648bb9aecb\" class=\"explore-further\">\n  <div class=\"flex flex-col bg-mist-900 rounded-md mt-8 md:mt-28 md:w-1\/2 md:mr-auto\">\n    <div class=\"flex-1 relative p-6 md:px-10 md:py-8\">\n      <div class=\"absolute top-0 left-0 p-5 inline-block transform -translate-x-1\/2 -translate-y-1\/2\">\n      <\/div>\n      \n\n<h3 class=\"wp-block-heading\">Pressemappe<\/h3>\n\n\n\n<p><a href=\"https:\/\/ifat.de\/de\/\">Link zur IFAT 2026<\/a><\/p>\n\n\n\n<p><a href=\"https:\/\/ifat.de\/de\/messe\/besuch-planen\/app\/\">Link zur IFAT App &#8211; f\u00fcr die Registrierung der gef\u00fchrten Rundg\u00e4nge<\/a><\/p>\n\n\n\n<p><a href=\"https:\/\/plasticseurope.org\/de\/nachhaltigkeit\/kreislaufwirtschaft\/recycling\/chemisches-recycling\/\">Chemisches Recycling &#8211; Alle Fragen auf einen Blick (Website)<\/a> <\/p>\n\n\n    <\/div>\n  <\/div>\n<\/div>\n\n\n\n<div style=\"height:100px\" aria-hidden=\"true\" class=\"wp-block-spacer is-style-medium\"><\/div>\n\n\n\n<h2 class=\"wp-block-heading\">\u00dcber den Verband<\/h2>\n\n\n\n<p><em><em><em>Plastics Europe ist der paneurop\u00e4ische Verband der Kunststoffhersteller mit B\u00fcros in ganz Europa. Seit \u00fcber 100 Jahren pr\u00e4gen Wissenschaft und Innovation die DNA unserer Branche. Unsere Mitglieder stellen \u00fcber 90 % aller Polymere in der EU27+3 (Norwegen, Schweiz, UK) her. Wir verstehen uns als Impulsgeber der Industrie, mit der Verantwortung, im offenen Dialog mit Stakeholdern sichere, kreislauforientierte und nachhaltige L\u00f6sungen zu entwickeln. Unser Ziel ist es, langfristig positive Ver\u00e4nderungen zu gestalten.<\/em><\/em><\/em><\/p>\n\n\n\n<div style=\"height:16px\" aria-hidden=\"true\" class=\"wp-block-spacer is-style-medium\"><\/div>\n\n\n\n<hr class=\"wp-block-separator has-text-color has-jade-color has-alpha-channel-opacity has-jade-background-color has-background\" \/>\n\n\n\n<div style=\"height:16px\" aria-hidden=\"true\" class=\"wp-block-spacer is-style-medium\"><\/div>\n\n\n\n<div class=\"wp-block-columns is-layout-flex wp-container-core-columns-is-layout-28f84493 wp-block-columns-is-layout-flex\">\n<div class=\"wp-block-column is-layout-flow wp-block-column-is-layout-flow\" style=\"flex-basis:63%\">\n<div class=\"wp-block-group is-layout-flow wp-block-group-is-layout-flow\">\n<figure class=\"wp-block-image size-full rounded-md overflow-hidden\"><img loading=\"lazy\" decoding=\"async\" width=\"540\" height=\"540\" src=\"https:\/\/plasticseurope.org\/de\/wp-content\/uploads\/sites\/3\/2023\/07\/Portrait_Bettina-Dempewolf_c_PlasticsEurope_540x540.png\" alt=\"Bettina Dempewolf: Sechs Ma\u00dfnahmen, die langfristig gegen das M\u00fcllproblem helfen\" class=\"wp-image-3107\" srcset=\"https:\/\/plasticseurope.org\/de\/wp-content\/uploads\/sites\/3\/2023\/07\/Portrait_Bettina-Dempewolf_c_PlasticsEurope_540x540.png 540w, https:\/\/plasticseurope.org\/de\/wp-content\/uploads\/sites\/3\/2023\/07\/Portrait_Bettina-Dempewolf_c_PlasticsEurope_540x540-300x300.png 300w, https:\/\/plasticseurope.org\/de\/wp-content\/uploads\/sites\/3\/2023\/07\/Portrait_Bettina-Dempewolf_c_PlasticsEurope_540x540-150x150.png 150w\" sizes=\"auto, (max-width: 540px) 100vw, 540px\" \/><\/figure>\n<\/div>\n<\/div>\n\n\n\n<div class=\"wp-block-column is-layout-flow wp-block-column-is-layout-flow\" style=\"flex-basis:250%\">\n<p>Ihre Ansprechpartnerin bei Plastics Europe Deutschland:<\/p>\n\n\n\n<p><strong>Bettina Dempewolf<\/strong><br>Leiterin Kommunikation<br>Telefon: +49 171 9713962<\/p>\n\n\n\n<div class=\"wp-block-buttons is-layout-flex wp-block-buttons-is-layout-flex\">\n<div class=\"wp-block-button\"><a class=\"wp-block-button__link has-white-color has-jade-background-color has-text-color has-background wp-element-button\" href=\"https:\/\/plasticseurope.org\/de\/pressemitteilungen\/\">Link zur Presseportal<\/a><\/div>\n<\/div>\n\n\n\n<div style=\"height:16px\" aria-hidden=\"true\" class=\"wp-block-spacer is-style-small\"><\/div>\n<\/div>\n<\/div>\n\n\n\n<hr class=\"wp-block-separator has-text-color has-jade-color has-alpha-channel-opacity has-jade-background-color has-background\" \/>\n\n\n\n<p><\/p>\n","protected":false},"excerpt":{"rendered":"<p>\u201eDie IFAT bringt die zentralen Akteure der Kreislaufwirtschaft zusammen, von Kunststoffherstellern \u00fcber Recycler bis hin zu Technologieanbietern und politischen Entscheidungstr\u00e4gern.<\/p>\n","protected":false},"author":1,"featured_media":13085,"comment_status":"closed","ping_status":"closed","sticky":false,"template":"","format":"standard","meta":{"footnotes":""},"categories":[6,7],"tags":[276,315,189,313,88,69,51,44,293],"class_list":["post-13080","post","type-post","status-publish","format-standard","has-post-thumbnail","hentry","category-news","category-pressemitteilungen","tag-elvr","tag-guided-tours","tag-ifat","tag-ifat-2026","tag-kunststoff","tag-plastics-europe","tag-plastik","tag-ppwr","tag-weee"],"acf":[],"yoast_head":"<!-- This site is optimized with the Yoast SEO plugin v21.6 - https:\/\/yoast.com\/wordpress\/plugins\/seo\/ -->\n<title>Die IFAT 2026 bietet der Kunststoffbranche neue Orientierung<\/title>\n<meta name=\"description\" content=\"Die IFAT bringt die zentralen Akteure der Kreislaufwirtschaft zusammen, von Kunststoffherstellern \u00fcber Recycler bis hin zu Technologieanbietern und politischen Entscheidungstr\u00e4gern.\" \/>\n<meta name=\"robots\" content=\"index, follow, max-snippet:-1, max-image-preview:large, max-video-preview:-1\" \/>\n<link rel=\"canonical\" href=\"https:\/\/plasticseurope.org\/de\/2026\/04\/27\/die-ifat-2026-bietet-der-kunststoffbranche-neue-orientierung\/\" \/>\n<meta property=\"og:locale\" content=\"de_DE\" \/>\n<meta property=\"og:type\" content=\"article\" \/>\n<meta property=\"og:title\" content=\"Die IFAT 2026 bietet der Kunststoffbranche neue Orientierung\" \/>\n<meta property=\"og:description\" content=\"Die IFAT bringt die zentralen Akteure der Kreislaufwirtschaft zusammen, von Kunststoffherstellern \u00fcber Recycler bis hin zu Technologieanbietern und politischen Entscheidungstr\u00e4gern.\" \/>\n<meta property=\"og:url\" content=\"https:\/\/plasticseurope.org\/de\/2026\/04\/27\/die-ifat-2026-bietet-der-kunststoffbranche-neue-orientierung\/\" \/>\n<meta property=\"og:site_name\" content=\"Plastics Europe DE\" \/>\n<meta property=\"article:published_time\" content=\"2026-04-27T10:50:08+00:00\" \/>\n<meta property=\"article:modified_time\" content=\"2026-04-27T11:58:29+00:00\" \/>\n<meta property=\"og:image\" content=\"https:\/\/plasticseurope.org\/de\/wp-content\/uploads\/sites\/3\/2026\/04\/IFAT-Panel-Plastics-Europe.jpg\" \/>\n\t<meta property=\"og:image:width\" content=\"1920\" \/>\n\t<meta property=\"og:image:height\" content=\"1080\" \/>\n\t<meta property=\"og:image:type\" content=\"image\/jpeg\" \/>\n<meta name=\"author\" content=\"admin\" \/>\n<meta name=\"twitter:card\" content=\"summary_large_image\" \/>\n<meta name=\"twitter:title\" content=\"Die IFAT 2026 bietet der Kunststoffbranche neue Orientierung\" \/>\n<meta name=\"twitter:description\" content=\"Die IFAT bringt die zentralen Akteure der Kreislaufwirtschaft zusammen, von Kunststoffherstellern \u00fcber Recycler bis hin zu Technologieanbietern und politischen Entscheidungstr\u00e4gern.\" \/>\n<meta name=\"twitter:image\" content=\"https:\/\/plasticseurope.org\/de\/wp-content\/uploads\/sites\/3\/2026\/04\/IFAT-Panel-Plastics-Europe.jpg\" \/>\n<meta name=\"twitter:creator\" content=\"@wp-admin\" \/>\n<meta name=\"twitter:label1\" content=\"Verfasst von\" \/>\n\t<meta name=\"twitter:data1\" content=\"admin\" \/>\n\t<meta name=\"twitter:label2\" content=\"Gesch\u00e4tzte Lesezeit\" \/>\n\t<meta name=\"twitter:data2\" content=\"4 Minuten\" \/>\n<script type=\"application\/ld+json\" class=\"yoast-schema-graph\">{\"@context\":\"https:\/\/schema.org\",\"@graph\":[{\"@type\":\"WebPage\",\"@id\":\"https:\/\/plasticseurope.org\/de\/2026\/04\/27\/die-ifat-2026-bietet-der-kunststoffbranche-neue-orientierung\/\",\"url\":\"https:\/\/plasticseurope.org\/de\/2026\/04\/27\/die-ifat-2026-bietet-der-kunststoffbranche-neue-orientierung\/\",\"name\":\"Die IFAT 2026 bietet der Kunststoffbranche neue Orientierung\",\"isPartOf\":{\"@id\":\"https:\/\/plasticseurope.org\/de\/#website\"},\"datePublished\":\"2026-04-27T10:50:08+00:00\",\"dateModified\":\"2026-04-27T11:58:29+00:00\",\"author\":{\"@id\":\"https:\/\/plasticseurope.org\/de\/#\/schema\/person\/1b7f52b3f1507100c36b9dac252b749a\"},\"description\":\"Die IFAT bringt die zentralen Akteure der Kreislaufwirtschaft zusammen, von Kunststoffherstellern \u00fcber Recycler bis hin zu Technologieanbietern und politischen Entscheidungstr\u00e4gern.\",\"breadcrumb\":{\"@id\":\"https:\/\/plasticseurope.org\/de\/2026\/04\/27\/die-ifat-2026-bietet-der-kunststoffbranche-neue-orientierung\/#breadcrumb\"},\"inLanguage\":\"de-DE\",\"potentialAction\":[{\"@type\":\"ReadAction\",\"target\":[\"https:\/\/plasticseurope.org\/de\/2026\/04\/27\/die-ifat-2026-bietet-der-kunststoffbranche-neue-orientierung\/\"]}]},{\"@type\":\"BreadcrumbList\",\"@id\":\"https:\/\/plasticseurope.org\/de\/2026\/04\/27\/die-ifat-2026-bietet-der-kunststoffbranche-neue-orientierung\/#breadcrumb\",\"itemListElement\":[{\"@type\":\"ListItem\",\"position\":1,\"name\":\"Home\",\"item\":\"https:\/\/plasticseurope.org\/de\/\"},{\"@type\":\"ListItem\",\"position\":2,\"name\":\"Die IFAT 2026 bietet der Kunststoffbranche neue Orientierung\"}]},{\"@type\":\"WebSite\",\"@id\":\"https:\/\/plasticseurope.org\/de\/#website\",\"url\":\"https:\/\/plasticseurope.org\/de\/\",\"name\":\"Plastics Europe DE\",\"description\":\"Enabling a sustainable future\",\"potentialAction\":[{\"@type\":\"SearchAction\",\"target\":{\"@type\":\"EntryPoint\",\"urlTemplate\":\"https:\/\/plasticseurope.org\/de\/?s={search_term_string}\"},\"query-input\":\"required name=search_term_string\"}],\"inLanguage\":\"de-DE\"},{\"@type\":\"Person\",\"@id\":\"https:\/\/plasticseurope.org\/de\/#\/schema\/person\/1b7f52b3f1507100c36b9dac252b749a\",\"name\":\"admin\",\"image\":{\"@type\":\"ImageObject\",\"inLanguage\":\"de-DE\",\"@id\":\"https:\/\/plasticseurope.org\/de\/#\/schema\/person\/image\/\",\"url\":\"https:\/\/secure.gravatar.com\/avatar\/efc201767be6b43dfb89fdc85d2874f9ce0d79f7f853bd7c271900cd369fa0f8?s=96&d=mm&r=g\",\"contentUrl\":\"https:\/\/secure.gravatar.com\/avatar\/efc201767be6b43dfb89fdc85d2874f9ce0d79f7f853bd7c271900cd369fa0f8?s=96&d=mm&r=g\",\"caption\":\"admin\"},\"sameAs\":[\"https:\/\/plasticseurope.org\/\",\"https:\/\/twitter.com\/wp-admin\"],\"url\":\"https:\/\/plasticseurope.org\/de\/author\/wp-admin\/\"}]}<\/script>\n<!-- \/ Yoast SEO plugin. -->","yoast_head_json":{"title":"Die IFAT 2026 bietet der Kunststoffbranche neue Orientierung","description":"Die IFAT bringt die zentralen Akteure der Kreislaufwirtschaft zusammen, von Kunststoffherstellern \u00fcber Recycler bis hin zu Technologieanbietern und politischen Entscheidungstr\u00e4gern.","robots":{"index":"index","follow":"follow","max-snippet":"max-snippet:-1","max-image-preview":"max-image-preview:large","max-video-preview":"max-video-preview:-1"},"canonical":"https:\/\/plasticseurope.org\/de\/2026\/04\/27\/die-ifat-2026-bietet-der-kunststoffbranche-neue-orientierung\/","og_locale":"de_DE","og_type":"article","og_title":"Die IFAT 2026 bietet der Kunststoffbranche neue Orientierung","og_description":"Die IFAT bringt die zentralen Akteure der Kreislaufwirtschaft zusammen, von Kunststoffherstellern \u00fcber Recycler bis hin zu Technologieanbietern und politischen Entscheidungstr\u00e4gern.","og_url":"https:\/\/plasticseurope.org\/de\/2026\/04\/27\/die-ifat-2026-bietet-der-kunststoffbranche-neue-orientierung\/","og_site_name":"Plastics Europe DE","article_published_time":"2026-04-27T10:50:08+00:00","article_modified_time":"2026-04-27T11:58:29+00:00","og_image":[{"width":1920,"height":1080,"url":"https:\/\/plasticseurope.org\/de\/wp-content\/uploads\/sites\/3\/2026\/04\/IFAT-Panel-Plastics-Europe.jpg","type":"image\/jpeg"}],"author":"admin","twitter_card":"summary_large_image","twitter_title":"Die IFAT 2026 bietet der Kunststoffbranche neue Orientierung","twitter_description":"Die IFAT bringt die zentralen Akteure der Kreislaufwirtschaft zusammen, von Kunststoffherstellern \u00fcber Recycler bis hin zu Technologieanbietern und politischen Entscheidungstr\u00e4gern.","twitter_image":"https:\/\/plasticseurope.org\/de\/wp-content\/uploads\/sites\/3\/2026\/04\/IFAT-Panel-Plastics-Europe.jpg","twitter_creator":"@wp-admin","twitter_misc":{"Verfasst von":"admin","Gesch\u00e4tzte Lesezeit":"4 Minuten"},"schema":{"@context":"https:\/\/schema.org","@graph":[{"@type":"WebPage","@id":"https:\/\/plasticseurope.org\/de\/2026\/04\/27\/die-ifat-2026-bietet-der-kunststoffbranche-neue-orientierung\/","url":"https:\/\/plasticseurope.org\/de\/2026\/04\/27\/die-ifat-2026-bietet-der-kunststoffbranche-neue-orientierung\/","name":"Die IFAT 2026 bietet der Kunststoffbranche neue Orientierung","isPartOf":{"@id":"https:\/\/plasticseurope.org\/de\/#website"},"datePublished":"2026-04-27T10:50:08+00:00","dateModified":"2026-04-27T11:58:29+00:00","author":{"@id":"https:\/\/plasticseurope.org\/de\/#\/schema\/person\/1b7f52b3f1507100c36b9dac252b749a"},"description":"Die IFAT bringt die zentralen Akteure der Kreislaufwirtschaft zusammen, von Kunststoffherstellern \u00fcber Recycler bis hin zu Technologieanbietern und politischen Entscheidungstr\u00e4gern.","breadcrumb":{"@id":"https:\/\/plasticseurope.org\/de\/2026\/04\/27\/die-ifat-2026-bietet-der-kunststoffbranche-neue-orientierung\/#breadcrumb"},"inLanguage":"de-DE","potentialAction":[{"@type":"ReadAction","target":["https:\/\/plasticseurope.org\/de\/2026\/04\/27\/die-ifat-2026-bietet-der-kunststoffbranche-neue-orientierung\/"]}]},{"@type":"BreadcrumbList","@id":"https:\/\/plasticseurope.org\/de\/2026\/04\/27\/die-ifat-2026-bietet-der-kunststoffbranche-neue-orientierung\/#breadcrumb","itemListElement":[{"@type":"ListItem","position":1,"name":"Home","item":"https:\/\/plasticseurope.org\/de\/"},{"@type":"ListItem","position":2,"name":"Die IFAT 2026 bietet der Kunststoffbranche neue Orientierung"}]},{"@type":"WebSite","@id":"https:\/\/plasticseurope.org\/de\/#website","url":"https:\/\/plasticseurope.org\/de\/","name":"Plastics Europe DE","description":"Enabling a sustainable future","potentialAction":[{"@type":"SearchAction","target":{"@type":"EntryPoint","urlTemplate":"https:\/\/plasticseurope.org\/de\/?s={search_term_string}"},"query-input":"required name=search_term_string"}],"inLanguage":"de-DE"},{"@type":"Person","@id":"https:\/\/plasticseurope.org\/de\/#\/schema\/person\/1b7f52b3f1507100c36b9dac252b749a","name":"admin","image":{"@type":"ImageObject","inLanguage":"de-DE","@id":"https:\/\/plasticseurope.org\/de\/#\/schema\/person\/image\/","url":"https:\/\/secure.gravatar.com\/avatar\/efc201767be6b43dfb89fdc85d2874f9ce0d79f7f853bd7c271900cd369fa0f8?s=96&d=mm&r=g","contentUrl":"https:\/\/secure.gravatar.com\/avatar\/efc201767be6b43dfb89fdc85d2874f9ce0d79f7f853bd7c271900cd369fa0f8?s=96&d=mm&r=g","caption":"admin"},"sameAs":["https:\/\/plasticseurope.org\/","https:\/\/twitter.com\/wp-admin"],"url":"https:\/\/plasticseurope.org\/de\/author\/wp-admin\/"}]}},"_links":{"self":[{"href":"https:\/\/plasticseurope.org\/de\/wp-json\/wp\/v2\/posts\/13080","targetHints":{"allow":["GET"]}}],"collection":[{"href":"https:\/\/plasticseurope.org\/de\/wp-json\/wp\/v2\/posts"}],"about":[{"href":"https:\/\/plasticseurope.org\/de\/wp-json\/wp\/v2\/types\/post"}],"author":[{"embeddable":true,"href":"https:\/\/plasticseurope.org\/de\/wp-json\/wp\/v2\/users\/1"}],"replies":[{"embeddable":true,"href":"https:\/\/plasticseurope.org\/de\/wp-json\/wp\/v2\/comments?post=13080"}],"version-history":[{"count":0,"href":"https:\/\/plasticseurope.org\/de\/wp-json\/wp\/v2\/posts\/13080\/revisions"}],"wp:featuredmedia":[{"embeddable":true,"href":"https:\/\/plasticseurope.org\/de\/wp-json\/wp\/v2\/media\/13085"}],"wp:attachment":[{"href":"https:\/\/plasticseurope.org\/de\/wp-json\/wp\/v2\/media?parent=13080"}],"wp:term":[{"taxonomy":"category","embeddable":true,"href":"https:\/\/plasticseurope.org\/de\/wp-json\/wp\/v2\/categories?post=13080"},{"taxonomy":"post_tag","embeddable":true,"href":"https:\/\/plasticseurope.org\/de\/wp-json\/wp\/v2\/tags?post=13080"}],"curies":[{"name":"wp","href":"https:\/\/api.w.org\/{rel}","templated":true}]}}