{"id":1291,"date":"2022-03-02T14:39:49","date_gmt":"2022-03-02T14:39:49","guid":{"rendered":"https:\/\/plasticseurope.wpenginepowered.com\/de\/?p=1291"},"modified":"2022-03-02T14:39:51","modified_gmt":"2022-03-02T14:39:51","slug":"gelungener-auftakt-im-globalen-kampf-gegen-plastikmull-in-der-umwelt","status":"publish","type":"post","link":"https:\/\/plasticseurope.org\/de\/2022\/03\/02\/gelungener-auftakt-im-globalen-kampf-gegen-plastikmull-in-der-umwelt\/","title":{"rendered":"Gelungener Auftakt im globalen Kampf gegen Plastikm\u00fcll in der Umwelt"},"content":{"rendered":"\n<h2 class=\"wp-block-heading\">UN-Umweltversammlung einigt sich auf Ausarbeitung eines Abkommens<\/h2>\n\n\n\n<p><em>Die UN-Umweltversammlung in Nairobi hat sich heute auf die Ausarbeitung eines rechtlich verbindlichen Abkommens gegen die Verschmutzung der Umwelt mit Plastikabf\u00e4llen binnen der n\u00e4chsten zwei Jahre geeinigt. Der <a href=\"https:\/\/www.vci.de\/startseite.jsp\" target=\"_blank\" rel=\"noreferrer noopener\">Verband der Chemischen Industrie<\/a> (VCI) und der Verband der Kunststofferzeuger Plastics Europe Deutschland (PED) begr\u00fc\u00dfen die Einigung und erste inhaltliche Leitplanken.<\/em><\/p>\n\n\n\n<p class=\"has-large-font-size\"><\/p>\n\n\n\n<p>Die Resolution der UN-Umweltversammlung sieht f\u00fcr die Ausarbeitung des Abkommens die Zusammenarbeit mit der Industrie und weiteren Stakeholdern vor. Ingemar B\u00fchler, Hauptgesch\u00e4ftsf\u00fchrer von PED, sieht die richtigen Weichen gestellt: \u201eDie UN-Umweltversammlung hat gleich zu Beginn des Prozesses klar gemacht: Kunststoffe haben f\u00fcr unsere Gesellschaft einen hohen Wert. Die Resolution r\u00fcckt damit L\u00f6sungen zum besseren Umgang mit Kunststoffen in den Fokus. Denn Kunststoff ist eine wertvolle Ressource, die effizient im Kreislauf gef\u00fchrt werden muss.\u201c<\/p>\n\n\n\n<div class=\"wp-block-group is-layout-flow wp-block-group-is-layout-flow\"><\/div>\n\n\n\n<div style=\"height:48px\" aria-hidden=\"true\" class=\"wp-block-spacer\"><\/div>\n\n\n\n<div class=\"wp-block-columns is-layout-flex wp-container-core-columns-is-layout-28f84493 wp-block-columns-is-layout-flex\">\n<div class=\"wp-block-column is-layout-flow wp-block-column-is-layout-flow\">\n<figure class=\"wp-block-image size-large is-resized\"><img loading=\"lazy\" decoding=\"async\" src=\"https:\/\/plasticseurope.org\/de\/wp-content\/uploads\/sites\/3\/2022\/02\/Muell-am-Strand-AdobeStock_206923961-1024x768.jpeg\" alt=\"M\u00fcll am Strand\" class=\"wp-image-1281\" width=\"512\" height=\"384\" srcset=\"https:\/\/plasticseurope.org\/de\/wp-content\/uploads\/sites\/3\/2022\/02\/Muell-am-Strand-AdobeStock_206923961-1024x768.jpeg 1024w, https:\/\/plasticseurope.org\/de\/wp-content\/uploads\/sites\/3\/2022\/02\/Muell-am-Strand-AdobeStock_206923961-300x225.jpeg 300w, https:\/\/plasticseurope.org\/de\/wp-content\/uploads\/sites\/3\/2022\/02\/Muell-am-Strand-AdobeStock_206923961-768x576.jpeg 768w, https:\/\/plasticseurope.org\/de\/wp-content\/uploads\/sites\/3\/2022\/02\/Muell-am-Strand-AdobeStock_206923961-1536x1152.jpeg 1536w, https:\/\/plasticseurope.org\/de\/wp-content\/uploads\/sites\/3\/2022\/02\/Muell-am-Strand-AdobeStock_206923961-2048x1536.jpeg 2048w, https:\/\/plasticseurope.org\/de\/wp-content\/uploads\/sites\/3\/2022\/02\/Muell-am-Strand-AdobeStock_206923961-1980x1485.jpeg 1980w\" sizes=\"auto, (max-width: 512px) 100vw, 512px\" \/><\/figure>\n<\/div>\n\n\n\n<div class=\"wp-block-column is-layout-flow wp-block-column-is-layout-flow\">\n<p>Unterst\u00fctzung findet auch der weite Blick der Resolution auf den gesamten Lebensweg von Kunststoffprodukten. Nun komme es aber auf die konkrete Ausgestaltung dieses Aspekts im Abkommen an, so B\u00fchler: \u201eEntschlossene Ma\u00dfnahmen, die das Recycling und Produktdesign von Kunststoffen st\u00e4rken, sind die richtigen Antworten auf das Plastikm\u00fcll-Problem. Als Industrie arbeiten wir in allen Bereichen daran: An einem besseren Abfallmanagement, an hochmodernen Recyclinganlagen und an nachhaltigeren Produkten, die Abfall direkt vermeiden oder die besser zu recyceln sind, indem sie zum Beispiel nur aus einem Kunststoff bestehen.\u201c<br><br>Deshalb begr\u00fc\u00dfen VCI und PED auch die Offenheit gegen\u00fcber unterschiedlichen Ans\u00e4tzen und Technologien, die in der Resolution aufgef\u00fchrt werden: \u201eEin globaler Ausbau des Recyclings und die konsequente Kreislauff\u00fchrung von Kunststoffen sind notwendig. Sie gelingen nur, wenn wir bestehende Technologien optimieren und erg\u00e4nzende Verfahren wie das chemische Recycling weiterentwickeln. So verhindern wir, dass Kunststoffe in die Umwelt gelangen, tragen zum Klimaschutz bei und reduzieren die Abh\u00e4ngigkeit von fossilen Rohstoffen.\u201c<\/p>\n<\/div>\n<\/div>\n\n\n\n<div data-wp-interactive=\"core\/file\" class=\"wp-block-file\"><object data-wp-bind--hidden=\"!state.hasPdfPreview\" hidden class=\"wp-block-file__embed\" data=\"https:\/\/plasticseurope.org\/de\/wp-content\/uploads\/sites\/3\/2022\/03\/220302_Presseinformation_PED_VCI_UNEA_Resolution.pdf\" type=\"application\/pdf\" style=\"width:100%;height:600px\" aria-label=\"Einbettung von Einbettung von Presseinformation ..\"><\/object><a id=\"wp-block-file--media-6e7f7cb6-4811-4eb2-9fd3-66441482e2c6\" href=\"https:\/\/plasticseurope.org\/de\/wp-content\/uploads\/sites\/3\/2022\/03\/220302_Presseinformation_PED_VCI_UNEA_Resolution.pdf\">Presseinformation <\/a><a href=\"https:\/\/plasticseurope.org\/de\/wp-content\/uploads\/sites\/3\/2022\/03\/220302_Presseinformation_PED_VCI_UNEA_Resolution.pdf\" class=\"wp-block-file__button\" download aria-describedby=\"wp-block-file--media-6e7f7cb6-4811-4eb2-9fd3-66441482e2c6\">Herunterladen<\/a><\/div>\n","protected":false},"excerpt":{"rendered":"<p>UN-Umweltversammlung einigt sich auf Ausarbeitung eines Abkommens Die UN-Umweltversammlung in Nairobi hat sich heute auf die Ausarbeitung eines rechtlich verbindlichen\u2026<\/p>\n","protected":false},"author":30,"featured_media":1281,"comment_status":"open","ping_status":"open","sticky":false,"template":"","format":"standard","meta":{"footnotes":""},"categories":[7],"tags":[],"class_list":["post-1291","post","type-post","status-publish","format-standard","has-post-thumbnail","hentry","category-pressemitteilungen"],"acf":[],"yoast_head":"<!-- This site is optimized with the Yoast SEO plugin v21.6 - https:\/\/yoast.com\/wordpress\/plugins\/seo\/ -->\n<title>Gelungener Auftakt im globalen Kampf gegen Plastikm\u00fcll in der Umwelt - Plastics Europe DE<\/title>\n<meta name=\"description\" content=\"Die UN-Umweltversammlung in Nairobi hat sich heute auf die Ausarbeitung eines rechtlich verbindlichen Abkommens gegen die Verschmutzung der Umwelt mit Plastikabf\u00e4llen binnen der n\u00e4chsten zwei Jahre geeinigt. Der Verband der Chemischen Industrie (VCI) und der Verband der Kunststofferzeuger Plastics Europe Deutschland (PED) begr\u00fc\u00dfen die Einigung und erste inhaltliche Leitplanken.\" \/>\n<meta name=\"robots\" content=\"index, follow, max-snippet:-1, max-image-preview:large, max-video-preview:-1\" \/>\n<link rel=\"canonical\" href=\"https:\/\/plasticseurope.org\/de\/2022\/03\/02\/gelungener-auftakt-im-globalen-kampf-gegen-plastikmull-in-der-umwelt\/\" \/>\n<meta property=\"og:locale\" content=\"de_DE\" \/>\n<meta property=\"og:type\" content=\"article\" \/>\n<meta property=\"og:title\" content=\"Gelungener Auftakt im globalen Kampf gegen Plastikm\u00fcll in der Umwelt - Plastics Europe DE\" \/>\n<meta property=\"og:description\" content=\"Die UN-Umweltversammlung in Nairobi hat sich heute auf die Ausarbeitung eines rechtlich verbindlichen Abkommens gegen die Verschmutzung der Umwelt mit Plastikabf\u00e4llen binnen der n\u00e4chsten zwei Jahre geeinigt. Der Verband der Chemischen Industrie (VCI) und der Verband der Kunststofferzeuger Plastics Europe Deutschland (PED) begr\u00fc\u00dfen die Einigung und erste inhaltliche Leitplanken.\" \/>\n<meta property=\"og:url\" content=\"https:\/\/plasticseurope.org\/de\/2022\/03\/02\/gelungener-auftakt-im-globalen-kampf-gegen-plastikmull-in-der-umwelt\/\" \/>\n<meta property=\"og:site_name\" content=\"Plastics Europe DE\" \/>\n<meta property=\"article:published_time\" content=\"2022-03-02T14:39:49+00:00\" \/>\n<meta property=\"article:modified_time\" content=\"2022-03-02T14:39:51+00:00\" \/>\n<meta property=\"og:image\" content=\"https:\/\/plasticseurope.org\/de\/wp-content\/uploads\/sites\/3\/2022\/02\/Muell-am-Strand-AdobeStock_206923961-scaled.jpeg\" \/>\n\t<meta property=\"og:image:width\" content=\"2560\" \/>\n\t<meta property=\"og:image:height\" content=\"1920\" \/>\n\t<meta property=\"og:image:type\" content=\"image\/jpeg\" \/>\n<meta name=\"author\" content=\"tanjaruehl\" \/>\n<meta name=\"twitter:card\" content=\"summary_large_image\" \/>\n<meta name=\"twitter:label1\" content=\"Verfasst von\" \/>\n\t<meta name=\"twitter:data1\" content=\"tanjaruehl\" \/>\n\t<meta name=\"twitter:label2\" content=\"Gesch\u00e4tzte Lesezeit\" \/>\n\t<meta name=\"twitter:data2\" content=\"2 Minuten\" \/>\n<script type=\"application\/ld+json\" class=\"yoast-schema-graph\">{\"@context\":\"https:\/\/schema.org\",\"@graph\":[{\"@type\":\"WebPage\",\"@id\":\"https:\/\/plasticseurope.org\/de\/2022\/03\/02\/gelungener-auftakt-im-globalen-kampf-gegen-plastikmull-in-der-umwelt\/\",\"url\":\"https:\/\/plasticseurope.org\/de\/2022\/03\/02\/gelungener-auftakt-im-globalen-kampf-gegen-plastikmull-in-der-umwelt\/\",\"name\":\"Gelungener Auftakt im globalen Kampf gegen Plastikm\u00fcll in der Umwelt - Plastics Europe DE\",\"isPartOf\":{\"@id\":\"https:\/\/plasticseurope.org\/de\/#website\"},\"datePublished\":\"2022-03-02T14:39:49+00:00\",\"dateModified\":\"2022-03-02T14:39:51+00:00\",\"author\":{\"@id\":\"https:\/\/plasticseurope.org\/de\/#\/schema\/person\/55e4bc6d67cca31b44f4bfa8879154d7\"},\"description\":\"Die UN-Umweltversammlung in Nairobi hat sich heute auf die Ausarbeitung eines rechtlich verbindlichen Abkommens gegen die Verschmutzung der Umwelt mit Plastikabf\u00e4llen binnen der n\u00e4chsten zwei Jahre geeinigt. Der Verband der Chemischen Industrie (VCI) und der Verband der Kunststofferzeuger Plastics Europe Deutschland (PED) begr\u00fc\u00dfen die Einigung und erste inhaltliche Leitplanken.\",\"breadcrumb\":{\"@id\":\"https:\/\/plasticseurope.org\/de\/2022\/03\/02\/gelungener-auftakt-im-globalen-kampf-gegen-plastikmull-in-der-umwelt\/#breadcrumb\"},\"inLanguage\":\"de-DE\",\"potentialAction\":[{\"@type\":\"ReadAction\",\"target\":[\"https:\/\/plasticseurope.org\/de\/2022\/03\/02\/gelungener-auftakt-im-globalen-kampf-gegen-plastikmull-in-der-umwelt\/\"]}]},{\"@type\":\"BreadcrumbList\",\"@id\":\"https:\/\/plasticseurope.org\/de\/2022\/03\/02\/gelungener-auftakt-im-globalen-kampf-gegen-plastikmull-in-der-umwelt\/#breadcrumb\",\"itemListElement\":[{\"@type\":\"ListItem\",\"position\":1,\"name\":\"Home\",\"item\":\"https:\/\/plasticseurope.org\/de\/\"},{\"@type\":\"ListItem\",\"position\":2,\"name\":\"Gelungener Auftakt im globalen Kampf gegen Plastikm\u00fcll in der Umwelt\"}]},{\"@type\":\"WebSite\",\"@id\":\"https:\/\/plasticseurope.org\/de\/#website\",\"url\":\"https:\/\/plasticseurope.org\/de\/\",\"name\":\"Plastics Europe DE\",\"description\":\"Enabling a sustainable future\",\"potentialAction\":[{\"@type\":\"SearchAction\",\"target\":{\"@type\":\"EntryPoint\",\"urlTemplate\":\"https:\/\/plasticseurope.org\/de\/?s={search_term_string}\"},\"query-input\":\"required name=search_term_string\"}],\"inLanguage\":\"de-DE\"},{\"@type\":\"Person\",\"@id\":\"https:\/\/plasticseurope.org\/de\/#\/schema\/person\/55e4bc6d67cca31b44f4bfa8879154d7\",\"name\":\"tanjaruehl\",\"image\":{\"@type\":\"ImageObject\",\"inLanguage\":\"de-DE\",\"@id\":\"https:\/\/plasticseurope.org\/de\/#\/schema\/person\/image\/\",\"url\":\"https:\/\/secure.gravatar.com\/avatar\/364c719d8d492fd7a6aea4706f81d9072211fb247836d1297db889b489703521?s=96&d=mm&r=g\",\"contentUrl\":\"https:\/\/secure.gravatar.com\/avatar\/364c719d8d492fd7a6aea4706f81d9072211fb247836d1297db889b489703521?s=96&d=mm&r=g\",\"caption\":\"tanjaruehl\"},\"url\":\"https:\/\/plasticseurope.org\/de\/author\/tanjaruehl\/\"}]}<\/script>\n<!-- \/ Yoast SEO plugin. -->","yoast_head_json":{"title":"Gelungener Auftakt im globalen Kampf gegen Plastikm\u00fcll in der Umwelt - Plastics Europe DE","description":"Die UN-Umweltversammlung in Nairobi hat sich heute auf die Ausarbeitung eines rechtlich verbindlichen Abkommens gegen die Verschmutzung der Umwelt mit Plastikabf\u00e4llen binnen der n\u00e4chsten zwei Jahre geeinigt. Der Verband der Chemischen Industrie (VCI) und der Verband der Kunststofferzeuger Plastics Europe Deutschland (PED) begr\u00fc\u00dfen die Einigung und erste inhaltliche Leitplanken.","robots":{"index":"index","follow":"follow","max-snippet":"max-snippet:-1","max-image-preview":"max-image-preview:large","max-video-preview":"max-video-preview:-1"},"canonical":"https:\/\/plasticseurope.org\/de\/2022\/03\/02\/gelungener-auftakt-im-globalen-kampf-gegen-plastikmull-in-der-umwelt\/","og_locale":"de_DE","og_type":"article","og_title":"Gelungener Auftakt im globalen Kampf gegen Plastikm\u00fcll in der Umwelt - Plastics Europe DE","og_description":"Die UN-Umweltversammlung in Nairobi hat sich heute auf die Ausarbeitung eines rechtlich verbindlichen Abkommens gegen die Verschmutzung der Umwelt mit Plastikabf\u00e4llen binnen der n\u00e4chsten zwei Jahre geeinigt. Der Verband der Chemischen Industrie (VCI) und der Verband der Kunststofferzeuger Plastics Europe Deutschland (PED) begr\u00fc\u00dfen die Einigung und erste inhaltliche Leitplanken.","og_url":"https:\/\/plasticseurope.org\/de\/2022\/03\/02\/gelungener-auftakt-im-globalen-kampf-gegen-plastikmull-in-der-umwelt\/","og_site_name":"Plastics Europe DE","article_published_time":"2022-03-02T14:39:49+00:00","article_modified_time":"2022-03-02T14:39:51+00:00","og_image":[{"width":2560,"height":1920,"url":"https:\/\/plasticseurope.org\/de\/wp-content\/uploads\/sites\/3\/2022\/02\/Muell-am-Strand-AdobeStock_206923961-scaled.jpeg","type":"image\/jpeg"}],"author":"tanjaruehl","twitter_card":"summary_large_image","twitter_misc":{"Verfasst von":"tanjaruehl","Gesch\u00e4tzte Lesezeit":"2 Minuten"},"schema":{"@context":"https:\/\/schema.org","@graph":[{"@type":"WebPage","@id":"https:\/\/plasticseurope.org\/de\/2022\/03\/02\/gelungener-auftakt-im-globalen-kampf-gegen-plastikmull-in-der-umwelt\/","url":"https:\/\/plasticseurope.org\/de\/2022\/03\/02\/gelungener-auftakt-im-globalen-kampf-gegen-plastikmull-in-der-umwelt\/","name":"Gelungener Auftakt im globalen Kampf gegen Plastikm\u00fcll in der Umwelt - Plastics Europe DE","isPartOf":{"@id":"https:\/\/plasticseurope.org\/de\/#website"},"datePublished":"2022-03-02T14:39:49+00:00","dateModified":"2022-03-02T14:39:51+00:00","author":{"@id":"https:\/\/plasticseurope.org\/de\/#\/schema\/person\/55e4bc6d67cca31b44f4bfa8879154d7"},"description":"Die UN-Umweltversammlung in Nairobi hat sich heute auf die Ausarbeitung eines rechtlich verbindlichen Abkommens gegen die Verschmutzung der Umwelt mit Plastikabf\u00e4llen binnen der n\u00e4chsten zwei Jahre geeinigt. Der Verband der Chemischen Industrie (VCI) und der Verband der Kunststofferzeuger Plastics Europe Deutschland (PED) begr\u00fc\u00dfen die Einigung und erste inhaltliche Leitplanken.","breadcrumb":{"@id":"https:\/\/plasticseurope.org\/de\/2022\/03\/02\/gelungener-auftakt-im-globalen-kampf-gegen-plastikmull-in-der-umwelt\/#breadcrumb"},"inLanguage":"de-DE","potentialAction":[{"@type":"ReadAction","target":["https:\/\/plasticseurope.org\/de\/2022\/03\/02\/gelungener-auftakt-im-globalen-kampf-gegen-plastikmull-in-der-umwelt\/"]}]},{"@type":"BreadcrumbList","@id":"https:\/\/plasticseurope.org\/de\/2022\/03\/02\/gelungener-auftakt-im-globalen-kampf-gegen-plastikmull-in-der-umwelt\/#breadcrumb","itemListElement":[{"@type":"ListItem","position":1,"name":"Home","item":"https:\/\/plasticseurope.org\/de\/"},{"@type":"ListItem","position":2,"name":"Gelungener Auftakt im globalen Kampf gegen Plastikm\u00fcll in der Umwelt"}]},{"@type":"WebSite","@id":"https:\/\/plasticseurope.org\/de\/#website","url":"https:\/\/plasticseurope.org\/de\/","name":"Plastics Europe DE","description":"Enabling a sustainable future","potentialAction":[{"@type":"SearchAction","target":{"@type":"EntryPoint","urlTemplate":"https:\/\/plasticseurope.org\/de\/?s={search_term_string}"},"query-input":"required name=search_term_string"}],"inLanguage":"de-DE"},{"@type":"Person","@id":"https:\/\/plasticseurope.org\/de\/#\/schema\/person\/55e4bc6d67cca31b44f4bfa8879154d7","name":"tanjaruehl","image":{"@type":"ImageObject","inLanguage":"de-DE","@id":"https:\/\/plasticseurope.org\/de\/#\/schema\/person\/image\/","url":"https:\/\/secure.gravatar.com\/avatar\/364c719d8d492fd7a6aea4706f81d9072211fb247836d1297db889b489703521?s=96&d=mm&r=g","contentUrl":"https:\/\/secure.gravatar.com\/avatar\/364c719d8d492fd7a6aea4706f81d9072211fb247836d1297db889b489703521?s=96&d=mm&r=g","caption":"tanjaruehl"},"url":"https:\/\/plasticseurope.org\/de\/author\/tanjaruehl\/"}]}},"_links":{"self":[{"href":"https:\/\/plasticseurope.org\/de\/wp-json\/wp\/v2\/posts\/1291","targetHints":{"allow":["GET"]}}],"collection":[{"href":"https:\/\/plasticseurope.org\/de\/wp-json\/wp\/v2\/posts"}],"about":[{"href":"https:\/\/plasticseurope.org\/de\/wp-json\/wp\/v2\/types\/post"}],"author":[{"embeddable":true,"href":"https:\/\/plasticseurope.org\/de\/wp-json\/wp\/v2\/users\/30"}],"replies":[{"embeddable":true,"href":"https:\/\/plasticseurope.org\/de\/wp-json\/wp\/v2\/comments?post=1291"}],"version-history":[{"count":0,"href":"https:\/\/plasticseurope.org\/de\/wp-json\/wp\/v2\/posts\/1291\/revisions"}],"wp:featuredmedia":[{"embeddable":true,"href":"https:\/\/plasticseurope.org\/de\/wp-json\/wp\/v2\/media\/1281"}],"wp:attachment":[{"href":"https:\/\/plasticseurope.org\/de\/wp-json\/wp\/v2\/media?parent=1291"}],"wp:term":[{"taxonomy":"category","embeddable":true,"href":"https:\/\/plasticseurope.org\/de\/wp-json\/wp\/v2\/categories?post=1291"},{"taxonomy":"post_tag","embeddable":true,"href":"https:\/\/plasticseurope.org\/de\/wp-json\/wp\/v2\/tags?post=1291"}],"curies":[{"name":"wp","href":"https:\/\/api.w.org\/{rel}","templated":true}]}}