{"id":12866,"date":"2025-12-09T12:46:14","date_gmt":"2025-12-09T12:46:14","guid":{"rendered":"https:\/\/plasticseurope.org\/de\/?p=12866"},"modified":"2025-12-15T09:26:37","modified_gmt":"2025-12-15T09:26:37","slug":"wir-sind-kunststoff-umfrage-kunststoff-standort-deutschland-braucht-echten-reformschub","status":"publish","type":"post","link":"https:\/\/plasticseurope.org\/de\/2025\/12\/09\/wir-sind-kunststoff-umfrage-kunststoff-standort-deutschland-braucht-echten-reformschub\/","title":{"rendered":"&#8222;Wir sind Kunststoff&#8220;-Umfrage: Kunststoff-Standort Deutschland braucht echten Reformschub"},"content":{"rendered":"\n<p><strong>Berlin\/Frankfurt am Main, 9. Dezember 2025<\/strong> \u2013 Die Unternehmen der Kunststoff-Wertsch\u00f6pfungskette sehen den deutschen Standort im internationalen Vergleich in Gefahr. Dennoch zeigen sie weiterhin eine hohe Bereitschaft, sich f\u00fcr die Wertsch\u00f6pfung vor Ort stark zu machen: 91 Prozent planen laut einer aktuellen Umfrage auch 2026 Investitionen am Standort Deutschland. Um diese St\u00e4rke f\u00fcr Wertsch\u00f6pfung und Produktion im Land gezielt zu nutzen, braucht es jetzt jedoch entschlossenes politisches Handeln.<\/p>\n\n\n\n<h2 class=\"wp-block-heading\">Standortfaktoren: Kaum besser als 2023<\/h2>\n\n\n\n<p>Die Unternehmen der Wertsch\u00f6pfungskette Kunststoff \u2013 Kunststofferzeugung, Kunststoffverarbeitung und Kunststoffmaschinenbau \u2013 gaben dem Standort Deutschland insgesamt die Note 4,1 (ausreichend). Damit hat sich die Standortbewertung im Vergleich zur ersten Auflage der Umfrage im Jahr 2023 nur leicht verbessert. Positive Noten erh\u00e4lt der Standort Deutschland insbesondere f\u00fcr die N\u00e4he zu Kunden und Lieferanten sowie f\u00fcr das gute Industrienetzwerk.<\/p>\n\n\n\n<div style=\"height:48px\" aria-hidden=\"true\" class=\"wp-block-spacer is-style-medium\"><\/div>\n\n\n\n<div class=\"wp-block-columns is-layout-flex wp-container-core-columns-is-layout-28f84493 wp-block-columns-is-layout-flex\">\n<div class=\"wp-block-column is-layout-flow wp-block-column-is-layout-flow\">\n<figure class=\"wp-block-image size-large\"><img loading=\"lazy\" decoding=\"async\" width=\"1024\" height=\"587\" src=\"https:\/\/plasticseurope.org\/de\/wp-content\/uploads\/sites\/3\/2025\/12\/WsK-Umfrage-Standortbedingungen-Durchschnittsnote-Deutschland-1024x587.jpeg\" alt=\"\" class=\"wp-image-12867\" srcset=\"https:\/\/plasticseurope.org\/de\/wp-content\/uploads\/sites\/3\/2025\/12\/WsK-Umfrage-Standortbedingungen-Durchschnittsnote-Deutschland-1024x587.jpeg 1024w, https:\/\/plasticseurope.org\/de\/wp-content\/uploads\/sites\/3\/2025\/12\/WsK-Umfrage-Standortbedingungen-Durchschnittsnote-Deutschland-300x172.jpeg 300w, https:\/\/plasticseurope.org\/de\/wp-content\/uploads\/sites\/3\/2025\/12\/WsK-Umfrage-Standortbedingungen-Durchschnittsnote-Deutschland-768x440.jpeg 768w, https:\/\/plasticseurope.org\/de\/wp-content\/uploads\/sites\/3\/2025\/12\/WsK-Umfrage-Standortbedingungen-Durchschnittsnote-Deutschland-1280x734.jpeg 1280w, https:\/\/plasticseurope.org\/de\/wp-content\/uploads\/sites\/3\/2025\/12\/WsK-Umfrage-Standortbedingungen-Durchschnittsnote-Deutschland.jpeg 1364w\" sizes=\"auto, (max-width: 1024px) 100vw, 1024px\" \/><\/figure>\n<\/div>\n\n\n\n<div class=\"wp-block-column is-layout-flow wp-block-column-is-layout-flow\">\n<figure class=\"wp-block-image size-large\"><img loading=\"lazy\" decoding=\"async\" width=\"1024\" height=\"581\" src=\"https:\/\/plasticseurope.org\/de\/wp-content\/uploads\/sites\/3\/2025\/12\/WsK-Umfrage-Wirksame-Investitionsanreize-1024x581.jpeg\" alt=\"\" class=\"wp-image-12868\" srcset=\"https:\/\/plasticseurope.org\/de\/wp-content\/uploads\/sites\/3\/2025\/12\/WsK-Umfrage-Wirksame-Investitionsanreize-1024x581.jpeg 1024w, https:\/\/plasticseurope.org\/de\/wp-content\/uploads\/sites\/3\/2025\/12\/WsK-Umfrage-Wirksame-Investitionsanreize-300x170.jpeg 300w, https:\/\/plasticseurope.org\/de\/wp-content\/uploads\/sites\/3\/2025\/12\/WsK-Umfrage-Wirksame-Investitionsanreize-768x436.jpeg 768w, https:\/\/plasticseurope.org\/de\/wp-content\/uploads\/sites\/3\/2025\/12\/WsK-Umfrage-Wirksame-Investitionsanreize-1280x726.jpeg 1280w, https:\/\/plasticseurope.org\/de\/wp-content\/uploads\/sites\/3\/2025\/12\/WsK-Umfrage-Wirksame-Investitionsanreize.jpeg 1364w\" sizes=\"auto, (max-width: 1024px) 100vw, 1024px\" \/><\/figure>\n<\/div>\n<\/div>\n\n\n\n<div style=\"height:48px\" aria-hidden=\"true\" class=\"wp-block-spacer is-style-medium\"><\/div>\n\n\n\n<p>Die Umfrage der Initiative \u201eWir sind Kunststoff\u201c verdeutlicht gleichwohl aber auch, dass drei zentrale Standortfaktoren \u00fcber die Wettbewerbsf\u00e4higkeit der Wertsch\u00f6pfungskette Kunststoff in Deutschland entscheiden: Energiepreise, B\u00fcrokratie und die regulatorischen Rahmenbedingungen in Bezug auf Kunststoffe und Nachhaltigkeit wurden allesamt von den Unternehmen mit \u201emangelhaft\u201c bewertet. Insbesondere der hohe Aufwand f\u00fcr Genehmigungen und Berichtspflichten belastet die Betriebe und hemmt die Innovationskraft. Ein beschleunigter Abbau von B\u00fcrokratie und eine weitere nachhaltige Entlastung der Unternehmen von den hohen Energiekosten sind entscheidend, damit Innovation, Wertsch\u00f6pfung und Arbeitspl\u00e4tze im Land gesichert bleiben. Denn die Unternehmensbefragung zeigt ganz klar: Au\u00dferhalb Deutschlands ist die Investitionsbereitschaft momentan deutlich h\u00f6her.<\/p>\n\n\n\n<p><em>\u201eJetzt ist die Politik am Zug: Sie h\u00e4lt die Stellhebel in der Hand, um der Kunststoffindustrie den n\u00f6tigen Schub zu geben\u201c, betonen die Initiatoren der Umfrage. \u201eW\u00e4hrend die Unternehmen mit Innovation, Transformation und Jetzt-erst-recht-Mentalit\u00e4t vorangehen, muss die Politik B\u00fcrokratie abbauen und mit kluger Regulierung weitere Investitionen in die Kreislaufwirtschaft attraktiv machen.\u201c<\/em><\/p>\n\n\n\n<h2 class=\"wp-block-heading\">Internationale Handelsabkommen und Marktaufsicht st\u00e4rken<\/h2>\n\n\n\n<p>Vor dem Hintergrund anhaltender Handelskonflikte fordert die Branche neue, starke internationale Handelsabkommen. Sie sind Voraussetzung, um den Marktzugang zu sichern, faire Wettbewerbsbedingungen herzustellen und die hohen Qualit\u00e4tsstandards deutscher Produkte international zu sch\u00fctzen. Eine effiziente und aktive Marktaufsicht ist dabei unerl\u00e4sslich.<\/p>\n\n\n\n<h2 class=\"wp-block-heading\">Unternehmen formulieren klare Priorit\u00e4ten<\/h2>\n\n\n\n<p>Die Unternehmen erwarten von der deutschen Bundesregierung entschlossene Schritte und haben in der Umfrage selbst klare Priorit\u00e4ten formuliert \u2013 vom Abbau von Berichtspflichten und einer 1:1-Umsetzung von EU-Vorschriften bis zur Fachkr\u00e4ftesicherung und F\u00f6rderung der Zuwanderung qualifizierter Fachkr\u00e4fte.<\/p>\n\n\n\n<p>Die Initiatoren der Befragung machen deutlich: <em>\u201eJetzt ist der Moment, zentrale Reformen mutig anzupacken, damit der industrielle Kern Deutschlands nicht weiter erodiert. Eine starke, widerstandsf\u00e4hige Kunststoff-Wertsch\u00f6pfungskette ist f\u00fcr Deutschland unverzichtbar. Die Unternehmen der Wertsch\u00f6pfungskette Kunststoff sind attraktive Arbeitgeber f\u00fcr fast 400.000 Besch\u00e4ftigte und bilden mit ihren Materialien, Verarbeitungs-Know-How und Ingenieursleistungen das R\u00fcckgrat f\u00fcr die gro\u00dfen Transformationen zur Klimaneutralit\u00e4t und zur Kreislaufwirtschaft.\u201c<\/em><a id=\"_msocom_1\"><\/a><\/p>\n\n\n\n<div style=\"height:100px\" aria-hidden=\"true\" class=\"wp-block-spacer is-style-small\"><\/div>\n\n\n\n<h2 class=\"wp-block-heading\">Studie zum Download<\/h2>\n\n\n\n<div style=\"height:100px\" aria-hidden=\"true\" class=\"wp-block-spacer is-style-small\"><\/div>\n\n\n\n<div data-wp-interactive=\"core\/file\" class=\"wp-block-file\"><object data-wp-bind--hidden=\"!state.hasPdfPreview\" hidden class=\"wp-block-file__embed\" data=\"https:\/\/plasticseurope.org\/de\/wp-content\/uploads\/sites\/3\/2025\/12\/2025-12-01_Ergebnisse-der-WsK-Umfrage.pdf\" type=\"application\/pdf\" style=\"width:100%;height:600px\" aria-label=\"Einbettung von 2025-12-01_Ergebnisse der WsK-Umfrage.\"><\/object><a id=\"wp-block-file--media-80c2c3b2-6304-4c1b-8653-7c066f9882fd\" href=\"https:\/\/plasticseurope.org\/de\/wp-content\/uploads\/sites\/3\/2025\/12\/2025-12-01_Ergebnisse-der-WsK-Umfrage.pdf\">2025-12-01_Ergebnisse der WsK-Umfrage<\/a><a href=\"https:\/\/plasticseurope.org\/de\/wp-content\/uploads\/sites\/3\/2025\/12\/2025-12-01_Ergebnisse-der-WsK-Umfrage.pdf\" class=\"wp-block-file__button wp-element-button\" download aria-describedby=\"wp-block-file--media-80c2c3b2-6304-4c1b-8653-7c066f9882fd\">Herunterladen<\/a><\/div>\n\n\n\n<div id=\"explore-block_15eb94232dfce2d156caa6926078e8c9\" class=\"explore-further\">\n  <div class=\"flex flex-col bg-mist-900 rounded-md mt-8 md:mt-28 md:w-1\/2 md:mr-auto\">\n    <div class=\"flex-1 relative p-6 md:px-10 md:py-8\">\n      <div class=\"absolute top-0 left-0 p-5 inline-block transform -translate-x-1\/2 -translate-y-1\/2\">\n      <\/div>\n      \n\n<h3 class=\"wp-block-heading\">Weiterf\u00fchrende Links<\/h3>\n\n\n\n<p><a href=\"https:\/\/ec.europa.eu\/eurostat\/databrowser\/view\/env_waspcb\/default\/table?lang=de\">Wir sind Kunststoff<\/a><a href=\"https:\/\/dein-kunststoff.de\/gemeinschaftsinitiative-der-kunststoffindustrie\/\">https:\/\/dein-kunststoff.de\/gemeinschaftsinitiative-der-kunststoffindustrie\/<\/a><br><\/p>\n\n\n    <\/div>\n  <\/div>\n<\/div>\n\n\n\n<div style=\"height:100px\" aria-hidden=\"true\" class=\"wp-block-spacer is-style-small\"><\/div>\n\n\n\n<div style=\"height:16px\" aria-hidden=\"true\" class=\"wp-block-spacer is-style-medium\"><\/div>\n\n\n\n<h2 class=\"wp-block-heading\">\u00dcber die Initiative &#8222;Wir sind Kunststoff&#8220;<\/h2>\n\n\n\n<p><em><em><em>Die Initiative \u201eWir sind Kunststoff\u201c wird angef\u00fchrt durch den Gesamtverband Kunststoffverarbeitende Industrie e. V. und seinen vier Tr\u00e4gerverb\u00e4nden sowie von PlasticsEurope Deutschland e. V. und dem VDMA Fachverband Kunststoff- und Gummimaschinen. Gemeinsam wollen die Verb\u00e4nde den offenen Austausch und Dialog zu Innovationen&nbsp;und nachhaltigen Entwicklungen der Kunststoffindustrie in Richtung Kreislaufwirtschaft&nbsp;vorantreiben. Mit einem Jahresumsatz von \u00fcber 100 Milliarden Euro, einem hohen Exportanteil&nbsp;und ihrer Innovationskraft geh\u00f6rt die Kunststoffindustrie mit ihrer zunehmend nachhaltigeren Ausrichtung nicht nur bei High-Tech-Anwendungen zur Weltspitze.<\/em><\/em><\/em><\/p>\n\n\n\n<div style=\"height:16px\" aria-hidden=\"true\" class=\"wp-block-spacer is-style-medium\"><\/div>\n\n\n\n<hr class=\"wp-block-separator has-text-color has-jade-color has-alpha-channel-opacity has-jade-background-color has-background\" \/>\n\n\n\n<div style=\"height:16px\" aria-hidden=\"true\" class=\"wp-block-spacer is-style-medium\"><\/div>\n\n\n\n<div class=\"wp-block-columns is-layout-flex wp-container-core-columns-is-layout-28f84493 wp-block-columns-is-layout-flex\">\n<div class=\"wp-block-column is-layout-flow wp-block-column-is-layout-flow\" style=\"flex-basis:250%\">\n<p><strong>Ihre Ansprechpartner bei wir sind Kunststoff:<\/strong><\/p>\n\n\n\n<p>Mara Hanker (GKV)<br>T: 06172-926666&nbsp;&nbsp;&nbsp;&nbsp;&nbsp;&nbsp;&nbsp;&nbsp;&nbsp;&nbsp;<\/p>\n\n\n\n<p>Ina Hoch (VDMA)<br>T: 069-69 6603-1844\u00a0\u00a0\u00a0\u00a0\u00a0<\/p>\n\n\n\n<p>Bettina Dempewolf (PED)<br>T: 0171-9713962<\/p>\n\n\n\n<p><a href=\"mailto:presse@wir-sind-kunststoff.de\">presse@wir-sind-kunststoff.de<\/a><br><a href=\"http:\/\/www.deinkunststoff.de\">www.deinkunststoff.de<\/a><br><\/p>\n<\/div>\n<\/div>\n\n\n\n<hr class=\"wp-block-separator has-text-color has-jade-color has-alpha-channel-opacity has-jade-background-color has-background\" \/>\n\n\n\n<p><\/p>\n","protected":false},"excerpt":{"rendered":"<p>&#8222;Wir sind Kunststoff&#8220;-Umfrage: Kunststoff-Standort Deutschland braucht echten Reformschub<\/p>\n","protected":false},"author":1,"featured_media":12867,"comment_status":"closed","ping_status":"closed","sticky":false,"template":"","format":"standard","meta":{"footnotes":""},"categories":[6,7],"tags":[302,88,299,300,301,298],"class_list":["post-12866","post","type-post","status-publish","format-standard","has-post-thumbnail","hentry","category-news","category-pressemitteilungen","tag-bioabbaurabre-plastiktueten","tag-kunststoff","tag-kunststoff-tueten","tag-leichte-kunststofftragetaschen","tag-leichte-plastiktueten","tag-plastiktueten"],"acf":[],"yoast_head":"<!-- This site is optimized with the Yoast SEO plugin v21.6 - https:\/\/yoast.com\/wordpress\/plugins\/seo\/ -->\n<title>&quot;Wir sind Kunststoff&quot;-Umfrage: Kunststoff-Standort Deutschland braucht echten Reformschub<\/title>\n<meta name=\"description\" content=\"Die Unternehmen der Kunststoff-Wertsch\u00f6pfungskette sehen den deutschen Standort im internationalen Vergleich in Gefahr.\" \/>\n<meta name=\"robots\" content=\"index, follow, max-snippet:-1, max-image-preview:large, max-video-preview:-1\" \/>\n<link rel=\"canonical\" href=\"https:\/\/plasticseurope.org\/de\/2025\/12\/09\/wir-sind-kunststoff-umfrage-kunststoff-standort-deutschland-braucht-echten-reformschub\/\" \/>\n<meta property=\"og:locale\" content=\"de_DE\" \/>\n<meta property=\"og:type\" content=\"article\" \/>\n<meta property=\"og:title\" content=\"&quot;Wir sind Kunststoff&quot;-Umfrage: Kunststoff-Standort Deutschland braucht echten Reformschub\" \/>\n<meta property=\"og:description\" content=\"Die Unternehmen der Kunststoff-Wertsch\u00f6pfungskette sehen den deutschen Standort im internationalen Vergleich in Gefahr.\" \/>\n<meta property=\"og:url\" content=\"https:\/\/plasticseurope.org\/de\/2025\/12\/09\/wir-sind-kunststoff-umfrage-kunststoff-standort-deutschland-braucht-echten-reformschub\/\" \/>\n<meta property=\"og:site_name\" content=\"Plastics Europe DE\" \/>\n<meta property=\"article:published_time\" content=\"2025-12-09T12:46:14+00:00\" \/>\n<meta property=\"article:modified_time\" content=\"2025-12-15T09:26:37+00:00\" \/>\n<meta property=\"og:image\" content=\"https:\/\/plasticseurope.org\/de\/wp-content\/uploads\/sites\/3\/2025\/12\/WsK-Umfrage-Standortbedingungen-Durchschnittsnote-Deutschland.jpeg\" \/>\n\t<meta property=\"og:image:width\" content=\"1364\" \/>\n\t<meta property=\"og:image:height\" content=\"782\" \/>\n\t<meta property=\"og:image:type\" content=\"image\/jpeg\" \/>\n<meta name=\"author\" content=\"admin\" \/>\n<meta name=\"twitter:card\" content=\"summary_large_image\" \/>\n<meta name=\"twitter:title\" content=\"&quot;Wir sind Kunststoff&quot;-Umfrage: Kunststoff-Standort Deutschland braucht echten Reformschub\" \/>\n<meta name=\"twitter:description\" content=\"Die Unternehmen der Kunststoff-Wertsch\u00f6pfungskette sehen den deutschen Standort im internationalen Vergleich in Gefahr.\" \/>\n<meta name=\"twitter:image\" content=\"https:\/\/plasticseurope.org\/de\/wp-content\/uploads\/sites\/3\/2025\/12\/WsK-Umfrage-Standortbedingungen-Durchschnittsnote-Deutschland.jpeg\" \/>\n<meta name=\"twitter:creator\" content=\"@wp-admin\" \/>\n<meta name=\"twitter:label1\" content=\"Verfasst von\" \/>\n\t<meta name=\"twitter:data1\" content=\"admin\" \/>\n\t<meta name=\"twitter:label2\" content=\"Gesch\u00e4tzte Lesezeit\" \/>\n\t<meta name=\"twitter:data2\" content=\"4 Minuten\" \/>\n<script type=\"application\/ld+json\" class=\"yoast-schema-graph\">{\"@context\":\"https:\/\/schema.org\",\"@graph\":[{\"@type\":\"WebPage\",\"@id\":\"https:\/\/plasticseurope.org\/de\/2025\/12\/09\/wir-sind-kunststoff-umfrage-kunststoff-standort-deutschland-braucht-echten-reformschub\/\",\"url\":\"https:\/\/plasticseurope.org\/de\/2025\/12\/09\/wir-sind-kunststoff-umfrage-kunststoff-standort-deutschland-braucht-echten-reformschub\/\",\"name\":\"\\\"Wir sind Kunststoff\\\"-Umfrage: Kunststoff-Standort Deutschland braucht echten Reformschub\",\"isPartOf\":{\"@id\":\"https:\/\/plasticseurope.org\/de\/#website\"},\"datePublished\":\"2025-12-09T12:46:14+00:00\",\"dateModified\":\"2025-12-15T09:26:37+00:00\",\"author\":{\"@id\":\"https:\/\/plasticseurope.org\/de\/#\/schema\/person\/1b7f52b3f1507100c36b9dac252b749a\"},\"description\":\"Die Unternehmen der Kunststoff-Wertsch\u00f6pfungskette sehen den deutschen Standort im internationalen Vergleich in Gefahr.\",\"breadcrumb\":{\"@id\":\"https:\/\/plasticseurope.org\/de\/2025\/12\/09\/wir-sind-kunststoff-umfrage-kunststoff-standort-deutschland-braucht-echten-reformschub\/#breadcrumb\"},\"inLanguage\":\"de-DE\",\"potentialAction\":[{\"@type\":\"ReadAction\",\"target\":[\"https:\/\/plasticseurope.org\/de\/2025\/12\/09\/wir-sind-kunststoff-umfrage-kunststoff-standort-deutschland-braucht-echten-reformschub\/\"]}]},{\"@type\":\"BreadcrumbList\",\"@id\":\"https:\/\/plasticseurope.org\/de\/2025\/12\/09\/wir-sind-kunststoff-umfrage-kunststoff-standort-deutschland-braucht-echten-reformschub\/#breadcrumb\",\"itemListElement\":[{\"@type\":\"ListItem\",\"position\":1,\"name\":\"Home\",\"item\":\"https:\/\/plasticseurope.org\/de\/\"},{\"@type\":\"ListItem\",\"position\":2,\"name\":\"&#8222;Wir sind Kunststoff&#8220;-Umfrage: Kunststoff-Standort Deutschland braucht echten Reformschub\"}]},{\"@type\":\"WebSite\",\"@id\":\"https:\/\/plasticseurope.org\/de\/#website\",\"url\":\"https:\/\/plasticseurope.org\/de\/\",\"name\":\"Plastics Europe DE\",\"description\":\"Enabling a sustainable future\",\"potentialAction\":[{\"@type\":\"SearchAction\",\"target\":{\"@type\":\"EntryPoint\",\"urlTemplate\":\"https:\/\/plasticseurope.org\/de\/?s={search_term_string}\"},\"query-input\":\"required name=search_term_string\"}],\"inLanguage\":\"de-DE\"},{\"@type\":\"Person\",\"@id\":\"https:\/\/plasticseurope.org\/de\/#\/schema\/person\/1b7f52b3f1507100c36b9dac252b749a\",\"name\":\"admin\",\"image\":{\"@type\":\"ImageObject\",\"inLanguage\":\"de-DE\",\"@id\":\"https:\/\/plasticseurope.org\/de\/#\/schema\/person\/image\/\",\"url\":\"https:\/\/secure.gravatar.com\/avatar\/efc201767be6b43dfb89fdc85d2874f9ce0d79f7f853bd7c271900cd369fa0f8?s=96&d=mm&r=g\",\"contentUrl\":\"https:\/\/secure.gravatar.com\/avatar\/efc201767be6b43dfb89fdc85d2874f9ce0d79f7f853bd7c271900cd369fa0f8?s=96&d=mm&r=g\",\"caption\":\"admin\"},\"sameAs\":[\"https:\/\/plasticseurope.org\/\",\"https:\/\/twitter.com\/wp-admin\"],\"url\":\"https:\/\/plasticseurope.org\/de\/author\/wp-admin\/\"}]}<\/script>\n<!-- \/ Yoast SEO plugin. -->","yoast_head_json":{"title":"\"Wir sind Kunststoff\"-Umfrage: Kunststoff-Standort Deutschland braucht echten Reformschub","description":"Die Unternehmen der Kunststoff-Wertsch\u00f6pfungskette sehen den deutschen Standort im internationalen Vergleich in Gefahr.","robots":{"index":"index","follow":"follow","max-snippet":"max-snippet:-1","max-image-preview":"max-image-preview:large","max-video-preview":"max-video-preview:-1"},"canonical":"https:\/\/plasticseurope.org\/de\/2025\/12\/09\/wir-sind-kunststoff-umfrage-kunststoff-standort-deutschland-braucht-echten-reformschub\/","og_locale":"de_DE","og_type":"article","og_title":"\"Wir sind Kunststoff\"-Umfrage: Kunststoff-Standort Deutschland braucht echten Reformschub","og_description":"Die Unternehmen der Kunststoff-Wertsch\u00f6pfungskette sehen den deutschen Standort im internationalen Vergleich in Gefahr.","og_url":"https:\/\/plasticseurope.org\/de\/2025\/12\/09\/wir-sind-kunststoff-umfrage-kunststoff-standort-deutschland-braucht-echten-reformschub\/","og_site_name":"Plastics Europe DE","article_published_time":"2025-12-09T12:46:14+00:00","article_modified_time":"2025-12-15T09:26:37+00:00","og_image":[{"width":1364,"height":782,"url":"https:\/\/plasticseurope.org\/de\/wp-content\/uploads\/sites\/3\/2025\/12\/WsK-Umfrage-Standortbedingungen-Durchschnittsnote-Deutschland.jpeg","type":"image\/jpeg"}],"author":"admin","twitter_card":"summary_large_image","twitter_title":"\"Wir sind Kunststoff\"-Umfrage: Kunststoff-Standort Deutschland braucht echten Reformschub","twitter_description":"Die Unternehmen der Kunststoff-Wertsch\u00f6pfungskette sehen den deutschen Standort im internationalen Vergleich in Gefahr.","twitter_image":"https:\/\/plasticseurope.org\/de\/wp-content\/uploads\/sites\/3\/2025\/12\/WsK-Umfrage-Standortbedingungen-Durchschnittsnote-Deutschland.jpeg","twitter_creator":"@wp-admin","twitter_misc":{"Verfasst von":"admin","Gesch\u00e4tzte Lesezeit":"4 Minuten"},"schema":{"@context":"https:\/\/schema.org","@graph":[{"@type":"WebPage","@id":"https:\/\/plasticseurope.org\/de\/2025\/12\/09\/wir-sind-kunststoff-umfrage-kunststoff-standort-deutschland-braucht-echten-reformschub\/","url":"https:\/\/plasticseurope.org\/de\/2025\/12\/09\/wir-sind-kunststoff-umfrage-kunststoff-standort-deutschland-braucht-echten-reformschub\/","name":"\"Wir sind Kunststoff\"-Umfrage: Kunststoff-Standort Deutschland braucht echten Reformschub","isPartOf":{"@id":"https:\/\/plasticseurope.org\/de\/#website"},"datePublished":"2025-12-09T12:46:14+00:00","dateModified":"2025-12-15T09:26:37+00:00","author":{"@id":"https:\/\/plasticseurope.org\/de\/#\/schema\/person\/1b7f52b3f1507100c36b9dac252b749a"},"description":"Die Unternehmen der Kunststoff-Wertsch\u00f6pfungskette sehen den deutschen Standort im internationalen Vergleich in Gefahr.","breadcrumb":{"@id":"https:\/\/plasticseurope.org\/de\/2025\/12\/09\/wir-sind-kunststoff-umfrage-kunststoff-standort-deutschland-braucht-echten-reformschub\/#breadcrumb"},"inLanguage":"de-DE","potentialAction":[{"@type":"ReadAction","target":["https:\/\/plasticseurope.org\/de\/2025\/12\/09\/wir-sind-kunststoff-umfrage-kunststoff-standort-deutschland-braucht-echten-reformschub\/"]}]},{"@type":"BreadcrumbList","@id":"https:\/\/plasticseurope.org\/de\/2025\/12\/09\/wir-sind-kunststoff-umfrage-kunststoff-standort-deutschland-braucht-echten-reformschub\/#breadcrumb","itemListElement":[{"@type":"ListItem","position":1,"name":"Home","item":"https:\/\/plasticseurope.org\/de\/"},{"@type":"ListItem","position":2,"name":"&#8222;Wir sind Kunststoff&#8220;-Umfrage: Kunststoff-Standort Deutschland braucht echten Reformschub"}]},{"@type":"WebSite","@id":"https:\/\/plasticseurope.org\/de\/#website","url":"https:\/\/plasticseurope.org\/de\/","name":"Plastics Europe DE","description":"Enabling a sustainable future","potentialAction":[{"@type":"SearchAction","target":{"@type":"EntryPoint","urlTemplate":"https:\/\/plasticseurope.org\/de\/?s={search_term_string}"},"query-input":"required name=search_term_string"}],"inLanguage":"de-DE"},{"@type":"Person","@id":"https:\/\/plasticseurope.org\/de\/#\/schema\/person\/1b7f52b3f1507100c36b9dac252b749a","name":"admin","image":{"@type":"ImageObject","inLanguage":"de-DE","@id":"https:\/\/plasticseurope.org\/de\/#\/schema\/person\/image\/","url":"https:\/\/secure.gravatar.com\/avatar\/efc201767be6b43dfb89fdc85d2874f9ce0d79f7f853bd7c271900cd369fa0f8?s=96&d=mm&r=g","contentUrl":"https:\/\/secure.gravatar.com\/avatar\/efc201767be6b43dfb89fdc85d2874f9ce0d79f7f853bd7c271900cd369fa0f8?s=96&d=mm&r=g","caption":"admin"},"sameAs":["https:\/\/plasticseurope.org\/","https:\/\/twitter.com\/wp-admin"],"url":"https:\/\/plasticseurope.org\/de\/author\/wp-admin\/"}]}},"_links":{"self":[{"href":"https:\/\/plasticseurope.org\/de\/wp-json\/wp\/v2\/posts\/12866","targetHints":{"allow":["GET"]}}],"collection":[{"href":"https:\/\/plasticseurope.org\/de\/wp-json\/wp\/v2\/posts"}],"about":[{"href":"https:\/\/plasticseurope.org\/de\/wp-json\/wp\/v2\/types\/post"}],"author":[{"embeddable":true,"href":"https:\/\/plasticseurope.org\/de\/wp-json\/wp\/v2\/users\/1"}],"replies":[{"embeddable":true,"href":"https:\/\/plasticseurope.org\/de\/wp-json\/wp\/v2\/comments?post=12866"}],"version-history":[{"count":0,"href":"https:\/\/plasticseurope.org\/de\/wp-json\/wp\/v2\/posts\/12866\/revisions"}],"wp:featuredmedia":[{"embeddable":true,"href":"https:\/\/plasticseurope.org\/de\/wp-json\/wp\/v2\/media\/12867"}],"wp:attachment":[{"href":"https:\/\/plasticseurope.org\/de\/wp-json\/wp\/v2\/media?parent=12866"}],"wp:term":[{"taxonomy":"category","embeddable":true,"href":"https:\/\/plasticseurope.org\/de\/wp-json\/wp\/v2\/categories?post=12866"},{"taxonomy":"post_tag","embeddable":true,"href":"https:\/\/plasticseurope.org\/de\/wp-json\/wp\/v2\/tags?post=12866"}],"curies":[{"name":"wp","href":"https:\/\/api.w.org\/{rel}","templated":true}]}}