{"id":12859,"date":"2025-11-25T14:55:18","date_gmt":"2025-11-25T14:55:18","guid":{"rendered":"https:\/\/plasticseurope.org\/de\/?p=12859"},"modified":"2026-04-14T11:38:56","modified_gmt":"2026-04-14T11:38:56","slug":"weniger-tueten-mehr-fakten-kunststoff-ist-oft-klimafreundlicher-als-gedacht","status":"publish","type":"post","link":"https:\/\/plasticseurope.org\/de\/2025\/11\/25\/weniger-tueten-mehr-fakten-kunststoff-ist-oft-klimafreundlicher-als-gedacht\/","title":{"rendered":"Weniger T\u00fcten, mehr Fakten: Kunststoff ist oft klimafreundlicher als gedacht"},"content":{"rendered":"\n<h2 class=\"wp-block-heading\">Bilanz nach 5 Jahren Einweg-Plastikt\u00fcten-Verbot<\/h2>\n\n\n\n<div style=\"height:16px\" aria-hidden=\"true\" class=\"wp-block-spacer is-style-small\"><\/div>\n\n\n\n<p><a><strong>Frankfurt am Main, 25. November 2025<\/strong><\/a> \u2013 Am 26. November vor f\u00fcnf Jahren hat der Bundestag das Verbot d\u00fcnner Einweg-Plastikt\u00fcten beschlossen. Damit hat Deutschland eine EU-Vorgabe umgesetzt, die den Verbrauch leichter Kunststofftragetaschen (zwischen 15 und 50 Mikrometer Wandst\u00e4rke) reduzieren sollte. Wie die europ\u00e4ische Statistikbeh\u00f6rde Eurostat f\u00fcr Deutschland ausweist, hat sich der Verbrauch seitdem stark reduziert: von rund 57 T\u00fcten pro Kopf im Jahr 2018 auf etwa 31 im Jahr 2023. Deutschland erf\u00fcllt damit die EU-Vorgabe, den Verbrauch auf h\u00f6chstens 40 T\u00fcten pro Person und Jahr zu senken.<\/p>\n\n\n\n<h2 class=\"wp-block-heading\">\u00dcbergangsfrist ausgelaufen: Regelung seit 2022 vollst\u00e4ndig in Kraft<\/h2>\n\n\n\n<p>Es gab eine \u00dcbergangsfrist, in der es erlaubt war, Restbest\u00e4nde aufzubrauchen. Seit dem 1. Januar 2022 d\u00fcrfen Gesch\u00e4fte diese d\u00fcnnen Einweg-Plastikt\u00fcten an der Ladenkasse nicht mehr ausgeben. Das gilt auch f\u00fcr Varianten aus biobasierten oder abbaubaren Kunststoffen. Bieten H\u00e4ndler weiterhin unzul\u00e4ssige Einweg-Plastikt\u00fcten mit einer Wandst\u00e4rke unter 50 Mikrometer an, m\u00fcssen sie mit Strafen bis zu 100.000 Euro rechnen.<\/p>\n\n\n\n<h2 class=\"wp-block-heading\">Mehrweg-Tragetaschen aus Kunststoff bleiben erlaubt<\/h2>\n\n\n\n<p>Erlaubt bleiben sehr leichte Beutel f\u00fcr Obst und Gem\u00fcse (unter 15 Mikrometer), wenn sie f\u00fcr die Hygiene erforderlich sind und Lebensmittel sch\u00fctzen. Auch stabile Mehrweg-Tragetaschen aus Kunststoff sind weiterhin zul\u00e4ssig.<\/p>\n\n\n\n<h2 class=\"wp-block-heading\">Kunststoff bew\u00e4hrt sich bei Mehrweg-Anwendungen<\/h2>\n\n\n\n<p>Die Branche unterst\u00fctzt das Ziel, unn\u00f6tige Abf\u00e4lle zu vermeiden. Wichtig ist die \u00d6kobilanz eines Produkts \u00fcber den gesamten Lebensweg. \u201eDie Einwegt\u00fcte ist zum Symbol f\u00fcr \u00fcberfl\u00fcssigen Konsum geworden. Doch entscheidend ist: Kunststoff hat sich als nahezu ideale L\u00f6sung f\u00fcr Mehrweganwendungen etabliert\u201c, sagt Dr. Christine Bunte, von Plastics Europe Deutschland, dem Verband der Kunststofferzeuger. \u201eEine robuste und langlebige Kunststofftragetasche ist nicht nur praktisch, sondern weist oft eine bessere \u00d6kobilanz auf als viele Alternativen wie Stoffbeutel.&#8220;<\/p>\n\n\n\n<p>Studien zeigen, dass Mehrweg-Taschen aus Kunststoff bereits nach wenigen Uml\u00e4ufen klimafreundlicher sind als Einwegt\u00fcten. Alternativen wie Baumwollbeutel m\u00fcssen dagegen etwa 50-150 Mal zum Einsatz kommen, um \u00f6kologisch mithalten zu k\u00f6nnen.<\/p>\n\n\n\n<p><a id=\"_msocom_1\"><\/a><\/p>\n\n\n\n<div style=\"height:100px\" aria-hidden=\"true\" class=\"wp-block-spacer is-style-small\"><\/div>\n\n\n\n<h2 class=\"wp-block-heading\">Pressefotos zum freien Download<\/h2>\n\n\n\n<div style=\"height:100px\" aria-hidden=\"true\" class=\"wp-block-spacer is-style-small\"><\/div>\n\n\n\n<figure class=\"wp-block-image size-full is-resized\"><a href=\"https:\/\/plasticseurope.org\/de\/wp-content\/uploads\/sites\/3\/2025\/11\/Grafik-korrigiert.jpg\"><img loading=\"lazy\" decoding=\"async\" width=\"1920\" height=\"1080\" src=\"https:\/\/plasticseurope.org\/de\/wp-content\/uploads\/sites\/3\/2025\/11\/Grafik-korrigiert.jpg\" alt=\"\" class=\"wp-image-12862\" style=\"width:1406px;height:auto\" srcset=\"https:\/\/plasticseurope.org\/de\/wp-content\/uploads\/sites\/3\/2025\/11\/Grafik-korrigiert.jpg 1920w, https:\/\/plasticseurope.org\/de\/wp-content\/uploads\/sites\/3\/2025\/11\/Grafik-korrigiert-300x169.jpg 300w, https:\/\/plasticseurope.org\/de\/wp-content\/uploads\/sites\/3\/2025\/11\/Grafik-korrigiert-1024x576.jpg 1024w, https:\/\/plasticseurope.org\/de\/wp-content\/uploads\/sites\/3\/2025\/11\/Grafik-korrigiert-768x432.jpg 768w, https:\/\/plasticseurope.org\/de\/wp-content\/uploads\/sites\/3\/2025\/11\/Grafik-korrigiert-1536x864.jpg 1536w, https:\/\/plasticseurope.org\/de\/wp-content\/uploads\/sites\/3\/2025\/11\/Grafik-korrigiert-1280x720.jpg 1280w\" sizes=\"auto, (max-width: 1920px) 100vw, 1920px\" \/><\/a><figcaption class=\"wp-element-caption\"><em><em>Der Verbrauch leichter Einweg-Kunststofftragetaschen hat sich in Deutschland seit 2018 etwa halbiert. Quelle: Eurostat.<\/em><\/em><\/figcaption><\/figure>\n\n\n\n<div id=\"explore-block_7dbfe4603160d9b1f567edc6d5824d01\" class=\"explore-further\">\n  <div class=\"flex flex-col bg-mist-900 rounded-md mt-8 md:mt-28 md:w-1\/2 md:mr-auto\">\n    <div class=\"flex-1 relative p-6 md:px-10 md:py-8\">\n      <div class=\"absolute top-0 left-0 p-5 inline-block transform -translate-x-1\/2 -translate-y-1\/2\">\n      <\/div>\n      \n\n<h3 class=\"wp-block-heading\">Weiterf\u00fchrende Links<\/h3>\n\n\n\n<p><a href=\"https:\/\/ec.europa.eu\/eurostat\/databrowser\/view\/env_waspcb\/default\/table?lang=de\">Eurostat: Verbrauch an leichten Kunststofftragetaschen nach Wandst\u00e4rke<\/a><\/p>\n\n\n\n<p><a href=\"https:\/\/www.lifecycleinitiative.org\/wp-content\/uploads\/2020\/04\/Single-use-plastic-bags-and-alternatives-Recommendations-from-LCA-final.pdf\">UNEP: Single-use plastic bags and their alternatives<\/a><\/p>\n\n\n\n<p><a href=\"https:\/\/plasticseurope.org\/de\/2025\/07\/15\/verbaende-empfehlen-die-einfuehrung-von-kompostierbaren-obst-und-gemuesebeuteln-im-einzelhandel\/\">PED-Pressemitteilung: Verb\u00e4nde empfehlen die Einf\u00fchrung von kompostierbaren Obst- und Gem\u00fcsebeuteln im Einzelhandel<br><\/a><\/p>\n\n\n    <\/div>\n  <\/div>\n<\/div>\n\n\n\n<div style=\"height:100px\" aria-hidden=\"true\" class=\"wp-block-spacer is-style-small\"><\/div>\n\n\n\n<div style=\"height:16px\" aria-hidden=\"true\" class=\"wp-block-spacer is-style-medium\"><\/div>\n\n\n\n<h2 class=\"wp-block-heading\">\u00dcber den Verband<\/h2>\n\n\n\n<p><em><em><em>Plastics Europe ist der paneurop\u00e4ische Verband der Kunststoffhersteller mit B\u00fcros in ganz Europa. Seit \u00fcber 100 Jahren pr\u00e4gen Wissenschaft und Innovation die DNA unserer Branche. Unsere Mitglieder stellen \u00fcber 90 % aller Polymere in der EU27+3 (Norwegen, Schweiz, UK) her. Wir verstehen uns als Impulsgeber der Industrie, mit der Verantwortung, im offenen Dialog mit Stakeholdern sichere, kreislauforientierte und nachhaltige L\u00f6sungen zu entwickeln. Unser Ziel ist es, langfristig positive Ver\u00e4nderungen zu gestalten.<\/em><\/em><\/em><\/p>\n\n\n\n<div style=\"height:16px\" aria-hidden=\"true\" class=\"wp-block-spacer is-style-medium\"><\/div>\n\n\n\n<hr class=\"wp-block-separator has-text-color has-jade-color has-alpha-channel-opacity has-jade-background-color has-background\" \/>\n\n\n\n<div style=\"height:16px\" aria-hidden=\"true\" class=\"wp-block-spacer is-style-medium\"><\/div>\n\n\n\n<div class=\"wp-block-columns is-layout-flex wp-container-core-columns-is-layout-28f84493 wp-block-columns-is-layout-flex\">\n<div class=\"wp-block-column is-layout-flow wp-block-column-is-layout-flow\" style=\"flex-basis:63%\">\n<div class=\"wp-block-group is-layout-flow wp-block-group-is-layout-flow\">\n<figure class=\"wp-block-image size-full rounded-md overflow-hidden\"><img loading=\"lazy\" decoding=\"async\" width=\"540\" height=\"540\" src=\"https:\/\/plasticseurope.org\/de\/wp-content\/uploads\/sites\/3\/2023\/07\/Portrait_Bettina-Dempewolf_c_PlasticsEurope_540x540.png\" alt=\"Bettina Dempewolf: Sechs Ma\u00dfnahmen, die langfristig gegen das M\u00fcllproblem helfen\" class=\"wp-image-3107\" srcset=\"https:\/\/plasticseurope.org\/de\/wp-content\/uploads\/sites\/3\/2023\/07\/Portrait_Bettina-Dempewolf_c_PlasticsEurope_540x540.png 540w, https:\/\/plasticseurope.org\/de\/wp-content\/uploads\/sites\/3\/2023\/07\/Portrait_Bettina-Dempewolf_c_PlasticsEurope_540x540-300x300.png 300w, https:\/\/plasticseurope.org\/de\/wp-content\/uploads\/sites\/3\/2023\/07\/Portrait_Bettina-Dempewolf_c_PlasticsEurope_540x540-150x150.png 150w\" sizes=\"auto, (max-width: 540px) 100vw, 540px\" \/><\/figure>\n<\/div>\n<\/div>\n\n\n\n<div class=\"wp-block-column is-layout-flow wp-block-column-is-layout-flow\" style=\"flex-basis:250%\">\n<p>Ihre Ansprechpartnerin bei Plastics Europe Deutschland:<\/p>\n\n\n\n<p><strong>Bettina Dempewolf<\/strong><br>Leiterin Kommunikation<br>Telefon: +49 171 9713962<\/p>\n\n\n\n<div class=\"wp-block-buttons is-layout-flex wp-block-buttons-is-layout-flex\">\n<div class=\"wp-block-button\"><a class=\"wp-block-button__link has-white-color has-jade-background-color has-text-color has-background wp-element-button\" href=\"https:\/\/145576185.hs-sites-eu1.com\/en\/fast-facts-2025-media-kit\">Link zur Pressemappe<\/a><\/div>\n<\/div>\n\n\n\n<div style=\"height:16px\" aria-hidden=\"true\" class=\"wp-block-spacer is-style-small\"><\/div>\n\n\n\n<p><em>Inklusive PDF-Report, Pressefotos und Infografiken.<\/em><\/p>\n<\/div>\n<\/div>\n\n\n\n<hr class=\"wp-block-separator has-text-color has-jade-color has-alpha-channel-opacity has-jade-background-color has-background\" \/>\n\n\n\n<p><\/p>\n","protected":false},"excerpt":{"rendered":"<p>Bilanz nach 5 Jahren Einweg-Plastikt\u00fcten-Verbot: Am 26. November vor f\u00fcnf Jahren hat der Bundestag das Verbot beschlossen.<\/p>\n","protected":false},"author":1,"featured_media":12862,"comment_status":"closed","ping_status":"closed","sticky":false,"template":"","format":"standard","meta":{"footnotes":""},"categories":[6,7],"tags":[302,88,299,300,301,298],"class_list":["post-12859","post","type-post","status-publish","format-standard","has-post-thumbnail","hentry","category-news","category-pressemitteilungen","tag-bioabbaurabre-plastiktueten","tag-kunststoff","tag-kunststoff-tueten","tag-leichte-kunststofftragetaschen","tag-leichte-plastiktueten","tag-plastiktueten"],"acf":[],"yoast_head":"<!-- This site is optimized with the Yoast SEO plugin v21.6 - https:\/\/yoast.com\/wordpress\/plugins\/seo\/ -->\n<title>Weniger T\u00fcten, mehr Fakten: Kunststoff ist oft klimafreundlicher als gedacht<\/title>\n<meta name=\"description\" content=\"Bilanz nach 5 Jahren Einweg-Plastikt\u00fcten-Verbot: Am 26. November vor f\u00fcnf Jahren hat der Bundestag das Verbot beschlossen.\" \/>\n<meta name=\"robots\" content=\"index, follow, max-snippet:-1, max-image-preview:large, max-video-preview:-1\" \/>\n<link rel=\"canonical\" href=\"https:\/\/plasticseurope.org\/de\/2025\/11\/25\/weniger-tueten-mehr-fakten-kunststoff-ist-oft-klimafreundlicher-als-gedacht\/\" \/>\n<meta property=\"og:locale\" content=\"de_DE\" \/>\n<meta property=\"og:type\" content=\"article\" \/>\n<meta property=\"og:title\" content=\"Weniger T\u00fcten, mehr Fakten: Kunststoff ist oft klimafreundlicher als gedacht\" \/>\n<meta property=\"og:description\" content=\"Bilanz nach 5 Jahren Einweg-Plastikt\u00fcten-Verbot: Am 26. November vor f\u00fcnf Jahren hat der Bundestag das Verbot beschlossen.\" \/>\n<meta property=\"og:url\" content=\"https:\/\/plasticseurope.org\/de\/2025\/11\/25\/weniger-tueten-mehr-fakten-kunststoff-ist-oft-klimafreundlicher-als-gedacht\/\" \/>\n<meta property=\"og:site_name\" content=\"Plastics Europe DE\" \/>\n<meta property=\"article:published_time\" content=\"2025-11-25T14:55:18+00:00\" \/>\n<meta property=\"article:modified_time\" content=\"2026-04-14T11:38:56+00:00\" \/>\n<meta property=\"og:image\" content=\"https:\/\/plasticseurope.org\/de\/wp-content\/uploads\/sites\/3\/2025\/11\/Grafik-korrigiert.jpg\" \/>\n\t<meta property=\"og:image:width\" content=\"1920\" \/>\n\t<meta property=\"og:image:height\" content=\"1080\" \/>\n\t<meta property=\"og:image:type\" content=\"image\/jpeg\" \/>\n<meta name=\"author\" content=\"admin\" \/>\n<meta name=\"twitter:card\" content=\"summary_large_image\" \/>\n<meta name=\"twitter:title\" content=\"Weniger T\u00fcten, mehr Fakten: Kunststoff ist oft klimafreundlicher als gedacht\" \/>\n<meta name=\"twitter:description\" content=\"Bilanz nach 5 Jahren Einweg-Plastikt\u00fcten-Verbot: Am 26. November vor f\u00fcnf Jahren hat der Bundestag das Verbot beschlossen.\" \/>\n<meta name=\"twitter:image\" content=\"https:\/\/plasticseurope.org\/de\/wp-content\/uploads\/sites\/3\/2025\/11\/Grafik-korrigiert.jpg\" \/>\n<meta name=\"twitter:creator\" content=\"@wp-admin\" \/>\n<meta name=\"twitter:label1\" content=\"Verfasst von\" \/>\n\t<meta name=\"twitter:data1\" content=\"admin\" \/>\n<script type=\"application\/ld+json\" class=\"yoast-schema-graph\">{\"@context\":\"https:\/\/schema.org\",\"@graph\":[{\"@type\":\"WebPage\",\"@id\":\"https:\/\/plasticseurope.org\/de\/2025\/11\/25\/weniger-tueten-mehr-fakten-kunststoff-ist-oft-klimafreundlicher-als-gedacht\/\",\"url\":\"https:\/\/plasticseurope.org\/de\/2025\/11\/25\/weniger-tueten-mehr-fakten-kunststoff-ist-oft-klimafreundlicher-als-gedacht\/\",\"name\":\"Weniger T\u00fcten, mehr Fakten: Kunststoff ist oft klimafreundlicher als gedacht\",\"isPartOf\":{\"@id\":\"https:\/\/plasticseurope.org\/de\/#website\"},\"datePublished\":\"2025-11-25T14:55:18+00:00\",\"dateModified\":\"2026-04-14T11:38:56+00:00\",\"author\":{\"@id\":\"https:\/\/plasticseurope.org\/de\/#\/schema\/person\/1b7f52b3f1507100c36b9dac252b749a\"},\"description\":\"Bilanz nach 5 Jahren Einweg-Plastikt\u00fcten-Verbot: Am 26. November vor f\u00fcnf Jahren hat der Bundestag das Verbot beschlossen.\",\"breadcrumb\":{\"@id\":\"https:\/\/plasticseurope.org\/de\/2025\/11\/25\/weniger-tueten-mehr-fakten-kunststoff-ist-oft-klimafreundlicher-als-gedacht\/#breadcrumb\"},\"inLanguage\":\"de-DE\",\"potentialAction\":[{\"@type\":\"ReadAction\",\"target\":[\"https:\/\/plasticseurope.org\/de\/2025\/11\/25\/weniger-tueten-mehr-fakten-kunststoff-ist-oft-klimafreundlicher-als-gedacht\/\"]}]},{\"@type\":\"BreadcrumbList\",\"@id\":\"https:\/\/plasticseurope.org\/de\/2025\/11\/25\/weniger-tueten-mehr-fakten-kunststoff-ist-oft-klimafreundlicher-als-gedacht\/#breadcrumb\",\"itemListElement\":[{\"@type\":\"ListItem\",\"position\":1,\"name\":\"Home\",\"item\":\"https:\/\/plasticseurope.org\/de\/\"},{\"@type\":\"ListItem\",\"position\":2,\"name\":\"Weniger T\u00fcten, mehr Fakten: Kunststoff ist oft klimafreundlicher als gedacht\"}]},{\"@type\":\"WebSite\",\"@id\":\"https:\/\/plasticseurope.org\/de\/#website\",\"url\":\"https:\/\/plasticseurope.org\/de\/\",\"name\":\"Plastics Europe DE\",\"description\":\"Enabling a sustainable future\",\"potentialAction\":[{\"@type\":\"SearchAction\",\"target\":{\"@type\":\"EntryPoint\",\"urlTemplate\":\"https:\/\/plasticseurope.org\/de\/?s={search_term_string}\"},\"query-input\":\"required name=search_term_string\"}],\"inLanguage\":\"de-DE\"},{\"@type\":\"Person\",\"@id\":\"https:\/\/plasticseurope.org\/de\/#\/schema\/person\/1b7f52b3f1507100c36b9dac252b749a\",\"name\":\"admin\",\"image\":{\"@type\":\"ImageObject\",\"inLanguage\":\"de-DE\",\"@id\":\"https:\/\/plasticseurope.org\/de\/#\/schema\/person\/image\/\",\"url\":\"https:\/\/secure.gravatar.com\/avatar\/efc201767be6b43dfb89fdc85d2874f9ce0d79f7f853bd7c271900cd369fa0f8?s=96&d=mm&r=g\",\"contentUrl\":\"https:\/\/secure.gravatar.com\/avatar\/efc201767be6b43dfb89fdc85d2874f9ce0d79f7f853bd7c271900cd369fa0f8?s=96&d=mm&r=g\",\"caption\":\"admin\"},\"sameAs\":[\"https:\/\/plasticseurope.org\/\",\"https:\/\/twitter.com\/wp-admin\"],\"url\":\"https:\/\/plasticseurope.org\/de\/author\/wp-admin\/\"}]}<\/script>\n<!-- \/ Yoast SEO plugin. -->","yoast_head_json":{"title":"Weniger T\u00fcten, mehr Fakten: Kunststoff ist oft klimafreundlicher als gedacht","description":"Bilanz nach 5 Jahren Einweg-Plastikt\u00fcten-Verbot: Am 26. November vor f\u00fcnf Jahren hat der Bundestag das Verbot beschlossen.","robots":{"index":"index","follow":"follow","max-snippet":"max-snippet:-1","max-image-preview":"max-image-preview:large","max-video-preview":"max-video-preview:-1"},"canonical":"https:\/\/plasticseurope.org\/de\/2025\/11\/25\/weniger-tueten-mehr-fakten-kunststoff-ist-oft-klimafreundlicher-als-gedacht\/","og_locale":"de_DE","og_type":"article","og_title":"Weniger T\u00fcten, mehr Fakten: Kunststoff ist oft klimafreundlicher als gedacht","og_description":"Bilanz nach 5 Jahren Einweg-Plastikt\u00fcten-Verbot: Am 26. November vor f\u00fcnf Jahren hat der Bundestag das Verbot beschlossen.","og_url":"https:\/\/plasticseurope.org\/de\/2025\/11\/25\/weniger-tueten-mehr-fakten-kunststoff-ist-oft-klimafreundlicher-als-gedacht\/","og_site_name":"Plastics Europe DE","article_published_time":"2025-11-25T14:55:18+00:00","article_modified_time":"2026-04-14T11:38:56+00:00","og_image":[{"width":1920,"height":1080,"url":"https:\/\/plasticseurope.org\/de\/wp-content\/uploads\/sites\/3\/2025\/11\/Grafik-korrigiert.jpg","type":"image\/jpeg"}],"author":"admin","twitter_card":"summary_large_image","twitter_title":"Weniger T\u00fcten, mehr Fakten: Kunststoff ist oft klimafreundlicher als gedacht","twitter_description":"Bilanz nach 5 Jahren Einweg-Plastikt\u00fcten-Verbot: Am 26. November vor f\u00fcnf Jahren hat der Bundestag das Verbot beschlossen.","twitter_image":"https:\/\/plasticseurope.org\/de\/wp-content\/uploads\/sites\/3\/2025\/11\/Grafik-korrigiert.jpg","twitter_creator":"@wp-admin","twitter_misc":{"Verfasst von":"admin"},"schema":{"@context":"https:\/\/schema.org","@graph":[{"@type":"WebPage","@id":"https:\/\/plasticseurope.org\/de\/2025\/11\/25\/weniger-tueten-mehr-fakten-kunststoff-ist-oft-klimafreundlicher-als-gedacht\/","url":"https:\/\/plasticseurope.org\/de\/2025\/11\/25\/weniger-tueten-mehr-fakten-kunststoff-ist-oft-klimafreundlicher-als-gedacht\/","name":"Weniger T\u00fcten, mehr Fakten: Kunststoff ist oft klimafreundlicher als gedacht","isPartOf":{"@id":"https:\/\/plasticseurope.org\/de\/#website"},"datePublished":"2025-11-25T14:55:18+00:00","dateModified":"2026-04-14T11:38:56+00:00","author":{"@id":"https:\/\/plasticseurope.org\/de\/#\/schema\/person\/1b7f52b3f1507100c36b9dac252b749a"},"description":"Bilanz nach 5 Jahren Einweg-Plastikt\u00fcten-Verbot: Am 26. November vor f\u00fcnf Jahren hat der Bundestag das Verbot beschlossen.","breadcrumb":{"@id":"https:\/\/plasticseurope.org\/de\/2025\/11\/25\/weniger-tueten-mehr-fakten-kunststoff-ist-oft-klimafreundlicher-als-gedacht\/#breadcrumb"},"inLanguage":"de-DE","potentialAction":[{"@type":"ReadAction","target":["https:\/\/plasticseurope.org\/de\/2025\/11\/25\/weniger-tueten-mehr-fakten-kunststoff-ist-oft-klimafreundlicher-als-gedacht\/"]}]},{"@type":"BreadcrumbList","@id":"https:\/\/plasticseurope.org\/de\/2025\/11\/25\/weniger-tueten-mehr-fakten-kunststoff-ist-oft-klimafreundlicher-als-gedacht\/#breadcrumb","itemListElement":[{"@type":"ListItem","position":1,"name":"Home","item":"https:\/\/plasticseurope.org\/de\/"},{"@type":"ListItem","position":2,"name":"Weniger T\u00fcten, mehr Fakten: Kunststoff ist oft klimafreundlicher als gedacht"}]},{"@type":"WebSite","@id":"https:\/\/plasticseurope.org\/de\/#website","url":"https:\/\/plasticseurope.org\/de\/","name":"Plastics Europe DE","description":"Enabling a sustainable future","potentialAction":[{"@type":"SearchAction","target":{"@type":"EntryPoint","urlTemplate":"https:\/\/plasticseurope.org\/de\/?s={search_term_string}"},"query-input":"required name=search_term_string"}],"inLanguage":"de-DE"},{"@type":"Person","@id":"https:\/\/plasticseurope.org\/de\/#\/schema\/person\/1b7f52b3f1507100c36b9dac252b749a","name":"admin","image":{"@type":"ImageObject","inLanguage":"de-DE","@id":"https:\/\/plasticseurope.org\/de\/#\/schema\/person\/image\/","url":"https:\/\/secure.gravatar.com\/avatar\/efc201767be6b43dfb89fdc85d2874f9ce0d79f7f853bd7c271900cd369fa0f8?s=96&d=mm&r=g","contentUrl":"https:\/\/secure.gravatar.com\/avatar\/efc201767be6b43dfb89fdc85d2874f9ce0d79f7f853bd7c271900cd369fa0f8?s=96&d=mm&r=g","caption":"admin"},"sameAs":["https:\/\/plasticseurope.org\/","https:\/\/twitter.com\/wp-admin"],"url":"https:\/\/plasticseurope.org\/de\/author\/wp-admin\/"}]}},"_links":{"self":[{"href":"https:\/\/plasticseurope.org\/de\/wp-json\/wp\/v2\/posts\/12859","targetHints":{"allow":["GET"]}}],"collection":[{"href":"https:\/\/plasticseurope.org\/de\/wp-json\/wp\/v2\/posts"}],"about":[{"href":"https:\/\/plasticseurope.org\/de\/wp-json\/wp\/v2\/types\/post"}],"author":[{"embeddable":true,"href":"https:\/\/plasticseurope.org\/de\/wp-json\/wp\/v2\/users\/1"}],"replies":[{"embeddable":true,"href":"https:\/\/plasticseurope.org\/de\/wp-json\/wp\/v2\/comments?post=12859"}],"version-history":[{"count":0,"href":"https:\/\/plasticseurope.org\/de\/wp-json\/wp\/v2\/posts\/12859\/revisions"}],"wp:featuredmedia":[{"embeddable":true,"href":"https:\/\/plasticseurope.org\/de\/wp-json\/wp\/v2\/media\/12862"}],"wp:attachment":[{"href":"https:\/\/plasticseurope.org\/de\/wp-json\/wp\/v2\/media?parent=12859"}],"wp:term":[{"taxonomy":"category","embeddable":true,"href":"https:\/\/plasticseurope.org\/de\/wp-json\/wp\/v2\/categories?post=12859"},{"taxonomy":"post_tag","embeddable":true,"href":"https:\/\/plasticseurope.org\/de\/wp-json\/wp\/v2\/tags?post=12859"}],"curies":[{"name":"wp","href":"https:\/\/api.w.org\/{rel}","templated":true}]}}